{"id":68731,"date":"2021-05-19T21:24:50","date_gmt":"2021-05-20T00:24:50","guid":{"rendered":"https:\/\/cooltivarte.com\/portal\/?p=68731"},"modified":"2021-05-28T15:27:51","modified_gmt":"2021-05-28T18:27:51","slug":"tina-turner-ingresara-al-salon-de-la-fama-del-rock-roll","status":"publish","type":"post","link":"https:\/\/cooltivarte.com\/portal\/tina-turner-ingresara-al-salon-de-la-fama-del-rock-roll\/","title":{"rendered":"Tina Turner ingresar\u00e1 al Sal\u00f3n de la Fama del Rock &#038; Roll"},"content":{"rendered":"\n<h2 class=\"wp-block-heading\"><em>\u201cEstoy emocionada de ingresar al Sal\u00f3n de la Fama entre tantos incre\u00edbles artistas. \u00a1Gracias por su cari\u00f1o y apoyo a trav\u00e9s de los a\u00f1os! Con amor, Tina.\u201d<\/em><\/h2>\n\n\n\n<p><\/p>\n\n\n\n<p>El <strong>Sal\u00f3n de la Fama del Rock &amp; Roll <\/strong>anunci\u00f3 que <strong>Tina Turner<\/strong> ingresar\u00e1 en el grupo de 2021. La ceremonia de ingreso tendr\u00e1 lugar el 30 de octubre de 2021 en el Rocket Mortgage Fieldhouse de Cleveland, Ohio, con una transmisi\u00f3n simult\u00e1nea en el canal 310 del <strong>Sal\u00f3n de la Fama del Rock &amp; Roll<\/strong> en SiriusXM. La ceremonia ser\u00e1 posteriormente transmitida por HBO y se podr\u00e1 ver por streaming en HBO Max.<\/p>\n\n\n\n<p>Tina ser\u00e1 incorporada en la categor\u00eda de int\u00e9rprete junto a Carole King, The Go-Go\u2019s, JAY-Z, Foo Fighters y Todd Rundgren; con Clarence Avant (Premio Ahmet Ertegun), LL Cool J, Billy Preston, Randy Rhoads (Premio a la Excelencia Musical) y Kraftwerk, Charley Patton y Gil Scott-Heron (Early Influence Award).<\/p>\n\n\n\n<p>Turner y Carole King se unieron a Stevie Nicks como las \u00fanicas mujeres en ser inclu\u00eddas varias veces; Turner fue incorporada como integrante de Ike &amp; <strong>Tina Turner <\/strong>en 1991.<\/p>\n\n\n\n<p><strong>Tina Turner <\/strong>es reverenciada en todo el mundo, inspirando a millones con su historia personal, su forma de cantar y de bailar. Su legado musical es una colecci\u00f3n de algunas de las canciones m\u00e1s populares de todos los tiempos: ante la frase \u201cYou\u2019re simply the best\u201d no encontraremos a nadie que no conozca la l\u00ednea que sigue. Tina es una de las artistas m\u00e1s vendedoras de todos los tiempos (m\u00e1s de 200 millones de discos), con muchos N\u00b0 1, \u00e1lbumes de Platino en todo el mundo, 12 premios Grammy\u00ae, un Grammy a la Trayectoria, estrellas en el Paseo de la Fama de Hollywood y St. Louis y mucho m\u00e1s.<\/p>\n\n\n\n<p>Tina lleg\u00f3 a la fama en 1958 a la edad de 19 a\u00f1os como integrante del d\u00fao con Ike Turner, que se transform\u00f3 en Ike &amp; <strong>Tina Turner<\/strong> Revue. Produjeron una cantidad de \u00e9xitos notables como \u2018A Fool In Love\u2019 (1960), \u2018It&#8217;s Gonna Work Out Fine\u2019 (1961), \u2018River Deep \u2013 Mountain High\u2019 (1966), \u2018Proud Mary\u2019 (1971) y \u2018Nutbush City Limits\u2019 (1973). En 1976, tras sufrir a\u00f1os de abuso f\u00edsico, emocional y sexual por parte de Ike, Tina pidi\u00f3 el divorcio y comenz\u00f3 su carrera como solista.<\/p>\n\n\n\n<p>En 1977, volvi\u00f3 a los escenarios con rigurosas giras y lanz\u00f3 un pu\u00f1ado de \u00e1lbumes que no igualaron el \u00e9xito de sus incre\u00edbles shows en vivo. En noviembre de 1983 lanz\u00f3 un cover de \u2018Let&#8217;s Stay Together\u2019 de Al Green, que fue un \u00e9xito. En junio de 1984, a los 45 a\u00f1os de edad, lanz\u00f3 el \u00e1lbum \u2018Private Dancer\u2019 y su segundo single \u2018What&#8217;s Love Got to Do with It\u2019 se convirti\u00f3 en un \u00e9xito global al igual que el \u00e1lbum. \u2018Private Dancer\u2019 obtuvo 5 certificaciones de Platino en Estados Unidos y 3 en Reino Unido, catapultando a Tina nuevamente al superestrellato.<\/p>\n\n\n\n<p>&nbsp;<\/p>\n<script async src=\"https:\/\/pagead2.googlesyndication.com\/pagead\/js\/adsbygoogle.js\"><\/script>\n<ins class=\"adsbygoogle\"\n     style=\"display:block; text-align:center;\"\n     data-ad-layout=\"in-article\"\n     data-ad-format=\"fluid\"\n     data-ad-client=\"ca-pub-1258162831753121\"\n     data-ad-slot=\"3342291592\"><\/ins>\n<script>\n     (adsbygoogle = window.adsbygoogle || []).push({});\n<\/script>\n<p>&nbsp;<\/p>\n\n\n\n<p>Despu\u00e9s de su rol protag\u00f3nico en \u201cMad Max Beyond Thunderdome\u201d (1985) y su \u00e1lbum \u201cBreak Every Rule\u201d (1986), Tina se embarc\u00f3 en la colosal gira Break Every Rule World Tour, en la que hizo 218 shows, incluyendo un concierto en el Estadio Maracan\u00e1 de R\u00edo de Janeiro en 1988. Tambi\u00e9n obtuvo el R\u00e9cord Guinness por la mayor audiencia en conciertos, con m\u00e1s de 180.000 espectadores.<\/p>\n\n\n\n<p>El \u00e9xito de Tina continu\u00f3 con el \u00e1lbum \u201cForeign Affair\u201d (1989) que inclu\u00eda una de las principales canciones de los 80: \u2018The Best\u2019. El \u00e9xito de Tina continu\u00f3 en los 90, con la pel\u00edcula biogr\u00e1fica de 1993 \u201cWhat\u2019s Love Got To Do With It\u201d, interpretada por Angela Bassett en el papel de Tina, y el lanzamiento de \u2018GoldenEye\u2019 (1995), el tema principal de la pel\u00edcula de James Bond, GoldenEye, que form\u00f3 parte de su \u00e1lbum de 1996, \u2018Wildest Dreams\u2019.<\/p>\n\n\n\n<p>Su \u00faltimo \u00e1lbum de estudio, \u2018Twenty Four Seven\u2019, sali\u00f3 en 1999, y Tina anunci\u00f3 su retiro tras la gira en apoyo de este trabajo. Fue honrada con el Kennedy Center Honors en 2005, donde Beyonc\u00e9 le hizo un tributo con la interpretaci\u00f3n de \u201cProud Mary\u201d. Tina se unir\u00eda luego a Beyonc\u00e9 en la ceremonia de entrega de los Premios Grammy de 2008, en lo que es considerado uno de los momentos m\u00e1s ic\u00f3nicos de los Grammy. En el mismo a\u00f1o, Tina anunci\u00f3 que suspender\u00eda su retiro con una gira final para celebrar el 50\u00b0 aniversario de sus shows en vivo.<\/p>\n\n\n\n<p>Hace poco tiempo, Tina lanz\u00f3 su conmovedora autobiograf\u00eda \u2018My Love Story\u2019 y su historia fue llevada al escenario con el estreno de \u201cTina: The <strong>Tina Turner <\/strong>Musical\u201d en el Aldwych Theatre de Londres en 2018. Con un \u00e9xito monumental, la obra contin\u00faa en cartel y tambi\u00e9n se estren\u00f3 en Hamburgo (2019), Broadway (2019) y Utrecht (2020) con excelentes cr\u00edticas.<\/p>\n\n\n\n<p>En 2020 se lanzaron dos libros: \u2018<strong>Tina Turner<\/strong>: That\u2019s My Life\u2019 y \u2018Happiness Becomes You\u2019. En el mismo a\u00f1o, el artista y productor internacional DJ Kygo remix\u00f3 el \u00e9xito de Tina \u201cWhat\u2019s Love Got To Do With It\u201d, convirtiendo a Tina en la primera artista en tener un \u00e9xito en el top 40 en siete d\u00e9cadas consecutivas en Reino Unido.<\/p>\n\n\n\n<p>A principios de este a\u00f1o, se lanz\u00f3 el documental \u2018TINA\u2019 de los directores premiados por la Academia Dan Lindsay, T.J. Martin y Lightbox, productora fundada por el premiado productor Simon Chinn y el productor ganador del Emmy\u00ae Jonathan Chinn, junto al nominado al Emmy, Diane Becker. La pel\u00edcula ofrece una mirada \u00edntima y reveladora de la vida y la carrera del \u00edcono musical, mostrando su ascenso a la fama en su primera etapa, sus luchas personales y profesionales durante su vida y su resurgimiento como fen\u00f3meno global en los 80. La pel\u00edcula puede verse ahora en HBO (US), Sky Documentaries y altitude.film (UK), FOXTEL (Australia).<\/p>\n\n\n\n<p>Tina contin\u00faa siendo una de las artistas m\u00e1s queridas del mundo y su incre\u00edble carrera sigue creciendo y cosechando nuevos seguidores.<\/p>\n\n\n\n<p><\/p>\n\n\n\n<figure class=\"wp-block-embed is-type-rich is-provider-spotify wp-block-embed-spotify wp-embed-aspect-9-16 wp-has-aspect-ratio\"><div class=\"wp-block-embed__wrapper\">\n<iframe title=\"Spotify Embed: Legs - Live from the Blockbuster Pavilion, 1993\" style=\"border-radius: 12px\" width=\"100%\" height=\"352\" frameborder=\"0\" allowfullscreen allow=\"autoplay; clipboard-write; encrypted-media; fullscreen; picture-in-picture\" loading=\"lazy\" src=\"https:\/\/open.spotify.com\/embed\/playlist\/0SpfTvHwJ4lxu4FEjabdbp?utm_source=oembed\"><\/iframe>\n<\/div><\/figure>\n\n\n\n<p><\/p>\n\n\n\n<p><\/p>\n\n\n\n<p><a href=\"https:\/\/nam04.safelinks.protection.outlook.com\/?url=https%3A%2F%2Fwmg.us20.list-manage.com%2Ftrack%2Fclick%3Fu%3D9cb17e482384ad004bfc7ec21%26id%3D36834b6bc4%26e%3Da02a9a9d5f&amp;data=04%7C01%7Clara.fiumo%40warnermusic.com%7C48d0efde81064c234c1f08d91727b875%7C8367939002ec4ba1ad3d69da3fdd637e%7C0%7C0%7C637566281645556665%7CUnknown%7CTWFpbGZsb3d8eyJWIjoiMC4wLjAwMDAiLCJQIjoiV2luMzIiLCJBTiI6Ik1haWwiLCJXVCI6Mn0%3D%7C1000&amp;sdata=wrUmjM1YqqtSET0%2Fn60i5kT7NRjJq8eqTqlk2tccQWg%3D&amp;reserved=0\" target=\"_blank\" rel=\"noreferrer noopener\">ESCUCH\u00c1 LO MEJOR DE TINA TURNER AC\u00c1<\/a><\/p>\n\n\n\n<p><\/p>\n\n\n\n<p><strong>SEGU\u00cd A TINA TURNER<\/strong><br \/><a href=\"https:\/\/nam04.safelinks.protection.outlook.com\/?url=https%3A%2F%2Fwmg.us20.list-manage.com%2Ftrack%2Fclick%3Fu%3D9cb17e482384ad004bfc7ec21%26id%3Deacd41a9da%26e%3Da02a9a9d5f&amp;data=04%7C01%7Clara.fiumo%40warnermusic.com%7C48d0efde81064c234c1f08d91727b875%7C8367939002ec4ba1ad3d69da3fdd637e%7C0%7C0%7C637566281645556665%7CUnknown%7CTWFpbGZsb3d8eyJWIjoiMC4wLjAwMDAiLCJQIjoiV2luMzIiLCJBTiI6Ik1haWwiLCJXVCI6Mn0%3D%7C1000&amp;sdata=iVUmwT1aE7x9xxMNXR3NNg7Woh3GKHeyidERXRRSq%2FM%3D&amp;reserved=0\" target=\"_blank\" rel=\"noreferrer noopener\">FACEBOOK<\/a><br \/><a href=\"https:\/\/nam04.safelinks.protection.outlook.com\/?url=https%3A%2F%2Fwmg.us20.list-manage.com%2Ftrack%2Fclick%3Fu%3D9cb17e482384ad004bfc7ec21%26id%3D4e986a4b56%26e%3Da02a9a9d5f&amp;data=04%7C01%7Clara.fiumo%40warnermusic.com%7C48d0efde81064c234c1f08d91727b875%7C8367939002ec4ba1ad3d69da3fdd637e%7C0%7C0%7C637566281645566616%7CUnknown%7CTWFpbGZsb3d8eyJWIjoiMC4wLjAwMDAiLCJQIjoiV2luMzIiLCJBTiI6Ik1haWwiLCJXVCI6Mn0%3D%7C1000&amp;sdata=%2BRCOkU%2Fz0fyGeHENKWr5bHyAYy3hTdEv4mhFhDLyIwk%3D&amp;reserved=0\" target=\"_blank\" rel=\"noreferrer noopener\">INSTAGRAM<\/a><br \/><a href=\"https:\/\/nam04.safelinks.protection.outlook.com\/?url=https%3A%2F%2Fwmg.us20.list-manage.com%2Ftrack%2Fclick%3Fu%3D9cb17e482384ad004bfc7ec21%26id%3D22ea080fcd%26e%3Da02a9a9d5f&amp;data=04%7C01%7Clara.fiumo%40warnermusic.com%7C48d0efde81064c234c1f08d91727b875%7C8367939002ec4ba1ad3d69da3fdd637e%7C0%7C0%7C637566281645566616%7CUnknown%7CTWFpbGZsb3d8eyJWIjoiMC4wLjAwMDAiLCJQIjoiV2luMzIiLCJBTiI6Ik1haWwiLCJXVCI6Mn0%3D%7C1000&amp;sdata=rZXFZ1SuEMc%2BypyQViN0t4PcNffJizCgs%2BQHbDJRj1M%3D&amp;reserved=0\" target=\"_blank\" rel=\"noreferrer noopener\">TWITTER<\/a><\/p>\n\n\n\n<p><\/p>\n\n\n\n<p><br \/><br \/><br \/><\/p>\n","protected":false},"excerpt":{"rendered":"<p>\u201cEstoy emocionada de ingresar al Sal\u00f3n de la Fama entre tantos incre\u00edbles artistas. \u00a1Gracias por su cari\u00f1o y apoyo a trav\u00e9s de los a\u00f1os! Con amor, Tina.\u201d El Sal\u00f3n de la Fama del Rock &amp; Roll anunci\u00f3 que Tina Turner ingresar\u00e1 en el grupo de 2021. La ceremonia de ingreso tendr\u00e1 lugar el 30 de [&hellip;]<\/p>\n","protected":false},"author":8,"featured_media":68732,"comment_status":"closed","ping_status":"closed","sticky":false,"template":"","format":"standard","meta":{"om_disable_all_campaigns":false,"ngg_post_thumbnail":0,"jnews-multi-image_gallery":[],"jnews_single_post":[],"jnews_primary_category":[],"jnews_social_meta":[],"jnews_override_counter":[],"footnotes":""},"categories":[51],"tags":[13564,13565,13563],"class_list":["post-68731","post","type-post","status-publish","format-standard","has-post-thumbnail","hentry","category-noticias","tag-rock-roll","tag-salon-de-la-fama","tag-tina-turner"],"yoast_head":"<!-- This site is optimized with the Yoast SEO plugin v27.5 - https:\/\/yoast.com\/product\/yoast-seo-wordpress\/ -->\n<title>Tina Turner ingresar\u00e1 al Sal\u00f3n de la Fama del Rock &amp; Roll - Cooltivarte Portal<\/title>\n<meta name=\"description\" content=\"Estoy emocionada de ingresar al Sal\u00f3n de la Fama entre tantos incre\u00edbles artistas. \u00a1Gracias por su cari\u00f1o y apoyo a trav\u00e9s de los a\u00f1os! Con amor, Tina.\" \/>\n<meta name=\"robots\" content=\"index, follow, max-snippet:-1, max-image-preview:large, max-video-preview:-1\" \/>\n<link rel=\"canonical\" href=\"https:\/\/cooltivarte.com\/portal\/tina-turner-ingresara-al-salon-de-la-fama-del-rock-roll\/\" \/>\n<meta property=\"og:locale\" content=\"es_ES\" \/>\n<meta property=\"og:type\" content=\"article\" \/>\n<meta property=\"og:title\" content=\"Tina Turner ingresar\u00e1 al Sal\u00f3n de la Fama del Rock &amp; Roll\" \/>\n<meta property=\"og:description\" content=\"Estoy emocionada de ingresar al Sal\u00f3n de la Fama entre tantos incre\u00edbles artistas. \u00a1Gracias por su cari\u00f1o y apoyo a trav\u00e9s de los a\u00f1os! Con amor, Tina.\" \/>\n<meta property=\"og:url\" content=\"https:\/\/cooltivarte.com\/portal\/tina-turner-ingresara-al-salon-de-la-fama-del-rock-roll\/\" \/>\n<meta property=\"og:site_name\" content=\"Cooltivarte Portal\" \/>\n<meta property=\"article:publisher\" content=\"https:\/\/www.facebook.com\/cooltivartecom\/\" \/>\n<meta property=\"article:author\" content=\"https:\/\/www.facebook.com\/cooltivartecom\" \/>\n<meta property=\"article:published_time\" content=\"2021-05-20T00:24:50+00:00\" \/>\n<meta property=\"article:modified_time\" content=\"2021-05-28T18:27:51+00:00\" \/>\n<meta property=\"og:image\" content=\"https:\/\/cooltivarte.com\/portal\/wp-content\/uploads\/2021\/05\/TINA-TURNE.jpg\" \/>\n\t<meta property=\"og:image:width\" content=\"1151\" \/>\n\t<meta property=\"og:image:height\" content=\"647\" \/>\n\t<meta property=\"og:image:type\" content=\"image\/jpeg\" \/>\n<meta name=\"author\" content=\"Cooltivarte\" \/>\n<meta name=\"twitter:card\" content=\"summary_large_image\" \/>\n<meta name=\"twitter:title\" content=\"Tina Turner ingresar\u00e1 al Sal\u00f3n de la Fama del Rock &amp; Roll\" \/>\n<meta name=\"twitter:description\" content=\"Estoy emocionada de ingresar al Sal\u00f3n de la Fama entre tantos incre\u00edbles artistas. \u00a1Gracias por su cari\u00f1o y apoyo a trav\u00e9s de los a\u00f1os! Con amor, Tina.\" \/>\n<meta name=\"twitter:image\" content=\"https:\/\/cooltivarte.com\/portal\/wp-content\/uploads\/2021\/05\/TINA-TURNE.jpg\" \/>\n<meta name=\"twitter:creator\" content=\"@https:\/\/x.com\/obolocultural\" \/>\n<meta name=\"twitter:site\" content=\"@obolocultural\" \/>\n<meta name=\"twitter:label1\" content=\"Escrito por\" \/>\n\t<meta name=\"twitter:data1\" content=\"Cooltivarte\" \/>\n\t<meta name=\"twitter:label2\" content=\"Tiempo de lectura\" \/>\n\t<meta name=\"twitter:data2\" content=\"5 minutos\" \/>\n<!-- \/ Yoast SEO plugin. -->","yoast_head_json":{"title":"Tina Turner ingresar\u00e1 al Sal\u00f3n de la Fama del Rock & Roll - Cooltivarte Portal","description":"Estoy emocionada de ingresar al Sal\u00f3n de la Fama entre tantos incre\u00edbles artistas. \u00a1Gracias por su cari\u00f1o y apoyo a trav\u00e9s de los a\u00f1os! Con amor, Tina.","robots":{"index":"index","follow":"follow","max-snippet":"max-snippet:-1","max-image-preview":"max-image-preview:large","max-video-preview":"max-video-preview:-1"},"canonical":"https:\/\/cooltivarte.com\/portal\/tina-turner-ingresara-al-salon-de-la-fama-del-rock-roll\/","og_locale":"es_ES","og_type":"article","og_title":"Tina Turner ingresar\u00e1 al Sal\u00f3n de la Fama del Rock & Roll","og_description":"Estoy emocionada de ingresar al Sal\u00f3n de la Fama entre tantos incre\u00edbles artistas. \u00a1Gracias por su cari\u00f1o y apoyo a trav\u00e9s de los a\u00f1os! Con amor, Tina.","og_url":"https:\/\/cooltivarte.com\/portal\/tina-turner-ingresara-al-salon-de-la-fama-del-rock-roll\/","og_site_name":"Cooltivarte Portal","article_publisher":"https:\/\/www.facebook.com\/cooltivartecom\/","article_author":"https:\/\/www.facebook.com\/cooltivartecom","article_published_time":"2021-05-20T00:24:50+00:00","article_modified_time":"2021-05-28T18:27:51+00:00","og_image":[{"width":1151,"height":647,"url":"https:\/\/cooltivarte.com\/portal\/wp-content\/uploads\/2021\/05\/TINA-TURNE.jpg","type":"image\/jpeg"}],"author":"Cooltivarte","twitter_card":"summary_large_image","twitter_title":"Tina Turner ingresar\u00e1 al Sal\u00f3n de la Fama del Rock & Roll","twitter_description":"Estoy emocionada de ingresar al Sal\u00f3n de la Fama entre tantos incre\u00edbles artistas. \u00a1Gracias por su cari\u00f1o y apoyo a trav\u00e9s de los a\u00f1os! Con amor, Tina.","twitter_image":"https:\/\/cooltivarte.com\/portal\/wp-content\/uploads\/2021\/05\/TINA-TURNE.jpg","twitter_creator":"@https:\/\/x.com\/obolocultural","twitter_site":"@obolocultural","twitter_misc":{"Escrito por":"Cooltivarte","Tiempo de lectura":"5 minutos"},"schema":{"@context":"https:\/\/schema.org","@graph":[{"@type":"NewsArticle","@id":"https:\/\/cooltivarte.com\/portal\/tina-turner-ingresara-al-salon-de-la-fama-del-rock-roll\/#article","isPartOf":{"@id":"https:\/\/cooltivarte.com\/portal\/tina-turner-ingresara-al-salon-de-la-fama-del-rock-roll\/"},"author":{"name":"Cooltivarte","@id":"https:\/\/cooltivarte.com\/portal\/#\/schema\/person\/ec2a4f4e71b740d0c559c0ab9a157e19"},"headline":"Tina Turner ingresar\u00e1 al Sal\u00f3n de la Fama del Rock &#038; Roll","datePublished":"2021-05-20T00:24:50+00:00","dateModified":"2021-05-28T18:27:51+00:00","mainEntityOfPage":{"@id":"https:\/\/cooltivarte.com\/portal\/tina-turner-ingresara-al-salon-de-la-fama-del-rock-roll\/"},"wordCount":1020,"publisher":{"@id":"https:\/\/cooltivarte.com\/portal\/#organization"},"image":{"@id":"https:\/\/cooltivarte.com\/portal\/tina-turner-ingresara-al-salon-de-la-fama-del-rock-roll\/#primaryimage"},"thumbnailUrl":"https:\/\/cooltivarte.com\/portal\/wp-content\/uploads\/2021\/05\/TINA-TURNE.jpg","keywords":["Rock &amp; Roll","Sal\u00f3n de la Fama","Tina Turner"],"articleSection":["Noticias"],"inLanguage":"es-AR"},{"@type":"WebPage","@id":"https:\/\/cooltivarte.com\/portal\/tina-turner-ingresara-al-salon-de-la-fama-del-rock-roll\/","url":"https:\/\/cooltivarte.com\/portal\/tina-turner-ingresara-al-salon-de-la-fama-del-rock-roll\/","name":"Tina Turner ingresar\u00e1 al Sal\u00f3n de la Fama del Rock & Roll - Cooltivarte Portal","isPartOf":{"@id":"https:\/\/cooltivarte.com\/portal\/#website"},"primaryImageOfPage":{"@id":"https:\/\/cooltivarte.com\/portal\/tina-turner-ingresara-al-salon-de-la-fama-del-rock-roll\/#primaryimage"},"image":{"@id":"https:\/\/cooltivarte.com\/portal\/tina-turner-ingresara-al-salon-de-la-fama-del-rock-roll\/#primaryimage"},"thumbnailUrl":"https:\/\/cooltivarte.com\/portal\/wp-content\/uploads\/2021\/05\/TINA-TURNE.jpg","datePublished":"2021-05-20T00:24:50+00:00","dateModified":"2021-05-28T18:27:51+00:00","description":"Estoy emocionada de ingresar al Sal\u00f3n de la Fama entre tantos incre\u00edbles artistas. \u00a1Gracias por su cari\u00f1o y apoyo a trav\u00e9s de los a\u00f1os! Con amor, Tina.","breadcrumb":{"@id":"https:\/\/cooltivarte.com\/portal\/tina-turner-ingresara-al-salon-de-la-fama-del-rock-roll\/#breadcrumb"},"inLanguage":"es-AR","potentialAction":[{"@type":"ReadAction","target":["https:\/\/cooltivarte.com\/portal\/tina-turner-ingresara-al-salon-de-la-fama-del-rock-roll\/"]}]},{"@type":"ImageObject","inLanguage":"es-AR","@id":"https:\/\/cooltivarte.com\/portal\/tina-turner-ingresara-al-salon-de-la-fama-del-rock-roll\/#primaryimage","url":"https:\/\/cooltivarte.com\/portal\/wp-content\/uploads\/2021\/05\/TINA-TURNE.jpg","contentUrl":"https:\/\/cooltivarte.com\/portal\/wp-content\/uploads\/2021\/05\/TINA-TURNE.jpg","width":1151,"height":647,"caption":"El Sal\u00f3n de la Fama del Rock &amp; Roll anunci\u00f3 que Tina Turner ingresar\u00e1 en el grupo de 2021"},{"@type":"BreadcrumbList","@id":"https:\/\/cooltivarte.com\/portal\/tina-turner-ingresara-al-salon-de-la-fama-del-rock-roll\/#breadcrumb","itemListElement":[{"@type":"ListItem","position":1,"name":"Portada","item":"https:\/\/cooltivarte.com\/portal\/"},{"@type":"ListItem","position":2,"name":"Tina Turner ingresar\u00e1 al Sal\u00f3n de la Fama del Rock &#038; Roll"}]},{"@type":"WebSite","@id":"https:\/\/cooltivarte.com\/portal\/#website","url":"https:\/\/cooltivarte.com\/portal\/","name":"Cooltivarte Portal","description":"Arte, cultura y turismo para el mundo ...","publisher":{"@id":"https:\/\/cooltivarte.com\/portal\/#organization"},"potentialAction":[{"@type":"SearchAction","target":{"@type":"EntryPoint","urlTemplate":"https:\/\/cooltivarte.com\/portal\/?s={search_term_string}"},"query-input":{"@type":"PropertyValueSpecification","valueRequired":true,"valueName":"search_term_string"}}],"inLanguage":"es-AR"},{"@type":"Organization","@id":"https:\/\/cooltivarte.com\/portal\/#organization","name":"cooltivarte","url":"https:\/\/cooltivarte.com\/portal\/","logo":{"@type":"ImageObject","inLanguage":"es-AR","@id":"https:\/\/cooltivarte.com\/portal\/#\/schema\/logo\/image\/","url":"https:\/\/cooltivarte.com\/portal\/wp-content\/uploads\/2020\/04\/logo-cooltivarte-v2.png","contentUrl":"https:\/\/cooltivarte.com\/portal\/wp-content\/uploads\/2020\/04\/logo-cooltivarte-v2.png","width":851,"height":243,"caption":"cooltivarte"},"image":{"@id":"https:\/\/cooltivarte.com\/portal\/#\/schema\/logo\/image\/"},"sameAs":["https:\/\/www.facebook.com\/cooltivartecom\/","https:\/\/x.com\/obolocultural","https:\/\/www.instagram.com\/_cooltivarte_\/","https:\/\/www.linkedin.com\/company\/-bolocultural?reportsuccess=8zaNG1HwhPbAR9iQhZ5rfGeqz_vQFftHun0ZWU0Wy9vNemRJ8vtcKdJvzQfW8XagyOJSKg0XvfJ1dp","https:\/\/www.pinterest.com\/cooltivarte\/","https:\/\/cooltivarte.tumblr.com\/","https:\/\/www.tiktok.com\/@cooltivarte","https:\/\/www.youtube.com\/@PrensaCooltivarte"]},{"@type":"Person","@id":"https:\/\/cooltivarte.com\/portal\/#\/schema\/person\/ec2a4f4e71b740d0c559c0ab9a157e19","name":"Cooltivarte","image":{"@type":"ImageObject","inLanguage":"es-AR","@id":"https:\/\/cooltivarte.com\/portal\/wp-content\/uploads\/2014\/05\/logo-cooltivarte-120x120.jpg","url":"https:\/\/cooltivarte.com\/portal\/wp-content\/uploads\/2014\/05\/logo-cooltivarte-120x120.jpg","contentUrl":"https:\/\/cooltivarte.com\/portal\/wp-content\/uploads\/2014\/05\/logo-cooltivarte-120x120.jpg","caption":"Cooltivarte"},"description":"Somos COOLTIVARTE.COM. Un portal digital dedicado a difundir el acontecer art\u00edstico y cultural del Uruguay. Estamos en la vuelta desde el a\u00f1o 2003, y como evoluci\u00f3n del bolet\u00edn Obolo Cultural, nos encontramos abocados a apoyar a los artistas nacionales brind\u00e1ndoles un espacio de difusi\u00f3n. Creemos en la idea de utilizar la potencialidad que hoy d\u00eda nos otorga la web, para que la cultura uruguaya y sus creadores dispongan de una din\u00e1mica ventana, que los ponga en contacto entre s\u00ed y con el mundo. Somos COOLTIVARTE.COM y pretendemos configurarnos como un portal din\u00e1mico, entretenido y atento a los nuevos emprendimientos, que busque siempre la interacci\u00f3n con los artistas.","sameAs":["http:\/\/www.cooltivarte.com","https:\/\/www.facebook.com\/cooltivartecom","https:\/\/www.instagram.com\/_cooltivarte_\/","https:\/\/www.linkedin.com\/company\/-bolocultural","https:\/\/www.pinterest.com\/cooltivarte\/","https:\/\/x.com\/https:\/\/x.com\/obolocultural","https:\/\/www.youtube.com\/@PrensaCooltivarte","https:\/\/www.tumblr.com\/blog\/cooltivarte"],"url":"https:\/\/cooltivarte.com\/portal\/author\/cooltivarte\/"}]}},"_links":{"self":[{"href":"https:\/\/cooltivarte.com\/portal\/wp-json\/wp\/v2\/posts\/68731","targetHints":{"allow":["GET"]}}],"collection":[{"href":"https:\/\/cooltivarte.com\/portal\/wp-json\/wp\/v2\/posts"}],"about":[{"href":"https:\/\/cooltivarte.com\/portal\/wp-json\/wp\/v2\/types\/post"}],"author":[{"embeddable":true,"href":"https:\/\/cooltivarte.com\/portal\/wp-json\/wp\/v2\/users\/8"}],"replies":[{"embeddable":true,"href":"https:\/\/cooltivarte.com\/portal\/wp-json\/wp\/v2\/comments?post=68731"}],"version-history":[{"count":4,"href":"https:\/\/cooltivarte.com\/portal\/wp-json\/wp\/v2\/posts\/68731\/revisions"}],"predecessor-version":[{"id":69146,"href":"https:\/\/cooltivarte.com\/portal\/wp-json\/wp\/v2\/posts\/68731\/revisions\/69146"}],"wp:featuredmedia":[{"embeddable":true,"href":"https:\/\/cooltivarte.com\/portal\/wp-json\/wp\/v2\/media\/68732"}],"wp:attachment":[{"href":"https:\/\/cooltivarte.com\/portal\/wp-json\/wp\/v2\/media?parent=68731"}],"wp:term":[{"taxonomy":"category","embeddable":true,"href":"https:\/\/cooltivarte.com\/portal\/wp-json\/wp\/v2\/categories?post=68731"},{"taxonomy":"post_tag","embeddable":true,"href":"https:\/\/cooltivarte.com\/portal\/wp-json\/wp\/v2\/tags?post=68731"}],"curies":[{"name":"wp","href":"https:\/\/api.w.org\/{rel}","templated":true}]}}