{"id":68360,"date":"2021-05-11T10:01:55","date_gmt":"2021-05-11T13:01:55","guid":{"rendered":"https:\/\/cooltivarte.com\/portal\/?p=68360"},"modified":"2024-02-12T14:46:36","modified_gmt":"2024-02-12T17:46:36","slug":"ficcion-dirigido-por-guzman-garcia","status":"publish","type":"post","link":"https:\/\/cooltivarte.com\/portal\/ficcion-dirigido-por-guzman-garcia\/","title":{"rendered":"FICCI\u00d3N, dirigido por Guzm\u00e1n Garc\u00eda"},"content":{"rendered":"<p><iframe title=\"YouTube video player\" src=\"https:\/\/www.youtube.com\/embed\/hb-e1QIETtk?si=WRCp-Nn4s3WcP00X\" width=\"100%\" height=\"515\" frameborder=\"0\" allowfullscreen=\"allowfullscreen\"><span data-mce-type=\"bookmark\" style=\"display: inline-block; width: 0px; overflow: hidden; line-height: 0;\" class=\"mce_SELRES_start\">\ufeff<\/span><\/iframe><\/p>\r\n<p>&nbsp;<\/p>\r\n<p>&nbsp;<\/p>\r\n<p>En Montevideo se escriben m\u00e1s de 30 guiones de largometraje cada a\u00f1o.<\/p>\r\n<!-- \/wp:post-content -->\r\n\r\n<!-- wp:paragraph -->\r\n<p>Solo 3 o 4 llegan a filmarse.<\/p>\r\n<!-- \/wp:paragraph -->\r\n\r\n<!-- wp:paragraph -->\r\n<p><strong>\u00bfD\u00f3nde quedan las historias todav\u00eda no filmadas?<\/strong><\/p>\r\n<!-- \/wp:paragraph -->\r\n\r\n<!-- wp:paragraph -->\r\n<p><strong>Tani Cine, Mr. Cine y Coral Cine presentan un documental dirigido por <a href=\"https:\/\/cooltivarte.com\/portal\/?s=GUZM\u00c1N+GARC\u00cdA\" target=\"_blank\" rel=\"noreferrer noopener\">GUZM\u00c1N GARC\u00cdA<\/a>, con el apoyo de ICAU, Uruguay Audiovisual y Montevideo Audiovisual<\/strong><\/p>\r\n<!-- \/wp:paragraph -->\r\n\r\n<!-- wp:paragraph -->\r\n<p>&nbsp;<\/p>\r\n<!-- \/wp:paragraph -->\r\n\r\n<!-- wp:paragraph {\"align\":\"center\"} -->\r\n<p class=\"has-text-align-center\"><strong>FICCI\u00d3N<br \/>&nbsp; Uruguay\/2020\/61\u00b4&nbsp;&nbsp;<\/strong><\/p>\r\n<!-- \/wp:paragraph -->\r\n\r\n<!-- wp:paragraph {\"align\":\"center\"} -->\r\n<p class=\"has-text-align-center\"><strong>** ESTRENO **<\/strong><\/p>\r\n<!-- \/wp:paragraph -->\r\n\r\n<!-- wp:heading {\"textAlign\":\"center\"} -->\r\n<h2 class=\"has-text-align-center\"><strong>1 de Junio 2021 en <a href=\"https:\/\/mascinemateca.org.uy\/home\" target=\"_blank\" rel=\"noreferrer noopener\">+<\/a><\/strong><a href=\"https:\/\/mascinemateca.org.uy\/home\" target=\"_blank\" rel=\"noreferrer noopener\">&nbsp;CINEMATECA<\/a><\/h2>\r\n<!-- \/wp:heading -->\r\n\r\n<!-- wp:paragraph -->\r\n<p>&nbsp;<\/p>\r\n<!-- \/wp:paragraph -->\r\n\r\n<!-- wp:paragraph -->\r\n<p>&nbsp;<\/p>\r\n<!-- \/wp:paragraph -->\r\n\r\n<!-- wp:paragraph -->\r\n<p>&nbsp;<\/p>\r\n<!-- \/wp:paragraph -->\r\n\r\n<!-- wp:image {\"id\":68361,\"sizeSlug\":\"large\",\"linkDestination\":\"media\"} -->\r\n<figure class=\"wp-block-image size-large\"><a href=\"https:\/\/cooltivarte.com\/portal\/wp-content\/uploads\/2021\/05\/Ficcion-cine.jpg\"><img fetchpriority=\"high\" decoding=\"async\" width=\"650\" height=\"151\" class=\"wp-image-68361\" src=\"https:\/\/cooltivarte.com\/portal\/wp-content\/uploads\/2021\/05\/Ficcion-cine.jpg\" alt=\"\" srcset=\"https:\/\/cooltivarte.com\/portal\/wp-content\/uploads\/2021\/05\/Ficcion-cine.jpg 650w, https:\/\/cooltivarte.com\/portal\/wp-content\/uploads\/2021\/05\/Ficcion-cine-300x70.jpg 300w\" sizes=\"(max-width: 650px) 100vw, 650px\" \/><\/a><\/figure>\r\n<!-- \/wp:image -->\r\n\r\n<!-- wp:paragraph -->\r\n<p><br \/><strong>Sinopsis<\/strong><\/p>\r\n<!-- \/wp:paragraph -->\r\n\r\n<!-- wp:paragraph -->\r\n<p>Esta es una pel\u00edcula acerca de la gente que quiere hacer cine de ficci\u00f3n en Uruguay. Visitamos a varios cineastas buscando capturar la enorme diversidad de historias, realidades y sensibilidades que hay detr\u00e1s de los guiones que est\u00e1n escribiendo. Conocemos sus barrios y casas, para luego, utilizando la charla como herramienta, acercarnos a la forma en que cada uno cuenta las fantas\u00edas que han nacido en sus mentes y corazones. De esta manera, retratamos c\u00f3mo viven el cine y entendemos qu\u00e9 significado tiene, para cada uno de ellos, la pel\u00edcula que intentan volver realidad.<\/p>\r\n<!-- \/wp:paragraph -->\r\n\r\n<!-- wp:paragraph -->\r\n<p><strong>Protagonistas<\/strong><\/p>\r\n<!-- \/wp:paragraph -->\r\n\r\n<!-- wp:paragraph -->\r\n<p>Participan en orden de aparici\u00f3n: <strong>Agust\u00edn Banchero, Luciano Coccia, Adriana Nartallo, Daniel Amor\u00edn, Marcelo Fabani, Bruno Cancio, Walter Tournier, Mateo Etchegoyen, Giorgina Amicone, Nicolas Riola, Manuel Facal, Marina Cultelli.<\/strong><\/p>\r\n<!-- \/wp:paragraph -->\r\n\r\n<!-- wp:paragraph -->\r\n<p>&nbsp;<\/p>\r\n<!-- \/wp:paragraph -->\r\n\r\n<!-- wp:paragraph -->\r\n<p>&nbsp;<\/p>\r\n<p>&nbsp;<\/p>\r\n<p><iframe src=\"https:\/\/player.vimeo.com\/video\/423244928\" width=\"640\" height=\"338\" frameborder=\"0\" allowfullscreen=\"allowfullscreen\"><\/iframe><\/p>\r\n<p><a href=\"https:\/\/vimeo.com\/423244928\">Fiction &#8211; Trailer Espa\u00f1ol (2020)<\/a> from <a href=\"https:\/\/vimeo.com\/user31705276\">Coral Cine<\/a> on <a href=\"https:\/\/vimeo.com\">Vimeo<\/a>.<\/p>\r\n<!-- \/wp:paragraph -->\r\n\r\n<!-- wp:paragraph -->\r\n<p>&nbsp;<\/p>\r\n<!-- \/wp:paragraph -->\r\n\r\n<!-- wp:paragraph -->\r\n<p><br \/><strong>El director<\/strong><\/p>\r\n<!-- \/wp:paragraph -->\r\n\r\n<!-- wp:paragraph -->\r\n<p>Guzma\u0301n Garci\u0301a es director, guionista, montajista y docente. Su \u00f3pera prima, Todavi\u0301a el amor, fue seleccionada en festivales como IDFA, HotDocs, Docs Barcelona, Guadalajara y La Habana. Su segunda peli\u0301cula, Mirando al cielo, gano\u0301 el premio del pu\u0301blico en Gramado. Ficcio\u0301n es su tercera obra.<\/p>\r\n<!-- \/wp:paragraph -->\r\n\r\n<!-- wp:paragraph -->\r\n<p>La pel\u00edcula tuvo su pre-estreno en el Festival Detour 2020 como funci\u00f3n de apertura y su estreno internacional en BAFICI 2021.<\/p>\r\n<!-- \/wp:paragraph -->\r\n\r\n<!-- wp:paragraph -->\r\n<p><strong>Motivaci\u00f3n del director<\/strong><\/p>\r\n<!-- \/wp:paragraph -->\r\n\r\n<!-- wp:paragraph -->\r\n<p>Desde ni\u00f1o escrib\u00eda guiones de pel\u00edculas. En ellos volcaba muchas de mis fantas\u00edas, esperanzas y miedos. Lamentablemente, nunca pude filmar ninguno. Con los a\u00f1os empec\u00e9 a trabajar en documentales y me fui enamorando de esta forma de hacer cine.<\/p>\r\n<!-- \/wp:paragraph -->\r\n\r\n<!-- wp:paragraph -->\r\n<p>Hace un tiempo me puse a pensar en todos esos universos que hab\u00eda creado y solo hab\u00edan existido en mi mente y me dieron ganas de hacer una pel\u00edcula sobre las pel\u00edculas que otros guionistas so\u00f1aron. Me propuse ir a conocer a los distintos creadores y pedirles que me contaran las historias que pueblan su imaginaci\u00f3n.<\/p>\r\n<!-- \/wp:paragraph -->\r\n\r\n<!-- wp:paragraph -->\r\n<p>En el proceso de rodar este documental pude acercarme a sus pel\u00edculas tal cual fueron concebidas en sus cabezas, sin que pasaran por el filtro de la realidad. Tuve la suerte de ser testigo de la intensa relaci\u00f3n que muchas veces se genera entre el creador y su obra.<\/p>\r\n<!-- \/wp:paragraph -->\r\n\r\n<!-- wp:paragraph -->\r\n<p>De esa forma busqu\u00e9 capturar como so\u00f1ando estas historias sacamos a la luz muchas de nuestras verdades m\u00e1s personales.<\/p>\r\n<!-- \/wp:paragraph -->\r\n\r\n<!-- wp:paragraph -->\r\n<p><strong>Ficha T\u00e9cnica<\/strong><\/p>\r\n<!-- \/wp:paragraph -->\r\n\r\n<!-- wp:paragraph -->\r\n<p>Producci\u00f3n: <strong>MARCELO RABU\u00d1AL, <a href=\"https:\/\/cooltivarte.com\/portal\/?s=SEBASTI\u00c1N+BEDNARIK\" target=\"_blank\" rel=\"noreferrer noopener\">SEBASTI\u00c1N BEDNARIK<\/a> y GUZM\u00c1N GARC\u00cdA.<\/strong><\/p>\r\n<!-- \/wp:paragraph -->\r\n\r\n<!-- wp:paragraph -->\r\n<p>Direcci\u00f3n de fotograf\u00eda: <strong>MARCELO RABU\u00d1AL.<\/strong><\/p>\r\n<!-- \/wp:paragraph -->\r\n\r\n<!-- wp:paragraph -->\r\n<p>Direcci\u00f3n de sonido: <strong>SANTIAGO BEDNARIK.<\/strong><\/p>\r\n<!-- \/wp:paragraph -->\r\n\r\n<!-- wp:paragraph -->\r\n<p>Montaje:<strong> ANDR\u00c9S BOROTRA y GUZM\u00c1N GARC\u00cdA<\/strong><\/p>\r\n<!-- \/wp:paragraph -->\r\n\r\n<!-- wp:paragraph -->\r\n<p>Postproducci\u00f3n de imagen:<strong> MARCELO RABU\u00d1AL.<\/strong><\/p>\r\n<!-- \/wp:paragraph -->\r\n\r\n<!-- wp:paragraph -->\r\n<p>Postproducci\u00f3n de sonido: <strong>SANTIAGO BEDNARIK.<\/strong><\/p>\r\n<!-- \/wp:paragraph -->\r\n\r\n<!-- wp:paragraph -->\r\n<p>Gr\u00e1ficos: <strong>FLORENCIA SERVENTE.<\/strong><\/p>\r\n<!-- \/wp:paragraph -->\r\n\r\n<!-- wp:paragraph -->\r\n<p>Direcci\u00f3n: <strong><a href=\"https:\/\/cooltivarte.com\/portal\/?s=GUZM\u00c1N+GARC\u00cdA\" target=\"_blank\" rel=\"noreferrer noopener\">GUZM\u00c1N GARC\u00cdA<\/a>.<\/strong><\/p>\r\n<!-- \/wp:paragraph -->\r\n\r\n<!-- wp:paragraph -->\r\n<p><a href=\"https:\/\/www.instagram.com\/ficcionpelicula\/?hl=es\" target=\"_blank\" rel=\"noreferrer noopener\">https:\/\/www.instagram.com\/ficcionpelicula\/<\/a><\/p>\r\n<!-- \/wp:paragraph -->\r\n\r\n<!-- wp:paragraph -->\r\n<p><a href=\"https:\/\/www.facebook.com\/ficcionpelicula\" target=\"_blank\" rel=\"noreferrer noopener\">https:\/\/www.facebook.com\/ficcionpelicula<\/a><\/p>\r\n<!-- \/wp:paragraph -->\r\n\r\n<!-- wp:paragraph -->\r\n<p>&nbsp;<\/p>\r\n<!-- \/wp:paragraph -->","protected":false},"excerpt":{"rendered":"<p>Esta es una pel\u00edcula acerca de la gente que quiere hacer cine de ficci\u00f3n en Uruguay. Visitamos a varios cineastas buscando capturar la enorme diversidad de historias, realidades y sensibilidades que hay detr\u00e1s de los guiones que est\u00e1n escribiendo. Conocemos sus barrios y casas, para luego, utilizando la charla como herramienta, acercarnos a la forma en que cada uno cuenta las fantas\u00edas que han nacido en sus mentes y corazones. De esta manera, retratamos c\u00f3mo viven el cine y entendemos qu\u00e9 significado tiene, para cada uno de ellos, la pel\u00edcula que intentan volver realidad.<\/p>\n","protected":false},"author":8,"featured_media":68362,"comment_status":"closed","ping_status":"closed","sticky":false,"template":"","format":"standard","meta":{"om_disable_all_campaigns":false,"ngg_post_thumbnail":0,"jnews-multi-image_gallery":[],"jnews_single_post":{"subtitle":"Esta es una pel\u00edcula acerca de la gente que quiere hacer cine de ficci\u00f3n en Uruguay","format":"standard","video":"","gallery":"","source_name":"","source_url":"","via_name":"","via_url":"","override_template":"0","override":[{"template":"4","single_blog_custom":"","parallax":"1","fullscreen":"0","layout":"right-sidebar","sidebar":"default-sidebar","second_sidebar":"default-sidebar","sticky_sidebar":"1","share_position":"bottom","share_float_style":"share-monocrhome","show_share_counter":"1","show_view_counter":"1","show_featured":"1","show_post_meta":"1","show_post_author":"1","show_post_author_image":"1","show_post_date":"1","post_date_format":"default","post_date_format_custom":"Y\/m\/d","show_post_category":"1","show_post_reading_time":"0","post_reading_time_wpm":"300","show_zoom_button":"0","zoom_button_out_step":"2","zoom_button_in_step":"3","show_post_tag":"1","show_prev_next_post":"1","show_popup_post":"1","number_popup_post":"1","show_author_box":"1","show_post_related":"0","show_inline_post_related":"0"}],"override_image_size":"0","image_override":[{"single_post_thumbnail_size":"no-crop","single_post_gallery_size":"crop-500"}],"trending_post":"0","trending_post_position":"meta","trending_post_label":"Trending","sponsored_post":"0","sponsored_post_label":"Sponsored by","sponsored_post_name":"","sponsored_post_url":"","sponsored_post_logo_enable":"0","sponsored_post_logo":"","sponsored_post_desc":"","disable_ad":"0"},"jnews_primary_category":{"id":"","hide":""},"jnews_social_meta":{"fb_title":"","fb_description":"","fb_image":"","twitter_title":"","twitter_description":"","twitter_image":""},"jnews_override_counter":{"override_view_counter":"0","view_counter_number":"0","override_share_counter":"0","share_counter_number":"0","override_like_counter":"0","like_counter_number":"0","override_dislike_counter":"0","dislike_counter_number":"0"},"footnotes":""},"categories":[72],"tags":[13429,3189,8949,13427,4417,13432,13426,13430,13434,13428,13436,13435,13431,13433,6837,3249],"class_list":["post-68360","post","type-post","status-publish","format-standard","has-post-thumbnail","hentry","category-cine","tag-adriana-nartallo","tag-agustin-banchero","tag-bruno-cancio","tag-daniel-amorin","tag-ficcion","tag-giorgina-amicone","tag-guzman-garcia","tag-luciano-coccia","tag-manuel-facal","tag-marcelo-fabani","tag-marcelo-rabunal","tag-marina-cultelli","tag-mateo-etchegoyen","tag-nicolas-riola","tag-sebastian-bednarik","tag-walter-tournier"],"yoast_head":"<!-- This site is optimized with the Yoast SEO plugin v27.4 - https:\/\/yoast.com\/product\/yoast-seo-wordpress\/ -->\n<title>FICCI\u00d3N, dirigido por Guzm\u00e1n Garc\u00eda - Cooltivarte Portal<\/title>\n<meta name=\"description\" content=\"Participan en orden de aparici\u00f3n: Agust\u00edn Banchero, Luciano Coccia, Adriana Nartallo, Daniel Amor\u00edn, Marcelo Fabani, Bruno Cancio, Walter Tournier, Mateo Etchegoyen, Giorgina Amicone, Nicolas Riola, Manuel Facal, Marina Cultelli.\" \/>\n<meta name=\"robots\" content=\"index, follow, max-snippet:-1, max-image-preview:large, max-video-preview:-1\" \/>\n<link rel=\"canonical\" href=\"https:\/\/cooltivarte.com\/portal\/ficcion-dirigido-por-guzman-garcia\/\" \/>\n<meta property=\"og:locale\" content=\"es_ES\" \/>\n<meta property=\"og:type\" content=\"article\" \/>\n<meta property=\"og:title\" content=\"FICCI\u00d3N, dirigido por Guzm\u00e1n Garc\u00eda\" \/>\n<meta property=\"og:description\" content=\"\u00bfD\u00f3nde quedan las historias todav\u00eda no filmadas?Tani Cine, Mr. Cine y Coral Cine presentan un documental dirigido por GUZM\u00c1N GARC\u00cdA, con el apoyo de ICAU, Uruguay Audiovisual y Montevideo Audiovisual\" \/>\n<meta property=\"og:url\" content=\"https:\/\/cooltivarte.com\/portal\/ficcion-dirigido-por-guzman-garcia\/\" \/>\n<meta property=\"og:site_name\" content=\"Cooltivarte Portal\" \/>\n<meta property=\"article:publisher\" content=\"https:\/\/www.facebook.com\/cooltivartecom\/\" \/>\n<meta property=\"article:author\" content=\"https:\/\/www.facebook.com\/cooltivartecom\" \/>\n<meta property=\"article:published_time\" content=\"2021-05-11T13:01:55+00:00\" \/>\n<meta property=\"article:modified_time\" content=\"2024-02-12T17:46:36+00:00\" \/>\n<meta property=\"og:image\" content=\"https:\/\/cooltivarte.com\/portal\/wp-content\/uploads\/2021\/05\/AFICHE-FICCION.jpg\" \/>\n\t<meta property=\"og:image:width\" content=\"526\" \/>\n\t<meta property=\"og:image:height\" content=\"526\" \/>\n\t<meta property=\"og:image:type\" content=\"image\/jpeg\" \/>\n<meta name=\"author\" content=\"Cooltivarte\" \/>\n<meta name=\"twitter:card\" content=\"summary_large_image\" \/>\n<meta name=\"twitter:title\" content=\"FICCI\u00d3N, dirigido por Guzm\u00e1n Garc\u00eda\" \/>\n<meta name=\"twitter:description\" content=\"\u00bfD\u00f3nde quedan las historias todav\u00eda no filmadas?Tani Cine, Mr. Cine y Coral Cine presentan un documental dirigido por GUZM\u00c1N GARC\u00cdA, con el apoyo de ICAU, Uruguay Audiovisual y Montevideo Audiovisual\" \/>\n<meta name=\"twitter:image\" content=\"https:\/\/cooltivarte.com\/portal\/wp-content\/uploads\/2021\/05\/AFICHE-FICCION.jpg\" \/>\n<meta name=\"twitter:creator\" content=\"@https:\/\/x.com\/obolocultural\" \/>\n<meta name=\"twitter:site\" content=\"@obolocultural\" \/>\n<meta name=\"twitter:label1\" content=\"Escrito por\" \/>\n\t<meta name=\"twitter:data1\" content=\"Cooltivarte\" \/>\n\t<meta name=\"twitter:label2\" content=\"Tiempo de lectura\" \/>\n\t<meta name=\"twitter:data2\" content=\"3 minutos\" \/>\n<!-- \/ Yoast SEO plugin. -->","yoast_head_json":{"title":"FICCI\u00d3N, dirigido por Guzm\u00e1n Garc\u00eda - Cooltivarte Portal","description":"Participan en orden de aparici\u00f3n: Agust\u00edn Banchero, Luciano Coccia, Adriana Nartallo, Daniel Amor\u00edn, Marcelo Fabani, Bruno Cancio, Walter Tournier, Mateo Etchegoyen, Giorgina Amicone, Nicolas Riola, Manuel Facal, Marina Cultelli.","robots":{"index":"index","follow":"follow","max-snippet":"max-snippet:-1","max-image-preview":"max-image-preview:large","max-video-preview":"max-video-preview:-1"},"canonical":"https:\/\/cooltivarte.com\/portal\/ficcion-dirigido-por-guzman-garcia\/","og_locale":"es_ES","og_type":"article","og_title":"FICCI\u00d3N, dirigido por Guzm\u00e1n Garc\u00eda","og_description":"\u00bfD\u00f3nde quedan las historias todav\u00eda no filmadas?Tani Cine, Mr. Cine y Coral Cine presentan un documental dirigido por GUZM\u00c1N GARC\u00cdA, con el apoyo de ICAU, Uruguay Audiovisual y Montevideo Audiovisual","og_url":"https:\/\/cooltivarte.com\/portal\/ficcion-dirigido-por-guzman-garcia\/","og_site_name":"Cooltivarte Portal","article_publisher":"https:\/\/www.facebook.com\/cooltivartecom\/","article_author":"https:\/\/www.facebook.com\/cooltivartecom","article_published_time":"2021-05-11T13:01:55+00:00","article_modified_time":"2024-02-12T17:46:36+00:00","og_image":[{"width":526,"height":526,"url":"https:\/\/cooltivarte.com\/portal\/wp-content\/uploads\/2021\/05\/AFICHE-FICCION.jpg","type":"image\/jpeg"}],"author":"Cooltivarte","twitter_card":"summary_large_image","twitter_title":"FICCI\u00d3N, dirigido por Guzm\u00e1n Garc\u00eda","twitter_description":"\u00bfD\u00f3nde quedan las historias todav\u00eda no filmadas?Tani Cine, Mr. Cine y Coral Cine presentan un documental dirigido por GUZM\u00c1N GARC\u00cdA, con el apoyo de ICAU, Uruguay Audiovisual y Montevideo Audiovisual","twitter_image":"https:\/\/cooltivarte.com\/portal\/wp-content\/uploads\/2021\/05\/AFICHE-FICCION.jpg","twitter_creator":"@https:\/\/x.com\/obolocultural","twitter_site":"@obolocultural","twitter_misc":{"Escrito por":"Cooltivarte","Tiempo de lectura":"3 minutos"},"schema":{"@context":"https:\/\/schema.org","@graph":[{"@type":"NewsArticle","@id":"https:\/\/cooltivarte.com\/portal\/ficcion-dirigido-por-guzman-garcia\/#article","isPartOf":{"@id":"https:\/\/cooltivarte.com\/portal\/ficcion-dirigido-por-guzman-garcia\/"},"author":{"name":"Cooltivarte","@id":"https:\/\/cooltivarte.com\/portal\/#\/schema\/person\/ec2a4f4e71b740d0c559c0ab9a157e19"},"headline":"FICCI\u00d3N, dirigido por Guzm\u00e1n Garc\u00eda","datePublished":"2021-05-11T13:01:55+00:00","dateModified":"2024-02-12T17:46:36+00:00","mainEntityOfPage":{"@id":"https:\/\/cooltivarte.com\/portal\/ficcion-dirigido-por-guzman-garcia\/"},"wordCount":557,"publisher":{"@id":"https:\/\/cooltivarte.com\/portal\/#organization"},"image":{"@id":"https:\/\/cooltivarte.com\/portal\/ficcion-dirigido-por-guzman-garcia\/#primaryimage"},"thumbnailUrl":"https:\/\/cooltivarte.com\/portal\/wp-content\/uploads\/2021\/05\/AFICHE-FICCION.jpg","keywords":["Adriana Nartallo","Agust\u00edn Banchero","Bruno Cancio","Daniel Amor\u00edn","Ficci\u00f3n","Giorgina Amicone","Guzm\u00e1n Garc\u00eda","Luciano Coccia","Manuel Facal","Marcelo Fabani","MARCELO RABU\u00d1AL","Marina Cultelli","Mateo Etchegoyen","Nicolas Riola","Sebasti\u00e1n Bednarik","Walter Tournier"],"articleSection":["Cine y TV"],"inLanguage":"es-AR"},{"@type":"WebPage","@id":"https:\/\/cooltivarte.com\/portal\/ficcion-dirigido-por-guzman-garcia\/","url":"https:\/\/cooltivarte.com\/portal\/ficcion-dirigido-por-guzman-garcia\/","name":"FICCI\u00d3N, dirigido por Guzm\u00e1n Garc\u00eda - Cooltivarte Portal","isPartOf":{"@id":"https:\/\/cooltivarte.com\/portal\/#website"},"primaryImageOfPage":{"@id":"https:\/\/cooltivarte.com\/portal\/ficcion-dirigido-por-guzman-garcia\/#primaryimage"},"image":{"@id":"https:\/\/cooltivarte.com\/portal\/ficcion-dirigido-por-guzman-garcia\/#primaryimage"},"thumbnailUrl":"https:\/\/cooltivarte.com\/portal\/wp-content\/uploads\/2021\/05\/AFICHE-FICCION.jpg","datePublished":"2021-05-11T13:01:55+00:00","dateModified":"2024-02-12T17:46:36+00:00","description":"Participan en orden de aparici\u00f3n: Agust\u00edn Banchero, Luciano Coccia, Adriana Nartallo, Daniel Amor\u00edn, Marcelo Fabani, Bruno Cancio, Walter Tournier, Mateo Etchegoyen, Giorgina Amicone, Nicolas Riola, Manuel Facal, Marina Cultelli.","breadcrumb":{"@id":"https:\/\/cooltivarte.com\/portal\/ficcion-dirigido-por-guzman-garcia\/#breadcrumb"},"inLanguage":"es-AR","potentialAction":[{"@type":"ReadAction","target":["https:\/\/cooltivarte.com\/portal\/ficcion-dirigido-por-guzman-garcia\/"]}]},{"@type":"ImageObject","inLanguage":"es-AR","@id":"https:\/\/cooltivarte.com\/portal\/ficcion-dirigido-por-guzman-garcia\/#primaryimage","url":"https:\/\/cooltivarte.com\/portal\/wp-content\/uploads\/2021\/05\/AFICHE-FICCION.jpg","contentUrl":"https:\/\/cooltivarte.com\/portal\/wp-content\/uploads\/2021\/05\/AFICHE-FICCION.jpg","width":526,"height":526,"caption":"AFICHE - FICCI\u00d3N - cine"},{"@type":"BreadcrumbList","@id":"https:\/\/cooltivarte.com\/portal\/ficcion-dirigido-por-guzman-garcia\/#breadcrumb","itemListElement":[{"@type":"ListItem","position":1,"name":"Portada","item":"https:\/\/cooltivarte.com\/portal\/"},{"@type":"ListItem","position":2,"name":"FICCI\u00d3N, dirigido por Guzm\u00e1n Garc\u00eda"}]},{"@type":"WebSite","@id":"https:\/\/cooltivarte.com\/portal\/#website","url":"https:\/\/cooltivarte.com\/portal\/","name":"Cooltivarte Portal","description":"Arte, cultura y turismo para el mundo ...","publisher":{"@id":"https:\/\/cooltivarte.com\/portal\/#organization"},"potentialAction":[{"@type":"SearchAction","target":{"@type":"EntryPoint","urlTemplate":"https:\/\/cooltivarte.com\/portal\/?s={search_term_string}"},"query-input":{"@type":"PropertyValueSpecification","valueRequired":true,"valueName":"search_term_string"}}],"inLanguage":"es-AR"},{"@type":"Organization","@id":"https:\/\/cooltivarte.com\/portal\/#organization","name":"cooltivarte","url":"https:\/\/cooltivarte.com\/portal\/","logo":{"@type":"ImageObject","inLanguage":"es-AR","@id":"https:\/\/cooltivarte.com\/portal\/#\/schema\/logo\/image\/","url":"https:\/\/cooltivarte.com\/portal\/wp-content\/uploads\/2020\/04\/logo-cooltivarte-v2.png","contentUrl":"https:\/\/cooltivarte.com\/portal\/wp-content\/uploads\/2020\/04\/logo-cooltivarte-v2.png","width":851,"height":243,"caption":"cooltivarte"},"image":{"@id":"https:\/\/cooltivarte.com\/portal\/#\/schema\/logo\/image\/"},"sameAs":["https:\/\/www.facebook.com\/cooltivartecom\/","https:\/\/x.com\/obolocultural","https:\/\/www.instagram.com\/_cooltivarte_\/","https:\/\/www.linkedin.com\/company\/-bolocultural?reportsuccess=8zaNG1HwhPbAR9iQhZ5rfGeqz_vQFftHun0ZWU0Wy9vNemRJ8vtcKdJvzQfW8XagyOJSKg0XvfJ1dp","https:\/\/www.pinterest.com\/cooltivarte\/","https:\/\/cooltivarte.tumblr.com\/","https:\/\/www.tiktok.com\/@cooltivarte","https:\/\/www.youtube.com\/@PrensaCooltivarte"]},{"@type":"Person","@id":"https:\/\/cooltivarte.com\/portal\/#\/schema\/person\/ec2a4f4e71b740d0c559c0ab9a157e19","name":"Cooltivarte","image":{"@type":"ImageObject","inLanguage":"es-AR","@id":"https:\/\/cooltivarte.com\/portal\/wp-content\/uploads\/2014\/05\/logo-cooltivarte-120x120.jpg","url":"https:\/\/cooltivarte.com\/portal\/wp-content\/uploads\/2014\/05\/logo-cooltivarte-120x120.jpg","contentUrl":"https:\/\/cooltivarte.com\/portal\/wp-content\/uploads\/2014\/05\/logo-cooltivarte-120x120.jpg","caption":"Cooltivarte"},"description":"Somos COOLTIVARTE.COM. Un portal digital dedicado a difundir el acontecer art\u00edstico y cultural del Uruguay. Estamos en la vuelta desde el a\u00f1o 2003, y como evoluci\u00f3n del bolet\u00edn Obolo Cultural, nos encontramos abocados a apoyar a los artistas nacionales brind\u00e1ndoles un espacio de difusi\u00f3n. Creemos en la idea de utilizar la potencialidad que hoy d\u00eda nos otorga la web, para que la cultura uruguaya y sus creadores dispongan de una din\u00e1mica ventana, que los ponga en contacto entre s\u00ed y con el mundo. Somos COOLTIVARTE.COM y pretendemos configurarnos como un portal din\u00e1mico, entretenido y atento a los nuevos emprendimientos, que busque siempre la interacci\u00f3n con los artistas.","sameAs":["http:\/\/www.cooltivarte.com","https:\/\/www.facebook.com\/cooltivartecom","https:\/\/www.instagram.com\/_cooltivarte_\/","https:\/\/www.linkedin.com\/company\/-bolocultural","https:\/\/www.pinterest.com\/cooltivarte\/","https:\/\/x.com\/https:\/\/x.com\/obolocultural","https:\/\/www.youtube.com\/@PrensaCooltivarte","https:\/\/www.tumblr.com\/blog\/cooltivarte"],"url":"https:\/\/cooltivarte.com\/portal\/author\/cooltivarte\/"}]}},"_links":{"self":[{"href":"https:\/\/cooltivarte.com\/portal\/wp-json\/wp\/v2\/posts\/68360","targetHints":{"allow":["GET"]}}],"collection":[{"href":"https:\/\/cooltivarte.com\/portal\/wp-json\/wp\/v2\/posts"}],"about":[{"href":"https:\/\/cooltivarte.com\/portal\/wp-json\/wp\/v2\/types\/post"}],"author":[{"embeddable":true,"href":"https:\/\/cooltivarte.com\/portal\/wp-json\/wp\/v2\/users\/8"}],"replies":[{"embeddable":true,"href":"https:\/\/cooltivarte.com\/portal\/wp-json\/wp\/v2\/comments?post=68360"}],"version-history":[{"count":12,"href":"https:\/\/cooltivarte.com\/portal\/wp-json\/wp\/v2\/posts\/68360\/revisions"}],"predecessor-version":[{"id":99050,"href":"https:\/\/cooltivarte.com\/portal\/wp-json\/wp\/v2\/posts\/68360\/revisions\/99050"}],"wp:featuredmedia":[{"embeddable":true,"href":"https:\/\/cooltivarte.com\/portal\/wp-json\/wp\/v2\/media\/68362"}],"wp:attachment":[{"href":"https:\/\/cooltivarte.com\/portal\/wp-json\/wp\/v2\/media?parent=68360"}],"wp:term":[{"taxonomy":"category","embeddable":true,"href":"https:\/\/cooltivarte.com\/portal\/wp-json\/wp\/v2\/categories?post=68360"},{"taxonomy":"post_tag","embeddable":true,"href":"https:\/\/cooltivarte.com\/portal\/wp-json\/wp\/v2\/tags?post=68360"}],"curies":[{"name":"wp","href":"https:\/\/api.w.org\/{rel}","templated":true}]}}