{"id":68075,"date":"2021-04-30T14:45:07","date_gmt":"2021-04-30T17:45:07","guid":{"rendered":"https:\/\/cooltivarte.com\/portal\/?p=68075"},"modified":"2021-04-30T14:53:38","modified_gmt":"2021-04-30T17:53:38","slug":"las-nanas-de-la-cebolla-un-poema-con-historia","status":"publish","type":"post","link":"https:\/\/cooltivarte.com\/portal\/las-nanas-de-la-cebolla-un-poema-con-historia\/","title":{"rendered":"Las nanas de la cebolla: un poema con historia"},"content":{"rendered":"\n<p>Fue aqu\u00ed, en la esquina de la calle del Conde de Pe\u00f1alver con la calle Juan Bravo que <strong>Miguel Hern\u00e1ndez<\/strong> escribi\u00f3 uno de los poemas m\u00e1s hermosos de la historia de la poes\u00eda: <strong>Las nanas de la cebolla<\/strong>. Fue en esta esquina donde estuvo la c\u00e1rcel de Torrijos en la que el poeta le dio sentido l\u00edrico universal a la cebolla. No la cebolla con que se homenajeaba al dios Socar o Sokar en la mitolog\u00eda egipcia, en los festivales que se celebraban en su honor en Menfis, sino a la cebolla humilde, esa de \u201ccontigo pan y cebolla\u201d que en los amantes simboliza el amor eterno aun en la pobreza por sobre la riqueza: \u201cLa cebolla es escarcha \/ cerrada y pobre: \/ escarcha de tus d\u00edas \/ y de mis noches\u201d. La cebolla que vuelve como la aurora y el ocaso siempre repleta de l\u00e1grimas. Fue el a\u00f1o 1939, tres a\u00f1os antes de su muerte en la enfermer\u00eda de la prisi\u00f3n de Alicante en 1942, cuando el poema se clav\u00f3 en el coraz\u00f3n de la gente con la fuerza y pureza de su de su lirismo cotidiano, envolvente y desgarrador: \u201cEn la cuna del hambre \/ mi ni\u00f1o estaba. \/ Con sangre de cebolla \/ se amamantaba\u201d.<\/p>\n\n\n\n<p>El poema es una canci\u00f3n de cuna. Una nana. Las nanas, como se les conoce en Espa\u00f1a, \u201ctienen un valor testimonial [\u2026] al desnudar un aspecto de las madres o arrulladoras: preocupaci\u00f3n social, sus quehaceres, sus preocupaciones por causas diversas, alegr\u00edas y temores\u201d (Enriqueta Morera de Horn, Canciones de cuna. Apertura interdisciplinaria \/ Las nanas de la cebolla. Cr\u00edtica filol\u00f3gica, Concepci\u00f3n de Uruguay \u2013 Entre R\u00edos, Ediciones El Mirador, 1983). Estas tem\u00e1ticas que comprenden las nanas fueron minuciosamente analizadas por Federico Garc\u00eda Lorca en Las nanas infantiles, conferencia dictada en la Residencia de Estudiantes de Madrid el 13 de diciembre de 1928, que retratan la vida de la mujer humilde de su \u00e9poca y sus miserias para alimentar a sus hijos. La belleza de Espa\u00f1a, nos dice, \u201cno es serena, dulce, reposada, sino ardiente, quemada, excesiva, a veces sin \u00f3rbita\u201d y en esta Espa\u00f1a de \u201cbelleza sin luz\u201d, la mujer consuela a su hijo con sus canciones de arrullo que llevan su propia desesperaci\u00f3n: \u201cNo debemos olvidar que la canci\u00f3n de cuna est\u00e1 inventada (y sus textos lo expresan) por las pobres mujeres cuyos ni\u00f1os son para ellas una carga, una cruz pesada con la cual muchas veces no pueden\u201d. Son estas mismas mujeres pobres quienes llevan estas nanas a los ni\u00f1os ricos, nos dice Lorca: \u201cSon las pobres mujeres las que dan a los hijos este pan melanc\u00f3lico y son ellas las que lo llevan a las casas ricas. El ni\u00f1o rico tiene la nana de la mujer pobre, que le da al mismo tiempo, en su c\u00e1ndida leche silvestre, la m\u00e9dula del pa\u00eds\u201d.<\/p>\n\n\n\n<p>Pero Josefina Manresa Marhuenda, novia, esposa y viuda de Miguel Hern\u00e1ndez le lleva a su hijo Manuel Miguel el pan melanc\u00f3lico compuesto por el poeta, cuya tem\u00e1tica de c\u00e1rcel, dolor y hambre, lo hacen un poema \u00fanico en su especie. El origen epistolario del poema comienza con una foto del ni\u00f1o reci\u00e9n nacido que Josefina le env\u00eda al poeta, y que el encarcelado padre comenta con estas palabras: \u201cNo pasa un momento sin que lo mire y me r\u00eda, por muy serio que me encuentre, viendo esa risa tan hermosa que le sale delante de los cortinones y encima del catafalco ese en que est\u00e1 sentado. Esa risa suya es mi mejor compa\u00f1\u00eda aqu\u00ed y cuanto m\u00e1s la miro m\u00e1s encuentro que se parece a la tuya\u201d (Silvia Serret, Josefina Manresa, la esposa de Miguel Hern\u00e1ndez en Actualidad Literaria). El comentario de la foto de su hijo Miguel Manuel, contiene larvariamente pasajes del famoso poema: \u201cTu risa me hace libre, \/ me pone alas. \/ Soledades me quita, \/ c\u00e1rcel me arranca\u201d. Poema que ir\u00e1 en una carta que el poeta escribe a su esposa el martes 12 de septiembre de 1939, como respuesta a las penurias vividas por Josefina que la obligan a comer solo pan y cebolla: \u201cEstos d\u00edas me los he pasado cavilando sobre tu situaci\u00f3n, cada d\u00eda m\u00e1s dif\u00edcil. El olor de la cebolla que comes me llega hasta aqu\u00ed, y mi ni\u00f1o se sentir\u00e1 indignado de mamar y sacar zumo de cebolla en vez de leche. Para que lo consueles, te mando esas coplillas que le he hecho, ya que aqu\u00ed no hay para m\u00ed otro quehacer que escribiros a vosotros y desesperarme\u201d.<\/p>\n\n\n\n<p>Una nana que es consuelo y liberaci\u00f3n al mismo tiempo, y que a pesar de su escritura sin especulaciones can\u00f3nicas, como corresponde a este tipo de composiciones po\u00e9ticas que yacen en la conciencia folcl\u00f3rica, desgarra en su simpleza l\u00edrica el alma del poeta: \u201cTu risa me hace libre, \/ me pone alas. \/ Soledades me quita, \/ c\u00e1rcel me arranca. \/ Boca que vuela, \/ coraz\u00f3n que en tus labios \/ relampaguea\u201d. Las nanas de la cebolla es un poema que va m\u00e1s all\u00e1 de \u201cesas coplillas que le he hecho, ya que aqu\u00ed no hay para m\u00ed otro quehacer que escribiros a vosotros y desesperarme\u201d, pues para Miguel Hern\u00e1ndez la escritura es otra de las formas de la libertad; una libertad simb\u00f3lica que lo conecta con el mundo, su mujer y su hijo. El dramatismo del poema desnuda el alma del poeta en el hambre y el fr\u00edo simbolizados en la humilde cebolla que tanto padecen \u00e9l, Josefina y su hijo: \u201cLa cebolla es escarcha \/ cerrada y pobre. \/ Escarcha de tus d\u00edas \/ y de mis noches. \/ Hambre y cebolla, \/ hielo negro y escarcha \/ grande y redonda\u201d. Llama la atenci\u00f3n en Las nanas de la cebolla la ausencia de la madre con su voz arrulladora, pues rompe con el modelo tradicional de estas canciones de cuna en que madre e hijo son los personajes esenciales. Pero en esta canci\u00f3n de cuna, tanto la figura de la madre como del hijo se hacen presente en los versos del poeta dirigidos a ellos: \u201cUna mujer morena, \/ resuelta en luna, \/ se derrama hilo a hilo \/ sobre la cuna. \/ R\u00edete, ni\u00f1o, \/ que te tragas la luna \/ cuando es preciso\u201d. La escritura, lo dijimos, es un acto de libertad simb\u00f3lica para el poeta, que lo conecta con la realidad exterior, su mujer y su hijo.<\/p>\n\n\n\n<p>Pero la historia de Las nanas de la cebolla trasciende su origen epistolario y se adentra en los a veces intrincados laberintos de las ediciones. Es el \u00faltimo poema de Cancionero y romancero de ausencias, libro que Miguel Hern\u00e1ndez comienza a escribir en la c\u00e1rcel en 1938. As\u00ed aparece en el cuaderno de 66 p\u00e1ginas y 79 composiciones, que el poeta lleva a Orihuela cuando sale de su primera etapa de encarcelamiento en septiembre de 1939. Sin embargo, en la edici\u00f3n de Obra Escogida (Aguilar, Madrid, 1952), el poema aparece en el apartado Poemas \u00faltimos. Por su parte, en las ediciones de Obras Completas de Editorial Losada de 1960 y 1973, Buenos Aires, no explican el nuevo orden dado a los 98 poemas del libro, conformados por los 66 de Obra Escogida m\u00e1s otros recuperados en nuevas lecturas del cuaderno y otros borradores. En estas ediciones, curiosamente, no aparece el poema que ahora estudiamos (todos los datos respecto de la publicaci\u00f3n de Las nanas de la cebolla, as\u00ed como los entretelones que envuelven su nombre, los obtuvimos de las notas introductoria a Cancionero y romancero de ausencias en Miguel Hern\u00e1ndez. Obra Po\u00e9tica Completa, Editor digital Titivillus, ePub, 1976, y de la nota que lleva el propio poema).<\/p>\n\n\n\n<p>S\u00ed, Las nanas de la cebolla es un poema con historia. Una historia de amor, dolor y libertad que nace en una fotograf\u00eda y permanece oculto algunos a\u00f1os hasta aparecer publicado con otro t\u00edtulo por primera vez en la revista Halc\u00f3n, N. 9, de Valladolid, en 1946: Nana a mi ni\u00f1o. Es importante aclarar ahora que el famoso poema no fue titulado por Miguel Hern\u00e1ndez, como s\u00ed lo hizo con la mayor\u00eda de sus composiciones en su cuaderno de 66 p\u00e1ginas y 79 composiciones que mencionamos: \u201cSin embargo, el autor no lo titul\u00f3 como hizo con la mayor\u00eda. Es el \u00faltimo que figura en la libreta a que hemos hecho referencia. Por supuesto que tambi\u00e9n fue a\u00f1adida por mano ajena la indicaci\u00f3n aclaratoria, asimismo conservada por nosotros, sobre la circunstancia que origin\u00f3 el motivo\u201d. La publicaci\u00f3n de la revista Halc\u00f3n presenta, adem\u00e1s, una serie de erratas que la edici\u00f3n de Obra Po\u00e9tica Completa corrige. En el verso 20 se lee: \u201cque te traigo la luna\u201d, pero debe decir: \u201cque te tragas la luna\u201d; por su parte el verso 27 dice: \u201cque mi alma al o\u00edrte\u201d en lugar de: \u201cque en el alma al o\u00edrte\u201d. El verso 45: \u201cel vivir como nunca\u201d est\u00e1 en vez de: \u201cel ni\u00f1o como nunca\u201d. Y en el verso 57 se lee: \u201cSer de vuelo tan lato\u201d en lugar de: \u201cSer de vuelo tan alto\u201d.<\/p>\n\n\n\n<p>Otras erratas de esta primera publicaci\u00f3n en la revista Halc\u00f3n, y que se han repetido en varias ediciones, se relacionan con el orden de las estrofas 6 y 7, lo que no debe sorprender mayormente puesto que en el borrador de Miguel Hern\u00e1ndez, la estrofa 6 se encuentra en el margen y ofrece, en consecuencia, dudas sobre su posici\u00f3n en el poema. En el \u00faltimo verso de la estrofa 7 se lee: \u201cdesde mi cuerpo\u201d, cuando debe decir: \u201cdesde tu cuerpo\u201d. Y en la estrofa 8 sustituye la primera palabra (Despert\u00e9) por puntos suspensivos, tal vez por encontrarla ilegible. Adem\u00e1s, en los versos 59 y 60 de la estrofa 9 se encuentran las siguientes versiones: \u201cque tu carne es el cielo \/ reci\u00e9n nacido\u201d y \u201cque tu carne parece \/ cielo cencido\u201d. El adjetivo \u201ccencido\u201d que significa \u201cno hollado\u201d, es muy miguelhernandiano. Los editores de Obra Po\u00e9tica Completa han optado por la primera opci\u00f3n considerando la fuerza metaf\u00f3rica del verso.<\/p>\n\n\n\n<p>La descripci\u00f3n que hemos hecho sobre los entretelones del poema respecto de su escritura y edici\u00f3n, y que pueden resultar agotadores para el lector, solo tienen el prop\u00f3sito de ilustrar las dificultades no solo del poeta para escribir sus textos en medio de una dolorosa vida encarcelada, consumida por los piojos y las enfermedades, como \u00e9l mismo le escribe a Josefina en la carta del 12 de septiembre de 1939: \u201cTodo se acabar\u00e1 a fuerza de u\u00f1a y paciencia, o ellos, los piojos, acabar\u00e1n conmigo. Pero son demasiada poca cosa para m\u00ed, tan valiente como siempre, y aunque fueran como elefantes esos bichos que quieren llevarse mi sangre, los har\u00eda desaparecer del mapa de mi cuerpo. \u00a1Pobre cuerpo! Entre sarna, piojos, chinches y toda clase de animales, sin libertad, sin ti, Josefina, y sin ti, Manolillo de mi alma, no sabe a ratos qu\u00e9 postura tomar, y al fin toma la de la esperanza que no se pierde nunca\u201d, sino tambi\u00e9n las dificultades de sus bi\u00f3grafos, historiadores e investigadores para armar una obra po\u00e9tica compuesta de c\u00e1rcel en c\u00e1rcel sin ninguna condici\u00f3n humana elemental siquiera para vivir la vida, menos a\u00fan para escribirla. Por eso, aunque no es conveniente para una leg\u00edtima comprensi\u00f3n de la obra literaria asociar la vida del escritor con ella, en el caso de Miguel Hern\u00e1ndez es fundamental hacerlo, porque ambas van de la mano y se complementan. La poes\u00eda que nace del fr\u00edo, del hambre y la soledad de la c\u00e1rcel no es m\u00e1s que la vida vivida por el poeta, escenificada en su obra. No es de extra\u00f1ar, por lo mismo, las erratas de este poema-cuna que los primeros estudiosos de su obra cometieron, descifrando borradores que muchas veces se hac\u00edan ininteligibles.<\/p>\n\n\n\n<p>Historia y literatura de la mano para recrear un poema maravilloso, escrito en una c\u00e1rcel que fue la antesala de la muerte, y que le dio a las nanas otro sentido distinto al de los arrullos de las madres a sus hijos en la cuna, pues Las nanas de la cebolla son el arrullo de un poeta que desde la miseria, dolor y la soledad escribi\u00f3 a los suyos para sentirse m\u00e1s cerca de ellos: \u201cDespert\u00e9 de ser ni\u00f1o: \/ nunca despiertes. \/ Triste llevo la boca: \/ r\u00edete siempre. \/ Siempre en la cuna, \/ defendiendo la risa \/ pluma por pluma\u201d.<\/p>\n\n\n\n<p>Miguel Hern\u00e1ndez: hiciste eterna la poes\u00eda en la escarcha de una cebolla cerrada y pobre.<br \/><br \/><br \/><br \/><br \/><br \/><br \/><\/p>\n","protected":false},"excerpt":{"rendered":"<p>Fue aqu\u00ed, en la esquina de la calle del Conde de Pe\u00f1alver con la calle Juan Bravo que Miguel Hern\u00e1ndez escribi\u00f3 uno de los poemas m\u00e1s hermosos de la historia de la poes\u00eda: Las nanas de la cebolla. Fue en esta esquina donde estuvo la c\u00e1rcel de Torrijos en la que el poeta le dio [&hellip;]<\/p>\n","protected":false},"author":162,"featured_media":68078,"comment_status":"closed","ping_status":"closed","sticky":false,"template":"","format":"standard","meta":{"om_disable_all_campaigns":false,"ngg_post_thumbnail":0,"jnews-multi-image_gallery":[],"jnews_single_post":[],"jnews_primary_category":[],"jnews_social_meta":[],"jnews_override_counter":[],"footnotes":""},"categories":[55],"tags":[13345,13344],"class_list":["post-68075","post","type-post","status-publish","format-standard","has-post-thumbnail","hentry","category-poesia","tag-miguel-hernandez","tag-nanas-de-la-cebolla"],"yoast_head":"<!-- This site is optimized with the Yoast SEO plugin v27.4 - https:\/\/yoast.com\/product\/yoast-seo-wordpress\/ -->\n<title>Las nanas de la cebolla: un poema con historia - Cooltivarte Portal<\/title>\n<meta name=\"description\" content=\"Fue aqu\u00ed, en la esquina de la calle del Conde de Pe\u00f1alver con la calle Juan Bravo que Miguel Hern\u00e1ndez escribi\u00f3 uno de los poemas m\u00e1s hermosos de la historia de la poes\u00eda: Las nanas de la cebolla.\" \/>\n<meta name=\"robots\" content=\"index, follow, max-snippet:-1, max-image-preview:large, max-video-preview:-1\" \/>\n<link rel=\"canonical\" href=\"https:\/\/cooltivarte.com\/portal\/las-nanas-de-la-cebolla-un-poema-con-historia\/\" \/>\n<meta property=\"og:locale\" content=\"es_ES\" \/>\n<meta property=\"og:type\" content=\"article\" \/>\n<meta property=\"og:title\" content=\"Las nanas de la cebolla: un poema con historia\" \/>\n<meta property=\"og:description\" content=\"Fue aqu\u00ed, en la esquina de la calle del Conde de Pe\u00f1alver con la calle Juan Bravo que Miguel Hern\u00e1ndez escribi\u00f3 uno de los poemas m\u00e1s hermosos de la historia de la poes\u00eda: Las nanas de la cebolla.\" \/>\n<meta property=\"og:url\" content=\"https:\/\/cooltivarte.com\/portal\/las-nanas-de-la-cebolla-un-poema-con-historia\/\" \/>\n<meta property=\"og:site_name\" content=\"Cooltivarte Portal\" \/>\n<meta property=\"article:publisher\" content=\"https:\/\/www.facebook.com\/cooltivartecom\/\" \/>\n<meta property=\"article:author\" content=\"https:\/\/www.facebook.com\/profile.php?id=1043831024\" \/>\n<meta property=\"article:published_time\" content=\"2021-04-30T17:45:07+00:00\" \/>\n<meta property=\"article:modified_time\" content=\"2021-04-30T17:53:38+00:00\" \/>\n<meta property=\"og:image\" content=\"https:\/\/cooltivarte.com\/portal\/wp-content\/uploads\/2021\/04\/nanas-de-la-cebolla.jpg\" \/>\n\t<meta property=\"og:image:width\" content=\"751\" \/>\n\t<meta property=\"og:image:height\" content=\"1024\" \/>\n\t<meta property=\"og:image:type\" content=\"image\/jpeg\" \/>\n<meta name=\"author\" content=\"Alejandro Carre\u00f1o T.\" \/>\n<meta name=\"twitter:card\" content=\"summary_large_image\" \/>\n<meta name=\"twitter:creator\" content=\"@https:\/\/twitter.com\/acarrenot\" \/>\n<meta name=\"twitter:site\" content=\"@obolocultural\" \/>\n<meta name=\"twitter:label1\" content=\"Escrito por\" \/>\n\t<meta name=\"twitter:data1\" content=\"Alejandro Carre\u00f1o T.\" \/>\n\t<meta name=\"twitter:label2\" content=\"Tiempo de lectura\" \/>\n\t<meta name=\"twitter:data2\" content=\"10 minutos\" \/>\n<!-- \/ Yoast SEO plugin. -->","yoast_head_json":{"title":"Las nanas de la cebolla: un poema con historia - Cooltivarte Portal","description":"Fue aqu\u00ed, en la esquina de la calle del Conde de Pe\u00f1alver con la calle Juan Bravo que Miguel Hern\u00e1ndez escribi\u00f3 uno de los poemas m\u00e1s hermosos de la historia de la poes\u00eda: Las nanas de la cebolla.","robots":{"index":"index","follow":"follow","max-snippet":"max-snippet:-1","max-image-preview":"max-image-preview:large","max-video-preview":"max-video-preview:-1"},"canonical":"https:\/\/cooltivarte.com\/portal\/las-nanas-de-la-cebolla-un-poema-con-historia\/","og_locale":"es_ES","og_type":"article","og_title":"Las nanas de la cebolla: un poema con historia","og_description":"Fue aqu\u00ed, en la esquina de la calle del Conde de Pe\u00f1alver con la calle Juan Bravo que Miguel Hern\u00e1ndez escribi\u00f3 uno de los poemas m\u00e1s hermosos de la historia de la poes\u00eda: Las nanas de la cebolla.","og_url":"https:\/\/cooltivarte.com\/portal\/las-nanas-de-la-cebolla-un-poema-con-historia\/","og_site_name":"Cooltivarte Portal","article_publisher":"https:\/\/www.facebook.com\/cooltivartecom\/","article_author":"https:\/\/www.facebook.com\/profile.php?id=1043831024","article_published_time":"2021-04-30T17:45:07+00:00","article_modified_time":"2021-04-30T17:53:38+00:00","og_image":[{"width":751,"height":1024,"url":"https:\/\/cooltivarte.com\/portal\/wp-content\/uploads\/2021\/04\/nanas-de-la-cebolla.jpg","type":"image\/jpeg"}],"author":"Alejandro Carre\u00f1o T.","twitter_card":"summary_large_image","twitter_creator":"@https:\/\/twitter.com\/acarrenot","twitter_site":"@obolocultural","twitter_misc":{"Escrito por":"Alejandro Carre\u00f1o T.","Tiempo de lectura":"10 minutos"},"schema":{"@context":"https:\/\/schema.org","@graph":[{"@type":"NewsArticle","@id":"https:\/\/cooltivarte.com\/portal\/las-nanas-de-la-cebolla-un-poema-con-historia\/#article","isPartOf":{"@id":"https:\/\/cooltivarte.com\/portal\/las-nanas-de-la-cebolla-un-poema-con-historia\/"},"author":{"name":"Alejandro Carre\u00f1o T.","@id":"https:\/\/cooltivarte.com\/portal\/#\/schema\/person\/852d98c305909ce7eac4c8e64713ac6c"},"headline":"Las nanas de la cebolla: un poema con historia","datePublished":"2021-04-30T17:45:07+00:00","dateModified":"2021-04-30T17:53:38+00:00","mainEntityOfPage":{"@id":"https:\/\/cooltivarte.com\/portal\/las-nanas-de-la-cebolla-un-poema-con-historia\/"},"wordCount":2139,"publisher":{"@id":"https:\/\/cooltivarte.com\/portal\/#organization"},"image":{"@id":"https:\/\/cooltivarte.com\/portal\/las-nanas-de-la-cebolla-un-poema-con-historia\/#primaryimage"},"thumbnailUrl":"https:\/\/cooltivarte.com\/portal\/wp-content\/uploads\/2021\/04\/nanas-de-la-cebolla.jpg","keywords":["Miguel Hern\u00e1ndez","nanas de la cebolla"],"articleSection":["Poetas"],"inLanguage":"es-AR"},{"@type":"WebPage","@id":"https:\/\/cooltivarte.com\/portal\/las-nanas-de-la-cebolla-un-poema-con-historia\/","url":"https:\/\/cooltivarte.com\/portal\/las-nanas-de-la-cebolla-un-poema-con-historia\/","name":"Las nanas de la cebolla: un poema con historia - Cooltivarte Portal","isPartOf":{"@id":"https:\/\/cooltivarte.com\/portal\/#website"},"primaryImageOfPage":{"@id":"https:\/\/cooltivarte.com\/portal\/las-nanas-de-la-cebolla-un-poema-con-historia\/#primaryimage"},"image":{"@id":"https:\/\/cooltivarte.com\/portal\/las-nanas-de-la-cebolla-un-poema-con-historia\/#primaryimage"},"thumbnailUrl":"https:\/\/cooltivarte.com\/portal\/wp-content\/uploads\/2021\/04\/nanas-de-la-cebolla.jpg","datePublished":"2021-04-30T17:45:07+00:00","dateModified":"2021-04-30T17:53:38+00:00","description":"Fue aqu\u00ed, en la esquina de la calle del Conde de Pe\u00f1alver con la calle Juan Bravo que Miguel Hern\u00e1ndez escribi\u00f3 uno de los poemas m\u00e1s hermosos de la historia de la poes\u00eda: Las nanas de la cebolla.","breadcrumb":{"@id":"https:\/\/cooltivarte.com\/portal\/las-nanas-de-la-cebolla-un-poema-con-historia\/#breadcrumb"},"inLanguage":"es-AR","potentialAction":[{"@type":"ReadAction","target":["https:\/\/cooltivarte.com\/portal\/las-nanas-de-la-cebolla-un-poema-con-historia\/"]}]},{"@type":"ImageObject","inLanguage":"es-AR","@id":"https:\/\/cooltivarte.com\/portal\/las-nanas-de-la-cebolla-un-poema-con-historia\/#primaryimage","url":"https:\/\/cooltivarte.com\/portal\/wp-content\/uploads\/2021\/04\/nanas-de-la-cebolla.jpg","contentUrl":"https:\/\/cooltivarte.com\/portal\/wp-content\/uploads\/2021\/04\/nanas-de-la-cebolla.jpg","width":751,"height":1024,"caption":"nanas de la cebolla"},{"@type":"BreadcrumbList","@id":"https:\/\/cooltivarte.com\/portal\/las-nanas-de-la-cebolla-un-poema-con-historia\/#breadcrumb","itemListElement":[{"@type":"ListItem","position":1,"name":"Portada","item":"https:\/\/cooltivarte.com\/portal\/"},{"@type":"ListItem","position":2,"name":"Las nanas de la cebolla: un poema con historia"}]},{"@type":"WebSite","@id":"https:\/\/cooltivarte.com\/portal\/#website","url":"https:\/\/cooltivarte.com\/portal\/","name":"Cooltivarte Portal","description":"Arte, cultura y turismo para el mundo ...","publisher":{"@id":"https:\/\/cooltivarte.com\/portal\/#organization"},"potentialAction":[{"@type":"SearchAction","target":{"@type":"EntryPoint","urlTemplate":"https:\/\/cooltivarte.com\/portal\/?s={search_term_string}"},"query-input":{"@type":"PropertyValueSpecification","valueRequired":true,"valueName":"search_term_string"}}],"inLanguage":"es-AR"},{"@type":"Organization","@id":"https:\/\/cooltivarte.com\/portal\/#organization","name":"cooltivarte","url":"https:\/\/cooltivarte.com\/portal\/","logo":{"@type":"ImageObject","inLanguage":"es-AR","@id":"https:\/\/cooltivarte.com\/portal\/#\/schema\/logo\/image\/","url":"https:\/\/cooltivarte.com\/portal\/wp-content\/uploads\/2020\/04\/logo-cooltivarte-v2.png","contentUrl":"https:\/\/cooltivarte.com\/portal\/wp-content\/uploads\/2020\/04\/logo-cooltivarte-v2.png","width":851,"height":243,"caption":"cooltivarte"},"image":{"@id":"https:\/\/cooltivarte.com\/portal\/#\/schema\/logo\/image\/"},"sameAs":["https:\/\/www.facebook.com\/cooltivartecom\/","https:\/\/x.com\/obolocultural","https:\/\/www.instagram.com\/_cooltivarte_\/","https:\/\/www.linkedin.com\/company\/-bolocultural?reportsuccess=8zaNG1HwhPbAR9iQhZ5rfGeqz_vQFftHun0ZWU0Wy9vNemRJ8vtcKdJvzQfW8XagyOJSKg0XvfJ1dp","https:\/\/www.pinterest.com\/cooltivarte\/","https:\/\/cooltivarte.tumblr.com\/","https:\/\/www.tiktok.com\/@cooltivarte","https:\/\/www.youtube.com\/@PrensaCooltivarte"]},{"@type":"Person","@id":"https:\/\/cooltivarte.com\/portal\/#\/schema\/person\/852d98c305909ce7eac4c8e64713ac6c","name":"Alejandro Carre\u00f1o T.","image":{"@type":"ImageObject","inLanguage":"es-AR","@id":"https:\/\/cooltivarte.com\/portal\/wp-content\/uploads\/2020\/07\/Alejandro-Carre\u00f1o.jpg","url":"https:\/\/cooltivarte.com\/portal\/wp-content\/uploads\/2020\/07\/Alejandro-Carre\u00f1o.jpg","contentUrl":"https:\/\/cooltivarte.com\/portal\/wp-content\/uploads\/2020\/07\/Alejandro-Carre\u00f1o.jpg","caption":"Alejandro Carre\u00f1o T."},"description":"Profesor de Castellano, Mag\u00edster en Comunicaci\u00f3n y Semi\u00f3tica y Doctor en Comunicaci\u00f3n. Acad\u00e9mico en Brasil y en su Chile natal. Columnista y ensayista. Lleva adelante en Youtube su canal \u201cDe Carre\u00f1o a los libros\u201d, donde aborda temas de Literatura, Educaci\u00f3n y Cultura.","sameAs":["https:\/\/www.facebook.com\/profile.php?id=1043831024","https:\/\/www.instagram.com\/_cooltivarte_\/","https:\/\/www.linkedin.com\/company\/-bolocultural","https:\/\/www.pinterest.com\/cooltivarte","https:\/\/x.com\/https:\/\/twitter.com\/acarrenot","https:\/\/www.youtube.com\/@PrensaCooltivarte","https:\/\/www.tumblr.com\/blog\/cooltivarte"],"url":"https:\/\/cooltivarte.com\/portal\/author\/alejandro-careno\/"}]}},"_links":{"self":[{"href":"https:\/\/cooltivarte.com\/portal\/wp-json\/wp\/v2\/posts\/68075","targetHints":{"allow":["GET"]}}],"collection":[{"href":"https:\/\/cooltivarte.com\/portal\/wp-json\/wp\/v2\/posts"}],"about":[{"href":"https:\/\/cooltivarte.com\/portal\/wp-json\/wp\/v2\/types\/post"}],"author":[{"embeddable":true,"href":"https:\/\/cooltivarte.com\/portal\/wp-json\/wp\/v2\/users\/162"}],"replies":[{"embeddable":true,"href":"https:\/\/cooltivarte.com\/portal\/wp-json\/wp\/v2\/comments?post=68075"}],"version-history":[{"count":2,"href":"https:\/\/cooltivarte.com\/portal\/wp-json\/wp\/v2\/posts\/68075\/revisions"}],"predecessor-version":[{"id":68077,"href":"https:\/\/cooltivarte.com\/portal\/wp-json\/wp\/v2\/posts\/68075\/revisions\/68077"}],"wp:featuredmedia":[{"embeddable":true,"href":"https:\/\/cooltivarte.com\/portal\/wp-json\/wp\/v2\/media\/68078"}],"wp:attachment":[{"href":"https:\/\/cooltivarte.com\/portal\/wp-json\/wp\/v2\/media?parent=68075"}],"wp:term":[{"taxonomy":"category","embeddable":true,"href":"https:\/\/cooltivarte.com\/portal\/wp-json\/wp\/v2\/categories?post=68075"},{"taxonomy":"post_tag","embeddable":true,"href":"https:\/\/cooltivarte.com\/portal\/wp-json\/wp\/v2\/tags?post=68075"}],"curies":[{"name":"wp","href":"https:\/\/api.w.org\/{rel}","templated":true}]}}