{"id":67353,"date":"2021-04-06T17:17:25","date_gmt":"2021-04-06T20:17:25","guid":{"rendered":"https:\/\/cooltivarte.com\/portal\/?p=67353"},"modified":"2021-05-03T10:07:33","modified_gmt":"2021-05-03T13:07:33","slug":"individrum-komparti2-2-0","status":"publish","type":"post","link":"https:\/\/cooltivarte.com\/portal\/individrum-komparti2-2-0\/","title":{"rendered":"Individrum \u2013 Komparti2 2.0"},"content":{"rendered":"<p><strong><em><a href=\"https:\/\/cooltivarte.com\/portal\/?s=Albana+Barrocas\" target=\"_blank\" rel=\"noopener\">Albana Barrocas<\/a> prol\u00edfica baterista y percusionista, sigue arriesgando e investigando en este quinto disco de su proyecto Individrum.<\/em><\/strong><\/p>\n<p>Meticulosa, perfeccionista y sin perder frescura ni naturalidad, Albana va buceando en el mar de la m\u00fasica electr\u00f3nica. A base de trabajo e inspiraci\u00f3n consigue al convocar colegas, amigas y amigos, un ida y vuelta de ideas, bases y palabras que fueron germinando al calor de la creaci\u00f3n.<\/p>\n<p>Es un disco con identidad, donde los detalles en su interior nos muestran un camino que va en clara sinton\u00eda con la m\u00fasica que contiene.\u00a0All\u00ed es donde la artista nos muestra con hechos y trabajo, su confianza, su estilo para decir y decidir en la totalidad de lo que nos ofrece. Este material la representa.\u00a0Nos encontramos, al escucharlo, con un trabajo que va creciendo tema a tema con cierto halo, cierto perfume a tensi\u00f3n, con letras y melod\u00edas que bajo una potente base percusiva encuentran el camino correcto para decir lo que hay para decir.<\/p>\n<p>Sabemos que ya est\u00e1 el sexto disco en camino&#8230;pero primero disfrutemos de Komparti2 2.0.<\/p>\n<p>Charlamos sobre el disco y de cada tema.<\/p>\n<p><strong>1- Osaka Meeting \u2013 (<a href=\"https:\/\/cooltivarte.com\/portal\/?s=Dj+Yutaka\" target=\"_blank\" rel=\"noopener\">Dj Yutaka<\/a> &#8211; Individrum). <\/strong><\/p>\n<p><strong>\u00a0<\/strong><strong>\u201cDj Yutaka <\/strong>es un DJ japon\u00e9s con el cual tom\u00e9 contacto en el 2019. El se mueve dentro del Drum and bass y Jungle. Tuve la suerte que en un viaje a Jap\u00f3n (13va gira de Dos Orientales) pudimos encontrarnos. El es de Osaka, ah\u00ed hablamos y le pase mi material para vender en su disquer\u00eda. Al tiempo, cuando surgi\u00f3 hacer este disco, le hice la propuesta de hacer algo juntos y el acepto, lo cual es una alegr\u00eda pues es la primera vez que compongo con un especialista en el estilo. El me mand\u00f3 algunas bases, arm\u00e9 unas estructuras y toqu\u00e9 sintetizadores. Con la fuerza que ten\u00edan las bases no daba para agregar una bater\u00eda, ah\u00ed\u00a0 fue que pens\u00e9: \u201cbueno, entonces canto\u201d (risas). Fui buscando frases, que luego cant\u00e9 en Japon\u00e9s donde el hizo la traducci\u00f3n\u201d.<\/p>\n<p><strong>2- <\/strong><strong>Creciente<\/strong><strong> \u2013 (<a href=\"https:\/\/cooltivarte.com\/portal\/?s=Hugo+Fattoruso\" target=\"_blank\" rel=\"noopener\">Hugo Fattoruso<\/a> &#8211; Individrum).<\/strong><\/p>\n<p><strong>\u00a0&#8220;<\/strong>Si bien con Hugo ya trabajamos juntos, para este disco la diferencia de HA D\u00fao, m\u00e1s all\u00e1 del estilo, es que tiene un poquito m\u00e1s de porcentaje de la \u201cA\u201d pero con los m\u00e1gicos aportes inconfundibles de Hugo. Le pase la base con bater\u00eda y loops, siempre con la propuesta y la impronta del d\u00fao, que vaya fluyendo a medida que la canci\u00f3n fuera creciendo como tal\u201d.<\/p>\n<p><strong>3- <\/strong><strong>Buscadora<\/strong><strong> \u2013 (<a href=\"https:\/\/cooltivarte.com\/portal\/?s=Alejandra+Volpe\" target=\"_blank\" rel=\"noopener\">Alejandra Volpe<\/a> &#8211; Individrum).<\/strong><\/p>\n<p><strong>\u00a0<\/strong>\u201c A Ale la conoc\u00eda del grupo Quimera de la ciudad de Pando, estilo Heavy Rock. Se canta todo! es salada-salada, y es de esas personas que admir\u00e1s y pens\u00e1s en hacer algo juntas. En 2019 me propuso hacer una versi\u00f3n de \u201cTristeando\u201d, canci\u00f3n interpretada por\u00a0 Amalia de la Vega (de Fern\u00e1n Silva Vald\u00e9s y R. Nieves Blanco) que a ella le gustaba, me propuso hacerla juntas para ver qu\u00e9 suced\u00eda, c\u00f3mo quedaba y bueno, con esa primera experiencia de trabajar juntas, y dada la propuesta de este disco, decid\u00ed convocarla. Y todo se dio bien, como todas las colaboraciones que me aceptaron, nada se tranc\u00f3, todo ocurri\u00f3 de forma muy natural, sin trabas ni contratiempos. Esa carga energ\u00e9tica que hace que las cosas ocurran y se vayan empujando unas a otras\u201d.<\/p>\n<p><strong>4- Amperaje \u2013 (<a href=\"https:\/\/cooltivarte.com\/portal\/?s=Leo+Masliah\" target=\"_blank\" rel=\"noopener\">Leo Masliah<\/a> &#8211; Individrum).<\/strong><\/p>\n<p><strong>\u00a0<\/strong>\u201cLa experiencia que ten\u00eda con Leo fue de tocar en espect\u00e1culo Montevideo Ambiguo en Buenos Aires y en el teatro Sol\u00eds. Es un capo, sin palabras. Pens\u00e9: \u201cy bueno&#8230; me la juego a ver qu\u00e9 me dice\u201d (risas). Fue muy receptivo, muy amable. Le cont\u00e9 la propuesta, (igual para todos los artistas que participan), que el hilo conductor es la electr\u00f3nica, y que aportara lo que le surgiera, lo que fuera. Muy feliz que haya aceptado, sabemos que le apasiona experimentar con las teclas, ya lo conocemos. Le envi\u00e9 la base y me tiro con todo (risas)\u2026 impresionante lo que arm\u00f3 como \u201cAmperaje\u201d.\u00a0\u00a0Te repito, todos los artistas, colaboraron con su impronta y caracter\u00edstica&#8230; eso te hace crecer, investigar, pensar, mover las neuronas musicales. Est\u00e1 buen\u00edsimo\u201d.<\/p>\n<p><strong>5- Falso ascenso \u2013 (<a href=\"https:\/\/cooltivarte.com\/portal\/?s=Se+Arm\u00f3+Kokoa\" target=\"_blank\" rel=\"noopener\">Se Arm\u00f3 Kokoa<\/a> &#8211; Individrum).<\/strong><\/p>\n<p><strong>\u00a0<\/strong>\u201cEste colectivo est\u00e1 formado por Fabik, Viki, Valencia, Euge y Dj Mats (en el disco, Mats no particip\u00f3, pero si en vivo cuando tocamos el tema). Contact\u00e9 a Viki, por intermedio de su hermana Serrana, que conoc\u00eda por haber salido juntas en C1080, sab\u00eda que estaba en la movida Hip-Hop. Es uno de los estilos que me gusta y conjuga bien con estos sub-g\u00e9neros de la electr\u00f3nica, adem\u00e1s que el colectivo propone letras con mensajes sociales, directos, con contenido, eso siempre me \u201cactiva\u201d la parte \u201cprotestante\u201d. Les propuse participar, escucharon mi material y les gust\u00f3 la idea de incluir tambores, berimbau, etc&#8230;, entonces arm\u00e9 un puzzle percutivo con bater\u00eda, loops, bajos, sintes, con un tempo \u201clento\u201d para poder duplicarlo y que sonara contundente. Nos fuimos juntando, le dimos una estructura, ellas armaron la letra y qued\u00f3 redondo!\u201d.<\/p>\n<p><strong>6- Frankuarenstein \u2013 (<a href=\"https:\/\/cooltivarte.com\/portal\/?s=Enrique+Gule\" target=\"_blank\" rel=\"noopener\">Enrique Gule<\/a> &#8211; Individrum).<\/strong><\/p>\n<p><strong>\u00a0<\/strong>\u201cCon Quique, que es de Rosarino, \u00a0Argentina, en el 2016, grabamos un disco llamado \u201cDisco redondo\u201d. El grupo es \u201cCuarteto Sonoro\u201d, formado por Hugo Fatto en piano y acorde\u00f3n, Enrique Gule y Soledad Legaspi en guitarras y yo percusi\u00f3n. Luego me invit\u00f3 a tocar un par de temas en Mi Fest (Sala Zitarrosa, 2017). En la cuarentena de 2020, me contacta para hacer a distancia, unos videos y subirlos a Instagram y Youtube. Hicimos tres o cuatro cosas y de ah\u00ed surgi\u00f3 la semilla de \u201cFrankuarenstein\u201d. Para este disco fuimos mejorando esa idea, la ampliamos, agregamos cosas y as\u00ed qued\u00f3 finalmente. Actualmente seguimos trabajando a distancia y creando m\u00e1s canciones\u201d.<\/p>\n<p><strong>7- Casandra \u2013 (<a href=\"https:\/\/cooltivarte.com\/portal\/?s=Laura+Canoura\" target=\"_blank\" rel=\"noopener\">Laura Canoura<\/a>).<\/strong><\/p>\n<p>\u201c\u00danico tema que no fue creado de cero, le pertenece a Laura. Cuando le propuse participar, me agradeci\u00f3 pero coment\u00f3 que no estaba componiendo mucho, entonces&#8230; \u00a1Plan B!\u00a0 Propuse versionar un tema suyo y ver que consegu\u00eda, sin compromiso. Respetando casi la estructura original, re-arm\u00e9 el tema con sonidos m\u00e1s \u201cespaciales\u201d, dejando el espacio sonoro para que su voz tuviera la presencia que merece.\u00a0 Ella fue probando y termin\u00f3 en esta versi\u00f3n de la que ambas quedamos conformes.<\/p>\n<p><strong>8- La de Juli \u2013 (<a href=\"https:\/\/cooltivarte.com\/portal\/?s=TCB+tr\u00edo\" target=\"_blank\" rel=\"noopener\">TCB tr\u00edo<\/a> + <a href=\"https:\/\/cooltivarte.com\/portal\/?s=Camila+Montero\" target=\"_blank\" rel=\"noopener\">Camila Montero<\/a>).<\/strong><\/p>\n<p>\u201cTCB nace del Quinteto NAIMA, creado en el 2019 por Patricia L\u00f3pez, gran saxofonista uruguaya. Luego que ella emigra de Uruguay, decidimos con Julieta Taramasso en bajo y Agustina Canavesi en guitarra, continuar la uni\u00f3n musical, m\u00e1s por el lado candombe-fusi\u00f3n, jazz , etc.\u00a0 Camila era parte del quinteto y siendo que invitamos a varios m\u00fasicos y cantantes en nuestros toques, decidimos grabar con ella y darle forma a una idea musical de Juli, as\u00ed ser parte de este disco. Si bien no tiene nada de candombe el tema, propone el car\u00e1cter de cada una\u201d.<\/p>\n<p><strong>9- M\u00eda 2 \u2013 (Individrum).<\/strong><\/p>\n<p><strong>\u00a0<\/strong>\u201c\u00danico tema sin participaci\u00f3n de otros artistas. M\u00eda es la hija menor de Francisco (Fattoruso) y Natalia. Es muy simp\u00e1tica! se baila todo!\u00a0 Se me ocurri\u00f3 armar dos ideas para que hiciera una coreograf\u00eda y propuse la segunda. Hay un spot anunciando la salida del disco, con esta canci\u00f3n y ella bailando (<a href=\"https:\/\/youtu.be\/WOKilHZcBxY\" target=\"_blank\" rel=\"noopener\">est\u00e1 en Youtube<\/a>)\u201d&#8230; la 1era idea qued\u00f3 para el pr\u00f3ximo disco&#8230; (risas)\u201d.<\/p>\n<p><strong>10- Liberacci\u00f3n \u2013 (Sarita Guerrilla \u2013 Individrum).<\/strong><\/p>\n<p><strong>\u00a0<\/strong>\u201cEl tema m\u00e1s revolucionario del disco, el cierre ideal. Participa Sarita Guerrilla a quien conozco hace 25 a\u00f1os, desde el liceo 29 y del barrio. Ella fue baterista de una banda con la cual compart\u00edamos fechas. Pasaron a\u00f1os, comenz\u00f3 a hacer rap revolucionario, siempre admir\u00e9\u00a0 y respeto mucho lo que hace y dice. Era algo pendiente que ten\u00eda, de hacer m\u00fasica y levantar el pu\u00f1o a su lado. Muchos a\u00f1os de vegana, contestataria, no dude un instante en invitarla. Su letra es muy actual y dice en cada frase lo que hay que decir. Est\u00e1 ah\u00ed, es tomarlo o dejarlo, pero hay que decirlo\u201d.<\/p>\n<p>\u201cEste disco, el cual agradezco mucho al sello <strong>Montevideo Music Group<\/strong> por apoyarme y editarlo, fue y es generador de situaciones para compartir con cada participante. Y lo m\u00e1s importante para el disco f\u00edsico&#8230;el envoltorio!\u00a0 Ese trabajo qued\u00f3 en manos de Guillermo Laborde, gran amigo, m\u00fasico (CORVIS) y dise\u00f1ador gr\u00e1fico con un concepto muy fino, entiende de m\u00fasica y supo c\u00f3mo transmitirlo en el arte del mismo\u201d.<\/p>\n<p><strong><a href=\"https:\/\/cooltivarte.com\/portal\/?s=corvis\" target=\"_blank\" rel=\"noopener\">Corvis<\/a>:<\/strong><\/p>\n<p><em>La lista de presentaciones ser\u00e1 larga y cada fecha contar\u00e1 con la participaci\u00f3n de los invitados a la grabaci\u00f3n del disco. <strong>Debido a la emergencia sanitaria pueden consultar las futuras fechas en las redes de la artista (facebook, instagram, twitter). <\/strong><\/em><em>En todas las ocasiones habr\u00e1 promoci\u00f3n de entrada anticipada\u00a0+ disco.<\/em><\/p>\n<p><strong><em>\u00a0<\/em><em>Redes y Puntos de venta del disco:<\/em><\/strong><\/p>\n<p>CANAL DE YOUTUBE &#8211;\u00a0\u00a0<a href=\"https:\/\/www.youtube.com\/user\/INDIVIDRM\" target=\"_blank\" rel=\"noopener\">https:\/\/www.youtube.com\/user\/INDIVIDRM<\/a><\/p>\n<p>FB &#8211;\u00a0\u00a0<a href=\"https:\/\/www.facebook.com\/individrum\" target=\"_blank\" rel=\"noopener\">https:\/\/www.facebook.com\/individrum<\/a><\/p>\n<p>INSTAGRAM &#8211;\u00a0<a href=\"https:\/\/www.instagram.com\/individrum\/\" target=\"_blank\" rel=\"noopener\">https:\/\/www.instagram.com\/individrum\/<\/a><\/p>\n<p>TWITTER &#8211;\u00a0<a href=\"https:\/\/twitter.com\/indivi_drum\/\" target=\"_blank\" rel=\"noopener\">https:\/\/twitter.com\/indivi_drum\/<\/a><\/p>\n<p><em>\u00a0<\/em><strong><em>Adem\u00e1s de Spotify, pasamos los puntos de venta del disco.<\/em><\/strong><\/p>\n<p><strong><em>\u00a0<\/em><\/strong><strong><em>&#8211;<u>MUERTA VIVA<\/u>;\u00a0 Colonia 1191. <\/em><\/strong><\/p>\n<p><strong><em>&#8211;<u>FAMILIA UNIDA TATTOO<\/u>; Pedro F Berro 1362.<\/em><\/strong><\/p>\n<p><strong><em>&#8211;<u>LITTLE BUTTERFLY<\/u> (DISCOMODA): Trist\u00e1n Narvaja 1614.<\/em><\/strong><\/p>\n<p><strong><em><u>-PALACIO DE LA M\u00daSICA<\/u><\/em><\/strong><strong><em> de Nuevo Centro y 3 Cruces\u00a0 <u>y EN LOS TOQUES<\/u>.<\/em><\/strong><\/p>\n<p>Gracias a Albana por la m\u00fasica. Sal\u00fa.<\/p>\n<p>fino.<\/p>\n<p>Imagen portada: Disco\u00a0KOMPARTI2 2.0<\/p>\n","protected":false},"excerpt":{"rendered":"<p>Albana Barrocas prol\u00edfica baterista y percusionista, sigue arriesgando e investigando en este quinto disco de su proyecto Individrum. Meticulosa, perfeccionista y sin perder frescura ni naturalidad, Albana va buceando en el mar de la m\u00fasica electr\u00f3nica. A base de trabajo e inspiraci\u00f3n consigue al convocar colegas, amigas y amigos, un ida y vuelta de ideas, [&hellip;]<\/p>\n","protected":false},"author":55,"featured_media":66171,"comment_status":"closed","ping_status":"closed","sticky":false,"template":"","format":"standard","meta":{"om_disable_all_campaigns":false,"ngg_post_thumbnail":0,"jnews-multi-image_gallery":[],"jnews_single_post":{"subtitle":"","format":"standard"},"jnews_primary_category":[],"jnews_social_meta":[],"jnews_override_counter":[],"footnotes":""},"categories":[59],"tags":[4299,5007],"class_list":["post-67353","post","type-post","status-publish","format-standard","has-post-thumbnail","hentry","category-musicos","tag-albana-barrocas","tag-individrum"],"yoast_head":"<!-- This site is optimized with the Yoast SEO plugin v27.5 - https:\/\/yoast.com\/product\/yoast-seo-wordpress\/ -->\n<title>Individrum \u2013 Komparti2 2.0 - Cooltivarte Portal<\/title>\n<meta name=\"description\" content=\"COOLTIVARTE.COM es un portal digital colaborativo de actualizaci\u00f3n permanente dedicado a difundir el acontecer art\u00edstico y cultural, entrevista artistas, gestores y productores de las diferentes disciplinas del arte, y publicando art\u00edculos de reflexi\u00f3n de producci\u00f3n propia sobre los elementos culturales.\" \/>\n<meta name=\"robots\" content=\"index, follow, max-snippet:-1, max-image-preview:large, max-video-preview:-1\" \/>\n<link rel=\"canonical\" href=\"https:\/\/cooltivarte.com\/portal\/individrum-komparti2-2-0\/\" \/>\n<meta property=\"og:locale\" content=\"es_ES\" \/>\n<meta property=\"og:type\" content=\"article\" \/>\n<meta property=\"og:title\" content=\"Individrum \u2013 Komparti2 2.0 - Cooltivarte Portal\" \/>\n<meta property=\"og:description\" content=\"COOLTIVARTE.COM es un portal digital colaborativo de actualizaci\u00f3n permanente dedicado a difundir el acontecer art\u00edstico y cultural, entrevista artistas, gestores y productores de las diferentes disciplinas del arte, y publicando art\u00edculos de reflexi\u00f3n de producci\u00f3n propia sobre los elementos culturales.\" \/>\n<meta property=\"og:url\" content=\"https:\/\/cooltivarte.com\/portal\/individrum-komparti2-2-0\/\" \/>\n<meta property=\"og:site_name\" content=\"Cooltivarte Portal\" \/>\n<meta property=\"article:publisher\" content=\"https:\/\/www.facebook.com\/cooltivartecom\/\" \/>\n<meta property=\"article:author\" content=\"https:\/\/www.facebook.com\/cooltivartecom\" \/>\n<meta property=\"article:published_time\" content=\"2021-04-06T20:17:25+00:00\" \/>\n<meta property=\"article:modified_time\" content=\"2021-05-03T13:07:33+00:00\" \/>\n<meta property=\"og:image\" content=\"https:\/\/cooltivarte.com\/portal\/wp-content\/uploads\/2021\/02\/Komparti2-2-0.jpg\" \/>\n\t<meta property=\"og:image:width\" content=\"960\" \/>\n\t<meta property=\"og:image:height\" content=\"968\" \/>\n\t<meta property=\"og:image:type\" content=\"image\/jpeg\" \/>\n<meta name=\"author\" content=\"Fino Sosa\" \/>\n<meta name=\"twitter:card\" content=\"summary_large_image\" \/>\n<meta name=\"twitter:creator\" content=\"@https:\/\/x.com\/obolocultural\" \/>\n<meta name=\"twitter:site\" content=\"@obolocultural\" \/>\n<meta name=\"twitter:label1\" content=\"Escrito por\" \/>\n\t<meta name=\"twitter:data1\" content=\"Fino Sosa\" \/>\n\t<meta name=\"twitter:label2\" content=\"Tiempo de lectura\" \/>\n\t<meta name=\"twitter:data2\" content=\"7 minutos\" \/>\n<!-- \/ Yoast SEO plugin. -->","yoast_head_json":{"title":"Individrum \u2013 Komparti2 2.0 - Cooltivarte Portal","description":"COOLTIVARTE.COM es un portal digital colaborativo de actualizaci\u00f3n permanente dedicado a difundir el acontecer art\u00edstico y cultural, entrevista artistas, gestores y productores de las diferentes disciplinas del arte, y publicando art\u00edculos de reflexi\u00f3n de producci\u00f3n propia sobre los elementos culturales.","robots":{"index":"index","follow":"follow","max-snippet":"max-snippet:-1","max-image-preview":"max-image-preview:large","max-video-preview":"max-video-preview:-1"},"canonical":"https:\/\/cooltivarte.com\/portal\/individrum-komparti2-2-0\/","og_locale":"es_ES","og_type":"article","og_title":"Individrum \u2013 Komparti2 2.0 - Cooltivarte Portal","og_description":"COOLTIVARTE.COM es un portal digital colaborativo de actualizaci\u00f3n permanente dedicado a difundir el acontecer art\u00edstico y cultural, entrevista artistas, gestores y productores de las diferentes disciplinas del arte, y publicando art\u00edculos de reflexi\u00f3n de producci\u00f3n propia sobre los elementos culturales.","og_url":"https:\/\/cooltivarte.com\/portal\/individrum-komparti2-2-0\/","og_site_name":"Cooltivarte Portal","article_publisher":"https:\/\/www.facebook.com\/cooltivartecom\/","article_author":"https:\/\/www.facebook.com\/cooltivartecom","article_published_time":"2021-04-06T20:17:25+00:00","article_modified_time":"2021-05-03T13:07:33+00:00","og_image":[{"width":960,"height":968,"url":"https:\/\/cooltivarte.com\/portal\/wp-content\/uploads\/2021\/02\/Komparti2-2-0.jpg","type":"image\/jpeg"}],"author":"Fino Sosa","twitter_card":"summary_large_image","twitter_creator":"@https:\/\/x.com\/obolocultural","twitter_site":"@obolocultural","twitter_misc":{"Escrito por":"Fino Sosa","Tiempo de lectura":"7 minutos"},"schema":{"@context":"https:\/\/schema.org","@graph":[{"@type":"NewsArticle","@id":"https:\/\/cooltivarte.com\/portal\/individrum-komparti2-2-0\/#article","isPartOf":{"@id":"https:\/\/cooltivarte.com\/portal\/individrum-komparti2-2-0\/"},"author":{"name":"Fino Sosa","@id":"https:\/\/cooltivarte.com\/portal\/#\/schema\/person\/8ff2065e9734771828981dd329720f29"},"headline":"Individrum \u2013 Komparti2 2.0","datePublished":"2021-04-06T20:17:25+00:00","dateModified":"2021-05-03T13:07:33+00:00","mainEntityOfPage":{"@id":"https:\/\/cooltivarte.com\/portal\/individrum-komparti2-2-0\/"},"wordCount":1581,"publisher":{"@id":"https:\/\/cooltivarte.com\/portal\/#organization"},"image":{"@id":"https:\/\/cooltivarte.com\/portal\/individrum-komparti2-2-0\/#primaryimage"},"thumbnailUrl":"https:\/\/cooltivarte.com\/portal\/wp-content\/uploads\/2021\/02\/Komparti2-2-0.jpg","keywords":["Albana Barrocas","Individrum"],"articleSection":["M\u00fasica"],"inLanguage":"es-AR"},{"@type":"WebPage","@id":"https:\/\/cooltivarte.com\/portal\/individrum-komparti2-2-0\/","url":"https:\/\/cooltivarte.com\/portal\/individrum-komparti2-2-0\/","name":"Individrum \u2013 Komparti2 2.0 - Cooltivarte Portal","isPartOf":{"@id":"https:\/\/cooltivarte.com\/portal\/#website"},"primaryImageOfPage":{"@id":"https:\/\/cooltivarte.com\/portal\/individrum-komparti2-2-0\/#primaryimage"},"image":{"@id":"https:\/\/cooltivarte.com\/portal\/individrum-komparti2-2-0\/#primaryimage"},"thumbnailUrl":"https:\/\/cooltivarte.com\/portal\/wp-content\/uploads\/2021\/02\/Komparti2-2-0.jpg","datePublished":"2021-04-06T20:17:25+00:00","dateModified":"2021-05-03T13:07:33+00:00","description":"COOLTIVARTE.COM es un portal digital colaborativo de actualizaci\u00f3n permanente dedicado a difundir el acontecer art\u00edstico y cultural, entrevista artistas, gestores y productores de las diferentes disciplinas del arte, y publicando art\u00edculos de reflexi\u00f3n de producci\u00f3n propia sobre los elementos culturales.","breadcrumb":{"@id":"https:\/\/cooltivarte.com\/portal\/individrum-komparti2-2-0\/#breadcrumb"},"inLanguage":"es-AR","potentialAction":[{"@type":"ReadAction","target":["https:\/\/cooltivarte.com\/portal\/individrum-komparti2-2-0\/"]}]},{"@type":"ImageObject","inLanguage":"es-AR","@id":"https:\/\/cooltivarte.com\/portal\/individrum-komparti2-2-0\/#primaryimage","url":"https:\/\/cooltivarte.com\/portal\/wp-content\/uploads\/2021\/02\/Komparti2-2-0.jpg","contentUrl":"https:\/\/cooltivarte.com\/portal\/wp-content\/uploads\/2021\/02\/Komparti2-2-0.jpg","width":960,"height":968,"caption":"KOMPARTI2 2.0 en Spotify y dem\u00e1s plataformas digitales! \u660e\u65e5\u3001KOMPARTI2 2.0\u306fSpotify\u304a\u3088\u3073\u305d\u306e\u4ed6\u306e\u30c7\u30b8\u30bf\u30eb\u30d7\u30e9\u30c3\u30c8\u30d5\u30a9\u30fc\u30e0\u3067\u5229\u7528\u53ef\u80fd\u306b\u306a\u308a\u307e\u3059! Tomorrow KOMPARTI2 2.0 available on Spotify and other digital platforms ! #dnb #Jungle #electronicmusic"},{"@type":"BreadcrumbList","@id":"https:\/\/cooltivarte.com\/portal\/individrum-komparti2-2-0\/#breadcrumb","itemListElement":[{"@type":"ListItem","position":1,"name":"Portada","item":"https:\/\/cooltivarte.com\/portal\/"},{"@type":"ListItem","position":2,"name":"Individrum \u2013 Komparti2 2.0"}]},{"@type":"WebSite","@id":"https:\/\/cooltivarte.com\/portal\/#website","url":"https:\/\/cooltivarte.com\/portal\/","name":"Cooltivarte Portal","description":"Arte, cultura y turismo para el mundo ...","publisher":{"@id":"https:\/\/cooltivarte.com\/portal\/#organization"},"potentialAction":[{"@type":"SearchAction","target":{"@type":"EntryPoint","urlTemplate":"https:\/\/cooltivarte.com\/portal\/?s={search_term_string}"},"query-input":{"@type":"PropertyValueSpecification","valueRequired":true,"valueName":"search_term_string"}}],"inLanguage":"es-AR"},{"@type":"Organization","@id":"https:\/\/cooltivarte.com\/portal\/#organization","name":"cooltivarte","url":"https:\/\/cooltivarte.com\/portal\/","logo":{"@type":"ImageObject","inLanguage":"es-AR","@id":"https:\/\/cooltivarte.com\/portal\/#\/schema\/logo\/image\/","url":"https:\/\/cooltivarte.com\/portal\/wp-content\/uploads\/2020\/04\/logo-cooltivarte-v2.png","contentUrl":"https:\/\/cooltivarte.com\/portal\/wp-content\/uploads\/2020\/04\/logo-cooltivarte-v2.png","width":851,"height":243,"caption":"cooltivarte"},"image":{"@id":"https:\/\/cooltivarte.com\/portal\/#\/schema\/logo\/image\/"},"sameAs":["https:\/\/www.facebook.com\/cooltivartecom\/","https:\/\/x.com\/obolocultural","https:\/\/www.instagram.com\/_cooltivarte_\/","https:\/\/www.linkedin.com\/company\/-bolocultural?reportsuccess=8zaNG1HwhPbAR9iQhZ5rfGeqz_vQFftHun0ZWU0Wy9vNemRJ8vtcKdJvzQfW8XagyOJSKg0XvfJ1dp","https:\/\/www.pinterest.com\/cooltivarte\/","https:\/\/cooltivarte.tumblr.com\/","https:\/\/www.tiktok.com\/@cooltivarte","https:\/\/www.youtube.com\/@PrensaCooltivarte"]},{"@type":"Person","@id":"https:\/\/cooltivarte.com\/portal\/#\/schema\/person\/8ff2065e9734771828981dd329720f29","name":"Fino Sosa","image":{"@type":"ImageObject","inLanguage":"es-AR","@id":"https:\/\/cooltivarte.com\/portal\/wp-content\/uploads\/2024\/06\/Screenshot_2024-04-13-00-31-57-150_com.whatsapp2-120x120.jpg","url":"https:\/\/cooltivarte.com\/portal\/wp-content\/uploads\/2024\/06\/Screenshot_2024-04-13-00-31-57-150_com.whatsapp2-120x120.jpg","contentUrl":"https:\/\/cooltivarte.com\/portal\/wp-content\/uploads\/2024\/06\/Screenshot_2024-04-13-00-31-57-150_com.whatsapp2-120x120.jpg","caption":"Fino Sosa"},"description":"Adri\u00e1n \"fino\" Sosa: Montevideano. Lector, mel\u00f3mano, \"escribidor\". Desde 1985 a 1991 coordino-edit\u00f3 diversas revistas alternativas y artesanales: Atr\u00e1s de todo, Culos de botellas y Perro Andaluz, donde se divulgaba poes\u00eda, dibujos, arte callejero y m\u00fasica: el nervio bajo la aparente inactividad de esos a\u00f1os. Public\u00f2, tambi\u00e9n, de forma artesanal libros de muy mala poes\u00eda y de distribuci\u00f3n gratuita: \"El Grito\", \"Lobos en la Buhardilla\", \"Lo que qued\u00f3 all\u00e1 arriba \" y \" Cuadernos Mojados\". Edit\u00f3 en coautoria el libro de relatos \"El Gen de la Bestia\". En el 2024 edit\u00f3 \"Mil Bares\" libro de cuentos cortos. Lleva adelante el blog \"Papeles Mojados\".","sameAs":["https:\/\/lucesdelacity.blogspot.com\/","https:\/\/www.facebook.com\/cooltivartecom","https:\/\/www.instagram.com\/_cooltivarte_\/","https:\/\/www.linkedin.com\/company\/-bolocultural","https:\/\/www.pinterest.com\/cooltivarte","https:\/\/x.com\/https:\/\/x.com\/obolocultural","https:\/\/www.youtube.com\/@PrensaCooltivarte","https:\/\/www.tumblr.com\/blog\/cooltivarte"],"url":"https:\/\/cooltivarte.com\/portal\/author\/fino-sosa\/"}]}},"_links":{"self":[{"href":"https:\/\/cooltivarte.com\/portal\/wp-json\/wp\/v2\/posts\/67353","targetHints":{"allow":["GET"]}}],"collection":[{"href":"https:\/\/cooltivarte.com\/portal\/wp-json\/wp\/v2\/posts"}],"about":[{"href":"https:\/\/cooltivarte.com\/portal\/wp-json\/wp\/v2\/types\/post"}],"author":[{"embeddable":true,"href":"https:\/\/cooltivarte.com\/portal\/wp-json\/wp\/v2\/users\/55"}],"replies":[{"embeddable":true,"href":"https:\/\/cooltivarte.com\/portal\/wp-json\/wp\/v2\/comments?post=67353"}],"version-history":[{"count":20,"href":"https:\/\/cooltivarte.com\/portal\/wp-json\/wp\/v2\/posts\/67353\/revisions"}],"predecessor-version":[{"id":68147,"href":"https:\/\/cooltivarte.com\/portal\/wp-json\/wp\/v2\/posts\/67353\/revisions\/68147"}],"wp:featuredmedia":[{"embeddable":true,"href":"https:\/\/cooltivarte.com\/portal\/wp-json\/wp\/v2\/media\/66171"}],"wp:attachment":[{"href":"https:\/\/cooltivarte.com\/portal\/wp-json\/wp\/v2\/media?parent=67353"}],"wp:term":[{"taxonomy":"category","embeddable":true,"href":"https:\/\/cooltivarte.com\/portal\/wp-json\/wp\/v2\/categories?post=67353"},{"taxonomy":"post_tag","embeddable":true,"href":"https:\/\/cooltivarte.com\/portal\/wp-json\/wp\/v2\/tags?post=67353"}],"curies":[{"name":"wp","href":"https:\/\/api.w.org\/{rel}","templated":true}]}}