{"id":66837,"date":"2021-03-08T15:42:58","date_gmt":"2021-03-08T18:42:58","guid":{"rendered":"https:\/\/cooltivarte.com\/portal\/?p=66837"},"modified":"2021-03-21T19:42:26","modified_gmt":"2021-03-21T22:42:26","slug":"territorialidades-2-temporada-en-auditorio-nacional-del-sodre","status":"publish","type":"post","link":"https:\/\/cooltivarte.com\/portal\/territorialidades-2-temporada-en-auditorio-nacional-del-sodre\/","title":{"rendered":"Territorialidades, 2\u00b0 temporada en Auditorio Nacional del Sodre"},"content":{"rendered":"<p>Territorialidades &#8211; Segunda Temporada. Nuevo espect\u00e1culo del concierto cinematogr\u00e1fico multisensorial. El colectivo propone una nueva experiencia para observar la tensi\u00f3n vital que habitamos. Territorialidades fusiona canciones &#8211; documentales, etnograf\u00edas &#8211; musicales, intervenciones teatrales y experiencias sensoriales. Experimentar la realidad a trav\u00e9s de la subjetividad de un otro, nos gener\u00f3 la necesidad vital de querer compartirlo.<\/p>\n<p>Ficha T\u00e9cnica Direcci\u00f3n general, realizaci\u00f3n audiovisual, composici\u00f3n musical, producci\u00f3n, guitarra y voz: Pedro Cayota.<\/p>\n<p>Co &#8211; direcci\u00f3n. Direcci\u00f3n musical, composici\u00f3n musical, arreglos, piano, guitarra el\u00e9ctrica y voz: Mart\u00edn Ibarra. Co &#8211; direcci\u00f3n, composici\u00f3n de efectos sensoriales y dise\u00f1o gr\u00e1fico: Bruno Pesce. Bater\u00eda y efectos ac\u00fasticos: Juan Manuel Cayota. Clarinete y Flauta traversa: Karen Mart\u00ednez. Flauta traversa y Flauta Piccolo: Daniely Benitez. Viola: Leticia Gambaro. Percusi\u00f3n: Manuel Villagr\u00e1n. Bajo el\u00e9ctrico: Juan Pablo Szilagyi. Actuaci\u00f3n: Mariana Escobar. Dramaturgia y actuaci\u00f3n: Leonardo Mart\u00ednez. Ingeniero de sonido: Mart\u00edn Brizolara. Dise\u00f1o de sonido: Juan Andr\u00e9s Lepore. Efectos foley: Felipe Molina. Proyecci\u00f3n audiovisual: Juan Mart\u00edn Xavier.<\/p>\n<p>Gesti\u00f3n y producci\u00f3n: Cecilia Lussheimer. Dise\u00f1o de ideas y comunicaci\u00f3n: Valentina Piquerez. Efectos sensoriales: Luc\u00eda Gil. Dise\u00f1o de luces y vestuario: Ana Paula Segundo. Dise\u00f1o de escenograf\u00eda: Gast\u00f3n Moyano<\/p>\n<p>&nbsp;<\/p>\n<p><strong>FUNCIONES<\/strong><br \/>\n<strong> A las 20 horas: Viernes 19, S\u00e1bado 20 y Domingo 21 de marzo, 2021<\/strong><br \/>\n<strong> Sala Hugo Balzo, Auditorio Nacional del Sodre.<\/strong><\/p>\n<p>Entradas disponibles en: Abitab, Tienda Inglesa, Boleter\u00eda del SODRE, <strong><a href=\"https:\/\/tickantel.com.uy\/inicio\/espectaculo\/40009569\/espectaculo\/Territorialidades%20II?0\" target=\"_blank\" rel=\"noopener\">Tickantel<\/a><\/strong>.<br \/>\nPrecios bonificados hasta el d\u00eda de la funci\u00f3n: $700<br \/>\nPrecio el d\u00eda de la funci\u00f3n: $1000<\/p>\n<p>&nbsp;<br \/>\n<iframe src=\"https:\/\/www.youtube.com\/embed\/bYyTJVBCBVE\" width=\"560\" height=\"315\" frameborder=\"0\" allowfullscreen=\"allowfullscreen\"><\/iframe><br \/>\n&nbsp;<\/p>\n<p>&nbsp;<\/p>\n<p><a href=\"https:\/\/www.instagram.com\/territorialidades\/?hl=es\" target=\"_blank\" rel=\"noopener\">https:\/\/www.instagram.com\/territorialidades<\/a><\/p>\n<p>&nbsp;<\/p>\n<p><a href=\"https:\/\/www.facebook.com\/Territorialidades-1765670543650260\/\" target=\"_blank\" rel=\"noopener\">https:\/\/www.facebook.com\/Territorialidades<\/a><\/p>\n<p>&nbsp;<\/p>\n<p>&nbsp;<\/p>\n<p>&nbsp;<\/p>\n","protected":false},"excerpt":{"rendered":"<p>Territorialidades &#8211; Segunda Temporada. Nuevo espect\u00e1culo del concierto cinematogr\u00e1fico multisensorial. El colectivo propone una nueva experiencia para observar la tensi\u00f3n vital que habitamos. Territorialidades fusiona canciones &#8211; documentales, etnograf\u00edas &#8211; musicales, intervenciones teatrales y experiencias sensoriales. Experimentar la realidad a trav\u00e9s de la subjetividad de un otro, nos gener\u00f3 la necesidad vital de querer compartirlo. [&hellip;]<\/p>\n","protected":false},"author":8,"featured_media":66838,"comment_status":"closed","ping_status":"closed","sticky":false,"template":"","format":"standard","meta":{"om_disable_all_campaigns":false,"ngg_post_thumbnail":0,"jnews-multi-image_gallery":[],"jnews_single_post":[],"jnews_primary_category":[],"jnews_social_meta":[],"jnews_override_counter":[],"footnotes":""},"categories":[3394],"tags":[13194],"class_list":["post-66837","post","type-post","status-publish","format-standard","has-post-thumbnail","hentry","category-eventos","tag-territorialidades"],"yoast_head":"<!-- This site is optimized with the Yoast SEO plugin v27.5 - https:\/\/yoast.com\/product\/yoast-seo-wordpress\/ -->\n<title>Territorialidades, 2\u00b0 temporada en Auditorio Nacional del Sodre - Cooltivarte Portal<\/title>\n<meta name=\"description\" content=\"COOLTIVARTE.COM es un portal digital colaborativo de actualizaci\u00f3n permanente dedicado a difundir el acontecer art\u00edstico y cultural, entrevista artistas, gestores y productores de las diferentes disciplinas del arte, y publicando art\u00edculos de reflexi\u00f3n de producci\u00f3n propia sobre los elementos culturales.\" \/>\n<meta name=\"robots\" content=\"index, follow, max-snippet:-1, max-image-preview:large, max-video-preview:-1\" \/>\n<link rel=\"canonical\" href=\"https:\/\/cooltivarte.com\/portal\/territorialidades-2-temporada-en-auditorio-nacional-del-sodre\/\" \/>\n<meta property=\"og:locale\" content=\"es_ES\" \/>\n<meta property=\"og:type\" content=\"article\" \/>\n<meta property=\"og:title\" content=\"Territorialidades, 2\u00b0 temporada en Auditorio Nacional del Sodre - Cooltivarte Portal\" \/>\n<meta property=\"og:description\" content=\"COOLTIVARTE.COM es un portal digital colaborativo de actualizaci\u00f3n permanente dedicado a difundir el acontecer art\u00edstico y cultural, entrevista artistas, gestores y productores de las diferentes disciplinas del arte, y publicando art\u00edculos de reflexi\u00f3n de producci\u00f3n propia sobre los elementos culturales.\" \/>\n<meta property=\"og:url\" content=\"https:\/\/cooltivarte.com\/portal\/territorialidades-2-temporada-en-auditorio-nacional-del-sodre\/\" \/>\n<meta property=\"og:site_name\" content=\"Cooltivarte Portal\" \/>\n<meta property=\"article:publisher\" content=\"https:\/\/www.facebook.com\/cooltivartecom\/\" \/>\n<meta property=\"article:author\" content=\"https:\/\/www.facebook.com\/cooltivartecom\" \/>\n<meta property=\"article:published_time\" content=\"2021-03-08T18:42:58+00:00\" \/>\n<meta property=\"article:modified_time\" content=\"2021-03-21T22:42:26+00:00\" \/>\n<meta property=\"og:image\" content=\"https:\/\/cooltivarte.com\/portal\/wp-content\/uploads\/2021\/03\/Territorialidades.jpg\" \/>\n\t<meta property=\"og:image:width\" content=\"960\" \/>\n\t<meta property=\"og:image:height\" content=\"533\" \/>\n\t<meta property=\"og:image:type\" content=\"image\/jpeg\" \/>\n<meta name=\"author\" content=\"Cooltivarte\" \/>\n<meta name=\"twitter:card\" content=\"summary_large_image\" \/>\n<meta name=\"twitter:creator\" content=\"@https:\/\/x.com\/obolocultural\" \/>\n<meta name=\"twitter:site\" content=\"@obolocultural\" \/>\n<meta name=\"twitter:label1\" content=\"Escrito por\" \/>\n\t<meta name=\"twitter:data1\" content=\"Cooltivarte\" \/>\n\t<meta name=\"twitter:label2\" content=\"Tiempo de lectura\" \/>\n\t<meta name=\"twitter:data2\" content=\"1 minuto\" \/>\n<!-- \/ Yoast SEO plugin. -->","yoast_head_json":{"title":"Territorialidades, 2\u00b0 temporada en Auditorio Nacional del Sodre - Cooltivarte Portal","description":"COOLTIVARTE.COM es un portal digital colaborativo de actualizaci\u00f3n permanente dedicado a difundir el acontecer art\u00edstico y cultural, entrevista artistas, gestores y productores de las diferentes disciplinas del arte, y publicando art\u00edculos de reflexi\u00f3n de producci\u00f3n propia sobre los elementos culturales.","robots":{"index":"index","follow":"follow","max-snippet":"max-snippet:-1","max-image-preview":"max-image-preview:large","max-video-preview":"max-video-preview:-1"},"canonical":"https:\/\/cooltivarte.com\/portal\/territorialidades-2-temporada-en-auditorio-nacional-del-sodre\/","og_locale":"es_ES","og_type":"article","og_title":"Territorialidades, 2\u00b0 temporada en Auditorio Nacional del Sodre - Cooltivarte Portal","og_description":"COOLTIVARTE.COM es un portal digital colaborativo de actualizaci\u00f3n permanente dedicado a difundir el acontecer art\u00edstico y cultural, entrevista artistas, gestores y productores de las diferentes disciplinas del arte, y publicando art\u00edculos de reflexi\u00f3n de producci\u00f3n propia sobre los elementos culturales.","og_url":"https:\/\/cooltivarte.com\/portal\/territorialidades-2-temporada-en-auditorio-nacional-del-sodre\/","og_site_name":"Cooltivarte Portal","article_publisher":"https:\/\/www.facebook.com\/cooltivartecom\/","article_author":"https:\/\/www.facebook.com\/cooltivartecom","article_published_time":"2021-03-08T18:42:58+00:00","article_modified_time":"2021-03-21T22:42:26+00:00","og_image":[{"width":960,"height":533,"url":"https:\/\/cooltivarte.com\/portal\/wp-content\/uploads\/2021\/03\/Territorialidades.jpg","type":"image\/jpeg"}],"author":"Cooltivarte","twitter_card":"summary_large_image","twitter_creator":"@https:\/\/x.com\/obolocultural","twitter_site":"@obolocultural","twitter_misc":{"Escrito por":"Cooltivarte","Tiempo de lectura":"1 minuto"},"schema":{"@context":"https:\/\/schema.org","@graph":[{"@type":"NewsArticle","@id":"https:\/\/cooltivarte.com\/portal\/territorialidades-2-temporada-en-auditorio-nacional-del-sodre\/#article","isPartOf":{"@id":"https:\/\/cooltivarte.com\/portal\/territorialidades-2-temporada-en-auditorio-nacional-del-sodre\/"},"author":{"name":"Cooltivarte","@id":"https:\/\/cooltivarte.com\/portal\/#\/schema\/person\/ec2a4f4e71b740d0c559c0ab9a157e19"},"headline":"Territorialidades, 2\u00b0 temporada en Auditorio Nacional del Sodre","datePublished":"2021-03-08T18:42:58+00:00","dateModified":"2021-03-21T22:42:26+00:00","mainEntityOfPage":{"@id":"https:\/\/cooltivarte.com\/portal\/territorialidades-2-temporada-en-auditorio-nacional-del-sodre\/"},"wordCount":298,"publisher":{"@id":"https:\/\/cooltivarte.com\/portal\/#organization"},"image":{"@id":"https:\/\/cooltivarte.com\/portal\/territorialidades-2-temporada-en-auditorio-nacional-del-sodre\/#primaryimage"},"thumbnailUrl":"https:\/\/cooltivarte.com\/portal\/wp-content\/uploads\/2021\/03\/Territorialidades.jpg","keywords":["Territorialidades"],"articleSection":["Eventos"],"inLanguage":"es-AR"},{"@type":"WebPage","@id":"https:\/\/cooltivarte.com\/portal\/territorialidades-2-temporada-en-auditorio-nacional-del-sodre\/","url":"https:\/\/cooltivarte.com\/portal\/territorialidades-2-temporada-en-auditorio-nacional-del-sodre\/","name":"Territorialidades, 2\u00b0 temporada en Auditorio Nacional del Sodre - Cooltivarte Portal","isPartOf":{"@id":"https:\/\/cooltivarte.com\/portal\/#website"},"primaryImageOfPage":{"@id":"https:\/\/cooltivarte.com\/portal\/territorialidades-2-temporada-en-auditorio-nacional-del-sodre\/#primaryimage"},"image":{"@id":"https:\/\/cooltivarte.com\/portal\/territorialidades-2-temporada-en-auditorio-nacional-del-sodre\/#primaryimage"},"thumbnailUrl":"https:\/\/cooltivarte.com\/portal\/wp-content\/uploads\/2021\/03\/Territorialidades.jpg","datePublished":"2021-03-08T18:42:58+00:00","dateModified":"2021-03-21T22:42:26+00:00","description":"COOLTIVARTE.COM es un portal digital colaborativo de actualizaci\u00f3n permanente dedicado a difundir el acontecer art\u00edstico y cultural, entrevista artistas, gestores y productores de las diferentes disciplinas del arte, y publicando art\u00edculos de reflexi\u00f3n de producci\u00f3n propia sobre los elementos culturales.","breadcrumb":{"@id":"https:\/\/cooltivarte.com\/portal\/territorialidades-2-temporada-en-auditorio-nacional-del-sodre\/#breadcrumb"},"inLanguage":"es-AR","potentialAction":[{"@type":"ReadAction","target":["https:\/\/cooltivarte.com\/portal\/territorialidades-2-temporada-en-auditorio-nacional-del-sodre\/"]}]},{"@type":"ImageObject","inLanguage":"es-AR","@id":"https:\/\/cooltivarte.com\/portal\/territorialidades-2-temporada-en-auditorio-nacional-del-sodre\/#primaryimage","url":"https:\/\/cooltivarte.com\/portal\/wp-content\/uploads\/2021\/03\/Territorialidades.jpg","contentUrl":"https:\/\/cooltivarte.com\/portal\/wp-content\/uploads\/2021\/03\/Territorialidades.jpg","width":960,"height":533,"caption":"Territorialidades"},{"@type":"BreadcrumbList","@id":"https:\/\/cooltivarte.com\/portal\/territorialidades-2-temporada-en-auditorio-nacional-del-sodre\/#breadcrumb","itemListElement":[{"@type":"ListItem","position":1,"name":"Portada","item":"https:\/\/cooltivarte.com\/portal\/"},{"@type":"ListItem","position":2,"name":"Territorialidades, 2\u00b0 temporada en Auditorio Nacional del Sodre"}]},{"@type":"WebSite","@id":"https:\/\/cooltivarte.com\/portal\/#website","url":"https:\/\/cooltivarte.com\/portal\/","name":"Cooltivarte Portal","description":"Arte, cultura y turismo para el mundo ...","publisher":{"@id":"https:\/\/cooltivarte.com\/portal\/#organization"},"potentialAction":[{"@type":"SearchAction","target":{"@type":"EntryPoint","urlTemplate":"https:\/\/cooltivarte.com\/portal\/?s={search_term_string}"},"query-input":{"@type":"PropertyValueSpecification","valueRequired":true,"valueName":"search_term_string"}}],"inLanguage":"es-AR"},{"@type":"Organization","@id":"https:\/\/cooltivarte.com\/portal\/#organization","name":"cooltivarte","url":"https:\/\/cooltivarte.com\/portal\/","logo":{"@type":"ImageObject","inLanguage":"es-AR","@id":"https:\/\/cooltivarte.com\/portal\/#\/schema\/logo\/image\/","url":"https:\/\/cooltivarte.com\/portal\/wp-content\/uploads\/2020\/04\/logo-cooltivarte-v2.png","contentUrl":"https:\/\/cooltivarte.com\/portal\/wp-content\/uploads\/2020\/04\/logo-cooltivarte-v2.png","width":851,"height":243,"caption":"cooltivarte"},"image":{"@id":"https:\/\/cooltivarte.com\/portal\/#\/schema\/logo\/image\/"},"sameAs":["https:\/\/www.facebook.com\/cooltivartecom\/","https:\/\/x.com\/obolocultural","https:\/\/www.instagram.com\/_cooltivarte_\/","https:\/\/www.linkedin.com\/company\/-bolocultural?reportsuccess=8zaNG1HwhPbAR9iQhZ5rfGeqz_vQFftHun0ZWU0Wy9vNemRJ8vtcKdJvzQfW8XagyOJSKg0XvfJ1dp","https:\/\/www.pinterest.com\/cooltivarte\/","https:\/\/cooltivarte.tumblr.com\/","https:\/\/www.tiktok.com\/@cooltivarte","https:\/\/www.youtube.com\/@PrensaCooltivarte"]},{"@type":"Person","@id":"https:\/\/cooltivarte.com\/portal\/#\/schema\/person\/ec2a4f4e71b740d0c559c0ab9a157e19","name":"Cooltivarte","image":{"@type":"ImageObject","inLanguage":"es-AR","@id":"https:\/\/cooltivarte.com\/portal\/wp-content\/uploads\/2014\/05\/logo-cooltivarte-120x120.jpg","url":"https:\/\/cooltivarte.com\/portal\/wp-content\/uploads\/2014\/05\/logo-cooltivarte-120x120.jpg","contentUrl":"https:\/\/cooltivarte.com\/portal\/wp-content\/uploads\/2014\/05\/logo-cooltivarte-120x120.jpg","caption":"Cooltivarte"},"description":"Somos COOLTIVARTE.COM. Un portal digital dedicado a difundir el acontecer art\u00edstico y cultural del Uruguay. Estamos en la vuelta desde el a\u00f1o 2003, y como evoluci\u00f3n del bolet\u00edn Obolo Cultural, nos encontramos abocados a apoyar a los artistas nacionales brind\u00e1ndoles un espacio de difusi\u00f3n. Creemos en la idea de utilizar la potencialidad que hoy d\u00eda nos otorga la web, para que la cultura uruguaya y sus creadores dispongan de una din\u00e1mica ventana, que los ponga en contacto entre s\u00ed y con el mundo. Somos COOLTIVARTE.COM y pretendemos configurarnos como un portal din\u00e1mico, entretenido y atento a los nuevos emprendimientos, que busque siempre la interacci\u00f3n con los artistas.","sameAs":["http:\/\/www.cooltivarte.com","https:\/\/www.facebook.com\/cooltivartecom","https:\/\/www.instagram.com\/_cooltivarte_\/","https:\/\/www.linkedin.com\/company\/-bolocultural","https:\/\/www.pinterest.com\/cooltivarte\/","https:\/\/x.com\/https:\/\/x.com\/obolocultural","https:\/\/www.youtube.com\/@PrensaCooltivarte","https:\/\/www.tumblr.com\/blog\/cooltivarte"],"url":"https:\/\/cooltivarte.com\/portal\/author\/cooltivarte\/"}]}},"_links":{"self":[{"href":"https:\/\/cooltivarte.com\/portal\/wp-json\/wp\/v2\/posts\/66837","targetHints":{"allow":["GET"]}}],"collection":[{"href":"https:\/\/cooltivarte.com\/portal\/wp-json\/wp\/v2\/posts"}],"about":[{"href":"https:\/\/cooltivarte.com\/portal\/wp-json\/wp\/v2\/types\/post"}],"author":[{"embeddable":true,"href":"https:\/\/cooltivarte.com\/portal\/wp-json\/wp\/v2\/users\/8"}],"replies":[{"embeddable":true,"href":"https:\/\/cooltivarte.com\/portal\/wp-json\/wp\/v2\/comments?post=66837"}],"version-history":[{"count":4,"href":"https:\/\/cooltivarte.com\/portal\/wp-json\/wp\/v2\/posts\/66837\/revisions"}],"predecessor-version":[{"id":66842,"href":"https:\/\/cooltivarte.com\/portal\/wp-json\/wp\/v2\/posts\/66837\/revisions\/66842"}],"wp:featuredmedia":[{"embeddable":true,"href":"https:\/\/cooltivarte.com\/portal\/wp-json\/wp\/v2\/media\/66838"}],"wp:attachment":[{"href":"https:\/\/cooltivarte.com\/portal\/wp-json\/wp\/v2\/media?parent=66837"}],"wp:term":[{"taxonomy":"category","embeddable":true,"href":"https:\/\/cooltivarte.com\/portal\/wp-json\/wp\/v2\/categories?post=66837"},{"taxonomy":"post_tag","embeddable":true,"href":"https:\/\/cooltivarte.com\/portal\/wp-json\/wp\/v2\/tags?post=66837"}],"curies":[{"name":"wp","href":"https:\/\/api.w.org\/{rel}","templated":true}]}}