{"id":66509,"date":"2021-02-23T16:21:59","date_gmt":"2021-02-23T19:21:59","guid":{"rendered":"https:\/\/cooltivarte.com\/portal\/?p=66509"},"modified":"2021-03-02T14:13:33","modified_gmt":"2021-03-02T17:13:33","slug":"dos-hermanas-en-el-festival-temporada-alta-en-lima","status":"publish","type":"post","link":"https:\/\/cooltivarte.com\/portal\/dos-hermanas-en-el-festival-temporada-alta-en-lima\/","title":{"rendered":"DOS HERMANAS en el Festival TEMPORADA ALTA en Lima"},"content":{"rendered":"<p>La pandemia no ha sido obst\u00e1culo para la circulaci\u00f3n de espect\u00e1culos<\/p>\n<h2><strong>DOS HERMANAS en el&nbsp;<\/strong><strong>Festival TEMPORADA ALTA en Lima&nbsp;<\/strong><strong>24, 25, 26 y 27 de febrero, 21 horas<\/strong><\/h2>\n<p>&nbsp;<\/p>\n<p><strong>JOINNUS<\/strong><\/p>\n<p><strong>Sala Verdi<\/strong> tiene la alegr\u00eda de comunicar que contin\u00faa la internacionalizaci\u00f3n de la serie teatral de <strong>Anthony Fletcher<\/strong>, dirigida por <strong>Claudia S\u00e1nchez<\/strong>. Despu\u00e9s de participar en el Festival de Manizales en Colombia y en Santiago Off en Chile, se presentar\u00e1 en el Festival Temporada Alta en Lima.<\/p>\n<p>La serie ser\u00e1 presentada en la plataforma Joinnus. Con la compra de una entrada se accede a los 4 cap\u00edtulos que ser\u00e1n liberados para su visualizaci\u00f3n a partir del mi\u00e9rcoles 24 de febrero. A medida que la emisi\u00f3n avance estar\u00e1n disponibles el cap\u00edtulo del d\u00eda y los anteriores, por lo que se podr\u00e1n comprar las entradas hasta el \u00faltimo d\u00eda de la emisi\u00f3n.<\/p>\n<p>&nbsp;<\/p>\n<p><strong>DOS HERMANAS<\/strong> es un cuento de dos ciudades, de dos mujeres que viven los d\u00edas de la pandemia en cuarentena, con experiencias iguales y distintas. En Montevideo Leonor, docente, tiene que lidiar con los problemas de dar una clase virtual; mientras en R\u00edo, Flor tiene que enfrentar un pa\u00eds en crisis. Sin embargo, ambas comparten una obsesi\u00f3n: el recuerdo de su padre, que las dejara cuando eran ni\u00f1as para internarse en la selva profunda.<\/p>\n<p>La obra, nos lleva al coraz\u00f3n de un continente en crisis, a la vez que explora el futuro del teatro en tiempos de pandemia y en el contexto de la historia latinoamericana, en particular la historia reciente de Brasil y Uruguay, teniendo en cuenta la figura clave de Oswald de Andrade.<\/p>\n<p>&#8212;<\/p>\n<p><strong>DOS HERMANAS<\/strong> es una serie teatral dise\u00f1ada para ser vista en l\u00ednea y presentada en vivo. Concebida como una b\u00fasqueda, es para sus creadores: \u201clo m\u00e1s cerca que podemos llegar a estar \u2013en este momento- de un teatro, de una experiencia genuinamente teatral\u201d.<\/p>\n<p>&#8212;<\/p>\n<p><strong>Dramaturgia: Anthony Fletcher l Actrices: Leonor Chavarr\u00eda (Montevideo) y Florencia Sant\u00e1ngelo (R\u00edo de Janeiro) l M\u00fasica original: Silvia Meyer l Direcci\u00f3n: Claudia S\u00e1nchez l Producci\u00f3n: Kashmir Productora\/SalaVerdi<\/strong><\/p>\n<p>&nbsp;<\/p>\n<p>&nbsp;<\/p>\n","protected":false},"excerpt":{"rendered":"<p>La pandemia no ha sido obst\u00e1culo para la circulaci\u00f3n de espect\u00e1culos DOS HERMANAS en el&nbsp;Festival TEMPORADA ALTA en Lima&nbsp;24, 25, 26 y 27 de febrero, 21 horas &nbsp; JOINNUS Sala Verdi tiene la alegr\u00eda de comunicar que contin\u00faa la internacionalizaci\u00f3n de la serie teatral de Anthony Fletcher, dirigida por Claudia S\u00e1nchez. Despu\u00e9s de participar en [&hellip;]<\/p>\n","protected":false},"author":8,"featured_media":66510,"comment_status":"closed","ping_status":"closed","sticky":false,"template":"","format":"standard","meta":{"om_disable_all_campaigns":false,"ngg_post_thumbnail":0,"jnews-multi-image_gallery":[],"jnews_single_post":[],"jnews_primary_category":[],"jnews_social_meta":[],"jnews_override_counter":[],"footnotes":""},"categories":[3394],"tags":[],"class_list":["post-66509","post","type-post","status-publish","format-standard","has-post-thumbnail","hentry","category-eventos"],"yoast_head":"<!-- This site is optimized with the Yoast SEO plugin v27.4 - https:\/\/yoast.com\/product\/yoast-seo-wordpress\/ -->\n<title>DOS HERMANAS en el Festival TEMPORADA ALTA en Lima - Cooltivarte Portal<\/title>\n<meta name=\"description\" content=\"COOLTIVARTE.COM es un portal digital colaborativo de actualizaci\u00f3n permanente dedicado a difundir el acontecer art\u00edstico y cultural, entrevista artistas, gestores y productores de las diferentes disciplinas del arte, y publicando art\u00edculos de reflexi\u00f3n de producci\u00f3n propia sobre los elementos culturales.\" \/>\n<meta name=\"robots\" content=\"index, follow, max-snippet:-1, max-image-preview:large, max-video-preview:-1\" \/>\n<link rel=\"canonical\" href=\"https:\/\/cooltivarte.com\/portal\/dos-hermanas-en-el-festival-temporada-alta-en-lima\/\" \/>\n<meta property=\"og:locale\" content=\"es_ES\" \/>\n<meta property=\"og:type\" content=\"article\" \/>\n<meta property=\"og:title\" content=\"DOS HERMANAS en el Festival TEMPORADA ALTA en Lima - Cooltivarte Portal\" \/>\n<meta property=\"og:description\" content=\"COOLTIVARTE.COM es un portal digital colaborativo de actualizaci\u00f3n permanente dedicado a difundir el acontecer art\u00edstico y cultural, entrevista artistas, gestores y productores de las diferentes disciplinas del arte, y publicando art\u00edculos de reflexi\u00f3n de producci\u00f3n propia sobre los elementos culturales.\" \/>\n<meta property=\"og:url\" content=\"https:\/\/cooltivarte.com\/portal\/dos-hermanas-en-el-festival-temporada-alta-en-lima\/\" \/>\n<meta property=\"og:site_name\" content=\"Cooltivarte Portal\" \/>\n<meta property=\"article:publisher\" content=\"https:\/\/www.facebook.com\/cooltivartecom\/\" \/>\n<meta property=\"article:author\" content=\"https:\/\/www.facebook.com\/cooltivartecom\" \/>\n<meta property=\"article:published_time\" content=\"2021-02-23T19:21:59+00:00\" \/>\n<meta property=\"article:modified_time\" content=\"2021-03-02T17:13:33+00:00\" \/>\n<meta property=\"og:image\" content=\"https:\/\/cooltivarte.com\/portal\/wp-content\/uploads\/2021\/02\/DOS-HERMANAS.jpg\" \/>\n\t<meta property=\"og:image:width\" content=\"960\" \/>\n\t<meta property=\"og:image:height\" content=\"960\" \/>\n\t<meta property=\"og:image:type\" content=\"image\/jpeg\" \/>\n<meta name=\"author\" content=\"Cooltivarte\" \/>\n<meta name=\"twitter:card\" content=\"summary_large_image\" \/>\n<meta name=\"twitter:creator\" content=\"@https:\/\/x.com\/obolocultural\" \/>\n<meta name=\"twitter:site\" content=\"@obolocultural\" \/>\n<meta name=\"twitter:label1\" content=\"Escrito por\" \/>\n\t<meta name=\"twitter:data1\" content=\"Cooltivarte\" \/>\n\t<meta name=\"twitter:label2\" content=\"Tiempo de lectura\" \/>\n\t<meta name=\"twitter:data2\" content=\"2 minutos\" \/>\n<!-- \/ Yoast SEO plugin. -->","yoast_head_json":{"title":"DOS HERMANAS en el Festival TEMPORADA ALTA en Lima - Cooltivarte Portal","description":"COOLTIVARTE.COM es un portal digital colaborativo de actualizaci\u00f3n permanente dedicado a difundir el acontecer art\u00edstico y cultural, entrevista artistas, gestores y productores de las diferentes disciplinas del arte, y publicando art\u00edculos de reflexi\u00f3n de producci\u00f3n propia sobre los elementos culturales.","robots":{"index":"index","follow":"follow","max-snippet":"max-snippet:-1","max-image-preview":"max-image-preview:large","max-video-preview":"max-video-preview:-1"},"canonical":"https:\/\/cooltivarte.com\/portal\/dos-hermanas-en-el-festival-temporada-alta-en-lima\/","og_locale":"es_ES","og_type":"article","og_title":"DOS HERMANAS en el Festival TEMPORADA ALTA en Lima - Cooltivarte Portal","og_description":"COOLTIVARTE.COM es un portal digital colaborativo de actualizaci\u00f3n permanente dedicado a difundir el acontecer art\u00edstico y cultural, entrevista artistas, gestores y productores de las diferentes disciplinas del arte, y publicando art\u00edculos de reflexi\u00f3n de producci\u00f3n propia sobre los elementos culturales.","og_url":"https:\/\/cooltivarte.com\/portal\/dos-hermanas-en-el-festival-temporada-alta-en-lima\/","og_site_name":"Cooltivarte Portal","article_publisher":"https:\/\/www.facebook.com\/cooltivartecom\/","article_author":"https:\/\/www.facebook.com\/cooltivartecom","article_published_time":"2021-02-23T19:21:59+00:00","article_modified_time":"2021-03-02T17:13:33+00:00","og_image":[{"width":960,"height":960,"url":"https:\/\/cooltivarte.com\/portal\/wp-content\/uploads\/2021\/02\/DOS-HERMANAS.jpg","type":"image\/jpeg"}],"author":"Cooltivarte","twitter_card":"summary_large_image","twitter_creator":"@https:\/\/x.com\/obolocultural","twitter_site":"@obolocultural","twitter_misc":{"Escrito por":"Cooltivarte","Tiempo de lectura":"2 minutos"},"schema":{"@context":"https:\/\/schema.org","@graph":[{"@type":"NewsArticle","@id":"https:\/\/cooltivarte.com\/portal\/dos-hermanas-en-el-festival-temporada-alta-en-lima\/#article","isPartOf":{"@id":"https:\/\/cooltivarte.com\/portal\/dos-hermanas-en-el-festival-temporada-alta-en-lima\/"},"author":{"name":"Cooltivarte","@id":"https:\/\/cooltivarte.com\/portal\/#\/schema\/person\/ec2a4f4e71b740d0c559c0ab9a157e19"},"headline":"DOS HERMANAS en el Festival TEMPORADA ALTA en Lima","datePublished":"2021-02-23T19:21:59+00:00","dateModified":"2021-03-02T17:13:33+00:00","mainEntityOfPage":{"@id":"https:\/\/cooltivarte.com\/portal\/dos-hermanas-en-el-festival-temporada-alta-en-lima\/"},"wordCount":382,"publisher":{"@id":"https:\/\/cooltivarte.com\/portal\/#organization"},"image":{"@id":"https:\/\/cooltivarte.com\/portal\/dos-hermanas-en-el-festival-temporada-alta-en-lima\/#primaryimage"},"thumbnailUrl":"https:\/\/cooltivarte.com\/portal\/wp-content\/uploads\/2021\/02\/DOS-HERMANAS.jpg","articleSection":["Eventos"],"inLanguage":"es-AR"},{"@type":"WebPage","@id":"https:\/\/cooltivarte.com\/portal\/dos-hermanas-en-el-festival-temporada-alta-en-lima\/","url":"https:\/\/cooltivarte.com\/portal\/dos-hermanas-en-el-festival-temporada-alta-en-lima\/","name":"DOS HERMANAS en el Festival TEMPORADA ALTA en Lima - Cooltivarte Portal","isPartOf":{"@id":"https:\/\/cooltivarte.com\/portal\/#website"},"primaryImageOfPage":{"@id":"https:\/\/cooltivarte.com\/portal\/dos-hermanas-en-el-festival-temporada-alta-en-lima\/#primaryimage"},"image":{"@id":"https:\/\/cooltivarte.com\/portal\/dos-hermanas-en-el-festival-temporada-alta-en-lima\/#primaryimage"},"thumbnailUrl":"https:\/\/cooltivarte.com\/portal\/wp-content\/uploads\/2021\/02\/DOS-HERMANAS.jpg","datePublished":"2021-02-23T19:21:59+00:00","dateModified":"2021-03-02T17:13:33+00:00","description":"COOLTIVARTE.COM es un portal digital colaborativo de actualizaci\u00f3n permanente dedicado a difundir el acontecer art\u00edstico y cultural, entrevista artistas, gestores y productores de las diferentes disciplinas del arte, y publicando art\u00edculos de reflexi\u00f3n de producci\u00f3n propia sobre los elementos culturales.","breadcrumb":{"@id":"https:\/\/cooltivarte.com\/portal\/dos-hermanas-en-el-festival-temporada-alta-en-lima\/#breadcrumb"},"inLanguage":"es-AR","potentialAction":[{"@type":"ReadAction","target":["https:\/\/cooltivarte.com\/portal\/dos-hermanas-en-el-festival-temporada-alta-en-lima\/"]}]},{"@type":"ImageObject","inLanguage":"es-AR","@id":"https:\/\/cooltivarte.com\/portal\/dos-hermanas-en-el-festival-temporada-alta-en-lima\/#primaryimage","url":"https:\/\/cooltivarte.com\/portal\/wp-content\/uploads\/2021\/02\/DOS-HERMANAS.jpg","contentUrl":"https:\/\/cooltivarte.com\/portal\/wp-content\/uploads\/2021\/02\/DOS-HERMANAS.jpg","width":960,"height":960,"caption":"DOS HERMANAS"},{"@type":"BreadcrumbList","@id":"https:\/\/cooltivarte.com\/portal\/dos-hermanas-en-el-festival-temporada-alta-en-lima\/#breadcrumb","itemListElement":[{"@type":"ListItem","position":1,"name":"Portada","item":"https:\/\/cooltivarte.com\/portal\/"},{"@type":"ListItem","position":2,"name":"DOS HERMANAS en el Festival TEMPORADA ALTA en Lima"}]},{"@type":"WebSite","@id":"https:\/\/cooltivarte.com\/portal\/#website","url":"https:\/\/cooltivarte.com\/portal\/","name":"Cooltivarte Portal","description":"Arte, cultura y turismo para el mundo ...","publisher":{"@id":"https:\/\/cooltivarte.com\/portal\/#organization"},"potentialAction":[{"@type":"SearchAction","target":{"@type":"EntryPoint","urlTemplate":"https:\/\/cooltivarte.com\/portal\/?s={search_term_string}"},"query-input":{"@type":"PropertyValueSpecification","valueRequired":true,"valueName":"search_term_string"}}],"inLanguage":"es-AR"},{"@type":"Organization","@id":"https:\/\/cooltivarte.com\/portal\/#organization","name":"cooltivarte","url":"https:\/\/cooltivarte.com\/portal\/","logo":{"@type":"ImageObject","inLanguage":"es-AR","@id":"https:\/\/cooltivarte.com\/portal\/#\/schema\/logo\/image\/","url":"https:\/\/cooltivarte.com\/portal\/wp-content\/uploads\/2020\/04\/logo-cooltivarte-v2.png","contentUrl":"https:\/\/cooltivarte.com\/portal\/wp-content\/uploads\/2020\/04\/logo-cooltivarte-v2.png","width":851,"height":243,"caption":"cooltivarte"},"image":{"@id":"https:\/\/cooltivarte.com\/portal\/#\/schema\/logo\/image\/"},"sameAs":["https:\/\/www.facebook.com\/cooltivartecom\/","https:\/\/x.com\/obolocultural","https:\/\/www.instagram.com\/_cooltivarte_\/","https:\/\/www.linkedin.com\/company\/-bolocultural?reportsuccess=8zaNG1HwhPbAR9iQhZ5rfGeqz_vQFftHun0ZWU0Wy9vNemRJ8vtcKdJvzQfW8XagyOJSKg0XvfJ1dp","https:\/\/www.pinterest.com\/cooltivarte\/","https:\/\/cooltivarte.tumblr.com\/","https:\/\/www.tiktok.com\/@cooltivarte","https:\/\/www.youtube.com\/@PrensaCooltivarte"]},{"@type":"Person","@id":"https:\/\/cooltivarte.com\/portal\/#\/schema\/person\/ec2a4f4e71b740d0c559c0ab9a157e19","name":"Cooltivarte","image":{"@type":"ImageObject","inLanguage":"es-AR","@id":"https:\/\/cooltivarte.com\/portal\/wp-content\/uploads\/2014\/05\/logo-cooltivarte-120x120.jpg","url":"https:\/\/cooltivarte.com\/portal\/wp-content\/uploads\/2014\/05\/logo-cooltivarte-120x120.jpg","contentUrl":"https:\/\/cooltivarte.com\/portal\/wp-content\/uploads\/2014\/05\/logo-cooltivarte-120x120.jpg","caption":"Cooltivarte"},"description":"Somos COOLTIVARTE.COM. Un portal digital dedicado a difundir el acontecer art\u00edstico y cultural del Uruguay. Estamos en la vuelta desde el a\u00f1o 2003, y como evoluci\u00f3n del bolet\u00edn Obolo Cultural, nos encontramos abocados a apoyar a los artistas nacionales brind\u00e1ndoles un espacio de difusi\u00f3n. Creemos en la idea de utilizar la potencialidad que hoy d\u00eda nos otorga la web, para que la cultura uruguaya y sus creadores dispongan de una din\u00e1mica ventana, que los ponga en contacto entre s\u00ed y con el mundo. Somos COOLTIVARTE.COM y pretendemos configurarnos como un portal din\u00e1mico, entretenido y atento a los nuevos emprendimientos, que busque siempre la interacci\u00f3n con los artistas.","sameAs":["http:\/\/www.cooltivarte.com","https:\/\/www.facebook.com\/cooltivartecom","https:\/\/www.instagram.com\/_cooltivarte_\/","https:\/\/www.linkedin.com\/company\/-bolocultural","https:\/\/www.pinterest.com\/cooltivarte\/","https:\/\/x.com\/https:\/\/x.com\/obolocultural","https:\/\/www.youtube.com\/@PrensaCooltivarte","https:\/\/www.tumblr.com\/blog\/cooltivarte"],"url":"https:\/\/cooltivarte.com\/portal\/author\/cooltivarte\/"}]}},"_links":{"self":[{"href":"https:\/\/cooltivarte.com\/portal\/wp-json\/wp\/v2\/posts\/66509","targetHints":{"allow":["GET"]}}],"collection":[{"href":"https:\/\/cooltivarte.com\/portal\/wp-json\/wp\/v2\/posts"}],"about":[{"href":"https:\/\/cooltivarte.com\/portal\/wp-json\/wp\/v2\/types\/post"}],"author":[{"embeddable":true,"href":"https:\/\/cooltivarte.com\/portal\/wp-json\/wp\/v2\/users\/8"}],"replies":[{"embeddable":true,"href":"https:\/\/cooltivarte.com\/portal\/wp-json\/wp\/v2\/comments?post=66509"}],"version-history":[{"count":1,"href":"https:\/\/cooltivarte.com\/portal\/wp-json\/wp\/v2\/posts\/66509\/revisions"}],"predecessor-version":[{"id":66511,"href":"https:\/\/cooltivarte.com\/portal\/wp-json\/wp\/v2\/posts\/66509\/revisions\/66511"}],"wp:featuredmedia":[{"embeddable":true,"href":"https:\/\/cooltivarte.com\/portal\/wp-json\/wp\/v2\/media\/66510"}],"wp:attachment":[{"href":"https:\/\/cooltivarte.com\/portal\/wp-json\/wp\/v2\/media?parent=66509"}],"wp:term":[{"taxonomy":"category","embeddable":true,"href":"https:\/\/cooltivarte.com\/portal\/wp-json\/wp\/v2\/categories?post=66509"},{"taxonomy":"post_tag","embeddable":true,"href":"https:\/\/cooltivarte.com\/portal\/wp-json\/wp\/v2\/tags?post=66509"}],"curies":[{"name":"wp","href":"https:\/\/api.w.org\/{rel}","templated":true}]}}