{"id":66187,"date":"2021-02-11T12:29:51","date_gmt":"2021-02-11T15:29:51","guid":{"rendered":"https:\/\/cooltivarte.com\/portal\/?p=66187"},"modified":"2021-03-03T12:56:56","modified_gmt":"2021-03-03T15:56:56","slug":"raro-en-vinilo-edicion-limitada","status":"publish","type":"post","link":"https:\/\/cooltivarte.com\/portal\/raro-en-vinilo-edicion-limitada\/","title":{"rendered":"RARO en Vinilo Edici\u00f3n Limitada"},"content":{"rendered":"<h2><strong><a href=\"https:\/\/cooltivarte.com\/portal\/?s=Cuarteto+de+Nos\" target=\"_blank\" rel=\"noopener\">Cuarteto de Nos<\/a> &#8211; RARO 15 ANIVERSARIO<\/strong><\/h2>\n<h2><strong>La historia de un cl\u00e1sico<\/strong><\/h2>\n<h2><strong>#RAR15IMO<\/strong><\/h2>\n<p>Los 15 a\u00f1os de Raro, no pod\u00edan suceder en un momento m\u00e1s raro que el que nos toca vivir a nivel mundial.<\/p>\n<p>Pero no nos sorprende, porque la historia de este disco le ha hecho desde el inicio homenaje a su nombre y vale la pena que les contemos algunas an\u00e9cdotas, que luego iremos compartiendo en nuestras redes como parte de esta celebraci\u00f3n.<\/p>\n<p>Raro nace en el 2006 sin mucha conciencia de nuestra parte de lo que iba a ser su destino. Era sin duda un disco raro, diferente a todo lo que ven\u00edamos haciendo y no ten\u00edamos mucha idea de c\u00f3mo iba a ser recibido.<\/p>\n<p>Lo gestamos junto a Juan Campod\u00f3nico, nuestro productor y casi un cuarteto m\u00e1s, que luego fue tambi\u00e9n productor de los que siguieron, la trilog\u00eda que armamos con Bipolar y Porfiado y como cierre de una etapa juntos, Habla tu espejo.<\/p>\n<p>Algunas rarezas ya comenzaron en cuando decidimos que el primer single fuera \u201cYendo a la casa de Dami\u00e1n\u201d una canci\u00f3n de 4:16 minutos de duraci\u00f3n, en teor\u00eda impasable en radios, donde los 3 minutos son clave. A\u00fan as\u00ed decidimos que fuera esa y la historia de lo que pas\u00f3 ya la saben.<\/p>\n<p>Otra an\u00e9cdota rara fue la vinculada a la edici\u00f3n del disco, que si bien comenz\u00f3 en Uruguay, no sigui\u00f3 el camino normal que hubiese sido Argentina y con mucha suerte luego M\u00e9xico. Por qu\u00e9? Porque un d\u00eda nos llama el director de Emi\/Virgin Espa\u00f1a en ese momento (Javier Li\u00f1an) y nos dice: \u201cescuch\u00e9 el disco, es una locura, les mando los pasajes y el contrato para firmar!\u201d, luego de Espa\u00f1a vino M\u00e9xico, luego Argentina y luego el resto del continente. De este tipo de cosas siguieron pasando luego, como cuando nos llamaron de Warner Chappell para ofrecernos ser la editorial del disco, de una manera muy graciosa que ya contaremos o cuando Sergio Pizzolante, otro padrino del proyecto (en ese momento director de Sony,Axn, Animax e E!) llama a nuestra manager y le dice: \u201cHola, t\u00fa no me conoces pero yo soy tal\u2026 y acabo de escuchar 8 hs seguidas en la ruta el disco Raro y quiero que el mundo entero los conozca. M\u00e1ndame los clips que los pongo a rotar.\u201d Esa fue la manera en la que todos ustedes vieron por primera vez los clips de \u201cYendo a la casa de Dami\u00e1n\u201d o \u201cYa no s\u00e9 que hacer conmigo\u201d, con rotaciones de casi 12 veces diarias en esos canales! Videos que en su momento sorprender\u00edan por su gran originalidad y hasta el d\u00eda de hoy lo hacen, siendo Ya no s\u00e9, nuestro video m\u00e1s visto con m\u00e1s de 60 millones de views, cuando los views no eran de tantos millones.<\/p>\n<p>Julieta Venegas tambi\u00e9n fue nuestra hada madrina, porque fue quien le mostr\u00f3 a Javier Li\u00f1an de Emi el disco, y en ese momento cuenta que lo llevaba a las radios y les dec\u00eda a los periodistas que ten\u00edan que conocer esta banda. Mientras tanto nosotros en Uruguay, no ten\u00edamos idea de lo que nos esperaba, aunque el gran \u00e9xito que tuvo su lanzamiento en nuestro pa\u00eds pod\u00eda anticipar algo as\u00cd, ya hab\u00edamos vivido algo similar con \u201cOtra Navidad en las trincheras (el disco m\u00e1s vendido al d\u00eda del hoy de rock uruguayo en nuestro pa\u00eds) y que sin embargo qued\u00f3 en el R\u00edo de la Plata.<\/p>\n<p>Raro es nuestro disco emblema, asi lo sentimos, porque todo lo que pas\u00f3 con \u00e9l desde el inicio fue raro y m\u00e1gico a la vez, y lo sigue siendo. Porque Raro no envejece, crece!<\/p>\n<p>Y como toda normalidad es Rara y lo raro es lo nuestro, hoy es un \u00e1lbum que esta m\u00e1s vigente y vivo que nunca, gracias a ustedes que no paran de escucharlo. Y a las nuevas generaciones que desde esa \u00e9poca y en estos 15 a\u00f1os, se han ido renovando constantemente, por eso es que tenemos p\u00fablico de 8 a\u00f1os y hasta de 60, y siempre en crecimiento.<\/p>\n<p>Por haber sido nuestro pasaporte a conocer p\u00fablico de tantos pa\u00edses y ciudades y por todo lo que nos ha dado y sigue dando, decidimos hacerle su 15 aniversario con esta edici\u00f3n limitada, \u00fanica y seriada, de su formato en vinilo.<\/p>\n<p>&nbsp;<\/p>\n<p>RARO VINILO 15 ANIVERSARIO<br \/>\nC\u00f3mo Conseguirlo?<\/p>\n<p>El disco ver\u00e1 la luz f\u00edsicamente en el mes de mayo del corriente a\u00f1o.<\/p>\n<p>Actualmente se encuentra disponible en pre-order en nuestra tienda&nbsp;<a href=\"https:\/\/cuartetodenos.com.uy\/raro-15-aniversario\/\" target=\"_blank\" rel=\"noopener\">https:\/\/cuartetodenos.com.uy\/raro-15-aniversario<\/a>\/&nbsp;desde donde podr\u00e1s elegir distintas modalidades de compra, actualmente disponibles para todo el mundo a excepci\u00f3n de Uruguay y Chile por temas contractuales, y de Argentina que tendr\u00e1 su propia edici\u00f3n limitada tambi\u00e9n disponible en mayo.<\/p>\n<p>La primera tirada de pre order de 200 copias, se agot\u00f3 en 24 hs, por eso decidimos sacar una segunda tirada, la cual tambi\u00e9n incluye un p\u00f3ster aniversario de regalo.<\/p>\n<p>Adem\u00e1s, para que pueda llegar a todos los rincones del mundo y con un precio mejorado, podr\u00e1n encontrar para ciertos pa\u00edses una modalidad que se llama \u201cEnv\u00edo comunitario\u201d. Todos los env\u00edos internacionales que salen desde la planta de Rey Vinilo en M\u00e9xico, tiene nde por si un dto del 40% en el costo de env\u00edo, y un costo mejorado en los pa\u00edses con Tiendas Aliadas.<\/p>\n<p>Otra novedad es la posibilidad de comprar tu<\/p>\n<p>\u2b50\ufe0fExperiencia Rara\u2b50\ufe0f<\/p>\n<p>actualmente disponible en M\u00e9xico, Colombia y Per\u00fa. Se trata de un pack que incluye el vinilo seriado + poster aniversario + zoom con la banda en un lugar especial, desde donde podr\u00e1n escuchar el disco en conjunto con la banda y hacerles preguntas sobre el disco o curiosidades. Estas experiencias son limitadas a pocas personas, en DF son 25 en la propia fabrica, en Bogot\u00e1 para 12 personas en RPM la tienda de vinilos.<\/p>\n<p>Raro vinilo, ser\u00e1 una joyita que tan solo unos pocos podr\u00e1n tener, dada su edici\u00f3n limitada, numerada y \u00fanica.<\/p>\n<p>Por esto es que que les sugerimos a quienes quieran tener este objeto de colecci\u00f3n, asegur\u00e1rselo en formato pre -order o estar muy pendientes cuando se edite en mayo, porque habr\u00e1 un peque\u00f1o remanente en ciertas tiendas f\u00edsicas puntuales en algunos pa\u00edses y no se volver\u00e1 a editar.<\/p>\n<p>&nbsp;<\/p>\n<p><a href=\"https:\/\/cuartetodenos.com.uy\/raro-15-aniversario\/\" target=\"_blank\" rel=\"noopener\">COMPRAR RARO EDICI\u00d3N LIMITADA EN VINILO<\/a><\/p>\n<p>&nbsp;<\/p>\n<p>&nbsp;<\/p>\n<p>&nbsp;<\/p>\n","protected":false},"excerpt":{"rendered":"<p>Cuarteto de Nos &#8211; RARO 15 ANIVERSARIO La historia de un cl\u00e1sico #RAR15IMO Los 15 a\u00f1os de Raro, no pod\u00edan suceder en un momento m\u00e1s raro que el que nos toca vivir a nivel mundial. Pero no nos sorprende, porque la historia de este disco le ha hecho desde el inicio homenaje a su nombre [&hellip;]<\/p>\n","protected":false},"author":8,"featured_media":66188,"comment_status":"closed","ping_status":"closed","sticky":false,"template":"","format":"standard","meta":{"om_disable_all_campaigns":false,"ngg_post_thumbnail":0,"jnews-multi-image_gallery":[],"jnews_single_post":[],"jnews_primary_category":[],"jnews_social_meta":[],"jnews_override_counter":[],"footnotes":""},"categories":[73],"tags":[99],"class_list":["post-66187","post","type-post","status-publish","format-standard","has-post-thumbnail","hentry","category-discos","tag-cuarteto-de-nos"],"yoast_head":"<!-- This site is optimized with the Yoast SEO plugin v27.5 - https:\/\/yoast.com\/product\/yoast-seo-wordpress\/ -->\n<title>RARO en Vinilo Edici\u00f3n Limitada - Cooltivarte Portal<\/title>\n<meta name=\"description\" content=\"COOLTIVARTE.COM es un portal digital colaborativo de actualizaci\u00f3n permanente dedicado a difundir el acontecer art\u00edstico y cultural, entrevista artistas, gestores y productores de las diferentes disciplinas del arte, y publicando art\u00edculos de reflexi\u00f3n de producci\u00f3n propia sobre los elementos culturales.\" \/>\n<meta name=\"robots\" content=\"index, follow, max-snippet:-1, max-image-preview:large, max-video-preview:-1\" \/>\n<link rel=\"canonical\" href=\"https:\/\/cooltivarte.com\/portal\/raro-en-vinilo-edicion-limitada\/\" \/>\n<meta property=\"og:locale\" content=\"es_ES\" \/>\n<meta property=\"og:type\" content=\"article\" \/>\n<meta property=\"og:title\" content=\"RARO en Vinilo Edici\u00f3n Limitada - Cooltivarte Portal\" \/>\n<meta property=\"og:description\" content=\"COOLTIVARTE.COM es un portal digital colaborativo de actualizaci\u00f3n permanente dedicado a difundir el acontecer art\u00edstico y cultural, entrevista artistas, gestores y productores de las diferentes disciplinas del arte, y publicando art\u00edculos de reflexi\u00f3n de producci\u00f3n propia sobre los elementos culturales.\" \/>\n<meta property=\"og:url\" content=\"https:\/\/cooltivarte.com\/portal\/raro-en-vinilo-edicion-limitada\/\" \/>\n<meta property=\"og:site_name\" content=\"Cooltivarte Portal\" \/>\n<meta property=\"article:publisher\" content=\"https:\/\/www.facebook.com\/cooltivartecom\/\" \/>\n<meta property=\"article:author\" content=\"https:\/\/www.facebook.com\/cooltivartecom\" \/>\n<meta property=\"article:published_time\" content=\"2021-02-11T15:29:51+00:00\" \/>\n<meta property=\"article:modified_time\" content=\"2021-03-03T15:56:56+00:00\" \/>\n<meta property=\"og:image\" content=\"https:\/\/cooltivarte.com\/portal\/wp-content\/uploads\/2021\/02\/raro-cuarteto-de-nos.jpg\" \/>\n\t<meta property=\"og:image:width\" content=\"900\" \/>\n\t<meta property=\"og:image:height\" content=\"900\" \/>\n\t<meta property=\"og:image:type\" content=\"image\/jpeg\" \/>\n<meta name=\"author\" content=\"Cooltivarte\" \/>\n<meta name=\"twitter:card\" content=\"summary_large_image\" \/>\n<meta name=\"twitter:creator\" content=\"@https:\/\/x.com\/obolocultural\" \/>\n<meta name=\"twitter:site\" content=\"@obolocultural\" \/>\n<meta name=\"twitter:label1\" content=\"Escrito por\" \/>\n\t<meta name=\"twitter:data1\" content=\"Cooltivarte\" \/>\n\t<meta name=\"twitter:label2\" content=\"Tiempo de lectura\" \/>\n\t<meta name=\"twitter:data2\" content=\"6 minutos\" \/>\n<!-- \/ Yoast SEO plugin. -->","yoast_head_json":{"title":"RARO en Vinilo Edici\u00f3n Limitada - Cooltivarte Portal","description":"COOLTIVARTE.COM es un portal digital colaborativo de actualizaci\u00f3n permanente dedicado a difundir el acontecer art\u00edstico y cultural, entrevista artistas, gestores y productores de las diferentes disciplinas del arte, y publicando art\u00edculos de reflexi\u00f3n de producci\u00f3n propia sobre los elementos culturales.","robots":{"index":"index","follow":"follow","max-snippet":"max-snippet:-1","max-image-preview":"max-image-preview:large","max-video-preview":"max-video-preview:-1"},"canonical":"https:\/\/cooltivarte.com\/portal\/raro-en-vinilo-edicion-limitada\/","og_locale":"es_ES","og_type":"article","og_title":"RARO en Vinilo Edici\u00f3n Limitada - Cooltivarte Portal","og_description":"COOLTIVARTE.COM es un portal digital colaborativo de actualizaci\u00f3n permanente dedicado a difundir el acontecer art\u00edstico y cultural, entrevista artistas, gestores y productores de las diferentes disciplinas del arte, y publicando art\u00edculos de reflexi\u00f3n de producci\u00f3n propia sobre los elementos culturales.","og_url":"https:\/\/cooltivarte.com\/portal\/raro-en-vinilo-edicion-limitada\/","og_site_name":"Cooltivarte Portal","article_publisher":"https:\/\/www.facebook.com\/cooltivartecom\/","article_author":"https:\/\/www.facebook.com\/cooltivartecom","article_published_time":"2021-02-11T15:29:51+00:00","article_modified_time":"2021-03-03T15:56:56+00:00","og_image":[{"width":900,"height":900,"url":"https:\/\/cooltivarte.com\/portal\/wp-content\/uploads\/2021\/02\/raro-cuarteto-de-nos.jpg","type":"image\/jpeg"}],"author":"Cooltivarte","twitter_card":"summary_large_image","twitter_creator":"@https:\/\/x.com\/obolocultural","twitter_site":"@obolocultural","twitter_misc":{"Escrito por":"Cooltivarte","Tiempo de lectura":"6 minutos"},"schema":{"@context":"https:\/\/schema.org","@graph":[{"@type":"NewsArticle","@id":"https:\/\/cooltivarte.com\/portal\/raro-en-vinilo-edicion-limitada\/#article","isPartOf":{"@id":"https:\/\/cooltivarte.com\/portal\/raro-en-vinilo-edicion-limitada\/"},"author":{"name":"Cooltivarte","@id":"https:\/\/cooltivarte.com\/portal\/#\/schema\/person\/ec2a4f4e71b740d0c559c0ab9a157e19"},"headline":"RARO en Vinilo Edici\u00f3n Limitada","datePublished":"2021-02-11T15:29:51+00:00","dateModified":"2021-03-03T15:56:56+00:00","mainEntityOfPage":{"@id":"https:\/\/cooltivarte.com\/portal\/raro-en-vinilo-edicion-limitada\/"},"wordCount":1110,"publisher":{"@id":"https:\/\/cooltivarte.com\/portal\/#organization"},"image":{"@id":"https:\/\/cooltivarte.com\/portal\/raro-en-vinilo-edicion-limitada\/#primaryimage"},"thumbnailUrl":"https:\/\/cooltivarte.com\/portal\/wp-content\/uploads\/2021\/02\/raro-cuarteto-de-nos.jpg","keywords":["Cuarteto de Nos"],"articleSection":["Discos"],"inLanguage":"es-AR"},{"@type":"WebPage","@id":"https:\/\/cooltivarte.com\/portal\/raro-en-vinilo-edicion-limitada\/","url":"https:\/\/cooltivarte.com\/portal\/raro-en-vinilo-edicion-limitada\/","name":"RARO en Vinilo Edici\u00f3n Limitada - Cooltivarte Portal","isPartOf":{"@id":"https:\/\/cooltivarte.com\/portal\/#website"},"primaryImageOfPage":{"@id":"https:\/\/cooltivarte.com\/portal\/raro-en-vinilo-edicion-limitada\/#primaryimage"},"image":{"@id":"https:\/\/cooltivarte.com\/portal\/raro-en-vinilo-edicion-limitada\/#primaryimage"},"thumbnailUrl":"https:\/\/cooltivarte.com\/portal\/wp-content\/uploads\/2021\/02\/raro-cuarteto-de-nos.jpg","datePublished":"2021-02-11T15:29:51+00:00","dateModified":"2021-03-03T15:56:56+00:00","description":"COOLTIVARTE.COM es un portal digital colaborativo de actualizaci\u00f3n permanente dedicado a difundir el acontecer art\u00edstico y cultural, entrevista artistas, gestores y productores de las diferentes disciplinas del arte, y publicando art\u00edculos de reflexi\u00f3n de producci\u00f3n propia sobre los elementos culturales.","breadcrumb":{"@id":"https:\/\/cooltivarte.com\/portal\/raro-en-vinilo-edicion-limitada\/#breadcrumb"},"inLanguage":"es-AR","potentialAction":[{"@type":"ReadAction","target":["https:\/\/cooltivarte.com\/portal\/raro-en-vinilo-edicion-limitada\/"]}]},{"@type":"ImageObject","inLanguage":"es-AR","@id":"https:\/\/cooltivarte.com\/portal\/raro-en-vinilo-edicion-limitada\/#primaryimage","url":"https:\/\/cooltivarte.com\/portal\/wp-content\/uploads\/2021\/02\/raro-cuarteto-de-nos.jpg","contentUrl":"https:\/\/cooltivarte.com\/portal\/wp-content\/uploads\/2021\/02\/raro-cuarteto-de-nos.jpg","width":900,"height":900,"caption":"Cuarteto de Nos - RARO 15 ANIVERSARIO"},{"@type":"BreadcrumbList","@id":"https:\/\/cooltivarte.com\/portal\/raro-en-vinilo-edicion-limitada\/#breadcrumb","itemListElement":[{"@type":"ListItem","position":1,"name":"Portada","item":"https:\/\/cooltivarte.com\/portal\/"},{"@type":"ListItem","position":2,"name":"RARO en Vinilo Edici\u00f3n Limitada"}]},{"@type":"WebSite","@id":"https:\/\/cooltivarte.com\/portal\/#website","url":"https:\/\/cooltivarte.com\/portal\/","name":"Cooltivarte Portal","description":"Arte, cultura y turismo para el mundo ...","publisher":{"@id":"https:\/\/cooltivarte.com\/portal\/#organization"},"potentialAction":[{"@type":"SearchAction","target":{"@type":"EntryPoint","urlTemplate":"https:\/\/cooltivarte.com\/portal\/?s={search_term_string}"},"query-input":{"@type":"PropertyValueSpecification","valueRequired":true,"valueName":"search_term_string"}}],"inLanguage":"es-AR"},{"@type":"Organization","@id":"https:\/\/cooltivarte.com\/portal\/#organization","name":"cooltivarte","url":"https:\/\/cooltivarte.com\/portal\/","logo":{"@type":"ImageObject","inLanguage":"es-AR","@id":"https:\/\/cooltivarte.com\/portal\/#\/schema\/logo\/image\/","url":"https:\/\/cooltivarte.com\/portal\/wp-content\/uploads\/2020\/04\/logo-cooltivarte-v2.png","contentUrl":"https:\/\/cooltivarte.com\/portal\/wp-content\/uploads\/2020\/04\/logo-cooltivarte-v2.png","width":851,"height":243,"caption":"cooltivarte"},"image":{"@id":"https:\/\/cooltivarte.com\/portal\/#\/schema\/logo\/image\/"},"sameAs":["https:\/\/www.facebook.com\/cooltivartecom\/","https:\/\/x.com\/obolocultural","https:\/\/www.instagram.com\/_cooltivarte_\/","https:\/\/www.linkedin.com\/company\/-bolocultural?reportsuccess=8zaNG1HwhPbAR9iQhZ5rfGeqz_vQFftHun0ZWU0Wy9vNemRJ8vtcKdJvzQfW8XagyOJSKg0XvfJ1dp","https:\/\/www.pinterest.com\/cooltivarte\/","https:\/\/cooltivarte.tumblr.com\/","https:\/\/www.tiktok.com\/@cooltivarte","https:\/\/www.youtube.com\/@PrensaCooltivarte"]},{"@type":"Person","@id":"https:\/\/cooltivarte.com\/portal\/#\/schema\/person\/ec2a4f4e71b740d0c559c0ab9a157e19","name":"Cooltivarte","image":{"@type":"ImageObject","inLanguage":"es-AR","@id":"https:\/\/cooltivarte.com\/portal\/wp-content\/uploads\/2014\/05\/logo-cooltivarte-120x120.jpg","url":"https:\/\/cooltivarte.com\/portal\/wp-content\/uploads\/2014\/05\/logo-cooltivarte-120x120.jpg","contentUrl":"https:\/\/cooltivarte.com\/portal\/wp-content\/uploads\/2014\/05\/logo-cooltivarte-120x120.jpg","caption":"Cooltivarte"},"description":"Somos COOLTIVARTE.COM. Un portal digital dedicado a difundir el acontecer art\u00edstico y cultural del Uruguay. Estamos en la vuelta desde el a\u00f1o 2003, y como evoluci\u00f3n del bolet\u00edn Obolo Cultural, nos encontramos abocados a apoyar a los artistas nacionales brind\u00e1ndoles un espacio de difusi\u00f3n. Creemos en la idea de utilizar la potencialidad que hoy d\u00eda nos otorga la web, para que la cultura uruguaya y sus creadores dispongan de una din\u00e1mica ventana, que los ponga en contacto entre s\u00ed y con el mundo. Somos COOLTIVARTE.COM y pretendemos configurarnos como un portal din\u00e1mico, entretenido y atento a los nuevos emprendimientos, que busque siempre la interacci\u00f3n con los artistas.","sameAs":["http:\/\/www.cooltivarte.com","https:\/\/www.facebook.com\/cooltivartecom","https:\/\/www.instagram.com\/_cooltivarte_\/","https:\/\/www.linkedin.com\/company\/-bolocultural","https:\/\/www.pinterest.com\/cooltivarte\/","https:\/\/x.com\/https:\/\/x.com\/obolocultural","https:\/\/www.youtube.com\/@PrensaCooltivarte","https:\/\/www.tumblr.com\/blog\/cooltivarte"],"url":"https:\/\/cooltivarte.com\/portal\/author\/cooltivarte\/"}]}},"_links":{"self":[{"href":"https:\/\/cooltivarte.com\/portal\/wp-json\/wp\/v2\/posts\/66187","targetHints":{"allow":["GET"]}}],"collection":[{"href":"https:\/\/cooltivarte.com\/portal\/wp-json\/wp\/v2\/posts"}],"about":[{"href":"https:\/\/cooltivarte.com\/portal\/wp-json\/wp\/v2\/types\/post"}],"author":[{"embeddable":true,"href":"https:\/\/cooltivarte.com\/portal\/wp-json\/wp\/v2\/users\/8"}],"replies":[{"embeddable":true,"href":"https:\/\/cooltivarte.com\/portal\/wp-json\/wp\/v2\/comments?post=66187"}],"version-history":[{"count":1,"href":"https:\/\/cooltivarte.com\/portal\/wp-json\/wp\/v2\/posts\/66187\/revisions"}],"predecessor-version":[{"id":66189,"href":"https:\/\/cooltivarte.com\/portal\/wp-json\/wp\/v2\/posts\/66187\/revisions\/66189"}],"wp:featuredmedia":[{"embeddable":true,"href":"https:\/\/cooltivarte.com\/portal\/wp-json\/wp\/v2\/media\/66188"}],"wp:attachment":[{"href":"https:\/\/cooltivarte.com\/portal\/wp-json\/wp\/v2\/media?parent=66187"}],"wp:term":[{"taxonomy":"category","embeddable":true,"href":"https:\/\/cooltivarte.com\/portal\/wp-json\/wp\/v2\/categories?post=66187"},{"taxonomy":"post_tag","embeddable":true,"href":"https:\/\/cooltivarte.com\/portal\/wp-json\/wp\/v2\/tags?post=66187"}],"curies":[{"name":"wp","href":"https:\/\/api.w.org\/{rel}","templated":true}]}}