{"id":65742,"date":"2021-01-08T21:59:22","date_gmt":"2021-01-09T00:59:22","guid":{"rendered":"https:\/\/cooltivarte.com\/portal\/?p=65742"},"modified":"2021-06-19T17:30:09","modified_gmt":"2021-06-19T20:30:09","slug":"los-motivos-de-rodo-siete-claves-de-actualidad","status":"publish","type":"post","link":"https:\/\/cooltivarte.com\/portal\/los-motivos-de-rodo-siete-claves-de-actualidad\/","title":{"rendered":"Los motivos de Rod\u00f3 &#8211; Siete claves de actualidad"},"content":{"rendered":"<p>En este 2021 se celebran los 150 a\u00f1os del nacimiento de <a href=\"https:\/\/cooltivarte.com\/portal\/?s=Jos\u00e9+Enrique+Rod\u00f3\" target=\"_blank\" rel=\"noopener\"><strong>Jos\u00e9 Enrique Rod\u00f3<\/strong><\/a>. Una fecha que se transforma en una excusa m\u00e1s que v\u00e1lida para retomar la lectura de uno de los pensadores m\u00e1s influyentes en nuestras tierras latinoamericanas. Y con la tarea pendiente de volver a darle el debido lugar en nuestra actualidad, respecto de la cual tiene mucho por aportarnos.<\/p>\n<p>Y es precisamente tras releerlo en estos primeros d\u00edas del a\u00f1o (particularmente en sus dos obras centrales, Ariel y Motivos de Proteo) es que quiero se\u00f1alar \u2013bajo los primeros efectos y muy sint\u00e9tica y llanamente, a modo de divulgaci\u00f3n general, esperando que sea motivo de acercamiento a su lectura directa- una serie de claves que considero vigentes, actualizables como aportes a nuestras circunstancias, de su pensamiento. Claves que ameritan ampliarse en n\u00famero y contenido, por supuesto, lo que iremos haciendo a lo largo de la escritura de siguientes art\u00edculos de celebraci\u00f3n de este a\u00f1o rodoniano.<\/p>\n<p><strong>Siete claves rodonianas para el siglo XXI<\/strong><\/p>\n<p>1. <strong>La integraci\u00f3n regional<\/strong> desde valores culturales, intelectuales, axiol\u00f3gicos, est\u00e9ticos, desde el v\u00ednculo con nuestra cultura latina originaria, con nuestras ra\u00edces hel\u00e9nicas y con la \u00e9tica de amor al pr\u00f3jimo del cristianismo (desprovisto, en el planteo de nuestro autor, de toda connotaci\u00f3n trascendental).<\/p>\n<p>Frente a modelos anclados en la perspectiva economicista o en la consolidaci\u00f3n de la identidad por oposici\u00f3n a un \u201cenemigo en com\u00fan\u201d, retomar el planteo rodoniano es apuntar a la integraci\u00f3n desde la tradici\u00f3n human\u00edstica fundante, subrayando, por otra parte, la responsabilidad que tienen, en tales asuntos, quienes conducen los pa\u00edses de nuestra regi\u00f3n, en la medida de que el retorno planteado est\u00e1 relacionado con un alejamiento anclado en un problema que, primeramente, es cultural y nuestro. Somos los principales responsables de haber abandonado la vital tarea de mantener y fomentar lo mejor de nuestra tradici\u00f3n cultural.<\/p>\n<p>Aunque Rod\u00f3 juzga duramente a la que considera utilitaria cultura anglosajona, no la culpa de lo que finalmente aqu\u00ed sucede, en tanto entiende que el primer y principal escollo somos nosotros mismos. Retomar lo mejor de nuestras ra\u00edces es una tarea que nos corresponde y que involucra decididamente a las autoridades que gobiernan nuestras sociedades, particularmente a las que tienen responsabilidades de primer orden en el \u00e1mbito educativo y cultural.<\/p>\n<p>Fomentar el pensamiento uruguayo y latinoamericano, desde nuestras bases humanistas, desde la cuna de los valores hel\u00e9nicos, desde la cultura latina fundacional, es un modo de actualizar el pensamiento de Rod\u00f3 y de colocar en el debate p\u00fablico su planteo respecto de la necesidad de integrarnos (y m\u00e1s a\u00fan en este siglo XXI, en un mundo absolutamente globalizado) desde nuestra mejor carta de presentaci\u00f3n, desde la fusi\u00f3n de horizontes de nuestras mejores tradiciones \u00e9ticas, educativas y culturales.<\/p>\n<p>2. <strong>La participaci\u00f3n en la esfera p\u00fablica<\/strong>, particularmente de la juventud, de las nuevas generaciones. Punto crucial, sobre todo en sociedades con j\u00f3venes que tard\u00edamente se inician en la vida p\u00fablica y que tienen escasa incidencia en las decisiones comunitarias m\u00e1s importantes. Rod\u00f3, sus p\u00e1ginas, son un motor de impulso para pensar la revitalizaci\u00f3n de nuestra cultura pol\u00edtica, para reflexionar acerca de la necesidad de generar las debidas condiciones para que nuestra juventud participe activamente en nuestra \u00e1gora, un factor crucial de la calidad democr\u00e1tica de toda sociedad.<\/p>\n<p>Necesitamos de j\u00f3venes rodonianos construyendo espacios de di\u00e1logo, conformando una nueva generaci\u00f3n de intelectuales comprometidos con la formaci\u00f3n y acci\u00f3n pol\u00edtica (en su acepci\u00f3n m\u00e1s general, o sea, involucrados en los problemas de la polis, de los asuntos que conforman el bien com\u00fan).<\/p>\n<p>3. <strong>Defensa de los valores democr\u00e1ticos y de la tolerancia<\/strong>. Aqu\u00ed hay dos puntos centrales: primero, la idea de generar una democracia que est\u00e9 a resguardo, como bien lo se\u00f1ala Rod\u00f3, tanto de los valores aristocratizantes como de los provenientes de la mediocracia, sostenidos desde las mayor\u00edas compactas y homog\u00e9neas. Luego, el postulado de que la democracia, en su b\u00fasqueda de igualdad, debe ir acompa\u00f1ada de pol\u00edticas que aseguren la selecci\u00f3n cultural de una clase pol\u00edtica-intelectual dirigente formada en valores deseables, con s\u00f3lidos basamentos culturales y capaz de fomentar y difundir la tolerancia de ideas como uno de los elementos primordiales (sobre esto \u00faltimo, nada mejor que leer el debate, sobre la quita de los crucifijos de los hospitales, que sostuvo con Pedro D\u00edaz y que aparece recogido en su obra Liberalismo y Jacobinismo).<\/p>\n<p>4. <strong>La defensa de una formaci\u00f3n universalista y una educaci\u00f3n que no sea meramente especializada y utilitaria<\/strong>. Al respecto, su planteo cobra incluso una vigencia mayor que la que tuvo en su \u00e9poca. En momentos donde la educaci\u00f3n discute permanentemente su sentido en relaci\u00f3n con la demanda que se le realiza respecto de que asegure una formaci\u00f3n acorde con lo que el mercado laboral del presente requiere, cobra vital importancia el planteo rodoniano. Bien nos vale para reflexionar, por ejemplo, sobre los modos en que solemos vincular la educaci\u00f3n al campo laboral y a las necesidades productivas de un pa\u00eds, asuntos que inevitablemente terminan cayendo en planteos de un utilitarismo educativo que vac\u00eda el sentido m\u00e1s profundamente humanista de la formaci\u00f3n educativa.<\/p>\n<p>M\u00e1s Rod\u00f3 y menos educaci\u00f3n atada al concepto de suministrar utilidades en t\u00e9rminos de formar recursos desde la \u00f3ptica del concepto de \u201ccapital humano\u201d.<\/p>\n<p>Por otra parte, la perspectiva rodoniana coincide con la defensa vazferreireana del deber de cultura universal que todo docente y alumno tiene respecto de su formaci\u00f3n intelectual. Este aspecto lo coloca en un debate tambi\u00e9n fundamental sobre la actual formaci\u00f3n docente y universitaria, en el marco del surgimiento de especialistas alejados de la esfera p\u00fablica, sin ninguna incidencia en ella, y con la tendencia agudizada en cuanto a la disecci\u00f3n del saber y sus contenidos en grados de reducci\u00f3n al absurdo. El intelectual docente y universitario no puede actuar como un mero funcionario de la morgue analizando las partes m\u00ednimas de un corpus que, en definitiva, considera muerto (o le mata en esa acci\u00f3n disecante).<\/p>\n<p>La defensa de la formaci\u00f3n universalista y del pensamiento como un elemento vivo es un punto de encuentro entre los dos intelectuales m\u00e1s decisivos de nuestro pa\u00eds: Rod\u00f3 y Vaz Ferreira.<\/p>\n<p>5. <strong>El amor y el desinter\u00e9s como gu\u00eda pol\u00edtica<\/strong>. Frente a una pol\u00edtica manique\u00edsta, de trincheras partidarias, que genera ideolog\u00edas de \u201camigos\u201d y \u201cenemigos\u201d, simples y c\u00f3modas dicotom\u00edas de \u201cbuenos\u201d y \u201cmalos\u201d -con la consabida ausencia de debate de ideas y falta de tolerancia para posibilitar el real dialogo democr\u00e1tico-, el rescate rodoniano del amor, del desinter\u00e9s y la independencia como gu\u00eda para la pr\u00e1ctica pol\u00edtica resulta tan \u201cingenua\u201d y \u201cdemod\u00e9\u201d como imprescindible en estos tiempos que corren (y que han corrido, lamentablemente, a lo largo del siglo XX).<\/p>\n<p>En tiempos de intelectuales que adaptan sus postulados y acciones a raz\u00f3n del encandilamiento con el traje -y la ostentaci\u00f3n de su cargo en la burocracia p\u00fablica- y la tarea de agradar a su jefe pol\u00edtico de turno, un mal que aqueja y recorre toda Latinoam\u00e9rica, el planteo de Rod\u00f3 nos recuerda que la autonom\u00eda y la decencia del pensar y el actuar es algo que debemos cuidar a toda costa.<\/p>\n<p>En este punto, vale decir, es tambi\u00e9n coincidente el planteo de Rod\u00f3 con los postulados vazferreireanos sobre la formaci\u00f3n cultural sustentada en el saber desinteresado. Frente a la camada de entrajados intelectuales interesados que han construido y aun construyen nuestro entramado p\u00fablico regional, lo de Rod\u00f3 resulta un ant\u00eddoto m\u00e1s que actual y pertinente.<\/p>\n<p>6. <strong>Apelaci\u00f3n al cultivo de nuestra interioridad<\/strong>, a la b\u00fasqueda de la realizaci\u00f3n y el perfeccionamiento interior, de nuestras fuerzas individuales, desde una mirada en tono vitalista que preconiza el cultivo del mundo interior como pre\u00e1mbulo necesario de todo aporte comunitario (y es esta la idea central, precisamente, de su Motivos de Proteo).<\/p>\n<p>7. <strong>Retomar el ocio noble<\/strong>. Autores de primera l\u00ednea en el campo filos\u00f3fico de este comienzo de siglo, como Byung-Chul Han, plantean la necesidad de retomar el espacio reflexivo de la pausa, de la profundidad del pensamiento, del ocio creativo. La arenga de Rod\u00f3, de hace m\u00e1s de un siglo, respecto de no descuidar la meditaci\u00f3n intelectual -ni siquiera por la excusa del tiempo que nos absorbe el trabajo o por el tener condiciones culturales inicialmente adversas que puedan condicionarnos-, de cultivar el ocio noble, es otro punto de absoluta actualidad, particularmente en \u00e9pocas en donde el tiempo libre, el escaso tiempo posible de ocio reflexivo que tenemos, suele consumirse en pasatiempos tecnol\u00f3gicos sin mayor sentido que el de \u201cmatar el tiempo\u201d o en consumos medi\u00e1ticos para no pensar, para no pensarnos.<\/p>\n<p><strong>Sociedad rodoniana: un reconocimiento pendiente<\/strong><\/p>\n<p>Ojal\u00e1 que este este breve punteo veraniego de actualidad rodoniana motive el acercamiento a la lectura de un autor que a\u00fan tiene mucho por dar y que, sin embargo, en t\u00e9rminos amplios, hemos colocado en el museo del olvido. Ciertamente, un crimen de lesa culturalidad. Volver a ponerlo en el ruedo, pensar aspectos de nuestro presente y futuro a partir de su obra, es una tarea que nos interpela y que se requiere en lo inmediato.<\/p>\n<p>Que celebrar el siglo y medio de su nacimiento no se convierta meramente en otro c\u00famulo de pomposas honras, es nuestra responsabilidad, esa que el propio Rod\u00f3 supo visualizar claramente en su vida y obrar en consecuencia. Volver a leerlo y discutirlo es algo que le debemos y que nos lo debemos como sociedad. Que la nuestra sea una sociedad rodoniana es algo que todav\u00eda tenemos pendiente por reconocer.<\/p>\n<p>&nbsp;<\/p>\n<p>Imagen portada &#8211; archivo &#8211;&nbsp;Monumento a- Jos\u00e9 Enrique Rod\u00f3 &#8211; Parque Rod\u00f3 Montevideo &#8211; Noviembre 2015 &#8211; Foto \u00a9 Federico Meneses<\/p>\n<p>&nbsp;<\/p>\n<p>&nbsp;<\/p>\n<p>&nbsp;<\/p>\n<p>&nbsp;<\/p>\n","protected":false},"excerpt":{"rendered":"<p>En este 2021 se celebran los 150 a\u00f1os del nacimiento de Jos\u00e9 Enrique Rod\u00f3. Una fecha que se transforma en una excusa m\u00e1s que v\u00e1lida para retomar la lectura de uno de los pensadores m\u00e1s influyentes en nuestras tierras latinoamericanas. Y con la tarea pendiente de volver a darle el debido lugar en nuestra actualidad, [&hellip;]<\/p>\n","protected":false},"author":9,"featured_media":65744,"comment_status":"closed","ping_status":"closed","sticky":true,"template":"","format":"standard","meta":{"om_disable_all_campaigns":false,"ngg_post_thumbnail":0,"jnews-multi-image_gallery":[],"jnews_single_post":[],"jnews_primary_category":[],"jnews_social_meta":[],"jnews_override_counter":[],"footnotes":""},"categories":[3384],"tags":[13107,13907],"class_list":["post-65742","post","type-post","status-publish","format-standard","has-post-thumbnail","hentry","category-educacion","tag-jose-enrique-rodo","tag-rodo"],"yoast_head":"<!-- This site is optimized with the Yoast SEO plugin v27.5 - https:\/\/yoast.com\/product\/yoast-seo-wordpress\/ -->\n<title>Los motivos de Rod\u00f3 - Siete claves de actualidad - Cooltivarte Portal<\/title>\n<meta name=\"description\" content=\"En este 2021 se celebran los 150 a\u00f1os del nacimiento de Jos\u00e9 Enrique Rod\u00f3. Una fecha que se transforma en una excusa m\u00e1s que v\u00e1lida para retomar la lectura de uno de los pensadores m\u00e1s influyentes en nuestras tierras latinoamericanas. Y con la tarea pendiente de volver a darle el debido lugar en nuestra actualidad, respecto de la cual tiene mucho por aportarnos.\" \/>\n<meta name=\"robots\" content=\"index, follow, max-snippet:-1, max-image-preview:large, max-video-preview:-1\" \/>\n<link rel=\"canonical\" href=\"https:\/\/cooltivarte.com\/portal\/los-motivos-de-rodo-siete-claves-de-actualidad\/\" \/>\n<meta property=\"og:locale\" content=\"es_ES\" \/>\n<meta property=\"og:type\" content=\"article\" \/>\n<meta property=\"og:title\" content=\"Los motivos de Rod\u00f3 - Siete claves de actualidad\" \/>\n<meta property=\"og:description\" content=\"En este 2021 se celebran los 150 a\u00f1os del nacimiento de Jos\u00e9 Enrique Rod\u00f3. Una fecha que se transforma en una excusa m\u00e1s que v\u00e1lida para retomar la lectura de uno de los pensadores m\u00e1s influyentes en nuestras tierras latinoamericanas. Y con la tarea pendiente de volver a darle el debido lugar en nuestra actualidad, respecto de la cual tiene mucho por aportarnos.\" \/>\n<meta property=\"og:url\" content=\"https:\/\/cooltivarte.com\/portal\/los-motivos-de-rodo-siete-claves-de-actualidad\/\" \/>\n<meta property=\"og:site_name\" content=\"Cooltivarte Portal\" \/>\n<meta property=\"article:publisher\" content=\"https:\/\/www.facebook.com\/cooltivartecom\/\" \/>\n<meta property=\"article:author\" content=\"http:\/\/www.facebook.com\/pablorom777\" \/>\n<meta property=\"article:published_time\" content=\"2021-01-09T00:59:22+00:00\" \/>\n<meta property=\"article:modified_time\" content=\"2021-06-19T20:30:09+00:00\" \/>\n<meta property=\"og:image\" content=\"https:\/\/cooltivarte.com\/portal\/wp-content\/uploads\/2021\/01\/monumento-a-jose-enrique-rodo-parque-noviembre-2015-foto-federico-meneses.jpg\" \/>\n\t<meta property=\"og:image:width\" content=\"1024\" \/>\n\t<meta property=\"og:image:height\" content=\"673\" \/>\n\t<meta property=\"og:image:type\" content=\"image\/jpeg\" \/>\n<meta name=\"author\" content=\"Pablo Romero\" \/>\n<meta name=\"twitter:card\" content=\"summary_large_image\" \/>\n<meta name=\"twitter:title\" content=\"Los motivos de Rod\u00f3 - Siete claves de actualidad\" \/>\n<meta name=\"twitter:description\" content=\"En este 2021 se celebran los 150 a\u00f1os del nacimiento de Jos\u00e9 Enrique Rod\u00f3. Una fecha que se transforma en una excusa m\u00e1s que v\u00e1lida para retomar la lectura de uno de los pensadores m\u00e1s influyentes en nuestras tierras latinoamericanas. Y con la tarea pendiente de volver a darle el debido lugar en nuestra actualidad, respecto de la cual tiene mucho por aportarnos.\" \/>\n<meta name=\"twitter:image\" content=\"https:\/\/cooltivarte.com\/portal\/wp-content\/uploads\/2021\/01\/monumento-a-jose-enrique-rodo-parque-noviembre-2015-foto-federico-meneses.jpg\" \/>\n<meta name=\"twitter:creator\" content=\"@https:\/\/twitter.com\/Pabloromero74\" \/>\n<meta name=\"twitter:site\" content=\"@obolocultural\" \/>\n<meta name=\"twitter:label1\" content=\"Escrito por\" \/>\n\t<meta name=\"twitter:data1\" content=\"Pablo Romero\" \/>\n\t<meta name=\"twitter:label2\" content=\"Tiempo de lectura\" \/>\n\t<meta name=\"twitter:data2\" content=\"7 minutos\" \/>\n<!-- \/ Yoast SEO plugin. -->","yoast_head_json":{"title":"Los motivos de Rod\u00f3 - Siete claves de actualidad - Cooltivarte Portal","description":"En este 2021 se celebran los 150 a\u00f1os del nacimiento de Jos\u00e9 Enrique Rod\u00f3. Una fecha que se transforma en una excusa m\u00e1s que v\u00e1lida para retomar la lectura de uno de los pensadores m\u00e1s influyentes en nuestras tierras latinoamericanas. Y con la tarea pendiente de volver a darle el debido lugar en nuestra actualidad, respecto de la cual tiene mucho por aportarnos.","robots":{"index":"index","follow":"follow","max-snippet":"max-snippet:-1","max-image-preview":"max-image-preview:large","max-video-preview":"max-video-preview:-1"},"canonical":"https:\/\/cooltivarte.com\/portal\/los-motivos-de-rodo-siete-claves-de-actualidad\/","og_locale":"es_ES","og_type":"article","og_title":"Los motivos de Rod\u00f3 - Siete claves de actualidad","og_description":"En este 2021 se celebran los 150 a\u00f1os del nacimiento de Jos\u00e9 Enrique Rod\u00f3. Una fecha que se transforma en una excusa m\u00e1s que v\u00e1lida para retomar la lectura de uno de los pensadores m\u00e1s influyentes en nuestras tierras latinoamericanas. Y con la tarea pendiente de volver a darle el debido lugar en nuestra actualidad, respecto de la cual tiene mucho por aportarnos.","og_url":"https:\/\/cooltivarte.com\/portal\/los-motivos-de-rodo-siete-claves-de-actualidad\/","og_site_name":"Cooltivarte Portal","article_publisher":"https:\/\/www.facebook.com\/cooltivartecom\/","article_author":"http:\/\/www.facebook.com\/pablorom777","article_published_time":"2021-01-09T00:59:22+00:00","article_modified_time":"2021-06-19T20:30:09+00:00","og_image":[{"width":1024,"height":673,"url":"https:\/\/cooltivarte.com\/portal\/wp-content\/uploads\/2021\/01\/monumento-a-jose-enrique-rodo-parque-noviembre-2015-foto-federico-meneses.jpg","type":"image\/jpeg"}],"author":"Pablo Romero","twitter_card":"summary_large_image","twitter_title":"Los motivos de Rod\u00f3 - Siete claves de actualidad","twitter_description":"En este 2021 se celebran los 150 a\u00f1os del nacimiento de Jos\u00e9 Enrique Rod\u00f3. Una fecha que se transforma en una excusa m\u00e1s que v\u00e1lida para retomar la lectura de uno de los pensadores m\u00e1s influyentes en nuestras tierras latinoamericanas. Y con la tarea pendiente de volver a darle el debido lugar en nuestra actualidad, respecto de la cual tiene mucho por aportarnos.","twitter_image":"https:\/\/cooltivarte.com\/portal\/wp-content\/uploads\/2021\/01\/monumento-a-jose-enrique-rodo-parque-noviembre-2015-foto-federico-meneses.jpg","twitter_creator":"@https:\/\/twitter.com\/Pabloromero74","twitter_site":"@obolocultural","twitter_misc":{"Escrito por":"Pablo Romero","Tiempo de lectura":"7 minutos"},"schema":{"@context":"https:\/\/schema.org","@graph":[{"@type":"NewsArticle","@id":"https:\/\/cooltivarte.com\/portal\/los-motivos-de-rodo-siete-claves-de-actualidad\/#article","isPartOf":{"@id":"https:\/\/cooltivarte.com\/portal\/los-motivos-de-rodo-siete-claves-de-actualidad\/"},"author":{"name":"Pablo Romero","@id":"https:\/\/cooltivarte.com\/portal\/#\/schema\/person\/4142f96deaf5a27e4da3000f2d909698"},"headline":"Los motivos de Rod\u00f3 &#8211; Siete claves de actualidad","datePublished":"2021-01-09T00:59:22+00:00","dateModified":"2021-06-19T20:30:09+00:00","mainEntityOfPage":{"@id":"https:\/\/cooltivarte.com\/portal\/los-motivos-de-rodo-siete-claves-de-actualidad\/"},"wordCount":1713,"publisher":{"@id":"https:\/\/cooltivarte.com\/portal\/#organization"},"image":{"@id":"https:\/\/cooltivarte.com\/portal\/los-motivos-de-rodo-siete-claves-de-actualidad\/#primaryimage"},"thumbnailUrl":"https:\/\/cooltivarte.com\/portal\/wp-content\/uploads\/2021\/01\/monumento-a-jose-enrique-rodo-parque-noviembre-2015-foto-federico-meneses.jpg","keywords":["Jos\u00e9 Enrique Rod\u00f3","Rod\u00f3"],"articleSection":["Educaci\u00f3n"],"inLanguage":"es-AR"},{"@type":"WebPage","@id":"https:\/\/cooltivarte.com\/portal\/los-motivos-de-rodo-siete-claves-de-actualidad\/","url":"https:\/\/cooltivarte.com\/portal\/los-motivos-de-rodo-siete-claves-de-actualidad\/","name":"Los motivos de Rod\u00f3 - Siete claves de actualidad - Cooltivarte Portal","isPartOf":{"@id":"https:\/\/cooltivarte.com\/portal\/#website"},"primaryImageOfPage":{"@id":"https:\/\/cooltivarte.com\/portal\/los-motivos-de-rodo-siete-claves-de-actualidad\/#primaryimage"},"image":{"@id":"https:\/\/cooltivarte.com\/portal\/los-motivos-de-rodo-siete-claves-de-actualidad\/#primaryimage"},"thumbnailUrl":"https:\/\/cooltivarte.com\/portal\/wp-content\/uploads\/2021\/01\/monumento-a-jose-enrique-rodo-parque-noviembre-2015-foto-federico-meneses.jpg","datePublished":"2021-01-09T00:59:22+00:00","dateModified":"2021-06-19T20:30:09+00:00","description":"En este 2021 se celebran los 150 a\u00f1os del nacimiento de Jos\u00e9 Enrique Rod\u00f3. Una fecha que se transforma en una excusa m\u00e1s que v\u00e1lida para retomar la lectura de uno de los pensadores m\u00e1s influyentes en nuestras tierras latinoamericanas. Y con la tarea pendiente de volver a darle el debido lugar en nuestra actualidad, respecto de la cual tiene mucho por aportarnos.","breadcrumb":{"@id":"https:\/\/cooltivarte.com\/portal\/los-motivos-de-rodo-siete-claves-de-actualidad\/#breadcrumb"},"inLanguage":"es-AR","potentialAction":[{"@type":"ReadAction","target":["https:\/\/cooltivarte.com\/portal\/los-motivos-de-rodo-siete-claves-de-actualidad\/"]}]},{"@type":"ImageObject","inLanguage":"es-AR","@id":"https:\/\/cooltivarte.com\/portal\/los-motivos-de-rodo-siete-claves-de-actualidad\/#primaryimage","url":"https:\/\/cooltivarte.com\/portal\/wp-content\/uploads\/2021\/01\/monumento-a-jose-enrique-rodo-parque-noviembre-2015-foto-federico-meneses.jpg","contentUrl":"https:\/\/cooltivarte.com\/portal\/wp-content\/uploads\/2021\/01\/monumento-a-jose-enrique-rodo-parque-noviembre-2015-foto-federico-meneses.jpg","width":1024,"height":673,"caption":"monumento-a-jose-enrique-rodo-parque-noviembre-2015-foto-federico-meneses"},{"@type":"BreadcrumbList","@id":"https:\/\/cooltivarte.com\/portal\/los-motivos-de-rodo-siete-claves-de-actualidad\/#breadcrumb","itemListElement":[{"@type":"ListItem","position":1,"name":"Portada","item":"https:\/\/cooltivarte.com\/portal\/"},{"@type":"ListItem","position":2,"name":"Los motivos de Rod\u00f3 &#8211; Siete claves de actualidad"}]},{"@type":"WebSite","@id":"https:\/\/cooltivarte.com\/portal\/#website","url":"https:\/\/cooltivarte.com\/portal\/","name":"Cooltivarte Portal","description":"Arte, cultura y turismo para el mundo ...","publisher":{"@id":"https:\/\/cooltivarte.com\/portal\/#organization"},"potentialAction":[{"@type":"SearchAction","target":{"@type":"EntryPoint","urlTemplate":"https:\/\/cooltivarte.com\/portal\/?s={search_term_string}"},"query-input":{"@type":"PropertyValueSpecification","valueRequired":true,"valueName":"search_term_string"}}],"inLanguage":"es-AR"},{"@type":"Organization","@id":"https:\/\/cooltivarte.com\/portal\/#organization","name":"cooltivarte","url":"https:\/\/cooltivarte.com\/portal\/","logo":{"@type":"ImageObject","inLanguage":"es-AR","@id":"https:\/\/cooltivarte.com\/portal\/#\/schema\/logo\/image\/","url":"https:\/\/cooltivarte.com\/portal\/wp-content\/uploads\/2020\/04\/logo-cooltivarte-v2.png","contentUrl":"https:\/\/cooltivarte.com\/portal\/wp-content\/uploads\/2020\/04\/logo-cooltivarte-v2.png","width":851,"height":243,"caption":"cooltivarte"},"image":{"@id":"https:\/\/cooltivarte.com\/portal\/#\/schema\/logo\/image\/"},"sameAs":["https:\/\/www.facebook.com\/cooltivartecom\/","https:\/\/x.com\/obolocultural","https:\/\/www.instagram.com\/_cooltivarte_\/","https:\/\/www.linkedin.com\/company\/-bolocultural?reportsuccess=8zaNG1HwhPbAR9iQhZ5rfGeqz_vQFftHun0ZWU0Wy9vNemRJ8vtcKdJvzQfW8XagyOJSKg0XvfJ1dp","https:\/\/www.pinterest.com\/cooltivarte\/","https:\/\/cooltivarte.tumblr.com\/","https:\/\/www.tiktok.com\/@cooltivarte","https:\/\/www.youtube.com\/@PrensaCooltivarte"]},{"@type":"Person","@id":"https:\/\/cooltivarte.com\/portal\/#\/schema\/person\/4142f96deaf5a27e4da3000f2d909698","name":"Pablo Romero","image":{"@type":"ImageObject","inLanguage":"es-AR","@id":"https:\/\/cooltivarte.com\/portal\/wp-content\/uploads\/2014\/05\/pablo-romero-120x120.jpg","url":"https:\/\/cooltivarte.com\/portal\/wp-content\/uploads\/2014\/05\/pablo-romero-120x120.jpg","contentUrl":"https:\/\/cooltivarte.com\/portal\/wp-content\/uploads\/2014\/05\/pablo-romero-120x120.jpg","caption":"Pablo Romero"},"description":"Profesor de Filosof\u00eda (egresado del IPA) y posgraduado como Especialista en Pol\u00edtica y Gesti\u00f3n de la Educaci\u00f3n, es docente de \u00c9tica en Universidad CLAEH y de Filosof\u00eda en educaci\u00f3n secundaria. Autor de \"Sobre el sentido de educar\" (Ediciones B-Penguin Random House, 2021) y coautor de obras sobre el campo de la filosof\u00eda de la educaci\u00f3n, es expositor a nivel nacional e internacional sobre temas educativos. Se ha desempe\u00f1ado como docente de Argumentaci\u00f3n en la Universidad Cat\u00f3lica y realizado ciclos de columnas de filosof\u00eda en radio El Espectador y en el canal televisivo TV Ciudad.","sameAs":["http:\/\/pabloromero7.blogspot.com\/","http:\/\/www.facebook.com\/pablorom777","https:\/\/www.instagram.com\/pabloromero1974\/","https:\/\/www.linkedin.com\/in\/pablo-romero-garca-7b82989b\/","https:\/\/www.pinterest.com\/cooltivarte\/","https:\/\/x.com\/https:\/\/twitter.com\/Pabloromero74","https:\/\/www.youtube.com\/@PrensaCooltivarte","https:\/\/cooltivarte.tumblr.com\/"],"url":"https:\/\/cooltivarte.com\/portal\/author\/romero\/"}]}},"_links":{"self":[{"href":"https:\/\/cooltivarte.com\/portal\/wp-json\/wp\/v2\/posts\/65742","targetHints":{"allow":["GET"]}}],"collection":[{"href":"https:\/\/cooltivarte.com\/portal\/wp-json\/wp\/v2\/posts"}],"about":[{"href":"https:\/\/cooltivarte.com\/portal\/wp-json\/wp\/v2\/types\/post"}],"author":[{"embeddable":true,"href":"https:\/\/cooltivarte.com\/portal\/wp-json\/wp\/v2\/users\/9"}],"replies":[{"embeddable":true,"href":"https:\/\/cooltivarte.com\/portal\/wp-json\/wp\/v2\/comments?post=65742"}],"version-history":[{"count":5,"href":"https:\/\/cooltivarte.com\/portal\/wp-json\/wp\/v2\/posts\/65742\/revisions"}],"predecessor-version":[{"id":70193,"href":"https:\/\/cooltivarte.com\/portal\/wp-json\/wp\/v2\/posts\/65742\/revisions\/70193"}],"wp:featuredmedia":[{"embeddable":true,"href":"https:\/\/cooltivarte.com\/portal\/wp-json\/wp\/v2\/media\/65744"}],"wp:attachment":[{"href":"https:\/\/cooltivarte.com\/portal\/wp-json\/wp\/v2\/media?parent=65742"}],"wp:term":[{"taxonomy":"category","embeddable":true,"href":"https:\/\/cooltivarte.com\/portal\/wp-json\/wp\/v2\/categories?post=65742"},{"taxonomy":"post_tag","embeddable":true,"href":"https:\/\/cooltivarte.com\/portal\/wp-json\/wp\/v2\/tags?post=65742"}],"curies":[{"name":"wp","href":"https:\/\/api.w.org\/{rel}","templated":true}]}}