{"id":64970,"date":"2020-11-25T10:04:51","date_gmt":"2020-11-25T13:04:51","guid":{"rendered":"https:\/\/cooltivarte.com\/portal\/?p=64970"},"modified":"2024-03-08T14:00:08","modified_gmt":"2024-03-08T17:00:08","slug":"un-dia-para-todos-los-dias","status":"publish","type":"post","link":"https:\/\/cooltivarte.com\/portal\/un-dia-para-todos-los-dias\/","title":{"rendered":"Un D\u00eda para todos los D\u00edas"},"content":{"rendered":"<figure id=\"attachment_64972\" aria-describedby=\"caption-attachment-64972\" style=\"width: 1024px\" class=\"wp-caption aligncenter\"><img fetchpriority=\"high\" decoding=\"async\" class=\"wp-image-64972 size-full\" title=\"diez de cada diez en plaza liberta montevideo foto federico meneses\" src=\"https:\/\/cooltivarte.com\/portal\/wp-content\/uploads\/2020\/11\/diez-de-cada-diez-en-plaza-liberta-montevideo-foto-federico-meneses.jpg\" alt=\"diez de cada diez en plaza liberta montevideo foto federico meneses\" width=\"1024\" height=\"684\" srcset=\"https:\/\/cooltivarte.com\/portal\/wp-content\/uploads\/2020\/11\/diez-de-cada-diez-en-plaza-liberta-montevideo-foto-federico-meneses.jpg 1024w, https:\/\/cooltivarte.com\/portal\/wp-content\/uploads\/2020\/11\/diez-de-cada-diez-en-plaza-liberta-montevideo-foto-federico-meneses-300x200.jpg 300w, https:\/\/cooltivarte.com\/portal\/wp-content\/uploads\/2020\/11\/diez-de-cada-diez-en-plaza-liberta-montevideo-foto-federico-meneses-768x513.jpg 768w\" sizes=\"(max-width: 1024px) 100vw, 1024px\" \/><figcaption id=\"caption-attachment-64972\" class=\"wp-caption-text\">diez de cada diez en plaza liberta montevideo foto federico meneses<\/figcaption><\/figure>\n<p>&nbsp;<\/p>\n<p>Hay d\u00edas que debieran ser todos los d\u00edas. Como este, por ejemplo, el \u201c<strong><em>D\u00eda Internacional de la Eliminaci\u00f3n de la Violencia contra la Mujer<\/em><\/strong>\u201d. El respeto y admiraci\u00f3n por la mujer debiera ser un acto que cada ser humano se imponga a s\u00ed mismo para justificar su propia humanidad. No hay dignidad cuando se violenta a una mujer, pero vivimos una \u00e9poca que ha hecho del maltrato f\u00edsico y psicol\u00f3gico contra la mujer su modo de ser. El \u201c<strong><em>D\u00eda Internacional de la Eliminaci\u00f3n de la Violencia contra la Mujer<\/em><\/strong>\u201d no debiera ser, por lo mismo, uno de esos tantos d\u00edas con que se marca el calendario para celebrar lo que sea, porque este no es un D\u00eda cualquiera. Es un d\u00eda cuyos or\u00edgenes est\u00e1n manchados con la sangre de tres mujeres valerosas, <strong>Patria<\/strong>, <strong>Minerva<\/strong> y <strong>Mar\u00eda Teresa Mirabal<\/strong>, tres hermanas brutalmente asesinadas a palos por los sicarios del dictador de Rep\u00fablica Dominicana, <strong>Rafael Leonidas Trujillo<\/strong>, en el poder durante 31 a\u00f1os, desde 1930 hasta el 30 de mayo de 1961, cuando muere asesinado. Los cuerpos de <strong>Patria<\/strong>, <strong>Minerva<\/strong> y <strong>Mar\u00eda Teresa<\/strong> fueron llevados hasta un autom\u00f3vil y sus asesinos simularon un accidente. Su delito: luchar por la libertad socavada por el tirano.&nbsp;&nbsp;<\/p>\n<p>En el \u201c<em>Primer Encuentro Feminista Latinoamericano y del Caribe<\/em>\u201d, celebrado en Bogot\u00e1, Colombia, en 1981, se estableci\u00f3 el 25 de noviembre, como homenaje a las hermanas Mirabal, \u201c<strong><em>El D\u00eda Internacional de la Eliminaci\u00f3n de la Violencia contra la Mujer<\/em><\/strong>\u201d. A\u00f1os despu\u00e9s, el 17 de diciembre de 1999, la Asamblea General de las Naciones Unidas asume este d\u00eda y declara como violencia contra la mujer \u201c<em>todo acto de violencia basado en la pertenencia al sexo femenino que tenga o pueda tener como resultado un da\u00f1o o sufrimiento f\u00edsico, sexual o psicol\u00f3gico para la mujer, as\u00ed como las amenazas de tales actos, la coacci\u00f3n o la privaci\u00f3n arbitraria de la libertad, tanto si se producen en la vida p\u00fablica como en la vida privada<\/em>\u201d. Sin duda es un bello texto, pero que en muchas partes del mundo es solo letra muerta, como en Am\u00e9rica Latina por ejemplo, donde d\u00eda tras d\u00eda la prensa informa de ultrajes a la mujer en los diversos pa\u00edses de nuestro continente y de atropellos a su vida que terminan con su vida. Y las cifras son aterradoras. Seg\u00fan la CEPAL, 3.800 mujeres fueron asesinadas hasta noviembre de 2019 en Am\u00e9rica Latina, 271 femicidios m\u00e1s que el a\u00f1o 2018 (3.529).<\/p>\n<p><strong>\u00bfC\u00f3mo revertir una realidad que no ceja de crecer en nuestra Am\u00e9rica Latina?<\/strong> <strong>\u00bfBasta con los movimientos feministas que florecen como las flores en primavera, pero que no calan hondo en la sociedad, y parecen m\u00e1s publicidad callejera para mostrar rabia y odio desenfrenado contra los hombres, y en muchas ocasiones cuerpos desnudos deprimentes en se\u00f1al de protesta?<\/strong> Sinceramente creo que no. Los movimientos feministas debieran incluir a los hombres, pues hombres y mujeres conforman la sociedad en igualdad de condiciones; ambos se necesitan y ambos se merecen. La lucha contra la dignidad de la mujer, nos pertenece a todos como sociedad. Por eso yerran las mujeres cuando sus movimientos se comprenden como un ataque a los hombres y no como un llamado de atenci\u00f3n para que todos juntos, hombres y mujeres, como sociedad sostenida en valores humanos, luche contra el enemigo com\u00fan que es el maltratador de mujeres. Porque la \u00fanica diferencia entre un hombre y una mujer es su sexo, pues ambos construyen el hogar moderno y son responsables de los avances sociales, culturales, cient\u00edficos y tecnol\u00f3gicos. Y la convivencia social, en estricta y leg\u00edtima igualdad de condiciones entre hombres y mujeres, debe estar regulada por modernos c\u00f3digos civiles que velen por el respeto mutuo. Del mismo modo, las sociedades modernas debieran contar con c\u00f3digos penales adecuados que condenen dr\u00e1sticamente el maltrato femenino de la naturaleza que sea.<\/p>\n<p>Mis afirmaciones anteriores no son solo palabras. Seg\u00fan el Observatorio de Igualdad de G\u00e9nero de la Comisi\u00f3n Econ\u00f3mica para Am\u00e9rica Latina y el Caribe (Cepal), en la mayor\u00eda de los pa\u00edses del Caribe se observa una ausencia de tipificaci\u00f3n del femicidio en los c\u00f3digos penales, y solo se recopilan cifras sobre las muertes de mujeres cometidas por la pareja o expareja. Del mismo modo, en Am\u00e9rica Latina, no existe una normativa com\u00fan que defina el femicidio, pues el concepto comprende desde una amplia definici\u00f3n a casos acotados al matrimonio o a la convivencia. <strong>\u00bfCu\u00e1ntas hermanas Mirabal m\u00e1s deben morir para que las sociedades latinoamericanas comprendan que las libertades, sue\u00f1os y anhelos de la mujer, debieran ser los sue\u00f1os, anhelos y libertades de los hombres?<\/strong> Por eso, y ahora m\u00e1s que nunca, Am\u00e9rica Latina necesita de hombres y mujeres que luchen por los derechos humanos de unos y otros. De hombres y mujeres que condenen a viva voz el maltrato f\u00edsico, sexual y psicol\u00f3gico contra la mujer. Por eso, de las muchas voces femeninas que se han levantado contra esta aberraci\u00f3n social y cultural, las palabras de la periodista estadounidense <strong>Gloria Steinem<\/strong>, me hacen mucho sentido: \u201c<em>Un feminista es cualquiera que reconozca la igualdad y plena humanidad en mujeres y hombres<\/em>\u201d.<\/p>\n<p>Hoy, 25 de noviembre de 2020, \u201c<strong><em>D\u00eda Internacional de la Eliminaci\u00f3n de la Violencia contra la Mujer<\/em><\/strong>\u201d, mi columna es un llamado para que juntos parodiemos a <strong>Angela Davis<\/strong>, y digamos que no se trata de aceptar las cosas que no podemos cambiar, sino de cambiar las cosas que no podemos aceptar, para que este D\u00eda sea efectivamente el D\u00eda de todos los d\u00edas. Para que de una vez y para siempre nos sintamos felices y orgullosos de ser latinoamericanos, un continente que derrot\u00f3 la b\u00e1rbara herencia cultural y social que por siglos pens\u00f3 que los hombres eran superiores y las mujeres inferiores. Ya lo dijo el soci\u00f3logo y fil\u00f3sofo franc\u00e9s<strong> Charles Fourier<\/strong> hace bastante tiempo: \u201c<em>El grado de emancipaci\u00f3n de la mujer en una sociedad, es el bar\u00f3metro general por el que se mide la emancipaci\u00f3n general<\/em>\u201d. La libertad del hombre cuando la libertad de la mujer es mancillada, no es libertad. No queremos ver m\u00e1s noticias como las que notici\u00f3 el diario chileno La Tercera ayer martes 24 de noviembre de 2020: \u201c<em>En Chile un 32% de ni\u00f1as entre 12 a 14 a\u00f1os indic\u00f3 que alguien le realiz\u00f3 peticiones de tipo sexual o le pidi\u00f3 fotograf\u00edas \u00edntimas sin ella querer hacerlo, cifra que es s\u00f3lo un 1% para los ni\u00f1os de la misma edad<\/em>\u201d.<\/p>\n<p>S\u00ed, regalemos flores a las mujeres. Pero primero respet\u00e9moslas como ellas se merecen. Solo as\u00ed construiremos una sociedad digna, justa y libre para hombres y mujeres.<\/p>\n<p>Me parece.<\/p>\n<p>&nbsp;<\/p>\n<p>&nbsp;<\/p>\n<p>Imagen portada &#8211; archivo &#8211;&nbsp;<a href=\"https:\/\/cooltivarte.com\/portal\/diez-de-cada-diez-8m-dia-internacional-de-la-mujer\/\" target=\"_blank\" rel=\"noopener\">DIEZ DE CADA DIEZ &#8211; 8M \u2013 D\u00cdA INTERNACIONAL DE LA MUJER &#8211; 8 de marzo de 2020 &#8211; Plaza Libertad &#8211; Montevideo<\/a> &#8211; Foto \u00a9 Federico Meneses&nbsp;<\/p>\n<p>&nbsp;<\/p>\n<p>&nbsp;<\/p>\n<p>&nbsp;<\/p>\n<p>&nbsp;<\/p>\n","protected":false},"excerpt":{"rendered":"<p>Hay d\u00edas que debieran ser todos los d\u00edas. Como este, por ejemplo, el \u201cD\u00eda Internacional de la Eliminaci\u00f3n de la Violencia contra la Mujer\u201d. El respeto y admiraci\u00f3n por la mujer debiera ser un acto que cada ser humano se imponga a s\u00ed mismo para justificar su propia humanidad. No hay dignidad cuando se violenta a una mujer, pero vivimos una \u00e9poca que ha hecho del maltrato f\u00edsico y psicol\u00f3gico contra la mujer su modo de ser. El \u201cD\u00eda Internacional de la Eliminaci\u00f3n de la Violencia contra la Mujer\u201d no debiera ser, por lo mismo, uno de esos tantos d\u00edas con que se marca el calendario para celebrar lo que sea, porque este no es un D\u00eda cualquiera. Es un d\u00eda cuyos or\u00edgenes est\u00e1n manchados con la sangre de tres mujeres valerosas, Patria, Minerva y Mar\u00eda Teresa Mirabal, tres hermanas brutalmente asesinadas a palos por los sicarios del dictador de Rep\u00fablica Dominicana, Rafael Leonidas Trujillo, en el poder durante 31 a\u00f1os, desde 1930 hasta el 30 de mayo de 1961, cuando muere asesinado. Los cuerpos de Patria, Minerva y Mar\u00eda Teresa fueron llevados hasta un autom\u00f3vil y sus asesinos simularon un accidente. Su delito: luchar por la libertad socavada por el tirano.\u00a0\u00a0<\/p>\n","protected":false},"author":162,"featured_media":64972,"comment_status":"closed","ping_status":"closed","sticky":false,"template":"","format":"standard","meta":{"om_disable_all_campaigns":false,"ngg_post_thumbnail":0,"jnews-multi-image_gallery":[],"jnews_single_post":{"subtitle":"D\u00eda Internacional de la Eliminaci\u00f3n de la Violencia contra la Mujer","format":"standard","video":"","gallery":"","source_name":"","source_url":"","via_name":"","via_url":"","override_template":"0","override":[{"template":"4","single_blog_custom":"","parallax":"1","fullscreen":"0","layout":"right-sidebar","sidebar":"default-sidebar","second_sidebar":"default-sidebar","sticky_sidebar":"1","share_position":"bottom","share_float_style":"share-monocrhome","show_share_counter":"1","show_view_counter":"1","show_featured":"1","show_post_meta":"1","show_post_author":"1","show_post_author_image":"1","show_post_date":"1","post_date_format":"default","post_date_format_custom":"Y\/m\/d","show_post_category":"1","show_post_reading_time":"0","post_reading_time_wpm":"300","show_zoom_button":"0","zoom_button_out_step":"2","zoom_button_in_step":"3","show_post_tag":"1","show_prev_next_post":"1","show_popup_post":"1","number_popup_post":"1","show_author_box":"1","show_post_related":"0","show_inline_post_related":"0"}],"override_image_size":"0","image_override":[{"single_post_thumbnail_size":"no-crop","single_post_gallery_size":"crop-500"}],"trending_post":"0","trending_post_position":"meta","trending_post_label":"Trending","sponsored_post":"0","sponsored_post_label":"Sponsored by","sponsored_post_name":"","sponsored_post_url":"","sponsored_post_logo_enable":"0","sponsored_post_logo":"","sponsored_post_desc":"","disable_ad":"0"},"jnews_primary_category":{"id":"","hide":""},"jnews_social_meta":{"fb_title":"","fb_description":"","fb_image":"","twitter_title":"","twitter_description":"","twitter_image":""},"jnews_override_counter":{"override_view_counter":"0","view_counter_number":"0","override_share_counter":"0","share_counter_number":"0","override_like_counter":"0","like_counter_number":"0","override_dislike_counter":"0","dislike_counter_number":"0"},"footnotes":""},"categories":[1637],"tags":[12966,5079,7633,5081],"class_list":["post-64970","post","type-post","status-publish","format-standard","has-post-thumbnail","hentry","category-apuntes","tag-dia-internacional-de-la-eliminacion-de-la-violencia-contra-la-mujer","tag-diez-de-cada-diez","tag-feministas","tag-violencia-contra-la-mujer"],"yoast_head":"<!-- This site is optimized with the Yoast SEO plugin v27.5 - https:\/\/yoast.com\/product\/yoast-seo-wordpress\/ -->\n<title>Un D\u00eda para todos los D\u00edas - Cooltivarte Portal<\/title>\n<meta name=\"description\" content=\"Hay d\u00edas que debieran ser todos los d\u00edas. Como este, por ejemplo, el \u201cD\u00eda Internacional de la Eliminaci\u00f3n de la Violencia contra la Mujer\u201d. El respeto y admiraci\u00f3n por la mujer debiera ser un acto que cada ser humano se imponga a s\u00ed mismo para justificar su propia humanidad.\" \/>\n<meta name=\"robots\" content=\"index, follow, max-snippet:-1, max-image-preview:large, max-video-preview:-1\" \/>\n<link rel=\"canonical\" href=\"https:\/\/cooltivarte.com\/portal\/un-dia-para-todos-los-dias\/\" \/>\n<meta property=\"og:locale\" content=\"es_ES\" \/>\n<meta property=\"og:type\" content=\"article\" \/>\n<meta property=\"og:title\" content=\"Un D\u00eda para todos los D\u00edas - Cooltivarte Portal\" \/>\n<meta property=\"og:description\" content=\"Hay d\u00edas que debieran ser todos los d\u00edas. Como este, por ejemplo, el \u201cD\u00eda Internacional de la Eliminaci\u00f3n de la Violencia contra la Mujer\u201d. El respeto y admiraci\u00f3n por la mujer debiera ser un acto que cada ser humano se imponga a s\u00ed mismo para justificar su propia humanidad.\" \/>\n<meta property=\"og:url\" content=\"https:\/\/cooltivarte.com\/portal\/un-dia-para-todos-los-dias\/\" \/>\n<meta property=\"og:site_name\" content=\"Cooltivarte Portal\" \/>\n<meta property=\"article:publisher\" content=\"https:\/\/www.facebook.com\/cooltivartecom\/\" \/>\n<meta property=\"article:author\" content=\"https:\/\/www.facebook.com\/profile.php?id=1043831024\" \/>\n<meta property=\"article:published_time\" content=\"2020-11-25T13:04:51+00:00\" \/>\n<meta property=\"article:modified_time\" content=\"2024-03-08T17:00:08+00:00\" \/>\n<meta property=\"og:image\" content=\"https:\/\/cooltivarte.com\/portal\/wp-content\/uploads\/2020\/11\/diez-de-cada-diez-en-plaza-liberta-montevideo-foto-federico-meneses.jpg\" \/>\n\t<meta property=\"og:image:width\" content=\"1024\" \/>\n\t<meta property=\"og:image:height\" content=\"684\" \/>\n\t<meta property=\"og:image:type\" content=\"image\/jpeg\" \/>\n<meta name=\"author\" content=\"Alejandro Carre\u00f1o T.\" \/>\n<meta name=\"twitter:card\" content=\"summary_large_image\" \/>\n<meta name=\"twitter:creator\" content=\"@https:\/\/twitter.com\/acarrenot\" \/>\n<meta name=\"twitter:site\" content=\"@obolocultural\" \/>\n<meta name=\"twitter:label1\" content=\"Escrito por\" \/>\n\t<meta name=\"twitter:data1\" content=\"Alejandro Carre\u00f1o T.\" \/>\n\t<meta name=\"twitter:label2\" content=\"Tiempo de lectura\" \/>\n\t<meta name=\"twitter:data2\" content=\"6 minutos\" \/>\n<!-- \/ Yoast SEO plugin. -->","yoast_head_json":{"title":"Un D\u00eda para todos los D\u00edas - Cooltivarte Portal","description":"Hay d\u00edas que debieran ser todos los d\u00edas. Como este, por ejemplo, el \u201cD\u00eda Internacional de la Eliminaci\u00f3n de la Violencia contra la Mujer\u201d. El respeto y admiraci\u00f3n por la mujer debiera ser un acto que cada ser humano se imponga a s\u00ed mismo para justificar su propia humanidad.","robots":{"index":"index","follow":"follow","max-snippet":"max-snippet:-1","max-image-preview":"max-image-preview:large","max-video-preview":"max-video-preview:-1"},"canonical":"https:\/\/cooltivarte.com\/portal\/un-dia-para-todos-los-dias\/","og_locale":"es_ES","og_type":"article","og_title":"Un D\u00eda para todos los D\u00edas - Cooltivarte Portal","og_description":"Hay d\u00edas que debieran ser todos los d\u00edas. Como este, por ejemplo, el \u201cD\u00eda Internacional de la Eliminaci\u00f3n de la Violencia contra la Mujer\u201d. El respeto y admiraci\u00f3n por la mujer debiera ser un acto que cada ser humano se imponga a s\u00ed mismo para justificar su propia humanidad.","og_url":"https:\/\/cooltivarte.com\/portal\/un-dia-para-todos-los-dias\/","og_site_name":"Cooltivarte Portal","article_publisher":"https:\/\/www.facebook.com\/cooltivartecom\/","article_author":"https:\/\/www.facebook.com\/profile.php?id=1043831024","article_published_time":"2020-11-25T13:04:51+00:00","article_modified_time":"2024-03-08T17:00:08+00:00","og_image":[{"width":1024,"height":684,"url":"https:\/\/cooltivarte.com\/portal\/wp-content\/uploads\/2020\/11\/diez-de-cada-diez-en-plaza-liberta-montevideo-foto-federico-meneses.jpg","type":"image\/jpeg"}],"author":"Alejandro Carre\u00f1o T.","twitter_card":"summary_large_image","twitter_creator":"@https:\/\/twitter.com\/acarrenot","twitter_site":"@obolocultural","twitter_misc":{"Escrito por":"Alejandro Carre\u00f1o T.","Tiempo de lectura":"6 minutos"},"schema":{"@context":"https:\/\/schema.org","@graph":[{"@type":"NewsArticle","@id":"https:\/\/cooltivarte.com\/portal\/un-dia-para-todos-los-dias\/#article","isPartOf":{"@id":"https:\/\/cooltivarte.com\/portal\/un-dia-para-todos-los-dias\/"},"author":{"name":"Alejandro Carre\u00f1o T.","@id":"https:\/\/cooltivarte.com\/portal\/#\/schema\/person\/852d98c305909ce7eac4c8e64713ac6c"},"headline":"Un D\u00eda para todos los D\u00edas","datePublished":"2020-11-25T13:04:51+00:00","dateModified":"2024-03-08T17:00:08+00:00","mainEntityOfPage":{"@id":"https:\/\/cooltivarte.com\/portal\/un-dia-para-todos-los-dias\/"},"wordCount":1224,"publisher":{"@id":"https:\/\/cooltivarte.com\/portal\/#organization"},"image":{"@id":"https:\/\/cooltivarte.com\/portal\/un-dia-para-todos-los-dias\/#primaryimage"},"thumbnailUrl":"https:\/\/cooltivarte.com\/portal\/wp-content\/uploads\/2020\/11\/diez-de-cada-diez-en-plaza-liberta-montevideo-foto-federico-meneses.jpg","keywords":["D\u00eda Internacional de la Eliminaci\u00f3n de la Violencia contra la Mujer","Diez de cada diez","feministas","Violencia contra la mujer"],"articleSection":["Apuntes"],"inLanguage":"es-AR"},{"@type":"WebPage","@id":"https:\/\/cooltivarte.com\/portal\/un-dia-para-todos-los-dias\/","url":"https:\/\/cooltivarte.com\/portal\/un-dia-para-todos-los-dias\/","name":"Un D\u00eda para todos los D\u00edas - Cooltivarte Portal","isPartOf":{"@id":"https:\/\/cooltivarte.com\/portal\/#website"},"primaryImageOfPage":{"@id":"https:\/\/cooltivarte.com\/portal\/un-dia-para-todos-los-dias\/#primaryimage"},"image":{"@id":"https:\/\/cooltivarte.com\/portal\/un-dia-para-todos-los-dias\/#primaryimage"},"thumbnailUrl":"https:\/\/cooltivarte.com\/portal\/wp-content\/uploads\/2020\/11\/diez-de-cada-diez-en-plaza-liberta-montevideo-foto-federico-meneses.jpg","datePublished":"2020-11-25T13:04:51+00:00","dateModified":"2024-03-08T17:00:08+00:00","description":"Hay d\u00edas que debieran ser todos los d\u00edas. Como este, por ejemplo, el \u201cD\u00eda Internacional de la Eliminaci\u00f3n de la Violencia contra la Mujer\u201d. El respeto y admiraci\u00f3n por la mujer debiera ser un acto que cada ser humano se imponga a s\u00ed mismo para justificar su propia humanidad.","breadcrumb":{"@id":"https:\/\/cooltivarte.com\/portal\/un-dia-para-todos-los-dias\/#breadcrumb"},"inLanguage":"es-AR","potentialAction":[{"@type":"ReadAction","target":["https:\/\/cooltivarte.com\/portal\/un-dia-para-todos-los-dias\/"]}]},{"@type":"ImageObject","inLanguage":"es-AR","@id":"https:\/\/cooltivarte.com\/portal\/un-dia-para-todos-los-dias\/#primaryimage","url":"https:\/\/cooltivarte.com\/portal\/wp-content\/uploads\/2020\/11\/diez-de-cada-diez-en-plaza-liberta-montevideo-foto-federico-meneses.jpg","contentUrl":"https:\/\/cooltivarte.com\/portal\/wp-content\/uploads\/2020\/11\/diez-de-cada-diez-en-plaza-liberta-montevideo-foto-federico-meneses.jpg","width":1024,"height":684,"caption":"diez de cada diez en plaza liberta montevideo foto federico meneses"},{"@type":"BreadcrumbList","@id":"https:\/\/cooltivarte.com\/portal\/un-dia-para-todos-los-dias\/#breadcrumb","itemListElement":[{"@type":"ListItem","position":1,"name":"Portada","item":"https:\/\/cooltivarte.com\/portal\/"},{"@type":"ListItem","position":2,"name":"Un D\u00eda para todos los D\u00edas"}]},{"@type":"WebSite","@id":"https:\/\/cooltivarte.com\/portal\/#website","url":"https:\/\/cooltivarte.com\/portal\/","name":"Cooltivarte Portal","description":"Arte, cultura y turismo para el mundo ...","publisher":{"@id":"https:\/\/cooltivarte.com\/portal\/#organization"},"potentialAction":[{"@type":"SearchAction","target":{"@type":"EntryPoint","urlTemplate":"https:\/\/cooltivarte.com\/portal\/?s={search_term_string}"},"query-input":{"@type":"PropertyValueSpecification","valueRequired":true,"valueName":"search_term_string"}}],"inLanguage":"es-AR"},{"@type":"Organization","@id":"https:\/\/cooltivarte.com\/portal\/#organization","name":"cooltivarte","url":"https:\/\/cooltivarte.com\/portal\/","logo":{"@type":"ImageObject","inLanguage":"es-AR","@id":"https:\/\/cooltivarte.com\/portal\/#\/schema\/logo\/image\/","url":"https:\/\/cooltivarte.com\/portal\/wp-content\/uploads\/2020\/04\/logo-cooltivarte-v2.png","contentUrl":"https:\/\/cooltivarte.com\/portal\/wp-content\/uploads\/2020\/04\/logo-cooltivarte-v2.png","width":851,"height":243,"caption":"cooltivarte"},"image":{"@id":"https:\/\/cooltivarte.com\/portal\/#\/schema\/logo\/image\/"},"sameAs":["https:\/\/www.facebook.com\/cooltivartecom\/","https:\/\/x.com\/obolocultural","https:\/\/www.instagram.com\/_cooltivarte_\/","https:\/\/www.linkedin.com\/company\/-bolocultural?reportsuccess=8zaNG1HwhPbAR9iQhZ5rfGeqz_vQFftHun0ZWU0Wy9vNemRJ8vtcKdJvzQfW8XagyOJSKg0XvfJ1dp","https:\/\/www.pinterest.com\/cooltivarte\/","https:\/\/cooltivarte.tumblr.com\/","https:\/\/www.tiktok.com\/@cooltivarte","https:\/\/www.youtube.com\/@PrensaCooltivarte"]},{"@type":"Person","@id":"https:\/\/cooltivarte.com\/portal\/#\/schema\/person\/852d98c305909ce7eac4c8e64713ac6c","name":"Alejandro Carre\u00f1o T.","image":{"@type":"ImageObject","inLanguage":"es-AR","@id":"https:\/\/cooltivarte.com\/portal\/wp-content\/uploads\/2020\/07\/Alejandro-Carre\u00f1o.jpg","url":"https:\/\/cooltivarte.com\/portal\/wp-content\/uploads\/2020\/07\/Alejandro-Carre\u00f1o.jpg","contentUrl":"https:\/\/cooltivarte.com\/portal\/wp-content\/uploads\/2020\/07\/Alejandro-Carre\u00f1o.jpg","caption":"Alejandro Carre\u00f1o T."},"description":"Profesor de Castellano, Mag\u00edster en Comunicaci\u00f3n y Semi\u00f3tica y Doctor en Comunicaci\u00f3n. Acad\u00e9mico en Brasil y en su Chile natal. Columnista y ensayista. Lleva adelante en Youtube su canal \u201cDe Carre\u00f1o a los libros\u201d, donde aborda temas de Literatura, Educaci\u00f3n y Cultura.","sameAs":["https:\/\/www.facebook.com\/profile.php?id=1043831024","https:\/\/www.instagram.com\/_cooltivarte_\/","https:\/\/www.linkedin.com\/company\/-bolocultural","https:\/\/www.pinterest.com\/cooltivarte","https:\/\/x.com\/https:\/\/twitter.com\/acarrenot","https:\/\/www.youtube.com\/@PrensaCooltivarte","https:\/\/www.tumblr.com\/blog\/cooltivarte"],"url":"https:\/\/cooltivarte.com\/portal\/author\/alejandro-careno\/"}]}},"_links":{"self":[{"href":"https:\/\/cooltivarte.com\/portal\/wp-json\/wp\/v2\/posts\/64970","targetHints":{"allow":["GET"]}}],"collection":[{"href":"https:\/\/cooltivarte.com\/portal\/wp-json\/wp\/v2\/posts"}],"about":[{"href":"https:\/\/cooltivarte.com\/portal\/wp-json\/wp\/v2\/types\/post"}],"author":[{"embeddable":true,"href":"https:\/\/cooltivarte.com\/portal\/wp-json\/wp\/v2\/users\/162"}],"replies":[{"embeddable":true,"href":"https:\/\/cooltivarte.com\/portal\/wp-json\/wp\/v2\/comments?post=64970"}],"version-history":[{"count":6,"href":"https:\/\/cooltivarte.com\/portal\/wp-json\/wp\/v2\/posts\/64970\/revisions"}],"predecessor-version":[{"id":100369,"href":"https:\/\/cooltivarte.com\/portal\/wp-json\/wp\/v2\/posts\/64970\/revisions\/100369"}],"wp:featuredmedia":[{"embeddable":true,"href":"https:\/\/cooltivarte.com\/portal\/wp-json\/wp\/v2\/media\/64972"}],"wp:attachment":[{"href":"https:\/\/cooltivarte.com\/portal\/wp-json\/wp\/v2\/media?parent=64970"}],"wp:term":[{"taxonomy":"category","embeddable":true,"href":"https:\/\/cooltivarte.com\/portal\/wp-json\/wp\/v2\/categories?post=64970"},{"taxonomy":"post_tag","embeddable":true,"href":"https:\/\/cooltivarte.com\/portal\/wp-json\/wp\/v2\/tags?post=64970"}],"curies":[{"name":"wp","href":"https:\/\/api.w.org\/{rel}","templated":true}]}}