{"id":64526,"date":"2020-11-06T14:06:46","date_gmt":"2020-11-06T17:06:46","guid":{"rendered":"https:\/\/cooltivarte.com\/portal\/?p=64526"},"modified":"2020-11-30T10:15:36","modified_gmt":"2020-11-30T13:15:36","slug":"estela-magnone-en-magnolio-sala-presentacion-de-siestas-de-mar-de-fondo","status":"publish","type":"post","link":"https:\/\/cooltivarte.com\/portal\/estela-magnone-en-magnolio-sala-presentacion-de-siestas-de-mar-de-fondo\/","title":{"rendered":"ESTELA MAGNONE EN MAGNOLIO SALA &#8211; Presentaci\u00f3n de SIESTAS DE MAR DE FONDO"},"content":{"rendered":"<p><strong><a href=\"https:\/\/cooltivarte.com\/portal\/?s=Estela+Magnone\" target=\"_blank\" rel=\"noopener\">ESTELA MAGNONE<\/a><\/strong><\/p>\n<p><strong>Solista Femenina del A\u00f1o (<a href=\"https:\/\/cooltivarte.com\/portal\/?s=Premio+Graffiti+2020\" target=\"_blank\" rel=\"noopener\">Premio Graffiti 2020<\/a>) presenta su disco SIESTAS DE MAR DE FONDO (Bizarro, 2019)<\/strong><\/p>\n<p>&nbsp;<\/p>\n<p><strong>Letras de <a href=\"https:\/\/cooltivarte.com\/portal\/?s=Eduardo+Mateo\" target=\"_blank\" rel=\"noopener\">Eduardo Mateo<\/a> musicalizadas por <a href=\"https:\/\/cooltivarte.com\/portal\/?s=Estela+Magnone\" target=\"_blank\" rel=\"noopener\">Estela Magnone<\/a><\/strong><\/p>\n<p><strong>26 de noviembre, 21 hs., Magnolio Sala<\/strong><\/p>\n<p><strong>Entradas en venta por <a href=\"https:\/\/tickantel.com.uy\/inicio\/buscar?0&amp;texto=estela+magnone\" target=\"_blank\" rel=\"noopener\">Tickantel<\/a><\/strong><\/p>\n<p>&nbsp;<\/p>\n<p>Estela Magnone presenta oficialmente su disco \u201c<em><strong>Siestas de Mar de Fondo<\/strong><\/em>\u201d, editado por Bizarro (2019), y que le valiera el premio Graffiti 2020 a Solista Femenina del A\u00f1o. Un \u00e1lbum en donde la artista re\u00fane todas sus coautor\u00edas realizadas con el m\u00fasico Eduardo Mateo.<\/p>\n<p>Nuevas versiones, canciones in\u00e9ditas y un bonus track del tema &#8220;Siestas de Mar de Fondo&#8221;, en un registro de ensayo de ambos m\u00fasicos.<\/p>\n<p>La presentaci\u00f3n ser\u00e1 el pr\u00f3ximo 26 de noviembre a las 21 horas en Magnolio Sala.<\/p>\n<p>Acompa\u00f1ar\u00e1n a Estela los m\u00fasicos Fabi\u00e1n Marquisio y Pablo &#8220;Moyi&#8221; Figueira.<\/p>\n<p>&nbsp;<\/p>\n<p style=\"text-align: center;\"><iframe src=\"https:\/\/www.youtube.com\/embed\/YasCdTQummI\" allowfullscreen=\"allowfullscreen\" width=\"560\" height=\"315\" frameborder=\"0\"><\/iframe><\/p>\n<p>&nbsp;<\/p>\n<p><span style=\"color: #000000; font-family: georgia, serif; font-size: large;\"><i><b>Ha dicho la cr\u00edtica:<\/b><\/i><\/span><\/p>\n<p><span style=\"color: #000000; font-family: georgia, serif;\"><i>\u201cAl hojear el librito con las letras caemos en la cuenta de que son de esas que nunca sobraron, y ahora mucho menos; due\u00f1as de versos que hay que releer, ya no para entender sino para admirar. La m\u00fasica las lleva sin forzarlas, van de la mano con tranquilidad, como novios por la rambla en una tarde soleada, y si bien cualquiera se da cuenta de que es de ahora \u2013por el uso de las programaciones, que suenan a siglo XXI y no a los 80\u2013, tiene un aura descolgada, fuera de tiempo y espacio\u201d.&nbsp;<\/i><b><a href=\"https:\/\/ladiaria.com.uy\/cultura\/articulo\/2019\/6\/canciones-para-renacer-siestas-de-mar-de-fondo-de-estela-magnone\/\" target=\"_blank\" rel=\"noopener\" data-saferedirecturl=\"https:\/\/www.google.com\/url?q=https:\/\/ladiaria.com.uy\/cultura\/articulo\/2019\/6\/canciones-para-renacer-siestas-de-mar-de-fondo-de-estela-magnone\/&amp;source=gmail&amp;ust=1604752834253000&amp;usg=AFQjCNGlQxCmeAV4T-0jqWhrDDTY8Mi6iw\">Ignacio Mart\u00ednez, La Diaria.<\/a><\/b><\/span><i> <\/i><\/p>\n<p>&nbsp;<\/p>\n<p><i><span style=\"color: #000000; font-family: georgia, serif;\">\u201cEstela es la m\u00fasica mujer femenina uruguaya m\u00e1s talentosa que he conocido, una autora impresionante, una melodista impresionante, parte de una estirpe de m\u00fasicos. <\/span><\/i><\/p>\n<p><span style=\"color: #000000; font-family: georgia, serif;\"><i>Enormes melod\u00edas de siempre en Estela, tambi\u00e9n en este disco con Eduardo Mateo, Siestas de Mar de Fondo, es m\u00fasica por \u201clo alto\u201d. Uno de los discos m\u00e1s Mateo de todos los discos que han grabado los seguidores de Mateo\u201d.<\/i> <b><a href=\"https:\/\/www.enperspectiva.net\/en-perspectiva-programa\/cultura\/en-primera-fila\/eduardo-rivero-presenta-siestas-mar-fondo-ultimo-disco-estela-magnone\/\" target=\"_blank\" rel=\"noopener\" data-saferedirecturl=\"https:\/\/www.google.com\/url?q=https:\/\/www.enperspectiva.net\/en-perspectiva-programa\/cultura\/en-primera-fila\/eduardo-rivero-presenta-siestas-mar-fondo-ultimo-disco-estela-magnone\/&amp;source=gmail&amp;ust=1604752834253000&amp;usg=AFQjCNED3g4XpogGIuB6EobbqKqlBKdONQ\">Eduardo Rivero, En Perspectiva,Radiomundo.<\/a><\/b><\/span><\/p>\n<p><span style=\"color: #000000;\">&nbsp;<\/span><\/p>\n<p><span style=\"color: #000000; font-family: georgia, serif;\"><i>\u201cAl ponerles m\u00fasica a esas letras, no dej\u00f3 ni por un momento de ser ella, la de la voz firme y eternamente adolescente, la de la ye fuerte que vibra en la mitad del paladar, la que nunca concede ni un mil\u00edmetro al facilismo demag\u00f3gico, pero logra resultados a la vez sofisticados y pegadizos (algo bastante dif\u00edcil)\u2026parecer\u00eda que las letras fueran de Estela; no porque no se reconozca en ellas a su autor, sino porque las m\u00fasicas parecen haber surgido simult\u00e1neamente, del mismo impulso original&#8221;.&nbsp;<\/i><b><a href=\"https:\/\/www.enperspectiva.net\/en-perspectiva-programa\/cultura\/en-primera-fila\/eduardo-rivero-presenta-siestas-mar-fondo-ultimo-disco-estela-magnone\/\" target=\"_blank\" rel=\"noopener\" data-saferedirecturl=\"https:\/\/www.google.com\/url?q=https:\/\/www.enperspectiva.net\/en-perspectiva-programa\/cultura\/en-primera-fila\/eduardo-rivero-presenta-siestas-mar-fondo-ultimo-disco-estela-magnone\/&amp;source=gmail&amp;ust=1604752834253000&amp;usg=AFQjCNED3g4XpogGIuB6EobbqKqlBKdONQ\">Guillermo Lamolle, Semanario Brecha<\/a><\/b><\/span><\/p>\n<p><i><span style=\"font-family: georgia, serif;\">&nbsp;<\/span><\/i><\/p>\n<p><span style=\"color: #000000; font-family: georgia, serif;\"><i>\u201cLos elementos que maniobra Magnone en Siestas de Mar de Fondo se complementan como desplegados por una orfebre. Todo parece ubicado en su lugar y, asimismo, todo suena et\u00e9reo, on\u00edrico, un pop, digamos, irreal\u2026. Eduardo Mateo, su genio, sigue habitando otras voces, otras entonaciones, ideas, pensamientos, a casi 30 a\u00f1os de su muerte. El disco de Estela Magnone es una nueva y hermos\u00edsima instancia de esa obstinada permanencia\u201d. <\/i><b><a href=\"https:\/\/www.pagina12.com.ar\/204486-las-canciones-luminosas\" target=\"_blank\" rel=\"noopener\" data-saferedirecturl=\"https:\/\/www.google.com\/url?q=https:\/\/www.pagina12.com.ar\/204486-las-canciones-luminosas&amp;source=gmail&amp;ust=1604752834253000&amp;usg=AFQjCNFd6UrpuFz9iMTBwNDY1F5BALTWOA\">Mariano del Mazo, P\u00e1gina 12<\/a><\/b><\/span><\/p>\n<p>&nbsp;<\/p>\n<p>&nbsp;<\/p>\n<p><span style=\"font-family: georgia, serif;\"><span style=\"color: #000000;\"><i>&#8220;El uso de secuencias, reverb y bater\u00edas programadas se va entrelazando con las originales melod\u00edas de unas mejores arregladoras vocales de la m\u00fasica uruguaya. \u201cAcacias\u201d, \u201cLlama\u201d y \u201cPolaroid\u201d destacan por las letras llenas de im\u00e1genes que propon\u00eda Mateo. El disco cierra con una grabaci\u00f3n casera de \u201cSiestas de mar de fondo\u201d a cargo de Mateo y Magnone. Todo un tesoro para los amantes de la m\u00fasica uruguaya\u201d.&nbsp;&nbsp;<\/i><\/span><b><a href=\"https:\/\/www.tvshow.com.uy\/musica\/nuevo-disco-estela-magnone-rescata-coautorias-eduardo-mateo.html\" target=\"_blank\" rel=\"noopener\" data-saferedirecturl=\"https:\/\/www.google.com\/url?q=https:\/\/www.tvshow.com.uy\/musica\/nuevo-disco-estela-magnone-rescata-coautorias-eduardo-mateo.html&amp;source=gmail&amp;ust=1604752834253000&amp;usg=AFQjCNEaXNYCcLpjTOi_iyBqEdK51gqWrQ\">Rodrigo Guerra, El Pa\u00eds&nbsp; <\/a>&nbsp;&nbsp;<\/b><\/span><\/p>\n<p>&nbsp;<\/p>\n<p><a href=\"https:\/\/open.spotify.com\/user\/12139376885?si=d71zZd3FRyeFLecwfoB8YQ\" target=\"_blank\" rel=\"noopener\">https:\/\/open.spotify.com<\/a><\/p>\n<p><a href=\"https:\/\/www.instagram.com\/estelamagnoneoficial\/\" target=\"_blank\" rel=\"noopener\">https:\/\/www.instagram.com\/estelamagnoneoficial\/<\/a><\/p>\n<p>&nbsp;<\/p>\n<p>&nbsp;<\/p>\n<p>&nbsp;<\/p>\n<p>&nbsp;<\/p>\n","protected":false},"excerpt":{"rendered":"<p>ESTELA MAGNONE Solista Femenina del A\u00f1o (Premio Graffiti 2020) presenta su disco SIESTAS DE MAR DE FONDO (Bizarro, 2019) &nbsp; Letras de Eduardo Mateo musicalizadas por Estela Magnone 26 de noviembre, 21 hs., Magnolio Sala Entradas en venta por Tickantel &nbsp; Estela Magnone presenta oficialmente su disco \u201cSiestas de Mar de Fondo\u201d, editado por Bizarro [&hellip;]<\/p>\n","protected":false},"author":8,"featured_media":64528,"comment_status":"closed","ping_status":"closed","sticky":false,"template":"","format":"standard","meta":{"om_disable_all_campaigns":false,"ngg_post_thumbnail":0,"jnews-multi-image_gallery":[],"jnews_single_post":[],"jnews_primary_category":[],"jnews_social_meta":[],"jnews_override_counter":[],"footnotes":""},"categories":[3394],"tags":[546,1267,9759,8613],"class_list":["post-64526","post","type-post","status-publish","format-standard","has-post-thumbnail","hentry","category-eventos","tag-eduardo-mateo","tag-estela-magnone","tag-magnolio-sala","tag-siestas-de-mar-de-fondo"],"yoast_head":"<!-- This site is optimized with the Yoast SEO plugin v27.5 - https:\/\/yoast.com\/product\/yoast-seo-wordpress\/ -->\n<title>ESTELA MAGNONE EN MAGNOLIO SALA - Presentaci\u00f3n de SIESTAS DE MAR DE FONDO - Cooltivarte Portal<\/title>\n<meta name=\"description\" content=\"COOLTIVARTE.COM es un portal digital colaborativo de actualizaci\u00f3n permanente dedicado a difundir el acontecer art\u00edstico y cultural, entrevista artistas, gestores y productores de las diferentes disciplinas del arte, y publicando art\u00edculos de reflexi\u00f3n de producci\u00f3n propia sobre los elementos culturales.\" \/>\n<meta name=\"robots\" content=\"index, follow, max-snippet:-1, max-image-preview:large, max-video-preview:-1\" \/>\n<link rel=\"canonical\" href=\"https:\/\/cooltivarte.com\/portal\/estela-magnone-en-magnolio-sala-presentacion-de-siestas-de-mar-de-fondo\/\" \/>\n<meta property=\"og:locale\" content=\"es_ES\" \/>\n<meta property=\"og:type\" content=\"article\" \/>\n<meta property=\"og:title\" content=\"ESTELA MAGNONE EN MAGNOLIO SALA - Presentaci\u00f3n de SIESTAS DE MAR DE FONDO - Cooltivarte Portal\" \/>\n<meta property=\"og:description\" content=\"COOLTIVARTE.COM es un portal digital colaborativo de actualizaci\u00f3n permanente dedicado a difundir el acontecer art\u00edstico y cultural, entrevista artistas, gestores y productores de las diferentes disciplinas del arte, y publicando art\u00edculos de reflexi\u00f3n de producci\u00f3n propia sobre los elementos culturales.\" \/>\n<meta property=\"og:url\" content=\"https:\/\/cooltivarte.com\/portal\/estela-magnone-en-magnolio-sala-presentacion-de-siestas-de-mar-de-fondo\/\" \/>\n<meta property=\"og:site_name\" content=\"Cooltivarte Portal\" \/>\n<meta property=\"article:publisher\" content=\"https:\/\/www.facebook.com\/cooltivartecom\/\" \/>\n<meta property=\"article:author\" content=\"https:\/\/www.facebook.com\/cooltivartecom\" \/>\n<meta property=\"article:published_time\" content=\"2020-11-06T17:06:46+00:00\" \/>\n<meta property=\"article:modified_time\" content=\"2020-11-30T13:15:36+00:00\" \/>\n<meta property=\"og:image\" content=\"https:\/\/cooltivarte.com\/portal\/wp-content\/uploads\/2020\/11\/Siestas-de-mar-de-fondo-ESTELA-MAGNONE.jpg\" \/>\n\t<meta property=\"og:image:width\" content=\"709\" \/>\n\t<meta property=\"og:image:height\" content=\"399\" \/>\n\t<meta property=\"og:image:type\" content=\"image\/jpeg\" \/>\n<meta name=\"author\" content=\"Cooltivarte\" \/>\n<meta name=\"twitter:card\" content=\"summary_large_image\" \/>\n<meta name=\"twitter:creator\" content=\"@https:\/\/x.com\/obolocultural\" \/>\n<meta name=\"twitter:site\" content=\"@obolocultural\" \/>\n<meta name=\"twitter:label1\" content=\"Escrito por\" \/>\n\t<meta name=\"twitter:data1\" content=\"Cooltivarte\" \/>\n\t<meta name=\"twitter:label2\" content=\"Tiempo de lectura\" \/>\n\t<meta name=\"twitter:data2\" content=\"3 minutos\" \/>\n<!-- \/ Yoast SEO plugin. -->","yoast_head_json":{"title":"ESTELA MAGNONE EN MAGNOLIO SALA - Presentaci\u00f3n de SIESTAS DE MAR DE FONDO - Cooltivarte Portal","description":"COOLTIVARTE.COM es un portal digital colaborativo de actualizaci\u00f3n permanente dedicado a difundir el acontecer art\u00edstico y cultural, entrevista artistas, gestores y productores de las diferentes disciplinas del arte, y publicando art\u00edculos de reflexi\u00f3n de producci\u00f3n propia sobre los elementos culturales.","robots":{"index":"index","follow":"follow","max-snippet":"max-snippet:-1","max-image-preview":"max-image-preview:large","max-video-preview":"max-video-preview:-1"},"canonical":"https:\/\/cooltivarte.com\/portal\/estela-magnone-en-magnolio-sala-presentacion-de-siestas-de-mar-de-fondo\/","og_locale":"es_ES","og_type":"article","og_title":"ESTELA MAGNONE EN MAGNOLIO SALA - Presentaci\u00f3n de SIESTAS DE MAR DE FONDO - Cooltivarte Portal","og_description":"COOLTIVARTE.COM es un portal digital colaborativo de actualizaci\u00f3n permanente dedicado a difundir el acontecer art\u00edstico y cultural, entrevista artistas, gestores y productores de las diferentes disciplinas del arte, y publicando art\u00edculos de reflexi\u00f3n de producci\u00f3n propia sobre los elementos culturales.","og_url":"https:\/\/cooltivarte.com\/portal\/estela-magnone-en-magnolio-sala-presentacion-de-siestas-de-mar-de-fondo\/","og_site_name":"Cooltivarte Portal","article_publisher":"https:\/\/www.facebook.com\/cooltivartecom\/","article_author":"https:\/\/www.facebook.com\/cooltivartecom","article_published_time":"2020-11-06T17:06:46+00:00","article_modified_time":"2020-11-30T13:15:36+00:00","og_image":[{"width":709,"height":399,"url":"https:\/\/cooltivarte.com\/portal\/wp-content\/uploads\/2020\/11\/Siestas-de-mar-de-fondo-ESTELA-MAGNONE.jpg","type":"image\/jpeg"}],"author":"Cooltivarte","twitter_card":"summary_large_image","twitter_creator":"@https:\/\/x.com\/obolocultural","twitter_site":"@obolocultural","twitter_misc":{"Escrito por":"Cooltivarte","Tiempo de lectura":"3 minutos"},"schema":{"@context":"https:\/\/schema.org","@graph":[{"@type":"NewsArticle","@id":"https:\/\/cooltivarte.com\/portal\/estela-magnone-en-magnolio-sala-presentacion-de-siestas-de-mar-de-fondo\/#article","isPartOf":{"@id":"https:\/\/cooltivarte.com\/portal\/estela-magnone-en-magnolio-sala-presentacion-de-siestas-de-mar-de-fondo\/"},"author":{"name":"Cooltivarte","@id":"https:\/\/cooltivarte.com\/portal\/#\/schema\/person\/ec2a4f4e71b740d0c559c0ab9a157e19"},"headline":"ESTELA MAGNONE EN MAGNOLIO SALA &#8211; Presentaci\u00f3n de SIESTAS DE MAR DE FONDO","datePublished":"2020-11-06T17:06:46+00:00","dateModified":"2020-11-30T13:15:36+00:00","mainEntityOfPage":{"@id":"https:\/\/cooltivarte.com\/portal\/estela-magnone-en-magnolio-sala-presentacion-de-siestas-de-mar-de-fondo\/"},"wordCount":615,"publisher":{"@id":"https:\/\/cooltivarte.com\/portal\/#organization"},"image":{"@id":"https:\/\/cooltivarte.com\/portal\/estela-magnone-en-magnolio-sala-presentacion-de-siestas-de-mar-de-fondo\/#primaryimage"},"thumbnailUrl":"https:\/\/cooltivarte.com\/portal\/wp-content\/uploads\/2020\/11\/Siestas-de-mar-de-fondo-ESTELA-MAGNONE.jpg","keywords":["Eduardo Mateo","estela magnone","Magnolio Sala","Siestas de Mar de Fondo"],"articleSection":["Eventos"],"inLanguage":"es-AR"},{"@type":"WebPage","@id":"https:\/\/cooltivarte.com\/portal\/estela-magnone-en-magnolio-sala-presentacion-de-siestas-de-mar-de-fondo\/","url":"https:\/\/cooltivarte.com\/portal\/estela-magnone-en-magnolio-sala-presentacion-de-siestas-de-mar-de-fondo\/","name":"ESTELA MAGNONE EN MAGNOLIO SALA - Presentaci\u00f3n de SIESTAS DE MAR DE FONDO - Cooltivarte Portal","isPartOf":{"@id":"https:\/\/cooltivarte.com\/portal\/#website"},"primaryImageOfPage":{"@id":"https:\/\/cooltivarte.com\/portal\/estela-magnone-en-magnolio-sala-presentacion-de-siestas-de-mar-de-fondo\/#primaryimage"},"image":{"@id":"https:\/\/cooltivarte.com\/portal\/estela-magnone-en-magnolio-sala-presentacion-de-siestas-de-mar-de-fondo\/#primaryimage"},"thumbnailUrl":"https:\/\/cooltivarte.com\/portal\/wp-content\/uploads\/2020\/11\/Siestas-de-mar-de-fondo-ESTELA-MAGNONE.jpg","datePublished":"2020-11-06T17:06:46+00:00","dateModified":"2020-11-30T13:15:36+00:00","description":"COOLTIVARTE.COM es un portal digital colaborativo de actualizaci\u00f3n permanente dedicado a difundir el acontecer art\u00edstico y cultural, entrevista artistas, gestores y productores de las diferentes disciplinas del arte, y publicando art\u00edculos de reflexi\u00f3n de producci\u00f3n propia sobre los elementos culturales.","breadcrumb":{"@id":"https:\/\/cooltivarte.com\/portal\/estela-magnone-en-magnolio-sala-presentacion-de-siestas-de-mar-de-fondo\/#breadcrumb"},"inLanguage":"es-AR","potentialAction":[{"@type":"ReadAction","target":["https:\/\/cooltivarte.com\/portal\/estela-magnone-en-magnolio-sala-presentacion-de-siestas-de-mar-de-fondo\/"]}]},{"@type":"ImageObject","inLanguage":"es-AR","@id":"https:\/\/cooltivarte.com\/portal\/estela-magnone-en-magnolio-sala-presentacion-de-siestas-de-mar-de-fondo\/#primaryimage","url":"https:\/\/cooltivarte.com\/portal\/wp-content\/uploads\/2020\/11\/Siestas-de-mar-de-fondo-ESTELA-MAGNONE.jpg","contentUrl":"https:\/\/cooltivarte.com\/portal\/wp-content\/uploads\/2020\/11\/Siestas-de-mar-de-fondo-ESTELA-MAGNONE.jpg","width":709,"height":399,"caption":"SIESTAS DE MAR DE FONDO (Bizarro, 2019) Letras de Eduardo Mateo musicalizadas por Estela Magnone 26 de noviembre, 21 hs., Magnolio Sala"},{"@type":"BreadcrumbList","@id":"https:\/\/cooltivarte.com\/portal\/estela-magnone-en-magnolio-sala-presentacion-de-siestas-de-mar-de-fondo\/#breadcrumb","itemListElement":[{"@type":"ListItem","position":1,"name":"Portada","item":"https:\/\/cooltivarte.com\/portal\/"},{"@type":"ListItem","position":2,"name":"ESTELA MAGNONE EN MAGNOLIO SALA &#8211; Presentaci\u00f3n de SIESTAS DE MAR DE FONDO"}]},{"@type":"WebSite","@id":"https:\/\/cooltivarte.com\/portal\/#website","url":"https:\/\/cooltivarte.com\/portal\/","name":"Cooltivarte Portal","description":"Arte, cultura y turismo para el mundo ...","publisher":{"@id":"https:\/\/cooltivarte.com\/portal\/#organization"},"potentialAction":[{"@type":"SearchAction","target":{"@type":"EntryPoint","urlTemplate":"https:\/\/cooltivarte.com\/portal\/?s={search_term_string}"},"query-input":{"@type":"PropertyValueSpecification","valueRequired":true,"valueName":"search_term_string"}}],"inLanguage":"es-AR"},{"@type":"Organization","@id":"https:\/\/cooltivarte.com\/portal\/#organization","name":"cooltivarte","url":"https:\/\/cooltivarte.com\/portal\/","logo":{"@type":"ImageObject","inLanguage":"es-AR","@id":"https:\/\/cooltivarte.com\/portal\/#\/schema\/logo\/image\/","url":"https:\/\/cooltivarte.com\/portal\/wp-content\/uploads\/2020\/04\/logo-cooltivarte-v2.png","contentUrl":"https:\/\/cooltivarte.com\/portal\/wp-content\/uploads\/2020\/04\/logo-cooltivarte-v2.png","width":851,"height":243,"caption":"cooltivarte"},"image":{"@id":"https:\/\/cooltivarte.com\/portal\/#\/schema\/logo\/image\/"},"sameAs":["https:\/\/www.facebook.com\/cooltivartecom\/","https:\/\/x.com\/obolocultural","https:\/\/www.instagram.com\/_cooltivarte_\/","https:\/\/www.linkedin.com\/company\/-bolocultural?reportsuccess=8zaNG1HwhPbAR9iQhZ5rfGeqz_vQFftHun0ZWU0Wy9vNemRJ8vtcKdJvzQfW8XagyOJSKg0XvfJ1dp","https:\/\/www.pinterest.com\/cooltivarte\/","https:\/\/cooltivarte.tumblr.com\/","https:\/\/www.tiktok.com\/@cooltivarte","https:\/\/www.youtube.com\/@PrensaCooltivarte"]},{"@type":"Person","@id":"https:\/\/cooltivarte.com\/portal\/#\/schema\/person\/ec2a4f4e71b740d0c559c0ab9a157e19","name":"Cooltivarte","image":{"@type":"ImageObject","inLanguage":"es-AR","@id":"https:\/\/cooltivarte.com\/portal\/wp-content\/uploads\/2014\/05\/logo-cooltivarte-120x120.jpg","url":"https:\/\/cooltivarte.com\/portal\/wp-content\/uploads\/2014\/05\/logo-cooltivarte-120x120.jpg","contentUrl":"https:\/\/cooltivarte.com\/portal\/wp-content\/uploads\/2014\/05\/logo-cooltivarte-120x120.jpg","caption":"Cooltivarte"},"description":"Somos COOLTIVARTE.COM. Un portal digital dedicado a difundir el acontecer art\u00edstico y cultural del Uruguay. Estamos en la vuelta desde el a\u00f1o 2003, y como evoluci\u00f3n del bolet\u00edn Obolo Cultural, nos encontramos abocados a apoyar a los artistas nacionales brind\u00e1ndoles un espacio de difusi\u00f3n. Creemos en la idea de utilizar la potencialidad que hoy d\u00eda nos otorga la web, para que la cultura uruguaya y sus creadores dispongan de una din\u00e1mica ventana, que los ponga en contacto entre s\u00ed y con el mundo. Somos COOLTIVARTE.COM y pretendemos configurarnos como un portal din\u00e1mico, entretenido y atento a los nuevos emprendimientos, que busque siempre la interacci\u00f3n con los artistas.","sameAs":["http:\/\/www.cooltivarte.com","https:\/\/www.facebook.com\/cooltivartecom","https:\/\/www.instagram.com\/_cooltivarte_\/","https:\/\/www.linkedin.com\/company\/-bolocultural","https:\/\/www.pinterest.com\/cooltivarte\/","https:\/\/x.com\/https:\/\/x.com\/obolocultural","https:\/\/www.youtube.com\/@PrensaCooltivarte","https:\/\/www.tumblr.com\/blog\/cooltivarte"],"url":"https:\/\/cooltivarte.com\/portal\/author\/cooltivarte\/"}]}},"_links":{"self":[{"href":"https:\/\/cooltivarte.com\/portal\/wp-json\/wp\/v2\/posts\/64526","targetHints":{"allow":["GET"]}}],"collection":[{"href":"https:\/\/cooltivarte.com\/portal\/wp-json\/wp\/v2\/posts"}],"about":[{"href":"https:\/\/cooltivarte.com\/portal\/wp-json\/wp\/v2\/types\/post"}],"author":[{"embeddable":true,"href":"https:\/\/cooltivarte.com\/portal\/wp-json\/wp\/v2\/users\/8"}],"replies":[{"embeddable":true,"href":"https:\/\/cooltivarte.com\/portal\/wp-json\/wp\/v2\/comments?post=64526"}],"version-history":[{"count":2,"href":"https:\/\/cooltivarte.com\/portal\/wp-json\/wp\/v2\/posts\/64526\/revisions"}],"predecessor-version":[{"id":64529,"href":"https:\/\/cooltivarte.com\/portal\/wp-json\/wp\/v2\/posts\/64526\/revisions\/64529"}],"wp:featuredmedia":[{"embeddable":true,"href":"https:\/\/cooltivarte.com\/portal\/wp-json\/wp\/v2\/media\/64528"}],"wp:attachment":[{"href":"https:\/\/cooltivarte.com\/portal\/wp-json\/wp\/v2\/media?parent=64526"}],"wp:term":[{"taxonomy":"category","embeddable":true,"href":"https:\/\/cooltivarte.com\/portal\/wp-json\/wp\/v2\/categories?post=64526"},{"taxonomy":"post_tag","embeddable":true,"href":"https:\/\/cooltivarte.com\/portal\/wp-json\/wp\/v2\/tags?post=64526"}],"curies":[{"name":"wp","href":"https:\/\/api.w.org\/{rel}","templated":true}]}}