{"id":64324,"date":"2020-10-28T18:16:20","date_gmt":"2020-10-28T21:16:20","guid":{"rendered":"https:\/\/cooltivarte.com\/portal\/?p=64324"},"modified":"2023-09-05T15:53:28","modified_gmt":"2023-09-05T18:53:28","slug":"seleccionados-al-59-premio-nacional-de-artes-visuales","status":"publish","type":"post","link":"https:\/\/cooltivarte.com\/portal\/seleccionados-al-59-premio-nacional-de-artes-visuales\/","title":{"rendered":"Seleccionados al 59\u00b0 Premio Nacional de Artes Visuales"},"content":{"rendered":"<p><img fetchpriority=\"high\" decoding=\"async\" class=\"aligncenter wp-image-64325 size-full\" title=\"Seleccionados al 59\u00b0 Premio Nacional de Artes Visuales\" src=\"https:\/\/cooltivarte.com\/portal\/wp-content\/uploads\/2020\/10\/Seleccionados-al-59-Premio-Nacional-de-Artes-Visuales.jpg\" alt=\"Seleccionados al 59\u00b0 Premio Nacional de Artes Visuales\" width=\"720\" height=\"350\" srcset=\"https:\/\/cooltivarte.com\/portal\/wp-content\/uploads\/2020\/10\/Seleccionados-al-59-Premio-Nacional-de-Artes-Visuales.jpg 720w, https:\/\/cooltivarte.com\/portal\/wp-content\/uploads\/2020\/10\/Seleccionados-al-59-Premio-Nacional-de-Artes-Visuales-300x146.jpg 300w\" sizes=\"(max-width: 720px) 100vw, 720px\" \/><\/p>\n<h2>&nbsp;<\/h2>\n<h2><strong>El jurado resolvi\u00f3 seleccionar 34 obras que ser\u00e1n exhibidas en el Espacio de Arte Contempor\u00e1neo de la Direcci\u00f3n Nacional de Cultura, con el fin de ser evaluadas a efectos de la premiaci\u00f3n.<\/strong><\/h2>\n<p>&nbsp;<\/p>\n<h3><strong>En la ciudad de Montevideo, a los 27 d\u00edas del mes de octubre de 2020, reunidas las se\u00f1oras Elisa P\u00e9rez Buchelli y Florencia Flanagan y el se\u00f1or Mart\u00edn Craciun, jurados designados por Resoluci\u00f3n DNC 0596\/20 del 9 de setiembre de 2020 para integrar el tribunal del 59\u00b0 Premio Nacional de Artes Visuales \u201cMargaret White\u201d en su convocatoria 2020, luego de deliberar sobre las obras concursantes, resuelven seleccionar las siguientes propuestas:<\/strong><\/h3>\n<p><strong><a href=\"https:\/\/cooltivarte.com\/portal\/?s=Manuela+Aldabe+Toribio\" target=\"_blank\" rel=\"noopener\">Manuela Aldabe Toribio<\/a>,<\/strong> Sus ojos eran azules<br \/>\n<a href=\"https:\/\/cooltivarte.com\/portal\/?s=Guadalupe+Ayala+Bergoc\" target=\"_blank\" rel=\"noopener\"><strong>Guadalupe Ayala Bergoc<\/strong><\/a>, Fuerza de lanzamiento (Parte II) Lo que qued\u00f3 despu\u00e9s de m\u00ed<br \/>\n<a href=\"https:\/\/cooltivarte.com\/portal\/?s=Michael+Bahr\" target=\"_blank\" rel=\"noopener\"><strong>Michael Bahr<\/strong><\/a>, El archivo del momento<br \/>\n<a href=\"https:\/\/cooltivarte.com\/portal\/?s=Fernando+Barrios+Boibo\" target=\"_blank\" rel=\"noopener\"><strong>Fernando Barrios Boibo<\/strong><\/a>, Cura Sui<br \/>\n<a href=\"https:\/\/cooltivarte.com\/portal\/?s=Adriana+Belbussi+Figueroa\" target=\"_blank\" rel=\"noopener\"><strong>Adriana Belbussi Figueroa<\/strong><\/a>, solitud<br \/>\n<a href=\"https:\/\/cooltivarte.com\/portal\/?s=Raquel+Bessio\" target=\"_blank\" rel=\"noopener\"><strong>Raquel Bessio<\/strong><\/a>, Marcas del Tiempo<br \/>\n<a href=\"https:\/\/cooltivarte.com\/portal\/?s=Olga+Bettas\" target=\"_blank\" rel=\"noopener\"><strong>Olga Bettas<\/strong><\/a>, Todo est\u00e1 en la Nube<br \/>\n<a href=\"https:\/\/cooltivarte.com\/portal\/?s=Cathy+Burghi\" target=\"_blank\" rel=\"noopener\"><strong>Cathy Burghi<\/strong><\/a>, Animaci\u00f3n sin t\u00edtulo (2020)<br \/>\n<a href=\"https:\/\/cooltivarte.com\/portal\/?s=Matilde+Campod\u00f3nico\" target=\"_blank\" rel=\"noopener\"><strong>Matilde Campod\u00f3nico<\/strong><\/a>, Parece que lo conocido est\u00e1 llegando a su fin.<br \/>\n<a href=\"https:\/\/cooltivarte.com\/portal\/?s=Adela+Casacuberta\" target=\"_blank\" rel=\"noopener\"><strong>Adela Casacuberta<\/strong><\/a>,Cat\u00e1strofe (floraciones)<br \/>\n<strong><a href=\"https:\/\/cooltivarte.com\/portal\/?s=Francesca+Cassariego+Celiberti\" target=\"_blank\" rel=\"noopener\">Francesca Cassariego Celiberti<\/a><\/strong>, Con un nudo en la garganta<br \/>\n<strong><a href=\"https:\/\/cooltivarte.com\/portal\/?s=Martha+Castillo\" target=\"_blank\" rel=\"noopener\">Martha Castillo<\/a><\/strong> Ei ete Mieles genuinas.<br \/>\n<a href=\"https:\/\/cooltivarte.com\/portal\/?s=Alejandro+Cruz\" target=\"_blank\" rel=\"noopener\"><strong>Alejandro Cruz<\/strong><\/a>,&#8221;Fe de erratas, El Camunguero de Jos\u00e9 Belloni&#8221;<br \/>\n<a href=\"https:\/\/cooltivarte.com\/portal\/?s=Yvonne+D+Acosta\" target=\"_blank\" rel=\"noopener\"><strong>Yvonne D Acosta<\/strong><\/a>, Sin t\u00edtulo I<br \/>\n<a href=\"https:\/\/cooltivarte.com\/portal\/?s=Mayra+Da+Silva\" target=\"_blank\" rel=\"noopener\"><strong>Mayra Da Silva<\/strong><\/a>, I put a (white) spell on you \/ Te hice un hechizo blanco<br \/>\n<a href=\"https:\/\/cooltivarte.com\/portal\/?s=Deborah+Elenter\" target=\"_blank\" rel=\"noopener\"><strong>Deborah Elenter<\/strong><\/a> Herida<br \/>\n<a href=\"https:\/\/cooltivarte.com\/portal\/?s=Liliana+Farber\" target=\"_blank\" rel=\"noopener\"><strong>Liliana Farber<\/strong><\/a>, Terram in Aspectu<br \/>\n<strong><a href=\"https:\/\/cooltivarte.com\/portal\/?s=Alejandra+Gonz\u00e1lez+Soca\" target=\"_blank\" rel=\"noopener\">Alejandra Gonz\u00e1lez Soca<\/a><\/strong>, C\u00f3dice herbolario<br \/>\n<a href=\"https:\/\/cooltivarte.com\/portal\/?s=Jacqueline+Lacasa\" target=\"_blank\" rel=\"noopener\"><strong>Jacqueline Lacasa<\/strong><\/a>, La Elefanta<br \/>\n<a href=\"https:\/\/cooltivarte.com\/portal\/?s=Camila+Lacroze\" target=\"_blank\" rel=\"noopener\"><strong>Camila Lacroze<\/strong><\/a> Atit ber\u00e1<br \/>\n<a href=\"https:\/\/cooltivarte.com\/portal\/?s=Victor+Lema+Riqu\u00e9\" target=\"_blank\" rel=\"noopener\"><strong>Victor Lema Riqu\u00e9<\/strong><\/a>, La Direcci\u00f3n del Viento Predominante V (2)<br \/>\n<a href=\"https:\/\/cooltivarte.com\/portal\/?s=Florencia+Mart\u00ednez+Aysa\" target=\"_blank\" rel=\"noopener\"><strong>Florencia Mart\u00ednez Aysa<\/strong><\/a>, Sistema de desplazamiento utilizado por los abrojos: Autostop II<br \/>\n<a href=\"https:\/\/cooltivarte.com\/portal\/?s=Mart\u00edn+Mendizabal\" target=\"_blank\" rel=\"noopener\"><strong>Mart\u00edn Mendizabal<\/strong><\/a>, Sin T\u00edtulo 02 Banderas d\u00edptico<br \/>\n<a href=\"https:\/\/cooltivarte.com\/portal\/?s=Pablo+Mus\u00e9\" target=\"_blank\" rel=\"noopener\"><strong>Pablo Mus\u00e9<\/strong><\/a>, Passio<br \/>\n<a href=\"https:\/\/cooltivarte.com\/portal\/?s=Jos\u00e9+Luis+Parodi\" target=\"_blank\" rel=\"noopener\"><strong>Jos\u00e9 Luis Parodi<\/strong><\/a>, Autorretratos universales<br \/>\n<a href=\"https:\/\/cooltivarte.com\/portal\/?s=Juan+Perazzo\" target=\"_blank\" rel=\"noopener\"><strong>Juan Perazzo<\/strong><\/a>, DFS 1.5<br \/>\n<a href=\"https:\/\/cooltivarte.com\/portal\/?s=Gerardo+Podhajny\" target=\"_blank\" rel=\"noopener\"><strong>Gerardo Podhajny<\/strong><\/a>, Problemas tenemos todos<br \/>\n<a href=\"https:\/\/cooltivarte.com\/portal\/?s=Ernesto+Rizzo\" target=\"_blank\" rel=\"noopener\">Ernesto Rizzo<\/a>, Am\u00e9rica Marica<br \/>\n<strong><a href=\"https:\/\/cooltivarte.com\/portal\/?s=Sebasti\u00e1n+S\u00e1ez\" target=\"_blank\" rel=\"noopener\">Sebasti\u00e1n S\u00e1ez<\/a><\/strong>, Orilla del Miguelete<br \/>\n<strong><a href=\"https:\/\/cooltivarte.com\/portal\/?s=Alejandro+Sequeira\" target=\"_blank\" rel=\"noopener\">Alejandro Sequeira<\/a><\/strong>, Life in progress<br \/>\n<a href=\"https:\/\/cooltivarte.com\/portal\/?s=Jorge+Francisco+Soto\" target=\"_blank\" rel=\"noopener\"><strong>Jorge Francisco Soto<\/strong><\/a>, Proyecto Forward Discurso (1. Ant\u00edtesis blanco y negro, 2. Ant\u00edtesis negro y blanco)<br \/>\n<a href=\"https:\/\/cooltivarte.com\/portal\/?s=Anaclara+Talento\" target=\"_blank\" rel=\"noopener\"><strong>Anaclara Talento<\/strong><\/a>, Cartas a Sebasti\u00e1n, poniendo la memoria a ensayar: (re) guionar &#8211; (re) escenificar &#8211; (re) interpretar. Bueno, inteligente y devastador<br \/>\n<a href=\"https:\/\/cooltivarte.com\/portal\/?s=Francisco+Tomsich\" target=\"_blank\" rel=\"noopener\"><strong>Francisco Tomsich<\/strong><\/a>, Las m\u00e1scaras<br \/>\n<strong><a href=\"https:\/\/cooltivarte.com\/portal\/?s=Fernando+Vel\u00e1zquez+Pe\u00f1a\" target=\"_blank\" rel=\"noopener\">Fernando Vel\u00e1zquez Pe\u00f1a<\/a><\/strong>, De la serie sobre la complejidad, opus 13, after<\/p>\n<p>&nbsp;<\/p>\n<h4><strong>El pr\u00f3ximo 10 de diciembre se inaugurar\u00e1 el 59\u00ba Premio Nacional de Artes Visuales &#8221; Margaret Whyte &#8221; en el Espacio de Arte Contempor\u00e1neo.<\/strong><\/h4>\n<p>&nbsp;<\/p>\n<p>Sobre la artista homenajeada:<\/p>\n<p><a href=\"https:\/\/cooltivarte.com\/portal\/?s=Margaret+Whyte\" target=\"_blank\" rel=\"noopener\"><strong>Margaret Whyte<\/strong><\/a>, estudi\u00f3 en el C\u00edrculo de Bellas Artes e integra desde sus inicios la Fundaci\u00f3n de Arte Contempor\u00e1neo. En su trabajo realiza una deconstrucci\u00f3n del papel de la mujer y utiliza materiales vinculados a lo femenino y sus rituales. Trabaja con acr\u00edlicos, telas, fibras e hilos, geles, aluminio, esculturas blandas e instalaciones.<br \/>\nEs una artista referente en la historia del arte textil uruguayo. Ha recibido numerosos premios y distinciones destac\u00e1ndose el Premio Figari del Ministerio de Educaci\u00f3n y Cultura y Banco Central del Uruguay en el a\u00f1o 2014.Particip\u00f3 en m\u00e1s de 40 exposiciones individuales y colectivas en Uruguay. Su trayectoria est\u00e1 atravesada por una nutrida actividad internacional en pa\u00edses como Argentina, B\u00e9lgica, Espa\u00f1a, Estados Unidos, M\u00e9xico y Holanda. Actualmente vive y trabaja en Uruguay.<\/p>\n<p>&nbsp;<\/p>\n<p>Fuente:&nbsp;<a href=\"https:\/\/www.gub.uy\/ministerio-educacion-cultura\/comunicacion\/noticias\/seleccionados-59-premio-nacional-artes-visuales?fbclid=IwAR3NfSDQLEfEmPcYzhu6gMdk0GEFoVYODMiCMw9KagLy92l6Au8ZKm33E20\" target=\"_blank\" rel=\"noopener\">gub.uy<\/a><\/p>\n<p>&nbsp;<\/p>\n<p>&nbsp;<\/p>\n","protected":false},"excerpt":{"rendered":"<p>&nbsp; El jurado resolvi\u00f3 seleccionar 34 obras que ser\u00e1n exhibidas en el Espacio de Arte Contempor\u00e1neo de la Direcci\u00f3n Nacional de Cultura, con el fin de ser evaluadas a efectos de la premiaci\u00f3n. &nbsp; En la ciudad de Montevideo, a los 27 d\u00edas del mes de octubre de 2020, reunidas las se\u00f1oras Elisa P\u00e9rez Buchelli [&hellip;]<\/p>\n","protected":false},"author":8,"featured_media":64325,"comment_status":"closed","ping_status":"closed","sticky":false,"template":"","format":"standard","meta":{"om_disable_all_campaigns":false,"ngg_post_thumbnail":0,"jnews-multi-image_gallery":[],"jnews_single_post":{"subtitle":"Espacio de Arte Contempor\u00e1neo","format":"standard","video":"","gallery":"","source_name":"","source_url":"","via_name":"","via_url":"","override_template":"0","override":[{"template":"4","single_blog_custom":"","parallax":"1","fullscreen":"0","layout":"right-sidebar","sidebar":"default-sidebar","second_sidebar":"default-sidebar","sticky_sidebar":"1","share_position":"bottom","share_float_style":"share-monocrhome","show_share_counter":"1","show_view_counter":"1","show_featured":"1","show_post_meta":"1","show_post_author":"1","show_post_author_image":"1","show_post_date":"1","post_date_format":"default","post_date_format_custom":"Y\/m\/d","show_post_category":"1","show_post_reading_time":"0","post_reading_time_wpm":"300","show_zoom_button":"0","zoom_button_out_step":"2","zoom_button_in_step":"3","show_post_tag":"1","show_prev_next_post":"1","show_popup_post":"1","number_popup_post":"1","show_author_box":"1","show_post_related":"0","show_inline_post_related":"0"}],"override_image_size":"0","image_override":[{"single_post_thumbnail_size":"no-crop","single_post_gallery_size":"crop-500"}],"trending_post":"0","trending_post_position":"meta","trending_post_label":"Trending","sponsored_post":"0","sponsored_post_label":"Sponsored by","sponsored_post_name":"","sponsored_post_url":"","sponsored_post_logo_enable":"0","sponsored_post_logo":"","sponsored_post_desc":"","disable_ad":"0"},"jnews_primary_category":{"id":"","hide":""},"jnews_social_meta":{"fb_title":"","fb_description":"","fb_image":"","twitter_title":"","twitter_description":"","twitter_image":""},"jnews_override_counter":{"override_view_counter":"0","view_counter_number":"0","override_share_counter":"0","share_counter_number":"0","override_like_counter":"0","like_counter_number":"0","override_dislike_counter":"0","dislike_counter_number":"0"},"footnotes":""},"categories":[52],"tags":[84,841,408,1118,12782,248],"class_list":["post-64324","post","type-post","status-publish","format-standard","has-post-thumbnail","hentry","category-artista","tag-arte","tag-arte-contemporaneo","tag-artes-visuales","tag-direccion-nacional-de-cultura","tag-margaret-white","tag-premio-nacional-de-artes-visuales"],"yoast_head":"<!-- This site is optimized with the Yoast SEO plugin v27.5 - https:\/\/yoast.com\/product\/yoast-seo-wordpress\/ -->\n<title>Seleccionados al 59\u00b0 Premio Nacional de Artes Visuales - Cooltivarte Portal<\/title>\n<meta name=\"description\" content=\"El jurado resolvi\u00f3 seleccionar 34 obras que ser\u00e1n exhibidas en el Espacio de Arte Contempor\u00e1neo de la Direcci\u00f3n Nacional de Cultura, con el fin de ser evaluadas a efectos de la premiaci\u00f3n.\" \/>\n<meta name=\"robots\" content=\"index, follow, max-snippet:-1, max-image-preview:large, max-video-preview:-1\" \/>\n<link rel=\"canonical\" href=\"https:\/\/cooltivarte.com\/portal\/seleccionados-al-59-premio-nacional-de-artes-visuales\/\" \/>\n<meta property=\"og:locale\" content=\"es_ES\" \/>\n<meta property=\"og:type\" content=\"article\" \/>\n<meta property=\"og:title\" content=\"Seleccionados al 59\u00b0 Premio Nacional de Artes Visuales - Cooltivarte Portal\" \/>\n<meta property=\"og:description\" content=\"El jurado resolvi\u00f3 seleccionar 34 obras que ser\u00e1n exhibidas en el Espacio de Arte Contempor\u00e1neo de la Direcci\u00f3n Nacional de Cultura, con el fin de ser evaluadas a efectos de la premiaci\u00f3n.\" \/>\n<meta property=\"og:url\" content=\"https:\/\/cooltivarte.com\/portal\/seleccionados-al-59-premio-nacional-de-artes-visuales\/\" \/>\n<meta property=\"og:site_name\" content=\"Cooltivarte Portal\" \/>\n<meta property=\"article:publisher\" content=\"https:\/\/www.facebook.com\/cooltivartecom\/\" \/>\n<meta property=\"article:author\" content=\"https:\/\/www.facebook.com\/cooltivartecom\" \/>\n<meta property=\"article:published_time\" content=\"2020-10-28T21:16:20+00:00\" \/>\n<meta property=\"article:modified_time\" content=\"2023-09-05T18:53:28+00:00\" \/>\n<meta property=\"og:image\" content=\"https:\/\/cooltivarte.com\/portal\/wp-content\/uploads\/2020\/10\/Seleccionados-al-59-Premio-Nacional-de-Artes-Visuales.jpg\" \/>\n\t<meta property=\"og:image:width\" content=\"720\" \/>\n\t<meta property=\"og:image:height\" content=\"350\" \/>\n\t<meta property=\"og:image:type\" content=\"image\/jpeg\" \/>\n<meta name=\"author\" content=\"Cooltivarte\" \/>\n<meta name=\"twitter:card\" content=\"summary_large_image\" \/>\n<meta name=\"twitter:creator\" content=\"@https:\/\/x.com\/obolocultural\" \/>\n<meta name=\"twitter:site\" content=\"@obolocultural\" \/>\n<meta name=\"twitter:label1\" content=\"Escrito por\" \/>\n\t<meta name=\"twitter:data1\" content=\"Cooltivarte\" \/>\n\t<meta name=\"twitter:label2\" content=\"Tiempo de lectura\" \/>\n\t<meta name=\"twitter:data2\" content=\"3 minutos\" \/>\n<!-- \/ Yoast SEO plugin. -->","yoast_head_json":{"title":"Seleccionados al 59\u00b0 Premio Nacional de Artes Visuales - Cooltivarte Portal","description":"El jurado resolvi\u00f3 seleccionar 34 obras que ser\u00e1n exhibidas en el Espacio de Arte Contempor\u00e1neo de la Direcci\u00f3n Nacional de Cultura, con el fin de ser evaluadas a efectos de la premiaci\u00f3n.","robots":{"index":"index","follow":"follow","max-snippet":"max-snippet:-1","max-image-preview":"max-image-preview:large","max-video-preview":"max-video-preview:-1"},"canonical":"https:\/\/cooltivarte.com\/portal\/seleccionados-al-59-premio-nacional-de-artes-visuales\/","og_locale":"es_ES","og_type":"article","og_title":"Seleccionados al 59\u00b0 Premio Nacional de Artes Visuales - Cooltivarte Portal","og_description":"El jurado resolvi\u00f3 seleccionar 34 obras que ser\u00e1n exhibidas en el Espacio de Arte Contempor\u00e1neo de la Direcci\u00f3n Nacional de Cultura, con el fin de ser evaluadas a efectos de la premiaci\u00f3n.","og_url":"https:\/\/cooltivarte.com\/portal\/seleccionados-al-59-premio-nacional-de-artes-visuales\/","og_site_name":"Cooltivarte Portal","article_publisher":"https:\/\/www.facebook.com\/cooltivartecom\/","article_author":"https:\/\/www.facebook.com\/cooltivartecom","article_published_time":"2020-10-28T21:16:20+00:00","article_modified_time":"2023-09-05T18:53:28+00:00","og_image":[{"width":720,"height":350,"url":"https:\/\/cooltivarte.com\/portal\/wp-content\/uploads\/2020\/10\/Seleccionados-al-59-Premio-Nacional-de-Artes-Visuales.jpg","type":"image\/jpeg"}],"author":"Cooltivarte","twitter_card":"summary_large_image","twitter_creator":"@https:\/\/x.com\/obolocultural","twitter_site":"@obolocultural","twitter_misc":{"Escrito por":"Cooltivarte","Tiempo de lectura":"3 minutos"},"schema":{"@context":"https:\/\/schema.org","@graph":[{"@type":"NewsArticle","@id":"https:\/\/cooltivarte.com\/portal\/seleccionados-al-59-premio-nacional-de-artes-visuales\/#article","isPartOf":{"@id":"https:\/\/cooltivarte.com\/portal\/seleccionados-al-59-premio-nacional-de-artes-visuales\/"},"author":{"name":"Cooltivarte","@id":"https:\/\/cooltivarte.com\/portal\/#\/schema\/person\/ec2a4f4e71b740d0c559c0ab9a157e19"},"headline":"Seleccionados al 59\u00b0 Premio Nacional de Artes Visuales","datePublished":"2020-10-28T21:16:20+00:00","dateModified":"2023-09-05T18:53:28+00:00","mainEntityOfPage":{"@id":"https:\/\/cooltivarte.com\/portal\/seleccionados-al-59-premio-nacional-de-artes-visuales\/"},"wordCount":550,"publisher":{"@id":"https:\/\/cooltivarte.com\/portal\/#organization"},"image":{"@id":"https:\/\/cooltivarte.com\/portal\/seleccionados-al-59-premio-nacional-de-artes-visuales\/#primaryimage"},"thumbnailUrl":"https:\/\/cooltivarte.com\/portal\/wp-content\/uploads\/2020\/10\/Seleccionados-al-59-Premio-Nacional-de-Artes-Visuales.jpg","keywords":["Arte","arte contempor\u00e1neo","Artes Visuales","Direcci\u00f3n Nacional de Cultura","Margaret White","Premio Nacional de Artes Visuales"],"articleSection":["Arte"],"inLanguage":"es-AR"},{"@type":"WebPage","@id":"https:\/\/cooltivarte.com\/portal\/seleccionados-al-59-premio-nacional-de-artes-visuales\/","url":"https:\/\/cooltivarte.com\/portal\/seleccionados-al-59-premio-nacional-de-artes-visuales\/","name":"Seleccionados al 59\u00b0 Premio Nacional de Artes Visuales - Cooltivarte Portal","isPartOf":{"@id":"https:\/\/cooltivarte.com\/portal\/#website"},"primaryImageOfPage":{"@id":"https:\/\/cooltivarte.com\/portal\/seleccionados-al-59-premio-nacional-de-artes-visuales\/#primaryimage"},"image":{"@id":"https:\/\/cooltivarte.com\/portal\/seleccionados-al-59-premio-nacional-de-artes-visuales\/#primaryimage"},"thumbnailUrl":"https:\/\/cooltivarte.com\/portal\/wp-content\/uploads\/2020\/10\/Seleccionados-al-59-Premio-Nacional-de-Artes-Visuales.jpg","datePublished":"2020-10-28T21:16:20+00:00","dateModified":"2023-09-05T18:53:28+00:00","description":"El jurado resolvi\u00f3 seleccionar 34 obras que ser\u00e1n exhibidas en el Espacio de Arte Contempor\u00e1neo de la Direcci\u00f3n Nacional de Cultura, con el fin de ser evaluadas a efectos de la premiaci\u00f3n.","breadcrumb":{"@id":"https:\/\/cooltivarte.com\/portal\/seleccionados-al-59-premio-nacional-de-artes-visuales\/#breadcrumb"},"inLanguage":"es-AR","potentialAction":[{"@type":"ReadAction","target":["https:\/\/cooltivarte.com\/portal\/seleccionados-al-59-premio-nacional-de-artes-visuales\/"]}]},{"@type":"ImageObject","inLanguage":"es-AR","@id":"https:\/\/cooltivarte.com\/portal\/seleccionados-al-59-premio-nacional-de-artes-visuales\/#primaryimage","url":"https:\/\/cooltivarte.com\/portal\/wp-content\/uploads\/2020\/10\/Seleccionados-al-59-Premio-Nacional-de-Artes-Visuales.jpg","contentUrl":"https:\/\/cooltivarte.com\/portal\/wp-content\/uploads\/2020\/10\/Seleccionados-al-59-Premio-Nacional-de-Artes-Visuales.jpg","width":720,"height":350,"caption":"Seleccionados al 59\u00b0 Premio Nacional de Artes Visuales"},{"@type":"BreadcrumbList","@id":"https:\/\/cooltivarte.com\/portal\/seleccionados-al-59-premio-nacional-de-artes-visuales\/#breadcrumb","itemListElement":[{"@type":"ListItem","position":1,"name":"Portada","item":"https:\/\/cooltivarte.com\/portal\/"},{"@type":"ListItem","position":2,"name":"Seleccionados al 59\u00b0 Premio Nacional de Artes Visuales"}]},{"@type":"WebSite","@id":"https:\/\/cooltivarte.com\/portal\/#website","url":"https:\/\/cooltivarte.com\/portal\/","name":"Cooltivarte Portal","description":"Arte, cultura y turismo para el mundo ...","publisher":{"@id":"https:\/\/cooltivarte.com\/portal\/#organization"},"potentialAction":[{"@type":"SearchAction","target":{"@type":"EntryPoint","urlTemplate":"https:\/\/cooltivarte.com\/portal\/?s={search_term_string}"},"query-input":{"@type":"PropertyValueSpecification","valueRequired":true,"valueName":"search_term_string"}}],"inLanguage":"es-AR"},{"@type":"Organization","@id":"https:\/\/cooltivarte.com\/portal\/#organization","name":"cooltivarte","url":"https:\/\/cooltivarte.com\/portal\/","logo":{"@type":"ImageObject","inLanguage":"es-AR","@id":"https:\/\/cooltivarte.com\/portal\/#\/schema\/logo\/image\/","url":"https:\/\/cooltivarte.com\/portal\/wp-content\/uploads\/2020\/04\/logo-cooltivarte-v2.png","contentUrl":"https:\/\/cooltivarte.com\/portal\/wp-content\/uploads\/2020\/04\/logo-cooltivarte-v2.png","width":851,"height":243,"caption":"cooltivarte"},"image":{"@id":"https:\/\/cooltivarte.com\/portal\/#\/schema\/logo\/image\/"},"sameAs":["https:\/\/www.facebook.com\/cooltivartecom\/","https:\/\/x.com\/obolocultural","https:\/\/www.instagram.com\/_cooltivarte_\/","https:\/\/www.linkedin.com\/company\/-bolocultural?reportsuccess=8zaNG1HwhPbAR9iQhZ5rfGeqz_vQFftHun0ZWU0Wy9vNemRJ8vtcKdJvzQfW8XagyOJSKg0XvfJ1dp","https:\/\/www.pinterest.com\/cooltivarte\/","https:\/\/cooltivarte.tumblr.com\/","https:\/\/www.tiktok.com\/@cooltivarte","https:\/\/www.youtube.com\/@PrensaCooltivarte"]},{"@type":"Person","@id":"https:\/\/cooltivarte.com\/portal\/#\/schema\/person\/ec2a4f4e71b740d0c559c0ab9a157e19","name":"Cooltivarte","image":{"@type":"ImageObject","inLanguage":"es-AR","@id":"https:\/\/cooltivarte.com\/portal\/wp-content\/uploads\/2014\/05\/logo-cooltivarte-120x120.jpg","url":"https:\/\/cooltivarte.com\/portal\/wp-content\/uploads\/2014\/05\/logo-cooltivarte-120x120.jpg","contentUrl":"https:\/\/cooltivarte.com\/portal\/wp-content\/uploads\/2014\/05\/logo-cooltivarte-120x120.jpg","caption":"Cooltivarte"},"description":"Somos COOLTIVARTE.COM. Un portal digital dedicado a difundir el acontecer art\u00edstico y cultural del Uruguay. Estamos en la vuelta desde el a\u00f1o 2003, y como evoluci\u00f3n del bolet\u00edn Obolo Cultural, nos encontramos abocados a apoyar a los artistas nacionales brind\u00e1ndoles un espacio de difusi\u00f3n. Creemos en la idea de utilizar la potencialidad que hoy d\u00eda nos otorga la web, para que la cultura uruguaya y sus creadores dispongan de una din\u00e1mica ventana, que los ponga en contacto entre s\u00ed y con el mundo. Somos COOLTIVARTE.COM y pretendemos configurarnos como un portal din\u00e1mico, entretenido y atento a los nuevos emprendimientos, que busque siempre la interacci\u00f3n con los artistas.","sameAs":["http:\/\/www.cooltivarte.com","https:\/\/www.facebook.com\/cooltivartecom","https:\/\/www.instagram.com\/_cooltivarte_\/","https:\/\/www.linkedin.com\/company\/-bolocultural","https:\/\/www.pinterest.com\/cooltivarte\/","https:\/\/x.com\/https:\/\/x.com\/obolocultural","https:\/\/www.youtube.com\/@PrensaCooltivarte","https:\/\/www.tumblr.com\/blog\/cooltivarte"],"url":"https:\/\/cooltivarte.com\/portal\/author\/cooltivarte\/"}]}},"_links":{"self":[{"href":"https:\/\/cooltivarte.com\/portal\/wp-json\/wp\/v2\/posts\/64324","targetHints":{"allow":["GET"]}}],"collection":[{"href":"https:\/\/cooltivarte.com\/portal\/wp-json\/wp\/v2\/posts"}],"about":[{"href":"https:\/\/cooltivarte.com\/portal\/wp-json\/wp\/v2\/types\/post"}],"author":[{"embeddable":true,"href":"https:\/\/cooltivarte.com\/portal\/wp-json\/wp\/v2\/users\/8"}],"replies":[{"embeddable":true,"href":"https:\/\/cooltivarte.com\/portal\/wp-json\/wp\/v2\/comments?post=64324"}],"version-history":[{"count":5,"href":"https:\/\/cooltivarte.com\/portal\/wp-json\/wp\/v2\/posts\/64324\/revisions"}],"predecessor-version":[{"id":64327,"href":"https:\/\/cooltivarte.com\/portal\/wp-json\/wp\/v2\/posts\/64324\/revisions\/64327"}],"wp:featuredmedia":[{"embeddable":true,"href":"https:\/\/cooltivarte.com\/portal\/wp-json\/wp\/v2\/media\/64325"}],"wp:attachment":[{"href":"https:\/\/cooltivarte.com\/portal\/wp-json\/wp\/v2\/media?parent=64324"}],"wp:term":[{"taxonomy":"category","embeddable":true,"href":"https:\/\/cooltivarte.com\/portal\/wp-json\/wp\/v2\/categories?post=64324"},{"taxonomy":"post_tag","embeddable":true,"href":"https:\/\/cooltivarte.com\/portal\/wp-json\/wp\/v2\/tags?post=64324"}],"curies":[{"name":"wp","href":"https:\/\/api.w.org\/{rel}","templated":true}]}}