{"id":64317,"date":"2020-10-28T18:26:49","date_gmt":"2020-10-28T21:26:49","guid":{"rendered":"https:\/\/cooltivarte.com\/portal\/?p=64317"},"modified":"2023-08-12T20:20:25","modified_gmt":"2023-08-12T23:20:25","slug":"entrevista-a-hugo-fattoruso-y-albana-barrocas-de-ha-duo","status":"publish","type":"post","link":"https:\/\/cooltivarte.com\/portal\/entrevista-a-hugo-fattoruso-y-albana-barrocas-de-ha-duo\/","title":{"rendered":"Entrevista a Hugo Fattoruso y Albana Barrocas de HA D\u00fao"},"content":{"rendered":"<figure id=\"attachment_64337\" aria-describedby=\"caption-attachment-64337\" style=\"width: 1024px\" class=\"wp-caption aligncenter\"><img fetchpriority=\"high\" decoding=\"async\" class=\"wp-image-64337 size-full\" title=\"HUGO FATTORUSO Y ALBANA BARROCAS DE HA D\u00daO\" src=\"https:\/\/cooltivarte.com\/portal\/wp-content\/uploads\/2020\/10\/HUGO-FATTORUSO-Y-ALBANA-BARROCAS.jpg\" alt=\"Hugo Fattoruso y Albana Barrocas de HA D\u00fao\" width=\"1024\" height=\"768\" srcset=\"https:\/\/cooltivarte.com\/portal\/wp-content\/uploads\/2020\/10\/HUGO-FATTORUSO-Y-ALBANA-BARROCAS.jpg 1024w, https:\/\/cooltivarte.com\/portal\/wp-content\/uploads\/2020\/10\/HUGO-FATTORUSO-Y-ALBANA-BARROCAS-300x225.jpg 300w, https:\/\/cooltivarte.com\/portal\/wp-content\/uploads\/2020\/10\/HUGO-FATTORUSO-Y-ALBANA-BARROCAS-768x576.jpg 768w\" sizes=\"(max-width: 1024px) 100vw, 1024px\" \/><figcaption id=\"caption-attachment-64337\" class=\"wp-caption-text\">HUGO FATTORUSO Y ALBANA BARROCAS DE HA D\u00daO<\/figcaption><\/figure>\n<p>&nbsp;<\/p>\n<p>28 Oct 2020<\/p>\n<h2><strong>Jap\u00f3n no est\u00e1 tan lejos<\/strong><\/h2>\n<p>&nbsp;<\/p>\n<p>Cuando hablamos de <strong><a href=\"https:\/\/cooltivarte.com\/portal\/?s=Hugo+Fattoruso\" target=\"_blank\" rel=\"noopener\">Hugo Fattoruso<\/a> <\/strong>nos referimos a un integrante de una las familias musicales m\u00e1s importantes e influyentes de Uruguay, y ampliamente reconocida y respetada en otros pa\u00edses tambi\u00e9n. Due\u00f1o de un talento y una capacidad compositiva enormes, integra a\u00fan muy joven ese supergrupo <strong>Hot Blowers<\/strong>, para ser a\u00f1os m\u00e1s tarde, en la d\u00e9cada de los 60\u00b4s pionero del rock rioplatense con <a href=\"https:\/\/cooltivarte.com\/portal\/?s=Los+Shakers\" target=\"_blank\" rel=\"noopener\"><strong>Los Shakers<\/strong><\/a>. Ya en los 70\u00b4s, conform\u00f3 ese inmenso proyecto musical de fusi\u00f3n de jazz, candombe y rock llamado <a href=\"https:\/\/cooltivarte.com\/portal\/?s=OPA\" target=\"_blank\" rel=\"noopener\"><strong>OPA<\/strong><\/a>, cuyo alcance a nivel de influencia en m\u00fasicos posteriores es inconmensurable. El curriculum art\u00edstico de Hugo es inmensamente rico en colaboraciones con otros destacados m\u00fasicos, tanto uruguayos como extranjeros, larga ser\u00eda la lista, integrando unas cuantas agrupaciones m\u00e1s, como <strong>Barcarola<\/strong>, <strong>Grupo del Cuareim<\/strong>, <strong>Los Pusil\u00e1nimes<\/strong>,<strong> La Escuelita<\/strong>, <strong>Tr\u00edo Fattoruso<\/strong>, <strong>Rey Tambor<\/strong> y en los \u00faltimos a\u00f1os <a href=\"https:\/\/cooltivarte.com\/portal\/?s=Dos+Orientales\" target=\"_blank\" rel=\"noopener\"><strong>Dos Orientales<\/strong><\/a> y <a href=\"https:\/\/cooltivarte.com\/portal\/?s=HA+D\u00fao\" target=\"_blank\" rel=\"noopener\"><strong>HA D\u00fao<\/strong><\/a>, entre varios otros. La influencia sobre otros m\u00fasicos, y la admiraci\u00f3n y respeto por parte de colegas de diversas partes del mundo, hacen de <strong>Hugo Fattoruso<\/strong> una figura central de la m\u00fasica nacional de las \u00faltimas seis d\u00e9cadas, y un excelso embajador uruguayo en cualquier escenario del mundo.<\/p>\n<p><a href=\"https:\/\/cooltivarte.com\/portal\/?s=Albana+Barrocas\" target=\"_blank\" rel=\"noopener\"><strong>Albana Barrocas<\/strong><\/a> es una joven y destacada multiinstrumentista, percusionista, baterista, compositora y arreglista uruguaya, quien, siendo bastante m\u00e1s joven que Hugo, posee ya un rico bagaje musical, en participaciones y colaboraciones con diferentes proyectos musicales, los cuales incluyen a Hugo como en <a href=\"https:\/\/cooltivarte.com\/portal\/?s=Quinteto+Barrio+Sur\" target=\"_blank\" rel=\"noopener\"><strong>Quinteto Barrio Sur<\/strong><\/a>, <strong>Hugo Fattoruso<\/strong> y <strong>Barrio Opa<\/strong>, <strong>Abuelos y Nietas<\/strong>, <strong>Cuarteto Montevideano<\/strong>, su colaboraci\u00f3n en el proyecto <strong>Dos Orientales<\/strong>, adem\u00e1s de otros como <strong>MagikaSoul<\/strong>, <strong>Zumbido de Taos<\/strong>, <strong>TCB<\/strong>, <a href=\"https:\/\/cooltivarte.com\/portal\/?s=Elefante\" target=\"_blank\" rel=\"noopener\"><strong>Elefante<\/strong><\/a> (donde fue baterista hasta el 2018), y as\u00ed tambi\u00e9n como con su proyecto personal <a href=\"https:\/\/cooltivarte.com\/portal\/?s=Individrum\" target=\"_blank\" rel=\"noopener\"><strong>Individrum<\/strong><\/a>. Ambos m\u00fasicos conformaron la dupla <strong>HA D\u00fao<\/strong> en 2013, y desde entonces, y con tres discos editados, Fattoruso y Barrocas han desarrollado su talento y creatividad musical en los m\u00e1s diversos \u00e1mbitos, en unos cuantos pa\u00edses del mundo, con especial \u00e9nfasis en el Jap\u00f3n, llevando un espect\u00e1culo que combina muy bien lo el\u00e9ctrico y lo ac\u00fastico, en el cual ambos m\u00fasicos ofrecen una infinita gama de colores y texturas musicales. Con motivo de la presentaci\u00f3n de \u201c2020\u201d, el tercer disco de este d\u00fao, los entrevistamos para este portal.<\/p>\n<p>&nbsp;<\/p>\n<h2><strong>\u201cPensamos m\u00fasica casi todos los d\u00edas\u201d<\/strong><\/h2>\n<p>&nbsp;<\/p>\n<p><strong>Hablennos acerca de este nuevo disco de HA D\u00fao, \u00bfC\u00f3mo lo definir\u00edan musicalmente? \u00bfC\u00f3mo se produce la idea y la posibilidad de editarlo en vinilo y en Jap\u00f3n?<\/strong><\/p>\n<p>Hugo Fattoruso: Este material in\u00e9dito fue grabado y existe ahora en vinilo gracias a la invitaci\u00f3n que nos hizo nuestro amigo <strong>Tokyano Tetsuro Muraki<\/strong>, que es fan de nuestro d\u00fao con <a href=\"https:\/\/cooltivarte.com\/portal\/?s=Yahiro+Tomohiro\" target=\"_blank\" rel=\"noopener\"><strong>Yahiro Tomohiro<\/strong><\/a> con quien form\u00e9 el proyecto Dos Orientales y de nuestro HA D\u00fao tambi\u00e9n. Lo definimos musicalmente como parte de nuestra evoluci\u00f3n en materia de composici\u00f3n y propuestas\u2026 Nuestro d\u00fao es muy inquieto en esos dos sentidos\u2026<\/p>\n<p>Albana Barrocas: Fue uno de los trabajos que nos mantuvo ocupados en los \u00faltimos meses, tanto a nosotros como a Gerardo Alonso, quien se ocup\u00f3 de la mezcla y la masterizaci\u00f3n, entre marzo y junio aproximadamente\u2026<\/p>\n<p>&nbsp;<\/p>\n<p><strong>En tu caso Hugo, ya hab\u00edas desarrollado paralelamente a HA D\u00fao un proyecto con otro m\u00fasico japon\u00e9s Tomohiro Yahiro, en ese d\u00fao que armaste llamado Dos Orientales, con la colaboraci\u00f3n tambi\u00e9n de Albana, \u00bfc\u00f3mo se fue dando ese v\u00ednculo con la cultura japonesa?<\/strong><\/p>\n<p>H. F.: He tenido la gran y buena fortuna de cruzarme en la vida con Tomohiro Yahiro en las dos primeras veces que viaj\u00e9 a Jap\u00f3n, que fue con Djavan, en 1985 y 1986, ah\u00ed lo conoc\u00ed a Tomohiro, y las restantes dieciocho veces fueron giras con \u00e9l y diferentes m\u00fasicos como Segi Takamasa, Mio Matsuda, Obata, Kazuo Yoshida y algunos m\u00e1s\u2026 Este a\u00f1o con la situaci\u00f3n mundial conocida, esto se cort\u00f3, y hubiera sido la 14\u00aa gira consecutiva de Dos Orientales por Jap\u00f3n. Las giras cortas suelen ser de tres semanas, y las largas de siete semanas aproximadamente, y siempre tocamos de Sur a Norte y de Este a Oeste de Jap\u00f3n\u2026 La sociedad japonesa es una maravilla, la cultura\u2026 sin palabras\u2026 muy agradecido estoy y estar\u00e9 hasta el fin de mis d\u00edas con ese pa\u00eds y su gente\u2026 Y tambi\u00e9n nos encontramos planificando para el 2021 esperando que sea posible retomar pronto todo esto\u2026<\/p>\n<p>A. B.: Creo que con cada viaje, vas conociendo escenarios, gente, pueblos, ciudades&#8230; se crea un v\u00ednculo m\u00e1s cercano que si viajaras como turista, porque termin\u00e1s interactuando con los organizadores, los t\u00e9cnicos, las personas que te compran un disco, con el que tiene un puestito de comida, ya sea intentando hablar su idioma o con se\u00f1as. Generalmente nos quedamos en un barrio de Kanagawa (cercano a Tokyo) llamado Mizonokuchi. Hay un &#8220;yakitori&#8221; bien chiquito en la calle, una especie de carrito uruguayo pero vende unas brochette de pollo, ya fuimos varias veces, la cosa que cuando pasamos y est\u00e1 abierto, lo saludamos desde lejos levantando la mano&#8230; un japon\u00e9s no hace eso\u2026 Este v\u00ednculo se lo agradezco de por vida a Hugo, Tomohiro Yahiro y Atsuko Kai.<\/p>\n<p>&nbsp;<\/p>\n<p><strong>\u00bfQu\u00e9 diferencias o similitudes encuentran en este tercer disco de Ha D\u00fao \u201c2020\u201d respecto a los dos trabajos anteriores, \u201cNeo\u201d (2013) y \u201cCanciones y a\u00e9reos\u201d (2015)?<\/strong><\/p>\n<p>H<strong>.&nbsp;<\/strong>F.: Mmmm\u2026 realmente no tengo una respuesta \u201cs\u00f3lida\u201d para eso, pero te digo que la diferencia es la propuesta sonora y el estilo y las similitudes son nuestros trazos m\u00e1s reconocibles\u2026<\/p>\n<p>A. B.: Pienso que encuentro m\u00e1s similitudes que diferencias&#8230; Grabamos en nuestro estudio (HA Studio), hay canciones de una toma y canciones donde grabamos m\u00e1s de una vez. Como diferencia quiz\u00e1, que lo terminamos en otro estudio, el de Gerardo Alonso, que su formato ser\u00e1 vinilo y que los anteriores son CD y esto es un EP.<\/p>\n<p>&nbsp;<\/p>\n<p><strong>Este a\u00f1o ha sido y es muy particular en todos los aspectos para toda la humanidad, transitando una pandemia, y con incertidumbre de lo que vendr\u00e1, \u00bfponerle \u201c2020\u201d como nombre, quiere significar algo m\u00e1s que simplemente determinar el a\u00f1o de edici\u00f3n del mismo?<\/strong><\/p>\n<p>H.<strong>&nbsp;<\/strong>F.: Aparte de la situaci\u00f3n y que este 2020 fue el a\u00f1o del desastre pand\u00e9mico, elegimos ese n\u00famero a modo de moj\u00f3n para nuestra historia como d\u00fao\u2026 el n\u00famero en s\u00ed es lind\u00edsimo y equilibrado est\u00e9ticamente&#8230;<\/p>\n<p>A. B.: Al ser los temas casi todos instrumentales (\u201cDe ma\u00f1ana\u201d dice palabras sueltas), no hay un concepto de letra a seguir&#8230; \u201c2020\u201d ya habla por s\u00ed solo, un a\u00f1o inolvidable para mucha gente\u2026<\/p>\n<p>&nbsp;<\/p>\n<p><strong>\u00bfC\u00f3mo van surgiendo las ideas musicales, y c\u00f3mo van moldeando y definiendo las composiciones que finalmente se graban? \u00bfCu\u00e1nto hay de improvisaci\u00f3n en ese proceso creativo?<\/strong><\/p>\n<p>H.<strong>&nbsp;<\/strong>F.: En cuanto a la m\u00fasica, tocamos, pensamos, trabajamos, maqueteamos casi todos los d\u00edas, tenemos tal vez un ciento o m\u00e1s de maquetas e ideas, hay partes espec\u00edficas, espacios para improvisar\u2026 pero componemos canciones, \u00e9stas de formato popular&#8230; casi no hay espacio en esto para improvisar, son as\u00ed y t\u00e1\u2026 pero armamos tambi\u00e9n temas instrumentales donde s\u00ed la improvisaci\u00f3n forma parte, siempre siguiendo una estructura\u2026 no es tocar cualquier nota o golpear en cualquier lado y t\u00e1\u2026<\/p>\n<p>A. B.: Siempre tratamos de tener un grabador a mano, ya que la mayor\u00eda de las ideas salen de un ensayo o de probar un ritmo o un sonido. Hay mucho de eso en &#8220;2020&#8221;&#8230; Las primeras dos canciones (\u201cMarzo de 2020\u201d y \u201cSonrisa\u201d) surgieron de un ciclo que realiz\u00f3 la Sala Zitarrosa bajo el nombre \u201cMi canci\u00f3n, mi escenario\u201d (Nota del editor: era un ciclo de recitales virtuales), donde ten\u00edamos que filmar y tocar, mucho no pod\u00edamos editar, pero sali\u00f3 bien y quedamos conformes. Luego la canci\u00f3n \u201cFunky febrero\u201d es una caja de ritmo Yamaha RY-30 sonando en un amplificador y Hugo tocando el piano encima, si escucharas solo esa pista, es una grabaci\u00f3n de aire, y de fondo hay ruidos de cosas que yo estaba haciendo. Qued\u00f3 tan buena la idea, que decidimos agregarle bater\u00eda, un bajo, etc&#8230; \u00a1Gerardo Alonso es un genio! La paciencia que nos tiene por las pistas que le llevamos, lo que hace para que suene como queda&#8230; un maestro.<\/p>\n<p>&nbsp;<\/p>\n<p><strong>\u00bfQu\u00e9 creen que a lo largo de estos a\u00f1os que han venido trabajando juntos art\u00edsticamente en varios proyectos le ha aportado uno al otro, sobre todo teniendo en cuenta la diferencia generacional de ambos, existe una complementaci\u00f3n art\u00edstica? \u00bfC\u00f3mo congenian los dos \u201cbackgrounds\u201d musicales?<\/strong><\/p>\n<p>H.<strong>&nbsp;<\/strong>F.: S\u00ed, claro, hay una influencia rec\u00edproca\u2026 uno \u201calimenta\u201d art\u00edstica y creativamente al otro con sus propuestas o ideas, es muy simple\u2026 tambi\u00e9n probamos y probamos&#8230; desechamos y guardamos\u2026<\/p>\n<p>A. B.: Mucho aprendizaje mutuo, y que adem\u00e1s es continuo\u2026 En lo personal espero poder &#8220;devolver&#8221; algo a modo de agradecimiento\u2026<\/p>\n<p>&nbsp;<\/p>\n<p><strong>\u00bfC\u00f3mo sienten la receptividad de la propuesta art\u00edstica que llevan adelante por parte de los p\u00fablicos de los diferentes pa\u00edses en los que se han presentado? \u00bfExiste alguna forma particular de cada p\u00fablico de apreciar y entender lo que ustedes desarrollan en el escenario, o no necesariamente?<\/strong><\/p>\n<p>H.<strong>&nbsp;<\/strong>F.: Creo que tenemos suerte, puesto que lo que llevamos siempre agrada y para nosotros es algo muy serio, dado que estamos entregando lo mejor que tenemos cada vez y donde sea, y en cualquier escenario\u2026 Hay una marcada diferencia que la hace el p\u00fablico japon\u00e9s, que son m\u00e1s de disfrutar en silencio, prestando atenci\u00f3n y entreg\u00e1ndose a una compenetraci\u00f3n absolutas\u2026 Los p\u00fablicos latinos por as\u00ed decir, son m\u00e1s bullangueros\u2026 a nosotros nos encanta el mar calmo y el agitado, ten\u00e9s que revolverte en ambos, y la m\u00fasica le gana a todo\u2026<\/p>\n<p>A. B.: No se si es al p\u00fablico uruguayo que le cuesta expresarse, o si tuvimos muy buena respuesta en otros pa\u00edses, pero se siente un poco la diferencia en el aire&#8230; dif\u00edcil de explicar\u2026<\/p>\n<p>&nbsp;<\/p>\n<p><strong>\u00bfSon de buscar e investigar acerca de nueva m\u00fasica o artistas uruguayos o extranjeros? \u00bfViajar tanto genera esa curiosidad estando en otros pa\u00edses? \u00bfQu\u00e9 les ha gustado \u00faltimamente?<\/strong><\/p>\n<p>H.&nbsp;F.: Cuando hay alg\u00fan momento del d\u00eda libre escuchamos lo que es nuestra pasi\u00f3n, m\u00fasicas folkl\u00f3ricas y regionales de todo el planeta\u2026 Hoy d\u00eda con internet las posibilidades son literalmente infinitas, pero no nos sentamos a buscar, no tenemos mucho tiempo\u2026 el d\u00eda es muy corto, deber\u00eda ser de 48 hs\u2026<\/p>\n<p>A. B.: Hay m\u00fasica nueva y vieja hasta por todos lados, y estilos diferentes ni hablar&#8230; No retengo mucho nombres de discos y canciones como antes, ahora en mi atenci\u00f3n musical le doy prioridad a aprender el repertorio pr\u00f3ximo a tocar o grabar\u2026 Lo \u00faltimo que estuve escuchando en alg\u00fan momento &#8220;libre&#8221; (en CD, alg\u00fan link, etc.) fueron AFC, Dejanos En Paz, Osaka Galactic Step, Nervosa, Mal\u00f3n, Congotronics de Konono N\u00ba 1, Asian Dub Foundation, Se Arm\u00f3 Kokoa y alguna cosa m\u00e1s&#8230; Hace poco vimos de la serie de TV Ciudad &#8220;M\u00fasicos de Latinoam\u00e9rica&#8221; a Petrona Martinez, impresionante los tambores y la m\u00fasica colombiana\u2026 Y no sigo porque empiezo a nombrar estilos, bandas, m\u00fasicos y es interminable&#8230;<\/p>\n<p>&nbsp;<\/p>\n<p><strong>\u00bfEn qu\u00e9 consistir\u00e1 este pr\u00f3ximo espect\u00e1culo de Ha D\u00fao del 7 de noviembre? \u00bfHabr\u00e1 invitados en el escenario?<\/strong><\/p>\n<p>H.&nbsp;F.: No, no tendremos invitados, tocaremos el repertorio que siempre elegimos despu\u00e9s de la prueba de sonido, temas de nuestros discos, de antes y de ahora\u2026<\/p>\n<p>A. B.: Lo de siempre pero diferente. Si bien armamos una lista, si el momento sugiere otra cosa, as\u00ed ser\u00e1&#8230; los sonidistas y los iluminadores a veces quedan desconcertados buscando en la lista, pregunt\u00e1ndose &#8220;\u00bfy esa cu\u00e1l es?&#8221;\u2026<\/p>\n<p>&nbsp;<\/p>\n<p><strong>\u00bfC\u00f3mo sigue la presentaci\u00f3n de este disco \u201c2020\u201d, luego del show en Plaza Mateo?<\/strong><\/p>\n<p>H.<strong>&nbsp;<\/strong>F.: Las presentaciones presenciales han disminuido much\u00edsimo en los \u00faltimos meses lamentablemente. Es tremenda la situaci\u00f3n para millones de profesionales de diferentes \u00e1reas, y sin dudas en lo que respecta a la m\u00fasica, es un escenario t\u00e9trico, lleno de incertidumbre\u2026 Antes de Plaza Mateo, tocaremos el pr\u00f3ximo 3 de Noviembre en el aniversario de la Sala Zitarrosa, luego en Salto el 6 de noviembre en la cervecer\u00eda &#8220;Porco Negro &#8220;, con Barrio Sur el 11 de Diciembre en MMBox, que no es HA D\u00fao, pero somos parte, y en el Teatro Sol\u00eds el 4 de Febrero abriendo la velada para el grupo &#8220;Emp\u00edrico Flamenco&#8221;.<\/p>\n<p>A. B.: Est\u00e1n las fechas que dijo Hugo, m\u00e1s algunas grabaciones&#8230; mucho plan a distancia, no sab\u00e9s como se ir\u00e1n dando las cosas en estos momentos que estamos viviendo. Viajar es lo m\u00e1s dif\u00edcil por ahora\u2026<\/p>\n<p>&nbsp;<\/p>\n<p style=\"text-align: center;\"><iframe src=\"https:\/\/www.youtube.com\/embed\/tnXVf2YIPl8\" width=\"100%\" height=\"515\" frameborder=\"0\" allowfullscreen=\"allowfullscreen\"><span data-mce-type=\"bookmark\" style=\"display: inline-block; width: 0px; overflow: hidden; line-height: 0;\" class=\"mce_SELRES_start\">\ufeff<\/span><\/iframe><\/p>\n<p>&nbsp;<\/p>\n<p>&nbsp;<\/p>\n<p>&nbsp;<\/p>\n<p>&nbsp;<\/p>\n","protected":false},"excerpt":{"rendered":"<p>&nbsp; 28 Oct 2020 Jap\u00f3n no est\u00e1 tan lejos &nbsp; Cuando hablamos de Hugo Fattoruso nos referimos a un integrante de una las familias musicales m\u00e1s importantes e influyentes de Uruguay, y ampliamente reconocida y respetada en otros pa\u00edses tambi\u00e9n. Due\u00f1o de un talento y una capacidad compositiva enormes, integra a\u00fan muy joven ese supergrupo [&hellip;]<\/p>\n","protected":false},"author":3,"featured_media":64337,"comment_status":"closed","ping_status":"closed","sticky":false,"template":"","format":"standard","meta":{"om_disable_all_campaigns":false,"ngg_post_thumbnail":0,"jnews-multi-image_gallery":[],"jnews_single_post":{"subtitle":"Jap\u00f3n no est\u00e1 tan lejos","format":"standard","video":"","gallery":"","source_name":"","source_url":"","via_name":"","via_url":"","override_template":"0","override":[{"template":"4","single_blog_custom":"","parallax":"1","fullscreen":"0","layout":"right-sidebar","sidebar":"default-sidebar","second_sidebar":"default-sidebar","sticky_sidebar":"1","share_position":"bottom","share_float_style":"share-monocrhome","show_share_counter":"1","show_view_counter":"1","show_featured":"1","show_post_meta":"1","show_post_author":"1","show_post_author_image":"1","show_post_date":"1","post_date_format":"default","post_date_format_custom":"Y\/m\/d","show_post_category":"1","show_post_reading_time":"0","post_reading_time_wpm":"300","show_zoom_button":"0","zoom_button_out_step":"2","zoom_button_in_step":"3","show_post_tag":"1","show_prev_next_post":"1","show_popup_post":"1","number_popup_post":"1","show_author_box":"1","show_post_related":"0","show_inline_post_related":"0"}],"override_image_size":"0","image_override":[{"single_post_thumbnail_size":"no-crop","single_post_gallery_size":"crop-500"}],"trending_post":"0","trending_post_position":"meta","trending_post_label":"Trending","sponsored_post":"0","sponsored_post_label":"Sponsored by","sponsored_post_name":"","sponsored_post_url":"","sponsored_post_logo_enable":"0","sponsored_post_logo":"","sponsored_post_desc":"","disable_ad":"0"},"jnews_primary_category":{"id":"","hide":""},"jnews_social_meta":{"fb_title":"","fb_description":"","fb_image":"","twitter_title":"","twitter_description":"","twitter_image":""},"jnews_override_counter":{"override_view_counter":"0","view_counter_number":"0","override_share_counter":"0","share_counter_number":"0","override_like_counter":"0","like_counter_number":"0","override_dislike_counter":"0","dislike_counter_number":"0"},"footnotes":""},"categories":[59],"tags":[4299,63,4856,204],"class_list":["post-64317","post","type-post","status-publish","format-standard","has-post-thumbnail","hentry","category-musicos","tag-albana-barrocas","tag-entrevista","tag-ha-duo","tag-hugo-fattoruso"],"yoast_head":"<!-- This site is optimized with the Yoast SEO plugin v27.5 - https:\/\/yoast.com\/product\/yoast-seo-wordpress\/ -->\n<title>Entrevista a Hugo Fattoruso y Albana Barrocas de HA D\u00fao - Cooltivarte Portal<\/title>\n<meta name=\"description\" content=\"Cuando hablamos de Hugo Fattoruso nos referimos a un integrante de una las familias musicales m\u00e1s importantes e influyentes de Uruguay, y ampliamente reconocida y respetada en otros pa\u00edses tambi\u00e9n.\" \/>\n<meta name=\"robots\" content=\"index, follow, max-snippet:-1, max-image-preview:large, max-video-preview:-1\" \/>\n<link rel=\"canonical\" href=\"https:\/\/cooltivarte.com\/portal\/entrevista-a-hugo-fattoruso-y-albana-barrocas-de-ha-duo\/\" \/>\n<meta property=\"og:locale\" content=\"es_ES\" \/>\n<meta property=\"og:type\" content=\"article\" \/>\n<meta property=\"og:title\" content=\"Entrevista a Hugo Fattoruso y Albana Barrocas de HA D\u00fao\" \/>\n<meta property=\"og:description\" content=\"Cuando hablamos de Hugo Fattoruso nos referimos a un integrante de una las familias musicales m\u00e1s importantes e influyentes de Uruguay, y ampliamente reconocida y respetada en otros pa\u00edses tambi\u00e9n.\" \/>\n<meta property=\"og:url\" content=\"https:\/\/cooltivarte.com\/portal\/entrevista-a-hugo-fattoruso-y-albana-barrocas-de-ha-duo\/\" \/>\n<meta property=\"og:site_name\" content=\"Cooltivarte Portal\" \/>\n<meta property=\"article:publisher\" content=\"https:\/\/www.facebook.com\/cooltivartecom\/\" \/>\n<meta property=\"article:author\" content=\"https:\/\/www.facebook.com\/paulo.roddel?fref=ts\" \/>\n<meta property=\"article:published_time\" content=\"2020-10-28T21:26:49+00:00\" \/>\n<meta property=\"article:modified_time\" content=\"2023-08-12T23:20:25+00:00\" \/>\n<meta property=\"og:image\" content=\"https:\/\/cooltivarte.com\/portal\/wp-content\/uploads\/2020\/10\/HUGO-FATTORUSO-Y-ALBANA-BARROCAS.jpg\" \/>\n\t<meta property=\"og:image:width\" content=\"1024\" \/>\n\t<meta property=\"og:image:height\" content=\"768\" \/>\n\t<meta property=\"og:image:type\" content=\"image\/jpeg\" \/>\n<meta name=\"author\" content=\"Paulo Roddel\" \/>\n<meta name=\"twitter:card\" content=\"summary_large_image\" \/>\n<meta name=\"twitter:title\" content=\"Entrevista a Hugo Fattoruso y Albana Barrocas de HA D\u00fao\" \/>\n<meta name=\"twitter:description\" content=\"Cuando hablamos de Hugo Fattoruso nos referimos a un integrante de una las familias musicales m\u00e1s importantes e influyentes de Uruguay, y ampliamente reconocida y respetada en otros pa\u00edses tambi\u00e9n.\" \/>\n<meta name=\"twitter:image\" content=\"https:\/\/cooltivarte.com\/portal\/wp-content\/uploads\/2020\/10\/HUGO-FATTORUSO-Y-ALBANA-BARROCAS.jpg\" \/>\n<meta name=\"twitter:creator\" content=\"@https:\/\/x.com\/obolocultural\" \/>\n<meta name=\"twitter:site\" content=\"@obolocultural\" \/>\n<meta name=\"twitter:label1\" content=\"Escrito por\" \/>\n\t<meta name=\"twitter:data1\" content=\"Paulo Roddel\" \/>\n\t<meta name=\"twitter:label2\" content=\"Tiempo de lectura\" \/>\n\t<meta name=\"twitter:data2\" content=\"11 minutos\" \/>\n<!-- \/ Yoast SEO plugin. -->","yoast_head_json":{"title":"Entrevista a Hugo Fattoruso y Albana Barrocas de HA D\u00fao - Cooltivarte Portal","description":"Cuando hablamos de Hugo Fattoruso nos referimos a un integrante de una las familias musicales m\u00e1s importantes e influyentes de Uruguay, y ampliamente reconocida y respetada en otros pa\u00edses tambi\u00e9n.","robots":{"index":"index","follow":"follow","max-snippet":"max-snippet:-1","max-image-preview":"max-image-preview:large","max-video-preview":"max-video-preview:-1"},"canonical":"https:\/\/cooltivarte.com\/portal\/entrevista-a-hugo-fattoruso-y-albana-barrocas-de-ha-duo\/","og_locale":"es_ES","og_type":"article","og_title":"Entrevista a Hugo Fattoruso y Albana Barrocas de HA D\u00fao","og_description":"Cuando hablamos de Hugo Fattoruso nos referimos a un integrante de una las familias musicales m\u00e1s importantes e influyentes de Uruguay, y ampliamente reconocida y respetada en otros pa\u00edses tambi\u00e9n.","og_url":"https:\/\/cooltivarte.com\/portal\/entrevista-a-hugo-fattoruso-y-albana-barrocas-de-ha-duo\/","og_site_name":"Cooltivarte Portal","article_publisher":"https:\/\/www.facebook.com\/cooltivartecom\/","article_author":"https:\/\/www.facebook.com\/paulo.roddel?fref=ts","article_published_time":"2020-10-28T21:26:49+00:00","article_modified_time":"2023-08-12T23:20:25+00:00","og_image":[{"width":1024,"height":768,"url":"https:\/\/cooltivarte.com\/portal\/wp-content\/uploads\/2020\/10\/HUGO-FATTORUSO-Y-ALBANA-BARROCAS.jpg","type":"image\/jpeg"}],"author":"Paulo Roddel","twitter_card":"summary_large_image","twitter_title":"Entrevista a Hugo Fattoruso y Albana Barrocas de HA D\u00fao","twitter_description":"Cuando hablamos de Hugo Fattoruso nos referimos a un integrante de una las familias musicales m\u00e1s importantes e influyentes de Uruguay, y ampliamente reconocida y respetada en otros pa\u00edses tambi\u00e9n.","twitter_image":"https:\/\/cooltivarte.com\/portal\/wp-content\/uploads\/2020\/10\/HUGO-FATTORUSO-Y-ALBANA-BARROCAS.jpg","twitter_creator":"@https:\/\/x.com\/obolocultural","twitter_site":"@obolocultural","twitter_misc":{"Escrito por":"Paulo Roddel","Tiempo de lectura":"11 minutos"},"schema":{"@context":"https:\/\/schema.org","@graph":[{"@type":"NewsArticle","@id":"https:\/\/cooltivarte.com\/portal\/entrevista-a-hugo-fattoruso-y-albana-barrocas-de-ha-duo\/#article","isPartOf":{"@id":"https:\/\/cooltivarte.com\/portal\/entrevista-a-hugo-fattoruso-y-albana-barrocas-de-ha-duo\/"},"author":{"name":"Paulo Roddel","@id":"https:\/\/cooltivarte.com\/portal\/#\/schema\/person\/cd2efa85c6b7f58778c3fe3b5426ecaa"},"headline":"Entrevista a Hugo Fattoruso y Albana Barrocas de HA D\u00fao","datePublished":"2020-10-28T21:26:49+00:00","dateModified":"2023-08-12T23:20:25+00:00","mainEntityOfPage":{"@id":"https:\/\/cooltivarte.com\/portal\/entrevista-a-hugo-fattoruso-y-albana-barrocas-de-ha-duo\/"},"wordCount":2260,"publisher":{"@id":"https:\/\/cooltivarte.com\/portal\/#organization"},"image":{"@id":"https:\/\/cooltivarte.com\/portal\/entrevista-a-hugo-fattoruso-y-albana-barrocas-de-ha-duo\/#primaryimage"},"thumbnailUrl":"https:\/\/cooltivarte.com\/portal\/wp-content\/uploads\/2020\/10\/HUGO-FATTORUSO-Y-ALBANA-BARROCAS.jpg","keywords":["Albana Barrocas","Entrevista","HA D\u00fao","Hugo Fattoruso"],"articleSection":["M\u00fasica"],"inLanguage":"es-AR"},{"@type":"WebPage","@id":"https:\/\/cooltivarte.com\/portal\/entrevista-a-hugo-fattoruso-y-albana-barrocas-de-ha-duo\/","url":"https:\/\/cooltivarte.com\/portal\/entrevista-a-hugo-fattoruso-y-albana-barrocas-de-ha-duo\/","name":"Entrevista a Hugo Fattoruso y Albana Barrocas de HA D\u00fao - Cooltivarte Portal","isPartOf":{"@id":"https:\/\/cooltivarte.com\/portal\/#website"},"primaryImageOfPage":{"@id":"https:\/\/cooltivarte.com\/portal\/entrevista-a-hugo-fattoruso-y-albana-barrocas-de-ha-duo\/#primaryimage"},"image":{"@id":"https:\/\/cooltivarte.com\/portal\/entrevista-a-hugo-fattoruso-y-albana-barrocas-de-ha-duo\/#primaryimage"},"thumbnailUrl":"https:\/\/cooltivarte.com\/portal\/wp-content\/uploads\/2020\/10\/HUGO-FATTORUSO-Y-ALBANA-BARROCAS.jpg","datePublished":"2020-10-28T21:26:49+00:00","dateModified":"2023-08-12T23:20:25+00:00","description":"Cuando hablamos de Hugo Fattoruso nos referimos a un integrante de una las familias musicales m\u00e1s importantes e influyentes de Uruguay, y ampliamente reconocida y respetada en otros pa\u00edses tambi\u00e9n.","breadcrumb":{"@id":"https:\/\/cooltivarte.com\/portal\/entrevista-a-hugo-fattoruso-y-albana-barrocas-de-ha-duo\/#breadcrumb"},"inLanguage":"es-AR","potentialAction":[{"@type":"ReadAction","target":["https:\/\/cooltivarte.com\/portal\/entrevista-a-hugo-fattoruso-y-albana-barrocas-de-ha-duo\/"]}]},{"@type":"ImageObject","inLanguage":"es-AR","@id":"https:\/\/cooltivarte.com\/portal\/entrevista-a-hugo-fattoruso-y-albana-barrocas-de-ha-duo\/#primaryimage","url":"https:\/\/cooltivarte.com\/portal\/wp-content\/uploads\/2020\/10\/HUGO-FATTORUSO-Y-ALBANA-BARROCAS.jpg","contentUrl":"https:\/\/cooltivarte.com\/portal\/wp-content\/uploads\/2020\/10\/HUGO-FATTORUSO-Y-ALBANA-BARROCAS.jpg","width":1024,"height":768,"caption":"HUGO FATTORUSO Y ALBANA BARROCAS DE HA D\u00daO"},{"@type":"BreadcrumbList","@id":"https:\/\/cooltivarte.com\/portal\/entrevista-a-hugo-fattoruso-y-albana-barrocas-de-ha-duo\/#breadcrumb","itemListElement":[{"@type":"ListItem","position":1,"name":"Portada","item":"https:\/\/cooltivarte.com\/portal\/"},{"@type":"ListItem","position":2,"name":"Entrevista a Hugo Fattoruso y Albana Barrocas de HA D\u00fao"}]},{"@type":"WebSite","@id":"https:\/\/cooltivarte.com\/portal\/#website","url":"https:\/\/cooltivarte.com\/portal\/","name":"Cooltivarte Portal","description":"Arte, cultura y turismo para el mundo ...","publisher":{"@id":"https:\/\/cooltivarte.com\/portal\/#organization"},"potentialAction":[{"@type":"SearchAction","target":{"@type":"EntryPoint","urlTemplate":"https:\/\/cooltivarte.com\/portal\/?s={search_term_string}"},"query-input":{"@type":"PropertyValueSpecification","valueRequired":true,"valueName":"search_term_string"}}],"inLanguage":"es-AR"},{"@type":"Organization","@id":"https:\/\/cooltivarte.com\/portal\/#organization","name":"cooltivarte","url":"https:\/\/cooltivarte.com\/portal\/","logo":{"@type":"ImageObject","inLanguage":"es-AR","@id":"https:\/\/cooltivarte.com\/portal\/#\/schema\/logo\/image\/","url":"https:\/\/cooltivarte.com\/portal\/wp-content\/uploads\/2020\/04\/logo-cooltivarte-v2.png","contentUrl":"https:\/\/cooltivarte.com\/portal\/wp-content\/uploads\/2020\/04\/logo-cooltivarte-v2.png","width":851,"height":243,"caption":"cooltivarte"},"image":{"@id":"https:\/\/cooltivarte.com\/portal\/#\/schema\/logo\/image\/"},"sameAs":["https:\/\/www.facebook.com\/cooltivartecom\/","https:\/\/x.com\/obolocultural","https:\/\/www.instagram.com\/_cooltivarte_\/","https:\/\/www.linkedin.com\/company\/-bolocultural?reportsuccess=8zaNG1HwhPbAR9iQhZ5rfGeqz_vQFftHun0ZWU0Wy9vNemRJ8vtcKdJvzQfW8XagyOJSKg0XvfJ1dp","https:\/\/www.pinterest.com\/cooltivarte\/","https:\/\/cooltivarte.tumblr.com\/","https:\/\/www.tiktok.com\/@cooltivarte","https:\/\/www.youtube.com\/@PrensaCooltivarte"]},{"@type":"Person","@id":"https:\/\/cooltivarte.com\/portal\/#\/schema\/person\/cd2efa85c6b7f58778c3fe3b5426ecaa","name":"Paulo Roddel","image":{"@type":"ImageObject","inLanguage":"es-AR","@id":"https:\/\/cooltivarte.com\/portal\/wp-content\/uploads\/2023\/04\/309588768_10221911924376380_7090664272806348508_n-120x120.jpg","url":"https:\/\/cooltivarte.com\/portal\/wp-content\/uploads\/2023\/04\/309588768_10221911924376380_7090664272806348508_n-120x120.jpg","contentUrl":"https:\/\/cooltivarte.com\/portal\/wp-content\/uploads\/2023\/04\/309588768_10221911924376380_7090664272806348508_n-120x120.jpg","caption":"Paulo Roddel"},"description":"Naci\u00f3 e1 13 de octubre de 1977, en Montevideo, Uruguay. Ha publicado poes\u00eda y cuentos en revistas y antolog\u00edas de escritores. Edit\u00f3 fanzines y publicaciones de rock de circulaci\u00f3n under en Montevideo (1997-2000). Co-fund\u00f3 los grupos de poetas 7 Segundos y Seis50, grab\u00f3 los cds de poes\u00eda \u201cSiete Segundos en la vuelta de tu oreja\u201d (Grupo 7 Segundos, 2002) y \u201cAblaci\u00f3n del Habla\u201d (Grupo Seis50, 2006). Ha publicado cinco libros de poes\u00eda \"Trapos\" (2004), \"Palidezco\" (2010), \"Ama\/zonas\" (2014), \"El ce\u00f1o del sue\u00f1o\" (2016), y \"Efecto acumulativo\" (2019). Ha colaborado en los peri\u00f3dicos La Diaria y La Rep\u00fablica, fue co-redactor de la revista cultural Fango (Premio Fondos Concursables del MEC, 2010-2011), colabor\u00f3 en las revistas culturales H-enciclopedia, Revista Ricardo Reis, Revista Vadenuevo, Revista Once, Magazine Montevideando, Suplemento El Pa\u00eds Cultural, entre otras publicaciones. En 2014 participa de la realizaci\u00f3n Poetas - Proyecto Cross Media. Colabora desde el 2010 en el portal cooltivarte.com. Participa en ciclos literarios y encuentros de escritores tanto en Uruguay como en Argentina, y como columnista invitado en radios tratando efem\u00e9rides vinculadas al rock. Como periodista cultural ha entrevistado a numerosas destacadas figuras de la cultura, tanto uruguayas como extranjeras en diferentes disciplinas art\u00edsticas. Colabora tambi\u00e9n en la revista digital Lam\u00e1s M\u00e9dula, de Buenos Aires. Produce y conduce el programa de rock uruguayo \"El Pulso El\u00e9ctrico\" en FM Ciudadela 88.7. Participa como columnista quincenal sobre m\u00fasica uruguaya en la Din\u00e1mico FM de Porto Alegre, Brasil. Es docente de ingl\u00e9s, librero, y curs\u00f3 la carrera de Licenciatura en Ciencias Hist\u00f3ricas en la Facultad de Humanidades y Ciencias de la Educaci\u00f3n de la UdelaR.","sameAs":["https:\/\/www.facebook.com\/paulo.roddel?fref=ts","https:\/\/www.instagram.com\/_cooltivarte_\/","https:\/\/www.linkedin.com\/company\/-bolocultural","https:\/\/www.pinterest.com\/cooltivarte","https:\/\/x.com\/https:\/\/x.com\/obolocultural","https:\/\/www.youtube.com\/@PrensaCooltivarte","https:\/\/www.tumblr.com\/blog\/cooltivarte"],"url":"https:\/\/cooltivarte.com\/portal\/author\/proddel\/"}]}},"_links":{"self":[{"href":"https:\/\/cooltivarte.com\/portal\/wp-json\/wp\/v2\/posts\/64317","targetHints":{"allow":["GET"]}}],"collection":[{"href":"https:\/\/cooltivarte.com\/portal\/wp-json\/wp\/v2\/posts"}],"about":[{"href":"https:\/\/cooltivarte.com\/portal\/wp-json\/wp\/v2\/types\/post"}],"author":[{"embeddable":true,"href":"https:\/\/cooltivarte.com\/portal\/wp-json\/wp\/v2\/users\/3"}],"replies":[{"embeddable":true,"href":"https:\/\/cooltivarte.com\/portal\/wp-json\/wp\/v2\/comments?post=64317"}],"version-history":[{"count":11,"href":"https:\/\/cooltivarte.com\/portal\/wp-json\/wp\/v2\/posts\/64317\/revisions"}],"predecessor-version":[{"id":92510,"href":"https:\/\/cooltivarte.com\/portal\/wp-json\/wp\/v2\/posts\/64317\/revisions\/92510"}],"wp:featuredmedia":[{"embeddable":true,"href":"https:\/\/cooltivarte.com\/portal\/wp-json\/wp\/v2\/media\/64337"}],"wp:attachment":[{"href":"https:\/\/cooltivarte.com\/portal\/wp-json\/wp\/v2\/media?parent=64317"}],"wp:term":[{"taxonomy":"category","embeddable":true,"href":"https:\/\/cooltivarte.com\/portal\/wp-json\/wp\/v2\/categories?post=64317"},{"taxonomy":"post_tag","embeddable":true,"href":"https:\/\/cooltivarte.com\/portal\/wp-json\/wp\/v2\/tags?post=64317"}],"curies":[{"name":"wp","href":"https:\/\/api.w.org\/{rel}","templated":true}]}}