{"id":64111,"date":"2020-10-24T19:38:16","date_gmt":"2020-10-24T22:38:16","guid":{"rendered":"https:\/\/cooltivarte.com\/portal\/?p=64111"},"modified":"2020-10-26T10:22:12","modified_gmt":"2020-10-26T13:22:12","slug":"iii-festival-internacional-de-colonia","status":"publish","type":"post","link":"https:\/\/cooltivarte.com\/portal\/iii-festival-internacional-de-colonia\/","title":{"rendered":"III Festival Internacional de Colonia"},"content":{"rendered":"<h2>El&nbsp;<strong>III Festival Internacional de Colonia<\/strong> <strong>2020<\/strong>&nbsp;ser\u00e1 virtual. En esta ocasi\u00f3n ofrecera cinco programas diferentes en <a href=\"http:\/\/festivaldecolonia.org\" target=\"_blank\" rel=\"noopener\"><span style=\"color: #99cc00;\"><strong>festivalcolonia<\/strong>.org<\/span>&nbsp;<\/a>.<\/h2>\n<p><span style=\"color: #000000;\">Del 11 al 15 de Noviembre a las 20 hs. El&nbsp;<strong>Canal 5 (TNU)&nbsp;<\/strong>transmitir\u00e1 los cinco programas los s\u00e1bados 14, 21 y 28 de noviembre y el 5 y 12 de diciembre a las 20:30 hs y<\/span> el&nbsp;<strong>Canal 3 de Colonia<\/strong>&nbsp;los mismos d\u00edas a las 22 hs.&nbsp;<strong>Radio Babel (97.1 o Babel.uy)<\/strong>&nbsp;transmitir\u00e1 dos programas de m\u00fasica el s\u00e1bado 14 y domingo 15 de noviembre a las 22 hs.<\/p>\n<p>El programa del<strong> mi\u00e9rcoles 1<\/strong>1 incluye la presentaci\u00f3n de las obras seleccionadas y premiadas en la II Bienal Colonia (concurso virtual de artistas uruguayos en pintura, grabado, dibujo y fotograf\u00eda; organizado por el festival y curado por un jurado internacional) con m\u00fasica grabada en los festivales 2018 y 2019.<\/p>\n<p>El<strong> jueves 12<\/strong> incluye videos de Colonia del Sacramento y de m\u00fasica cl\u00e1sica, tango, jazz y folclore.<\/p>\n<p>El <strong>viernes 13<\/strong> se presentaran diferentes partes de Uruguay y videos de destacados m\u00fasicos uruguayos e internacionales.<\/p>\n<p>El <strong>s\u00e1bado 14<\/strong>&nbsp; Montevideo y actuaciones de m\u00fasicos y actores grabados durante los dos primeros festivales.<\/p>\n<p>El domingo 15 cerrara con un paseo por Colonia y otros atractivos de Uruguay adem\u00e1s de inolvidables momentos en festivales anteriores.<\/p>\n<h3>&nbsp;<\/h3>\n<h3><img fetchpriority=\"high\" decoding=\"async\" class=\"aligncenter wp-image-64114\" title=\"El III Festival Internacional de Colonia 2020\" src=\"https:\/\/cooltivarte.com\/portal\/wp-content\/uploads\/2020\/10\/Logo-Yellow-768x414.png\" alt=\"El III Festival Internacional de Colonia 2020\" width=\"556\" height=\"278\"\/><\/h3>\n<p>&nbsp;<\/p>\n<p>&nbsp;<\/p>\n<p>&nbsp;<\/p>\n","protected":false},"excerpt":{"rendered":"<p>El&nbsp;III Festival Internacional de Colonia 2020&nbsp;ser\u00e1 virtual. En esta ocasi\u00f3n ofrecera cinco programas diferentes en festivalcolonia.org&nbsp;. Del 11 al 15 de Noviembre a las 20 hs. El&nbsp;Canal 5 (TNU)&nbsp;transmitir\u00e1 los cinco programas los s\u00e1bados 14, 21 y 28 de noviembre y el 5 y 12 de diciembre a las 20:30 hs y el&nbsp;Canal 3 de [&hellip;]<\/p>\n","protected":false},"author":134,"featured_media":64163,"comment_status":"closed","ping_status":"closed","sticky":false,"template":"","format":"video","meta":{"om_disable_all_campaigns":false,"ngg_post_thumbnail":0,"jnews-multi-image_gallery":[],"jnews_single_post":[],"jnews_primary_category":[],"jnews_social_meta":[],"jnews_override_counter":[],"footnotes":""},"categories":[3394],"tags":[1844,9819,4231,12695,195,656,256],"class_list":["post-64111","post","type-post","status-publish","format-video","has-post-thumbnail","hentry","category-eventos","tag-colonia","tag-enrique-graf","tag-folclore","tag-iii-festival-internacional-de-colonia","tag-jazz","tag-musica-clasica","tag-tango","post_format-post-format-video"],"yoast_head":"<!-- This site is optimized with the Yoast SEO plugin v27.4 - https:\/\/yoast.com\/product\/yoast-seo-wordpress\/ -->\n<title>III Festival Internacional de Colonia - Cooltivarte Portal<\/title>\n<meta name=\"description\" content=\"COOLTIVARTE.COM es un portal digital colaborativo de actualizaci\u00f3n permanente dedicado a difundir el acontecer art\u00edstico y cultural, entrevista artistas, gestores y productores de las diferentes disciplinas del arte, y publicando art\u00edculos de reflexi\u00f3n de producci\u00f3n propia sobre los elementos culturales.\" \/>\n<meta name=\"robots\" content=\"index, follow, max-snippet:-1, max-image-preview:large, max-video-preview:-1\" \/>\n<link rel=\"canonical\" href=\"https:\/\/cooltivarte.com\/portal\/iii-festival-internacional-de-colonia\/\" \/>\n<meta property=\"og:locale\" content=\"es_ES\" \/>\n<meta property=\"og:type\" content=\"article\" \/>\n<meta property=\"og:title\" content=\"III Festival Internacional de Colonia - Cooltivarte Portal\" \/>\n<meta property=\"og:description\" content=\"COOLTIVARTE.COM es un portal digital colaborativo de actualizaci\u00f3n permanente dedicado a difundir el acontecer art\u00edstico y cultural, entrevista artistas, gestores y productores de las diferentes disciplinas del arte, y publicando art\u00edculos de reflexi\u00f3n de producci\u00f3n propia sobre los elementos culturales.\" \/>\n<meta property=\"og:url\" content=\"https:\/\/cooltivarte.com\/portal\/iii-festival-internacional-de-colonia\/\" \/>\n<meta property=\"og:site_name\" content=\"Cooltivarte Portal\" \/>\n<meta property=\"article:publisher\" content=\"https:\/\/www.facebook.com\/cooltivartecom\/\" \/>\n<meta property=\"article:author\" content=\"https:\/\/www.facebook.com\/pato.bue?ref=br_rs\" \/>\n<meta property=\"article:published_time\" content=\"2020-10-24T22:38:16+00:00\" \/>\n<meta property=\"article:modified_time\" content=\"2020-10-26T13:22:12+00:00\" \/>\n<meta property=\"og:image\" content=\"https:\/\/cooltivarte.com\/portal\/wp-content\/uploads\/2020\/10\/hqdefault-33.jpg\" \/>\n\t<meta property=\"og:image:width\" content=\"480\" \/>\n\t<meta property=\"og:image:height\" content=\"360\" \/>\n\t<meta property=\"og:image:type\" content=\"image\/jpeg\" \/>\n<meta name=\"author\" content=\"Patricia Ianniruberto\" \/>\n<meta name=\"twitter:card\" content=\"summary_large_image\" \/>\n<meta name=\"twitter:creator\" content=\"@https:\/\/x.com\/obolocultural\" \/>\n<meta name=\"twitter:site\" content=\"@obolocultural\" \/>\n<meta name=\"twitter:label1\" content=\"Escrito por\" \/>\n\t<meta name=\"twitter:data1\" content=\"Patricia Ianniruberto\" \/>\n\t<meta name=\"twitter:label2\" content=\"Tiempo de lectura\" \/>\n\t<meta name=\"twitter:data2\" content=\"1 minuto\" \/>\n<!-- \/ Yoast SEO plugin. -->","yoast_head_json":{"title":"III Festival Internacional de Colonia - Cooltivarte Portal","description":"COOLTIVARTE.COM es un portal digital colaborativo de actualizaci\u00f3n permanente dedicado a difundir el acontecer art\u00edstico y cultural, entrevista artistas, gestores y productores de las diferentes disciplinas del arte, y publicando art\u00edculos de reflexi\u00f3n de producci\u00f3n propia sobre los elementos culturales.","robots":{"index":"index","follow":"follow","max-snippet":"max-snippet:-1","max-image-preview":"max-image-preview:large","max-video-preview":"max-video-preview:-1"},"canonical":"https:\/\/cooltivarte.com\/portal\/iii-festival-internacional-de-colonia\/","og_locale":"es_ES","og_type":"article","og_title":"III Festival Internacional de Colonia - Cooltivarte Portal","og_description":"COOLTIVARTE.COM es un portal digital colaborativo de actualizaci\u00f3n permanente dedicado a difundir el acontecer art\u00edstico y cultural, entrevista artistas, gestores y productores de las diferentes disciplinas del arte, y publicando art\u00edculos de reflexi\u00f3n de producci\u00f3n propia sobre los elementos culturales.","og_url":"https:\/\/cooltivarte.com\/portal\/iii-festival-internacional-de-colonia\/","og_site_name":"Cooltivarte Portal","article_publisher":"https:\/\/www.facebook.com\/cooltivartecom\/","article_author":"https:\/\/www.facebook.com\/pato.bue?ref=br_rs","article_published_time":"2020-10-24T22:38:16+00:00","article_modified_time":"2020-10-26T13:22:12+00:00","og_image":[{"width":480,"height":360,"url":"https:\/\/cooltivarte.com\/portal\/wp-content\/uploads\/2020\/10\/hqdefault-33.jpg","type":"image\/jpeg"}],"author":"Patricia Ianniruberto","twitter_card":"summary_large_image","twitter_creator":"@https:\/\/x.com\/obolocultural","twitter_site":"@obolocultural","twitter_misc":{"Escrito por":"Patricia Ianniruberto","Tiempo de lectura":"1 minuto"},"schema":{"@context":"https:\/\/schema.org","@graph":[{"@type":"NewsArticle","@id":"https:\/\/cooltivarte.com\/portal\/iii-festival-internacional-de-colonia\/#article","isPartOf":{"@id":"https:\/\/cooltivarte.com\/portal\/iii-festival-internacional-de-colonia\/"},"author":{"name":"Patricia Ianniruberto","@id":"https:\/\/cooltivarte.com\/portal\/#\/schema\/person\/efd7b91a624d2d005d1571effe8c04b9"},"headline":"III Festival Internacional de Colonia","datePublished":"2020-10-24T22:38:16+00:00","dateModified":"2020-10-26T13:22:12+00:00","mainEntityOfPage":{"@id":"https:\/\/cooltivarte.com\/portal\/iii-festival-internacional-de-colonia\/"},"wordCount":222,"publisher":{"@id":"https:\/\/cooltivarte.com\/portal\/#organization"},"image":{"@id":"https:\/\/cooltivarte.com\/portal\/iii-festival-internacional-de-colonia\/#primaryimage"},"thumbnailUrl":"https:\/\/cooltivarte.com\/portal\/wp-content\/uploads\/2020\/10\/hqdefault-33.jpg","keywords":["Colonia","Enrique Graf","folclore","III Festival Internacional de Colonia","Jazz","m\u00fasica cl\u00e1sica","Tango"],"articleSection":["Eventos"],"inLanguage":"es-AR"},{"@type":"WebPage","@id":"https:\/\/cooltivarte.com\/portal\/iii-festival-internacional-de-colonia\/","url":"https:\/\/cooltivarte.com\/portal\/iii-festival-internacional-de-colonia\/","name":"III Festival Internacional de Colonia - Cooltivarte Portal","isPartOf":{"@id":"https:\/\/cooltivarte.com\/portal\/#website"},"primaryImageOfPage":{"@id":"https:\/\/cooltivarte.com\/portal\/iii-festival-internacional-de-colonia\/#primaryimage"},"image":{"@id":"https:\/\/cooltivarte.com\/portal\/iii-festival-internacional-de-colonia\/#primaryimage"},"thumbnailUrl":"https:\/\/cooltivarte.com\/portal\/wp-content\/uploads\/2020\/10\/hqdefault-33.jpg","datePublished":"2020-10-24T22:38:16+00:00","dateModified":"2020-10-26T13:22:12+00:00","description":"COOLTIVARTE.COM es un portal digital colaborativo de actualizaci\u00f3n permanente dedicado a difundir el acontecer art\u00edstico y cultural, entrevista artistas, gestores y productores de las diferentes disciplinas del arte, y publicando art\u00edculos de reflexi\u00f3n de producci\u00f3n propia sobre los elementos culturales.","breadcrumb":{"@id":"https:\/\/cooltivarte.com\/portal\/iii-festival-internacional-de-colonia\/#breadcrumb"},"inLanguage":"es-AR","potentialAction":[{"@type":"ReadAction","target":["https:\/\/cooltivarte.com\/portal\/iii-festival-internacional-de-colonia\/"]}]},{"@type":"ImageObject","inLanguage":"es-AR","@id":"https:\/\/cooltivarte.com\/portal\/iii-festival-internacional-de-colonia\/#primaryimage","url":"https:\/\/cooltivarte.com\/portal\/wp-content\/uploads\/2020\/10\/hqdefault-33.jpg","contentUrl":"https:\/\/cooltivarte.com\/portal\/wp-content\/uploads\/2020\/10\/hqdefault-33.jpg","width":480,"height":360,"caption":"El III Festival Internacional de Colonia 2020 ser\u00e1 virtual"},{"@type":"BreadcrumbList","@id":"https:\/\/cooltivarte.com\/portal\/iii-festival-internacional-de-colonia\/#breadcrumb","itemListElement":[{"@type":"ListItem","position":1,"name":"Portada","item":"https:\/\/cooltivarte.com\/portal\/"},{"@type":"ListItem","position":2,"name":"III Festival Internacional de Colonia"}]},{"@type":"WebSite","@id":"https:\/\/cooltivarte.com\/portal\/#website","url":"https:\/\/cooltivarte.com\/portal\/","name":"Cooltivarte Portal","description":"Arte, cultura y turismo para el mundo ...","publisher":{"@id":"https:\/\/cooltivarte.com\/portal\/#organization"},"potentialAction":[{"@type":"SearchAction","target":{"@type":"EntryPoint","urlTemplate":"https:\/\/cooltivarte.com\/portal\/?s={search_term_string}"},"query-input":{"@type":"PropertyValueSpecification","valueRequired":true,"valueName":"search_term_string"}}],"inLanguage":"es-AR"},{"@type":"Organization","@id":"https:\/\/cooltivarte.com\/portal\/#organization","name":"cooltivarte","url":"https:\/\/cooltivarte.com\/portal\/","logo":{"@type":"ImageObject","inLanguage":"es-AR","@id":"https:\/\/cooltivarte.com\/portal\/#\/schema\/logo\/image\/","url":"https:\/\/cooltivarte.com\/portal\/wp-content\/uploads\/2020\/04\/logo-cooltivarte-v2.png","contentUrl":"https:\/\/cooltivarte.com\/portal\/wp-content\/uploads\/2020\/04\/logo-cooltivarte-v2.png","width":851,"height":243,"caption":"cooltivarte"},"image":{"@id":"https:\/\/cooltivarte.com\/portal\/#\/schema\/logo\/image\/"},"sameAs":["https:\/\/www.facebook.com\/cooltivartecom\/","https:\/\/x.com\/obolocultural","https:\/\/www.instagram.com\/_cooltivarte_\/","https:\/\/www.linkedin.com\/company\/-bolocultural?reportsuccess=8zaNG1HwhPbAR9iQhZ5rfGeqz_vQFftHun0ZWU0Wy9vNemRJ8vtcKdJvzQfW8XagyOJSKg0XvfJ1dp","https:\/\/www.pinterest.com\/cooltivarte\/","https:\/\/cooltivarte.tumblr.com\/","https:\/\/www.tiktok.com\/@cooltivarte","https:\/\/www.youtube.com\/@PrensaCooltivarte"]},{"@type":"Person","@id":"https:\/\/cooltivarte.com\/portal\/#\/schema\/person\/efd7b91a624d2d005d1571effe8c04b9","name":"Patricia Ianniruberto","image":{"@type":"ImageObject","inLanguage":"es-AR","@id":"https:\/\/cooltivarte.com\/portal\/wp-content\/uploads\/2018\/04\/patricia-ianniruberto-120x120.jpg","url":"https:\/\/cooltivarte.com\/portal\/wp-content\/uploads\/2018\/04\/patricia-ianniruberto-120x120.jpg","contentUrl":"https:\/\/cooltivarte.com\/portal\/wp-content\/uploads\/2018\/04\/patricia-ianniruberto-120x120.jpg","caption":"Patricia Ianniruberto"},"description":"Patricia Ianniruberto. Egresada de Bellas Artes (Inst. Beato Ang\u00e9lico). Curs\u00f3 Dise\u00f1o Gr\u00e1fico y Comunicaci\u00f3n Visual (UBA) y producci\u00f3n de cine (SICA). Ejerci\u00f3 como docente de Bellas Artes y de Dise\u00f1o I y II (UBA). Freelance de agencias de publicidad y cineanimaci\u00f3n. Como dise\u00f1adora independiente se especializ\u00f3 en comunicaci\u00f3n visual, prensa y producci\u00f3n, asesorando a empresas en imagen corporativa, producci\u00f3n integral de contenidos y piezas de comunicaci\u00f3n: folletos, cat\u00e1logos, revistas, stands, web, tv, v\u00eda p\u00fablica, asesoramiento en derechos de autor, marcas y dominios junto al Estudio Lauritsen. Desarroll\u00f3 proyectos pioneros de tecnolog\u00eda en Internet y aplicaciones interactivas (netmedia). Locaciones: cine y medios. En Uruguay: seleccionada: Taller de promoci\u00f3n y distribuci\u00f3n Mercosur: nuevas herramientas multiplataforma\/Mercosur Audiovisual (Programa de Cooperaci\u00f3n con la Comunidad Europea). Representaci\u00f3n y gesti\u00f3n de notas en instituciones p\u00fablicas y privadas vinculadas al arte y la cultura. Corresponsal de revistas de cultura y colaboradora de medios gr\u00e1ficos y digitales. Edici\u00f3n y producci\u00f3n de contenidos multiplataforma. Gesti\u00f3n cultural y de prensa-Corresponsal en Buenos Aires: Argentina\/Uruguay.","sameAs":["https:\/\/www.facebook.com\/pato.bue?ref=br_rs","https:\/\/www.instagram.com\/_cooltivarte_\/","https:\/\/www.linkedin.com\/company\/-bolocultural\/","https:\/\/www.pinterest.com\/cooltivarte\/","https:\/\/x.com\/https:\/\/x.com\/obolocultural","https:\/\/www.youtube.com\/@PrensaCooltivarte","https:\/\/cooltivarte.tumblr.com\/"],"url":"https:\/\/cooltivarte.com\/portal\/author\/patricia-ianniruberto\/"}]}},"_links":{"self":[{"href":"https:\/\/cooltivarte.com\/portal\/wp-json\/wp\/v2\/posts\/64111","targetHints":{"allow":["GET"]}}],"collection":[{"href":"https:\/\/cooltivarte.com\/portal\/wp-json\/wp\/v2\/posts"}],"about":[{"href":"https:\/\/cooltivarte.com\/portal\/wp-json\/wp\/v2\/types\/post"}],"author":[{"embeddable":true,"href":"https:\/\/cooltivarte.com\/portal\/wp-json\/wp\/v2\/users\/134"}],"replies":[{"embeddable":true,"href":"https:\/\/cooltivarte.com\/portal\/wp-json\/wp\/v2\/comments?post=64111"}],"version-history":[{"count":10,"href":"https:\/\/cooltivarte.com\/portal\/wp-json\/wp\/v2\/posts\/64111\/revisions"}],"predecessor-version":[{"id":64165,"href":"https:\/\/cooltivarte.com\/portal\/wp-json\/wp\/v2\/posts\/64111\/revisions\/64165"}],"wp:featuredmedia":[{"embeddable":true,"href":"https:\/\/cooltivarte.com\/portal\/wp-json\/wp\/v2\/media\/64163"}],"wp:attachment":[{"href":"https:\/\/cooltivarte.com\/portal\/wp-json\/wp\/v2\/media?parent=64111"}],"wp:term":[{"taxonomy":"category","embeddable":true,"href":"https:\/\/cooltivarte.com\/portal\/wp-json\/wp\/v2\/categories?post=64111"},{"taxonomy":"post_tag","embeddable":true,"href":"https:\/\/cooltivarte.com\/portal\/wp-json\/wp\/v2\/tags?post=64111"}],"curies":[{"name":"wp","href":"https:\/\/api.w.org\/{rel}","templated":true}]}}