{"id":64002,"date":"2020-10-20T13:09:31","date_gmt":"2020-10-20T16:09:31","guid":{"rendered":"https:\/\/cooltivarte.com\/portal\/?p=64002"},"modified":"2024-02-10T11:46:39","modified_gmt":"2024-02-10T14:46:39","slug":"premiere-internacional-de-vacio-de-paul-venegas-una-co-produccion-ecuador-uruguay-y-colombia","status":"publish","type":"post","link":"https:\/\/cooltivarte.com\/portal\/premiere-internacional-de-vacio-de-paul-venegas-una-co-produccion-ecuador-uruguay-y-colombia\/","title":{"rendered":"Premi\u00e8re Internacional de VAC\u00cdO, de Pa\u00fal Venegas, una co- producci\u00f3n Ecuador, Uruguay y Colombia"},"content":{"rendered":"<h2>LA SUMA&nbsp; A<strong>nuncia la Premi\u00e8re Internacional de&nbsp;<\/strong><strong><em>VAC\u00cdO<\/em>&nbsp;en<\/strong><\/h2>\n<p><a href=\"https:\/\/cooltivarte.com\/portal\/wp-content\/uploads\/2020\/10\/FESTIVAL-chico.jpg\"><img decoding=\"async\" class=\"alignnone wp-image-64003 size-medium\" title=\"FESTIVAL chico\" src=\"https:\/\/cooltivarte.com\/portal\/wp-content\/uploads\/2020\/10\/FESTIVAL-chico-300x100.jpg\" alt=\"FESTIVAL chico\" width=\"300\" height=\"100\" srcset=\"https:\/\/cooltivarte.com\/portal\/wp-content\/uploads\/2020\/10\/FESTIVAL-chico-300x100.jpg 300w, https:\/\/cooltivarte.com\/portal\/wp-content\/uploads\/2020\/10\/FESTIVAL-chico.jpg 750w\" sizes=\"(max-width: 300px) 100vw, 300px\" \/><\/a><\/p>\n<p><strong>Mejor Largometraje ecuatoriano 2019<\/strong><br \/>\n<strong> Festival Internacional de Cine de Guayaquil<\/strong><\/p>\n<p>&nbsp;<\/p>\n<p><strong>VAC\u00cdO<\/strong><br \/>\n<strong> Una pel\u00edcula de Pa\u00fal Venegas<\/strong><br \/>\nEcuador, Uruguay, Colombia, 2019 &#8211; 92\u00b4<\/p>\n<p><strong>Vac\u00edo<\/strong> es la \u00f3pera prima de ficci\u00f3n del director ecuatoriano<a href=\"https:\/\/cooltivarte.com\/portal\/?s=Pa%C3%BAl+Venegas\" target=\"_blank\" rel=\"noopener\"><strong> Pa\u00fal Venegas<\/strong><\/a>, que retrata la migraci\u00f3n china clandestina en Guayaquil. La coproducci\u00f3n de Xanadu Films (Ecuador), La Suma (Uruguay) y Murillo Films (Colombia) fue filmada en la ciudad de Guayaquil, Ecuador, y grabada en un 70 % en mandar\u00edn. Tuvo su estreno nacional en marzo de 2020, y proyecta la exhibici\u00f3n en Pek\u00edn para el 2021.<\/p>\n<p>El filme se prepara ahora para su premi\u00e8re internacional el pr\u00f3ximo 23 de octubre, en el Festival Internacional de Cine de Busan (BFF), Corea del Sur, uno de los festivales de cine m\u00e1s importantes de Asia. La pel\u00edcula se exhibir\u00e1 en la categor\u00eda Flash Forward, secci\u00f3n en la que pueden participar cineastas no asi\u00e1ticos que adopten un enfoque innovador y original del cine.<\/p>\n<p><strong>Sinopsis<\/strong><br \/>\nLei y Wong llegan clandestinamente a Ecuador, ella tiene un solo objetivo, Nueva York, mientras que \u00e9l solo anhela traer a su hijo de China. Pero el destino de ambos est\u00e1 en manos de Chang, un mafioso bipolar que se obsesiona con ella y utilizar\u00e1 su poder para ponerles en una encrucijada, juntos luchar\u00e1n por conseguir su libertad.<br \/>\nVac\u00edo retrata la experiencia emocional del migrante en la b\u00fasqueda de sus sue\u00f1os y su lucha por preservar su dignidad.<\/p>\n<p>&nbsp;<\/p>\n<p style=\"text-align: center;\"><iframe src=\"https:\/\/www.youtube.com\/embed\/diUFTs6g9IU\" width=\"100%\" height=\"515\" frameborder=\"0\" allowfullscreen=\"allowfullscreen\"><span data-mce-type=\"bookmark\" style=\"display: inline-block; width: 0px; overflow: hidden; line-height: 0;\" class=\"mce_SELRES_start\">\ufeff<\/span><\/iframe><\/p>\n<p>&nbsp;<\/p>\n<p><strong>Pa\u00fal Venegas<\/strong><\/p>\n<p>Director, guionista, productor ecuatoriano. Fund\u00f3 Xanad\u00fa Films en el a\u00f1o 2003. Se inici\u00f3 como guionista y productor de la serie &#8220;Rumbo a Xanadu&#8221;, realizada en Turqu\u00eda, Ir\u00e1n, Pakist\u00e1n y China. Ha co-producido internacionalmente largometrajes de ficci\u00f3n y documental. Su \u00f3pera prima en documental fue con el largometraje &#8220;Alberto Spencer, ecuatoriano de Pe\u00f1arol&#8221;. \u201cVac\u00edo\u201d es su \u00f3pera prima en ficci\u00f3n.<\/p>\n<p>Es productor de &#8220;Todo sobre mi mate&#8221; 2013. &#8220;La Llamada&#8221; 2012, &#8220;Defensa 1464&#8221; 2011. &#8220;Cuando me toque a mi&#8221; 2008.<\/p>\n<p>Actualmente desarrolla su segundo largometraje como director &#8220;El sonido del silencio&#8221; y las series &#8220;La era de la ambici\u00f3n&#8221; y &#8220;Latinoam\u00e9rica marginada&#8221;.<\/p>\n<p>&nbsp;<\/p>\n<p>&nbsp;<\/p>\n","protected":false},"excerpt":{"rendered":"<p>Vac\u00edo es la \u00f3pera prima de ficci\u00f3n del director ecuatoriano Pa\u00fal Venegas, que retrata la migraci\u00f3n china clandestina en Guayaquil. La coproducci\u00f3n de Xanadu Films (Ecuador), La Suma (Uruguay) y Murillo Films (Colombia) fue filmada en la ciudad de Guayaquil, Ecuador, y grabada en un 70 % en mandar\u00edn. Tuvo su estreno nacional en marzo de 2020, y proyecta la exhibici\u00f3n en Pek\u00edn para el 2021.<\/p>\n","protected":false},"author":8,"featured_media":64004,"comment_status":"closed","ping_status":"closed","sticky":false,"template":"","format":"standard","meta":{"om_disable_all_campaigns":false,"ngg_post_thumbnail":0,"jnews-multi-image_gallery":[],"jnews_single_post":{"subtitle":"","format":"standard","video":"","gallery":"","source_name":"","source_url":"","via_name":"","via_url":"","override_template":"0","override":[{"template":"4","single_blog_custom":"","parallax":"1","fullscreen":"0","layout":"right-sidebar","sidebar":"default-sidebar","second_sidebar":"default-sidebar","sticky_sidebar":"1","share_position":"bottom","share_float_style":"share-monocrhome","show_share_counter":"1","show_view_counter":"1","show_featured":"1","show_post_meta":"1","show_post_author":"1","show_post_author_image":"1","show_post_date":"1","post_date_format":"default","post_date_format_custom":"Y\/m\/d","show_post_category":"1","show_post_reading_time":"0","post_reading_time_wpm":"300","show_zoom_button":"0","zoom_button_out_step":"2","zoom_button_in_step":"3","show_post_tag":"1","show_prev_next_post":"1","show_popup_post":"1","number_popup_post":"1","show_author_box":"1","show_post_related":"0","show_inline_post_related":"0"}],"override_image_size":"0","image_override":[{"single_post_thumbnail_size":"no-crop","single_post_gallery_size":"crop-500"}],"trending_post":"0","trending_post_position":"meta","trending_post_label":"Trending","sponsored_post":"0","sponsored_post_label":"Sponsored by","sponsored_post_name":"","sponsored_post_url":"","sponsored_post_logo_enable":"0","sponsored_post_logo":"","sponsored_post_desc":"","disable_ad":"0"},"jnews_primary_category":{"id":"","hide":""},"jnews_social_meta":{"fb_title":"","fb_description":"","fb_image":"","twitter_title":"","twitter_description":"","twitter_image":""},"jnews_override_counter":{"override_view_counter":"0","view_counter_number":"0","override_share_counter":"0","share_counter_number":"0","override_like_counter":"0","like_counter_number":"0","override_dislike_counter":"0","dislike_counter_number":"0"},"footnotes":""},"categories":[72],"tags":[1689,664,12659,12657,558,88,12658],"class_list":["post-64002","post","type-post","status-publish","format-standard","has-post-thumbnail","hentry","category-cine","tag-china","tag-colombia","tag-ecuador","tag-paul-venegas","tag-pelicula","tag-uruguay","tag-vacio"],"yoast_head":"<!-- This site is optimized with the Yoast SEO plugin v27.4 - https:\/\/yoast.com\/product\/yoast-seo-wordpress\/ -->\n<title>Premi\u00e8re Internacional de VAC\u00cdO, de Pa\u00fal Venegas, una co- producci\u00f3n Ecuador, Uruguay y Colombia - Cooltivarte Portal<\/title>\n<meta name=\"description\" content=\"Vac\u00edo es la \u00f3pera prima de ficci\u00f3n del director ecuatoriano Pa\u00fal Venegas, que retrata la migraci\u00f3n china clandestina en Guayaquil. La coproducci\u00f3n de Xanadu Films (Ecuador), La Suma (Uruguay) y Murillo Films (Colombia)\" \/>\n<meta name=\"robots\" content=\"index, follow, max-snippet:-1, max-image-preview:large, max-video-preview:-1\" \/>\n<link rel=\"canonical\" href=\"https:\/\/cooltivarte.com\/portal\/premiere-internacional-de-vacio-de-paul-venegas-una-co-produccion-ecuador-uruguay-y-colombia\/\" \/>\n<meta property=\"og:locale\" content=\"es_ES\" \/>\n<meta property=\"og:type\" content=\"article\" \/>\n<meta property=\"og:title\" content=\"Premi\u00e8re Internacional de VAC\u00cdO, de Pa\u00fal Venegas, una co- producci\u00f3n Ecuador, Uruguay y Colombia - Cooltivarte Portal\" \/>\n<meta property=\"og:description\" content=\"Vac\u00edo es la \u00f3pera prima de ficci\u00f3n del director ecuatoriano Pa\u00fal Venegas, que retrata la migraci\u00f3n china clandestina en Guayaquil. La coproducci\u00f3n de Xanadu Films (Ecuador), La Suma (Uruguay) y Murillo Films (Colombia)\" \/>\n<meta property=\"og:url\" content=\"https:\/\/cooltivarte.com\/portal\/premiere-internacional-de-vacio-de-paul-venegas-una-co-produccion-ecuador-uruguay-y-colombia\/\" \/>\n<meta property=\"og:site_name\" content=\"Cooltivarte Portal\" \/>\n<meta property=\"article:publisher\" content=\"https:\/\/www.facebook.com\/cooltivartecom\/\" \/>\n<meta property=\"article:author\" content=\"https:\/\/www.facebook.com\/cooltivartecom\" \/>\n<meta property=\"article:published_time\" content=\"2020-10-20T16:09:31+00:00\" \/>\n<meta property=\"article:modified_time\" content=\"2024-02-10T14:46:39+00:00\" \/>\n<meta property=\"og:image\" content=\"https:\/\/cooltivarte.com\/portal\/wp-content\/uploads\/2020\/10\/Vac\u00edo-Una-pel\u00edcula-de-Pa\u00fal-Venegas.jpg\" \/>\n\t<meta property=\"og:image:width\" content=\"1200\" \/>\n\t<meta property=\"og:image:height\" content=\"800\" \/>\n\t<meta property=\"og:image:type\" content=\"image\/jpeg\" \/>\n<meta name=\"author\" content=\"Cooltivarte\" \/>\n<meta name=\"twitter:card\" content=\"summary_large_image\" \/>\n<meta name=\"twitter:creator\" content=\"@https:\/\/x.com\/obolocultural\" \/>\n<meta name=\"twitter:site\" content=\"@obolocultural\" \/>\n<meta name=\"twitter:label1\" content=\"Escrito por\" \/>\n\t<meta name=\"twitter:data1\" content=\"Cooltivarte\" \/>\n\t<meta name=\"twitter:label2\" content=\"Tiempo de lectura\" \/>\n\t<meta name=\"twitter:data2\" content=\"2 minutos\" \/>\n<!-- \/ Yoast SEO plugin. -->","yoast_head_json":{"title":"Premi\u00e8re Internacional de VAC\u00cdO, de Pa\u00fal Venegas, una co- producci\u00f3n Ecuador, Uruguay y Colombia - Cooltivarte Portal","description":"Vac\u00edo es la \u00f3pera prima de ficci\u00f3n del director ecuatoriano Pa\u00fal Venegas, que retrata la migraci\u00f3n china clandestina en Guayaquil. La coproducci\u00f3n de Xanadu Films (Ecuador), La Suma (Uruguay) y Murillo Films (Colombia)","robots":{"index":"index","follow":"follow","max-snippet":"max-snippet:-1","max-image-preview":"max-image-preview:large","max-video-preview":"max-video-preview:-1"},"canonical":"https:\/\/cooltivarte.com\/portal\/premiere-internacional-de-vacio-de-paul-venegas-una-co-produccion-ecuador-uruguay-y-colombia\/","og_locale":"es_ES","og_type":"article","og_title":"Premi\u00e8re Internacional de VAC\u00cdO, de Pa\u00fal Venegas, una co- producci\u00f3n Ecuador, Uruguay y Colombia - Cooltivarte Portal","og_description":"Vac\u00edo es la \u00f3pera prima de ficci\u00f3n del director ecuatoriano Pa\u00fal Venegas, que retrata la migraci\u00f3n china clandestina en Guayaquil. La coproducci\u00f3n de Xanadu Films (Ecuador), La Suma (Uruguay) y Murillo Films (Colombia)","og_url":"https:\/\/cooltivarte.com\/portal\/premiere-internacional-de-vacio-de-paul-venegas-una-co-produccion-ecuador-uruguay-y-colombia\/","og_site_name":"Cooltivarte Portal","article_publisher":"https:\/\/www.facebook.com\/cooltivartecom\/","article_author":"https:\/\/www.facebook.com\/cooltivartecom","article_published_time":"2020-10-20T16:09:31+00:00","article_modified_time":"2024-02-10T14:46:39+00:00","og_image":[{"width":1200,"height":800,"url":"https:\/\/cooltivarte.com\/portal\/wp-content\/uploads\/2020\/10\/Vac\u00edo-Una-pel\u00edcula-de-Pa\u00fal-Venegas.jpg","type":"image\/jpeg"}],"author":"Cooltivarte","twitter_card":"summary_large_image","twitter_creator":"@https:\/\/x.com\/obolocultural","twitter_site":"@obolocultural","twitter_misc":{"Escrito por":"Cooltivarte","Tiempo de lectura":"2 minutos"},"schema":{"@context":"https:\/\/schema.org","@graph":[{"@type":"NewsArticle","@id":"https:\/\/cooltivarte.com\/portal\/premiere-internacional-de-vacio-de-paul-venegas-una-co-produccion-ecuador-uruguay-y-colombia\/#article","isPartOf":{"@id":"https:\/\/cooltivarte.com\/portal\/premiere-internacional-de-vacio-de-paul-venegas-una-co-produccion-ecuador-uruguay-y-colombia\/"},"author":{"name":"Cooltivarte","@id":"https:\/\/cooltivarte.com\/portal\/#\/schema\/person\/ec2a4f4e71b740d0c559c0ab9a157e19"},"headline":"Premi\u00e8re Internacional de VAC\u00cdO, de Pa\u00fal Venegas, una co- producci\u00f3n Ecuador, Uruguay y Colombia","datePublished":"2020-10-20T16:09:31+00:00","dateModified":"2024-02-10T14:46:39+00:00","mainEntityOfPage":{"@id":"https:\/\/cooltivarte.com\/portal\/premiere-internacional-de-vacio-de-paul-venegas-una-co-produccion-ecuador-uruguay-y-colombia\/"},"wordCount":389,"publisher":{"@id":"https:\/\/cooltivarte.com\/portal\/#organization"},"image":{"@id":"https:\/\/cooltivarte.com\/portal\/premiere-internacional-de-vacio-de-paul-venegas-una-co-produccion-ecuador-uruguay-y-colombia\/#primaryimage"},"thumbnailUrl":"https:\/\/cooltivarte.com\/portal\/wp-content\/uploads\/2020\/10\/Vac\u00edo-Una-pel\u00edcula-de-Pa\u00fal-Venegas.jpg","keywords":["China","colombia","Ecuador","Pa\u00fal Venegas","Pel\u00edcula","Uruguay","VAC\u00cdO"],"articleSection":["Cine y TV"],"inLanguage":"es-AR"},{"@type":"WebPage","@id":"https:\/\/cooltivarte.com\/portal\/premiere-internacional-de-vacio-de-paul-venegas-una-co-produccion-ecuador-uruguay-y-colombia\/","url":"https:\/\/cooltivarte.com\/portal\/premiere-internacional-de-vacio-de-paul-venegas-una-co-produccion-ecuador-uruguay-y-colombia\/","name":"Premi\u00e8re Internacional de VAC\u00cdO, de Pa\u00fal Venegas, una co- producci\u00f3n Ecuador, Uruguay y Colombia - Cooltivarte Portal","isPartOf":{"@id":"https:\/\/cooltivarte.com\/portal\/#website"},"primaryImageOfPage":{"@id":"https:\/\/cooltivarte.com\/portal\/premiere-internacional-de-vacio-de-paul-venegas-una-co-produccion-ecuador-uruguay-y-colombia\/#primaryimage"},"image":{"@id":"https:\/\/cooltivarte.com\/portal\/premiere-internacional-de-vacio-de-paul-venegas-una-co-produccion-ecuador-uruguay-y-colombia\/#primaryimage"},"thumbnailUrl":"https:\/\/cooltivarte.com\/portal\/wp-content\/uploads\/2020\/10\/Vac\u00edo-Una-pel\u00edcula-de-Pa\u00fal-Venegas.jpg","datePublished":"2020-10-20T16:09:31+00:00","dateModified":"2024-02-10T14:46:39+00:00","description":"Vac\u00edo es la \u00f3pera prima de ficci\u00f3n del director ecuatoriano Pa\u00fal Venegas, que retrata la migraci\u00f3n china clandestina en Guayaquil. La coproducci\u00f3n de Xanadu Films (Ecuador), La Suma (Uruguay) y Murillo Films (Colombia)","breadcrumb":{"@id":"https:\/\/cooltivarte.com\/portal\/premiere-internacional-de-vacio-de-paul-venegas-una-co-produccion-ecuador-uruguay-y-colombia\/#breadcrumb"},"inLanguage":"es-AR","potentialAction":[{"@type":"ReadAction","target":["https:\/\/cooltivarte.com\/portal\/premiere-internacional-de-vacio-de-paul-venegas-una-co-produccion-ecuador-uruguay-y-colombia\/"]}]},{"@type":"ImageObject","inLanguage":"es-AR","@id":"https:\/\/cooltivarte.com\/portal\/premiere-internacional-de-vacio-de-paul-venegas-una-co-produccion-ecuador-uruguay-y-colombia\/#primaryimage","url":"https:\/\/cooltivarte.com\/portal\/wp-content\/uploads\/2020\/10\/Vac\u00edo-Una-pel\u00edcula-de-Pa\u00fal-Venegas.jpg","contentUrl":"https:\/\/cooltivarte.com\/portal\/wp-content\/uploads\/2020\/10\/Vac\u00edo-Una-pel\u00edcula-de-Pa\u00fal-Venegas.jpg","width":1200,"height":800,"caption":"VAC\u00cdO Una pel\u00edcula de Pa\u00fal Venegas Ecuador, Uruguay, Colombia, 2019 - 92\u00b4"},{"@type":"BreadcrumbList","@id":"https:\/\/cooltivarte.com\/portal\/premiere-internacional-de-vacio-de-paul-venegas-una-co-produccion-ecuador-uruguay-y-colombia\/#breadcrumb","itemListElement":[{"@type":"ListItem","position":1,"name":"Portada","item":"https:\/\/cooltivarte.com\/portal\/"},{"@type":"ListItem","position":2,"name":"Premi\u00e8re Internacional de VAC\u00cdO, de Pa\u00fal Venegas, una co- producci\u00f3n Ecuador, Uruguay y Colombia"}]},{"@type":"WebSite","@id":"https:\/\/cooltivarte.com\/portal\/#website","url":"https:\/\/cooltivarte.com\/portal\/","name":"Cooltivarte Portal","description":"Arte, cultura y turismo para el mundo ...","publisher":{"@id":"https:\/\/cooltivarte.com\/portal\/#organization"},"potentialAction":[{"@type":"SearchAction","target":{"@type":"EntryPoint","urlTemplate":"https:\/\/cooltivarte.com\/portal\/?s={search_term_string}"},"query-input":{"@type":"PropertyValueSpecification","valueRequired":true,"valueName":"search_term_string"}}],"inLanguage":"es-AR"},{"@type":"Organization","@id":"https:\/\/cooltivarte.com\/portal\/#organization","name":"cooltivarte","url":"https:\/\/cooltivarte.com\/portal\/","logo":{"@type":"ImageObject","inLanguage":"es-AR","@id":"https:\/\/cooltivarte.com\/portal\/#\/schema\/logo\/image\/","url":"https:\/\/cooltivarte.com\/portal\/wp-content\/uploads\/2020\/04\/logo-cooltivarte-v2.png","contentUrl":"https:\/\/cooltivarte.com\/portal\/wp-content\/uploads\/2020\/04\/logo-cooltivarte-v2.png","width":851,"height":243,"caption":"cooltivarte"},"image":{"@id":"https:\/\/cooltivarte.com\/portal\/#\/schema\/logo\/image\/"},"sameAs":["https:\/\/www.facebook.com\/cooltivartecom\/","https:\/\/x.com\/obolocultural","https:\/\/www.instagram.com\/_cooltivarte_\/","https:\/\/www.linkedin.com\/company\/-bolocultural?reportsuccess=8zaNG1HwhPbAR9iQhZ5rfGeqz_vQFftHun0ZWU0Wy9vNemRJ8vtcKdJvzQfW8XagyOJSKg0XvfJ1dp","https:\/\/www.pinterest.com\/cooltivarte\/","https:\/\/cooltivarte.tumblr.com\/","https:\/\/www.tiktok.com\/@cooltivarte","https:\/\/www.youtube.com\/@PrensaCooltivarte"]},{"@type":"Person","@id":"https:\/\/cooltivarte.com\/portal\/#\/schema\/person\/ec2a4f4e71b740d0c559c0ab9a157e19","name":"Cooltivarte","image":{"@type":"ImageObject","inLanguage":"es-AR","@id":"https:\/\/cooltivarte.com\/portal\/wp-content\/uploads\/2014\/05\/logo-cooltivarte-120x120.jpg","url":"https:\/\/cooltivarte.com\/portal\/wp-content\/uploads\/2014\/05\/logo-cooltivarte-120x120.jpg","contentUrl":"https:\/\/cooltivarte.com\/portal\/wp-content\/uploads\/2014\/05\/logo-cooltivarte-120x120.jpg","caption":"Cooltivarte"},"description":"Somos COOLTIVARTE.COM. Un portal digital dedicado a difundir el acontecer art\u00edstico y cultural del Uruguay. Estamos en la vuelta desde el a\u00f1o 2003, y como evoluci\u00f3n del bolet\u00edn Obolo Cultural, nos encontramos abocados a apoyar a los artistas nacionales brind\u00e1ndoles un espacio de difusi\u00f3n. Creemos en la idea de utilizar la potencialidad que hoy d\u00eda nos otorga la web, para que la cultura uruguaya y sus creadores dispongan de una din\u00e1mica ventana, que los ponga en contacto entre s\u00ed y con el mundo. Somos COOLTIVARTE.COM y pretendemos configurarnos como un portal din\u00e1mico, entretenido y atento a los nuevos emprendimientos, que busque siempre la interacci\u00f3n con los artistas.","sameAs":["http:\/\/www.cooltivarte.com","https:\/\/www.facebook.com\/cooltivartecom","https:\/\/www.instagram.com\/_cooltivarte_\/","https:\/\/www.linkedin.com\/company\/-bolocultural","https:\/\/www.pinterest.com\/cooltivarte\/","https:\/\/x.com\/https:\/\/x.com\/obolocultural","https:\/\/www.youtube.com\/@PrensaCooltivarte","https:\/\/www.tumblr.com\/blog\/cooltivarte"],"url":"https:\/\/cooltivarte.com\/portal\/author\/cooltivarte\/"}]}},"_links":{"self":[{"href":"https:\/\/cooltivarte.com\/portal\/wp-json\/wp\/v2\/posts\/64002","targetHints":{"allow":["GET"]}}],"collection":[{"href":"https:\/\/cooltivarte.com\/portal\/wp-json\/wp\/v2\/posts"}],"about":[{"href":"https:\/\/cooltivarte.com\/portal\/wp-json\/wp\/v2\/types\/post"}],"author":[{"embeddable":true,"href":"https:\/\/cooltivarte.com\/portal\/wp-json\/wp\/v2\/users\/8"}],"replies":[{"embeddable":true,"href":"https:\/\/cooltivarte.com\/portal\/wp-json\/wp\/v2\/comments?post=64002"}],"version-history":[{"count":3,"href":"https:\/\/cooltivarte.com\/portal\/wp-json\/wp\/v2\/posts\/64002\/revisions"}],"predecessor-version":[{"id":98939,"href":"https:\/\/cooltivarte.com\/portal\/wp-json\/wp\/v2\/posts\/64002\/revisions\/98939"}],"wp:featuredmedia":[{"embeddable":true,"href":"https:\/\/cooltivarte.com\/portal\/wp-json\/wp\/v2\/media\/64004"}],"wp:attachment":[{"href":"https:\/\/cooltivarte.com\/portal\/wp-json\/wp\/v2\/media?parent=64002"}],"wp:term":[{"taxonomy":"category","embeddable":true,"href":"https:\/\/cooltivarte.com\/portal\/wp-json\/wp\/v2\/categories?post=64002"},{"taxonomy":"post_tag","embeddable":true,"href":"https:\/\/cooltivarte.com\/portal\/wp-json\/wp\/v2\/tags?post=64002"}],"curies":[{"name":"wp","href":"https:\/\/api.w.org\/{rel}","templated":true}]}}