{"id":63881,"date":"2020-10-17T13:23:36","date_gmt":"2020-10-17T16:23:36","guid":{"rendered":"https:\/\/cooltivarte.com\/portal\/?p=63881"},"modified":"2023-10-16T22:19:59","modified_gmt":"2023-10-17T01:19:59","slug":"el-gen-de-la-bestia-un-libro-de-relatos-breves-escrito-por-pedro-copelmayer-y-adrian-fino-sosa","status":"publish","type":"post","link":"https:\/\/cooltivarte.com\/portal\/el-gen-de-la-bestia-un-libro-de-relatos-breves-escrito-por-pedro-copelmayer-y-adrian-fino-sosa\/","title":{"rendered":"El Gen de la Bestia: un libro de relatos breves, escrito por Pedro Copelmayer y Adri\u00e1n \u201cfino\u201d Sosa"},"content":{"rendered":"<figure id=\"attachment_63884\" aria-describedby=\"caption-attachment-63884\" style=\"width: 1024px\" class=\"wp-caption aligncenter\"><img fetchpriority=\"high\" decoding=\"async\" class=\"wp-image-63884 size-full\" title=\"El Gen de la Bestia: un libro de relatos breves, escrito por Pedro Copelmayer y Adri\u00e1n \u201cfino\u201d Sosa.\" src=\"https:\/\/cooltivarte.com\/portal\/wp-content\/uploads\/2020\/10\/Pedro-Copelmayer-y-Adri\u00e1n-fino-Sosa-El-Gen-de-la-Bestia.jpg\" alt=\"El Gen de la Bestia: un libro de relatos breves, escrito por Pedro Copelmayer y Adri\u00e1n \u201cfino\u201d Sosa.\" width=\"1024\" height=\"724\" srcset=\"https:\/\/cooltivarte.com\/portal\/wp-content\/uploads\/2020\/10\/Pedro-Copelmayer-y-Adri\u00e1n-fino-Sosa-El-Gen-de-la-Bestia.jpg 1024w, https:\/\/cooltivarte.com\/portal\/wp-content\/uploads\/2020\/10\/Pedro-Copelmayer-y-Adri\u00e1n-fino-Sosa-El-Gen-de-la-Bestia-300x212.jpg 300w, https:\/\/cooltivarte.com\/portal\/wp-content\/uploads\/2020\/10\/Pedro-Copelmayer-y-Adri\u00e1n-fino-Sosa-El-Gen-de-la-Bestia-768x543.jpg 768w\" sizes=\"(max-width: 1024px) 100vw, 1024px\" \/><figcaption id=\"caption-attachment-63884\" class=\"wp-caption-text\">El Gen de la Bestia: un libro de relatos breves, escrito por Pedro Copelmayer y Adri\u00e1n \u201cfino\u201d Sosa.<\/figcaption><\/figure>\n<p>&nbsp;<\/p>\n<p><strong>Pedro<\/strong>: \u201c<em>Despu\u00e9s de a\u00f1os de idas y venidas decidimos finalmente publicar este libro, que surge de una preocupaci\u00f3n com\u00fan fundamental sobre la sociedad uruguaya, una sociedad en la cual se est\u00e1 despertando el gen de la bestia. Publicamos este libro sabiendo que es perfectible, pero tambi\u00e9n sabiendo que en esto hay procesos naturales que no se pueden apurar ni detener. Publicamos este libro con urgencia, tanto personal como colectiva. Una urgencia personal de liberar lo que se gest\u00f3 en nosotros todos estos a\u00f1os, y una urgencia colectiva de intentar alumbrar lo que viene sucediendo en la sociedad y buscar alguna ruta alternativa. Publicamos este libro, sabiendo que el mejor cr\u00edtico palidece ante el peor de los creadores, sabiendo que es momento de pensar pero sobre todo de hacer. Si logramos una fracci\u00f3n de lo intentado, el trabajo estar\u00e1 hecho<\/em>\u201d.<\/p>\n<p><strong>Fino<\/strong>: \u201c<em>Es un libro de relatos cortos que intentan llegar hasta el hueso. Son textos crueles, esa fue la idea desde el comienzo. Habla del lado oscuro del ser humano, de la bestia que todos, en mayor o menor medida, llevamos dentro. Habla de violencia, de traici\u00f3n, de locura, de enfermedades, de la marginalidad y la miseria. Con Pedro nos conocimos en el taller \u201cLa Tribu\u201d de Alberto Gallo, quien generosamente prolog\u00f3 el libro, y cuando escuche lo que Pedro escrib\u00eda me vol\u00f3 la cabeza. Me descoloc\u00f3 que un muchacho s\u00faper joven escribiera tan bien y tuviese esa capacidad de ver el mundo. Cuando arrancamos \u00e9l no hab\u00eda cumplido los diecisiete a\u00f1os, pero como gran parte de la juventud tiene esa fuerza y esa manera de ver las cosas que me conmueven, como mis hijos, igual. Una tarde conversando le coment\u00e9 la idea de este proyecto, se interes\u00f3, le tir\u00e9 el guante, el se anot\u00f3 y cada uno por su lado encaramos la escritura. Nos llevo casi tres a\u00f1os pero estamos muy contentos con el resultado. Tiene una tapa hermosa, una obra pl\u00e1stica de Claudio Taddei, que refleja la idea del t\u00edtulo. El libro fue realizado con mucho cari\u00f1o a pesar de la angustia que produce meterse a bucear en el dolor y la soledad. Sabemos que es dura su lectura, pero siempre pensando en que algo puede aportar, busca evitar algunas de las trampas, de los desv\u00edos que la vida ofrece. Hay una puerta abierta, como el cuento que cierra el libro<\/em>\u201d.<\/p>\n<p>&nbsp;<\/p>\n<p><img decoding=\"async\" class=\"alignnone wp-image-63882 size-full aligncenter\" title=\"libro - El Gen de la Bestia: un libro de relatos breves, escrito por Pedro Copelmayer y Adri\u00e1n \u201cfino\u201d Sosa\" src=\"https:\/\/cooltivarte.com\/portal\/wp-content\/uploads\/2020\/10\/el-gen-de-la-bestia.jpg\" alt=\"libro - El Gen de la Bestia: un libro de relatos breves, escrito por Pedro Copelmayer y Adri\u00e1n \u201cfino\u201d Sosa\" width=\"650\" height=\"452\" srcset=\"https:\/\/cooltivarte.com\/portal\/wp-content\/uploads\/2020\/10\/el-gen-de-la-bestia.jpg 650w, https:\/\/cooltivarte.com\/portal\/wp-content\/uploads\/2020\/10\/el-gen-de-la-bestia-300x209.jpg 300w\" sizes=\"(max-width: 650px) 100vw, 650px\" \/><\/p>\n<p>&nbsp;<\/p>\n<p><strong>El GEN DE LA BESTIA \/ Pr\u00f3logo, por Alberto Gallo<\/strong><\/p>\n<p>\u201c<em>Yo vi crecer a la bestia. La vi asomarse con temor sobre el germen de estos cuentos. La vi morderse la lengua porque intu\u00eda lo que Pedro y Adri\u00e1n estaban gestando a sus espaldas. Yo vi temblar a la bestia y la vi re\u00edr con nerviosismo y contener el aliento cuando este libro era inminente y ella, la bestia, empezaba a verse en el espejo. <\/em><\/p>\n<p><em>En la g\u00e9nesis de estos cuentos hab\u00eda sangre fresca, mu\u00f1ecas desolladas, festejos extra\u00f1amente desenfrenados, peque\u00f1as venganzas y grandes traiciones, un gato erizado, un perro asesino y el sagrado ritual espartano de sacrificar a los hijos enfermos. Ya estaba todo all\u00ed desde el principio, desde antes del principio, porque las personas pasan, pero los genes quedan, con su lado luminoso y sus zonas m\u00e1s oscuras, esas peque\u00f1as lunas at\u00e1vicas que ya est\u00e1n ah\u00ed, esper\u00e1ndonos, mucho tiempo antes de que lleguemos nosotros. <\/em><\/p>\n<p><em>Qu\u00e9 dif\u00edcil escribir sobre esa zona inc\u00f3moda cuando muchos eligen el camino f\u00e1cil, el final feliz, la apoteosis hollywoodense que nos deje a los lectores con una sonrisa falsa clavada en el rostro. Sin embargo, Adri\u00e1n y Pedro eligieron, de una forma muy consciente, el otro camino, el dif\u00edcil, el del bosque en la noche, el de los ojos de los lobos que nos observan en la oscuridad, con cautela, casi con temor, intuyendo quiz\u00e1 que ser\u00e1n ellos, los lobos, las \u00fanicas v\u00edctimas. Este camino elegido por los autores nos deja un final atascado en la garganta, porque la \u00fanica forma de hacer buena literatura es ser fiel a s\u00ed mismo y a la historia que se debe contar, sin concesiones. Pero lo m\u00e1s dif\u00edcil, supongo, es juntarse para escribir con una misma conciencia sobre estos asuntos que est\u00e1n siempre agazapados y que no queremos mostrar. Juntarse para contar una parte de la verdad, com\u00fan a todos nosotros, la que nadie quiere escuchar y con la que ellos dos decidieron, afortunadamente, escribir muy buenos cuentos, nada piadosos con el lector, nada de finales Disney. Son cuentos hipn\u00f3ticos. Son portadores de palabras poderosas y de im\u00e1genes a\u00fan m\u00e1s poderosas, de esas que uno se lleva a la almohada para seguir masticando un rato m\u00e1s antes de dormir. Ah\u00ed est\u00e1 el arte, justo detr\u00e1s de la bestia. El verdadero poder de la literatura nunca est\u00e1 a la vista, sino escondido en los paisajes menos pensados, en los caminos que nunca son evidentes. Es por eso que, cuando el arte de la literatura nos toca con la magia de sus palabras, esas historias se quedan en alg\u00fan rinc\u00f3n de los genes que ya esperan pacientemente a los lectores que siguen. <\/em><\/p>\n<p><em>Qui\u00e9n es la bestia, ese es un asunto que precisamente ustedes, los lectores, deber\u00e1n resolver tarde o temprano. Y les aseguro que ser\u00e1 un ajuste de cuentas. Lo \u00fanico que puedo decir al respecto, es que yo vi crecer a la bestia que fue gest\u00e1ndose en estos cuentos, y puedo afirmar con total seguridad, que est\u00e1 mucho, mucho m\u00e1s cerca de lo que imaginan.<\/em>\u201d<\/p>\n<p>&nbsp;<\/p>\n<p>El libro est\u00e1 a la venta por <strong><a href=\"https:\/\/articulo.mercadolibre.com.uy\/MLU-475297206-el-gen-de-la-bestia-_JM?quantity=1\" target=\"_blank\" rel=\"noopener\">Mercado Libre<\/a><\/strong><\/p>\n<p><a href=\"https:\/\/www.google.com\/maps\/place\/Grinderman+Libros\/@-34.9001519,-56.1809677,17z\/data=!3m1!4b1!4m5!3m4!1s0x959f811ad546971f:0x943dea475e07c331!8m2!3d-34.9001519!4d-56.178779\" target=\"_blank\" rel=\"noopener\">Grinderman Libros<\/a> &#8211;&nbsp;Dr Trist\u00e1n Narvaja 1645, 11200 Montevideo, Departamento de Montevideo<\/p>\n<p><a href=\"https:\/\/gumroad.com\/l\/gendelabestia\" target=\"_blank\" rel=\"noopener\">https:\/\/gumroad.com\/l\/gendelabestia<\/a><\/p>\n<p>o contactando a los autores a trav\u00e9s de correo electr\u00f3nico:<br \/>\nfino38@montevideo.com.uy o pedrocopelmayer@mail.com<\/p>\n<p>&nbsp;<\/p>\n<p>&nbsp;<\/p>\n<figure id=\"attachment_63883\" aria-describedby=\"caption-attachment-63883\" style=\"width: 650px\" class=\"wp-caption aligncenter\"><img decoding=\"async\" class=\"wp-image-63883 size-full\" title=\"El Gen de la Bestia: un libro de relatos breves, escrito por Pedro Copelmayer y Adri\u00e1n \u201cfino\u201d Sosa.\" src=\"https:\/\/cooltivarte.com\/portal\/wp-content\/uploads\/2020\/10\/Pedro-Copelmayer-y-Adri\u00e1n-fino-Sosa-El-Gen-de-la-Bestia-libro.jpg\" alt=\"El Gen de la Bestia: un libro de relatos breves, escrito por Pedro Copelmayer y Adri\u00e1n \u201cfino\u201d Sosa.\" width=\"650\" height=\"433\" srcset=\"https:\/\/cooltivarte.com\/portal\/wp-content\/uploads\/2020\/10\/Pedro-Copelmayer-y-Adri\u00e1n-fino-Sosa-El-Gen-de-la-Bestia-libro.jpg 650w, https:\/\/cooltivarte.com\/portal\/wp-content\/uploads\/2020\/10\/Pedro-Copelmayer-y-Adri\u00e1n-fino-Sosa-El-Gen-de-la-Bestia-libro-300x200.jpg 300w\" sizes=\"(max-width: 650px) 100vw, 650px\" \/><figcaption id=\"caption-attachment-63883\" class=\"wp-caption-text\">El Gen de la Bestia: un libro de relatos breves, escrito por Pedro Copelmayer y Adri\u00e1n \u201cfino\u201d Sosa.<\/figcaption><\/figure>\n<p>&nbsp;<\/p>\n<p>&nbsp;<\/p>\n<p>Fotos:&nbsp;Mar\u00eda Eugenia Cabrera<\/p>\n<p>&nbsp;<\/p>\n<p>&nbsp;<\/p>\n<p>&nbsp;<\/p>\n","protected":false},"excerpt":{"rendered":"<p>&nbsp; Pedro: \u201cDespu\u00e9s de a\u00f1os de idas y venidas decidimos finalmente publicar este libro, que surge de una preocupaci\u00f3n com\u00fan fundamental sobre la sociedad uruguaya, una sociedad en la cual se est\u00e1 despertando el gen de la bestia. Publicamos este libro sabiendo que es perfectible, pero tambi\u00e9n sabiendo que en esto hay procesos naturales que [&hellip;]<\/p>\n","protected":false},"author":8,"featured_media":63884,"comment_status":"closed","ping_status":"closed","sticky":false,"template":"","format":"standard","meta":{"om_disable_all_campaigns":false,"ngg_post_thumbnail":0,"jnews-multi-image_gallery":[],"jnews_single_post":{"subtitle":"","format":"standard","video":"","gallery":"","source_name":"","source_url":"","via_name":"","via_url":"","override_template":"0","override":[{"template":"4","single_blog_custom":"","parallax":"1","fullscreen":"0","layout":"right-sidebar","sidebar":"default-sidebar","second_sidebar":"default-sidebar","sticky_sidebar":"1","share_position":"bottom","share_float_style":"share-monocrhome","show_share_counter":"1","show_view_counter":"1","show_featured":"1","show_post_meta":"1","show_post_author":"1","show_post_author_image":"1","show_post_date":"1","post_date_format":"default","post_date_format_custom":"Y\/m\/d","show_post_category":"1","show_post_reading_time":"0","post_reading_time_wpm":"300","show_zoom_button":"0","zoom_button_out_step":"2","zoom_button_in_step":"3","show_post_tag":"1","show_prev_next_post":"1","show_popup_post":"1","number_popup_post":"1","show_author_box":"1","show_post_related":"0","show_inline_post_related":"0"}],"override_image_size":"0","image_override":[{"single_post_thumbnail_size":"no-crop","single_post_gallery_size":"crop-500"}],"trending_post":"0","trending_post_position":"meta","trending_post_label":"Trending","sponsored_post":"0","sponsored_post_label":"Sponsored by","sponsored_post_name":"","sponsored_post_url":"","sponsored_post_logo_enable":"0","sponsored_post_logo":"","sponsored_post_desc":"","disable_ad":"0"},"jnews_primary_category":{"id":"","hide":""},"jnews_social_meta":{"fb_title":"","fb_description":"","fb_image":"","twitter_title":"","twitter_description":"","twitter_image":""},"jnews_override_counter":{"override_view_counter":"0","view_counter_number":"0","override_share_counter":"0","share_counter_number":"0","override_like_counter":"0","like_counter_number":"0","override_dislike_counter":"0","dislike_counter_number":"0"},"footnotes":""},"categories":[56],"tags":[10009,8812,10999,12620,342,364,762,12619],"class_list":["post-63881","post","type-post","status-publish","format-standard","has-post-thumbnail","hentry","category-narradores","tag-adrian-fino-sosa","tag-alberto-gallo","tag-cuentos","tag-el-gen-de-la-bestia","tag-libro","tag-literatura","tag-narrativa","tag-pedro-copelmayer"],"yoast_head":"<!-- This site is optimized with the Yoast SEO plugin v27.4 - https:\/\/yoast.com\/product\/yoast-seo-wordpress\/ -->\n<title>El Gen de la Bestia: un libro de relatos breves, escrito por Pedro Copelmayer y Adri\u00e1n \u201cfino\u201d Sosa - Cooltivarte Portal<\/title>\n<meta name=\"description\" content=\"Fino: \u201cEs un libro de relatos cortos que intentan llegar hasta el hueso. Son textos crueles, esa fue la idea desde el comienzo. Habla del lado oscuro del ser humano, de la bestia que todos, en mayor o menor medida, llevamos dentro.\" \/>\n<meta name=\"robots\" content=\"index, follow, max-snippet:-1, max-image-preview:large, max-video-preview:-1\" \/>\n<link rel=\"canonical\" href=\"https:\/\/cooltivarte.com\/portal\/el-gen-de-la-bestia-un-libro-de-relatos-breves-escrito-por-pedro-copelmayer-y-adrian-fino-sosa\/\" \/>\n<meta property=\"og:locale\" content=\"es_ES\" \/>\n<meta property=\"og:type\" content=\"article\" \/>\n<meta property=\"og:title\" content=\"El Gen de la Bestia: un libro de relatos breves, escrito por Pedro Copelmayer y Adri\u00e1n \u201cfino\u201d Sosa\" \/>\n<meta property=\"og:description\" content=\"Fino: \u201cEs un libro de relatos cortos que intentan llegar hasta el hueso. Son textos crueles, esa fue la idea desde el comienzo. Habla del lado oscuro del ser humano, de la bestia que todos, en mayor o menor medida, llevamos dentro.\" \/>\n<meta property=\"og:url\" content=\"https:\/\/cooltivarte.com\/portal\/el-gen-de-la-bestia-un-libro-de-relatos-breves-escrito-por-pedro-copelmayer-y-adrian-fino-sosa\/\" \/>\n<meta property=\"og:site_name\" content=\"Cooltivarte Portal\" \/>\n<meta property=\"article:publisher\" content=\"https:\/\/www.facebook.com\/cooltivartecom\/\" \/>\n<meta property=\"article:author\" content=\"https:\/\/www.facebook.com\/cooltivartecom\" \/>\n<meta property=\"article:published_time\" content=\"2020-10-17T16:23:36+00:00\" \/>\n<meta property=\"article:modified_time\" content=\"2023-10-17T01:19:59+00:00\" \/>\n<meta property=\"og:image\" content=\"https:\/\/cooltivarte.com\/portal\/wp-content\/uploads\/2020\/10\/Pedro-Copelmayer-y-Adri\u00e1n-fino-Sosa-El-Gen-de-la-Bestia.jpg\" \/>\n\t<meta property=\"og:image:width\" content=\"1024\" \/>\n\t<meta property=\"og:image:height\" content=\"724\" \/>\n\t<meta property=\"og:image:type\" content=\"image\/jpeg\" \/>\n<meta name=\"author\" content=\"Cooltivarte\" \/>\n<meta name=\"twitter:card\" content=\"summary_large_image\" \/>\n<meta name=\"twitter:title\" content=\"El Gen de la Bestia: un libro de relatos breves, escrito por Pedro Copelmayer y Adri\u00e1n \u201cfino\u201d Sosa\" \/>\n<meta name=\"twitter:description\" content=\"Fino: \u201cEs un libro de relatos cortos que intentan llegar hasta el hueso. Son textos crueles, esa fue la idea desde el comienzo. Habla del lado oscuro del ser humano, de la bestia que todos, en mayor o menor medida, llevamos dentro.\" \/>\n<meta name=\"twitter:image\" content=\"https:\/\/cooltivarte.com\/portal\/wp-content\/uploads\/2020\/10\/Pedro-Copelmayer-y-Adri\u00e1n-fino-Sosa-El-Gen-de-la-Bestia.jpg\" \/>\n<meta name=\"twitter:creator\" content=\"@https:\/\/x.com\/obolocultural\" \/>\n<meta name=\"twitter:site\" content=\"@obolocultural\" \/>\n<meta name=\"twitter:label1\" content=\"Escrito por\" \/>\n\t<meta name=\"twitter:data1\" content=\"Cooltivarte\" \/>\n\t<meta name=\"twitter:label2\" content=\"Tiempo de lectura\" \/>\n\t<meta name=\"twitter:data2\" content=\"5 minutos\" \/>\n<!-- \/ Yoast SEO plugin. -->","yoast_head_json":{"title":"El Gen de la Bestia: un libro de relatos breves, escrito por Pedro Copelmayer y Adri\u00e1n \u201cfino\u201d Sosa - Cooltivarte Portal","description":"Fino: \u201cEs un libro de relatos cortos que intentan llegar hasta el hueso. Son textos crueles, esa fue la idea desde el comienzo. Habla del lado oscuro del ser humano, de la bestia que todos, en mayor o menor medida, llevamos dentro.","robots":{"index":"index","follow":"follow","max-snippet":"max-snippet:-1","max-image-preview":"max-image-preview:large","max-video-preview":"max-video-preview:-1"},"canonical":"https:\/\/cooltivarte.com\/portal\/el-gen-de-la-bestia-un-libro-de-relatos-breves-escrito-por-pedro-copelmayer-y-adrian-fino-sosa\/","og_locale":"es_ES","og_type":"article","og_title":"El Gen de la Bestia: un libro de relatos breves, escrito por Pedro Copelmayer y Adri\u00e1n \u201cfino\u201d Sosa","og_description":"Fino: \u201cEs un libro de relatos cortos que intentan llegar hasta el hueso. Son textos crueles, esa fue la idea desde el comienzo. Habla del lado oscuro del ser humano, de la bestia que todos, en mayor o menor medida, llevamos dentro.","og_url":"https:\/\/cooltivarte.com\/portal\/el-gen-de-la-bestia-un-libro-de-relatos-breves-escrito-por-pedro-copelmayer-y-adrian-fino-sosa\/","og_site_name":"Cooltivarte Portal","article_publisher":"https:\/\/www.facebook.com\/cooltivartecom\/","article_author":"https:\/\/www.facebook.com\/cooltivartecom","article_published_time":"2020-10-17T16:23:36+00:00","article_modified_time":"2023-10-17T01:19:59+00:00","og_image":[{"width":1024,"height":724,"url":"https:\/\/cooltivarte.com\/portal\/wp-content\/uploads\/2020\/10\/Pedro-Copelmayer-y-Adri\u00e1n-fino-Sosa-El-Gen-de-la-Bestia.jpg","type":"image\/jpeg"}],"author":"Cooltivarte","twitter_card":"summary_large_image","twitter_title":"El Gen de la Bestia: un libro de relatos breves, escrito por Pedro Copelmayer y Adri\u00e1n \u201cfino\u201d Sosa","twitter_description":"Fino: \u201cEs un libro de relatos cortos que intentan llegar hasta el hueso. Son textos crueles, esa fue la idea desde el comienzo. Habla del lado oscuro del ser humano, de la bestia que todos, en mayor o menor medida, llevamos dentro.","twitter_image":"https:\/\/cooltivarte.com\/portal\/wp-content\/uploads\/2020\/10\/Pedro-Copelmayer-y-Adri\u00e1n-fino-Sosa-El-Gen-de-la-Bestia.jpg","twitter_creator":"@https:\/\/x.com\/obolocultural","twitter_site":"@obolocultural","twitter_misc":{"Escrito por":"Cooltivarte","Tiempo de lectura":"5 minutos"},"schema":{"@context":"https:\/\/schema.org","@graph":[{"@type":"NewsArticle","@id":"https:\/\/cooltivarte.com\/portal\/el-gen-de-la-bestia-un-libro-de-relatos-breves-escrito-por-pedro-copelmayer-y-adrian-fino-sosa\/#article","isPartOf":{"@id":"https:\/\/cooltivarte.com\/portal\/el-gen-de-la-bestia-un-libro-de-relatos-breves-escrito-por-pedro-copelmayer-y-adrian-fino-sosa\/"},"author":{"name":"Cooltivarte","@id":"https:\/\/cooltivarte.com\/portal\/#\/schema\/person\/ec2a4f4e71b740d0c559c0ab9a157e19"},"headline":"El Gen de la Bestia: un libro de relatos breves, escrito por Pedro Copelmayer y Adri\u00e1n \u201cfino\u201d Sosa","datePublished":"2020-10-17T16:23:36+00:00","dateModified":"2023-10-17T01:19:59+00:00","mainEntityOfPage":{"@id":"https:\/\/cooltivarte.com\/portal\/el-gen-de-la-bestia-un-libro-de-relatos-breves-escrito-por-pedro-copelmayer-y-adrian-fino-sosa\/"},"wordCount":1086,"publisher":{"@id":"https:\/\/cooltivarte.com\/portal\/#organization"},"image":{"@id":"https:\/\/cooltivarte.com\/portal\/el-gen-de-la-bestia-un-libro-de-relatos-breves-escrito-por-pedro-copelmayer-y-adrian-fino-sosa\/#primaryimage"},"thumbnailUrl":"https:\/\/cooltivarte.com\/portal\/wp-content\/uploads\/2020\/10\/Pedro-Copelmayer-y-Adri\u00e1n-fino-Sosa-El-Gen-de-la-Bestia.jpg","keywords":["Adri\u00e1n \"fino\" Sosa","Alberto Gallo","cuentos","El GEN DE LA BESTIA","Libro","Literatura","narrativa","Pedro Copelmayer"],"articleSection":["Literatura"],"inLanguage":"es-AR"},{"@type":"WebPage","@id":"https:\/\/cooltivarte.com\/portal\/el-gen-de-la-bestia-un-libro-de-relatos-breves-escrito-por-pedro-copelmayer-y-adrian-fino-sosa\/","url":"https:\/\/cooltivarte.com\/portal\/el-gen-de-la-bestia-un-libro-de-relatos-breves-escrito-por-pedro-copelmayer-y-adrian-fino-sosa\/","name":"El Gen de la Bestia: un libro de relatos breves, escrito por Pedro Copelmayer y Adri\u00e1n \u201cfino\u201d Sosa - Cooltivarte Portal","isPartOf":{"@id":"https:\/\/cooltivarte.com\/portal\/#website"},"primaryImageOfPage":{"@id":"https:\/\/cooltivarte.com\/portal\/el-gen-de-la-bestia-un-libro-de-relatos-breves-escrito-por-pedro-copelmayer-y-adrian-fino-sosa\/#primaryimage"},"image":{"@id":"https:\/\/cooltivarte.com\/portal\/el-gen-de-la-bestia-un-libro-de-relatos-breves-escrito-por-pedro-copelmayer-y-adrian-fino-sosa\/#primaryimage"},"thumbnailUrl":"https:\/\/cooltivarte.com\/portal\/wp-content\/uploads\/2020\/10\/Pedro-Copelmayer-y-Adri\u00e1n-fino-Sosa-El-Gen-de-la-Bestia.jpg","datePublished":"2020-10-17T16:23:36+00:00","dateModified":"2023-10-17T01:19:59+00:00","description":"Fino: \u201cEs un libro de relatos cortos que intentan llegar hasta el hueso. Son textos crueles, esa fue la idea desde el comienzo. Habla del lado oscuro del ser humano, de la bestia que todos, en mayor o menor medida, llevamos dentro.","breadcrumb":{"@id":"https:\/\/cooltivarte.com\/portal\/el-gen-de-la-bestia-un-libro-de-relatos-breves-escrito-por-pedro-copelmayer-y-adrian-fino-sosa\/#breadcrumb"},"inLanguage":"es-AR","potentialAction":[{"@type":"ReadAction","target":["https:\/\/cooltivarte.com\/portal\/el-gen-de-la-bestia-un-libro-de-relatos-breves-escrito-por-pedro-copelmayer-y-adrian-fino-sosa\/"]}]},{"@type":"ImageObject","inLanguage":"es-AR","@id":"https:\/\/cooltivarte.com\/portal\/el-gen-de-la-bestia-un-libro-de-relatos-breves-escrito-por-pedro-copelmayer-y-adrian-fino-sosa\/#primaryimage","url":"https:\/\/cooltivarte.com\/portal\/wp-content\/uploads\/2020\/10\/Pedro-Copelmayer-y-Adri\u00e1n-fino-Sosa-El-Gen-de-la-Bestia.jpg","contentUrl":"https:\/\/cooltivarte.com\/portal\/wp-content\/uploads\/2020\/10\/Pedro-Copelmayer-y-Adri\u00e1n-fino-Sosa-El-Gen-de-la-Bestia.jpg","width":1024,"height":724,"caption":"El Gen de la Bestia: un libro de relatos breves, escrito por Pedro Copelmayer y Adri\u00e1n \u201cfino\u201d Sosa."},{"@type":"BreadcrumbList","@id":"https:\/\/cooltivarte.com\/portal\/el-gen-de-la-bestia-un-libro-de-relatos-breves-escrito-por-pedro-copelmayer-y-adrian-fino-sosa\/#breadcrumb","itemListElement":[{"@type":"ListItem","position":1,"name":"Portada","item":"https:\/\/cooltivarte.com\/portal\/"},{"@type":"ListItem","position":2,"name":"El Gen de la Bestia: un libro de relatos breves, escrito por Pedro Copelmayer y Adri\u00e1n \u201cfino\u201d Sosa"}]},{"@type":"WebSite","@id":"https:\/\/cooltivarte.com\/portal\/#website","url":"https:\/\/cooltivarte.com\/portal\/","name":"Cooltivarte Portal","description":"Arte, cultura y turismo para el mundo ...","publisher":{"@id":"https:\/\/cooltivarte.com\/portal\/#organization"},"potentialAction":[{"@type":"SearchAction","target":{"@type":"EntryPoint","urlTemplate":"https:\/\/cooltivarte.com\/portal\/?s={search_term_string}"},"query-input":{"@type":"PropertyValueSpecification","valueRequired":true,"valueName":"search_term_string"}}],"inLanguage":"es-AR"},{"@type":"Organization","@id":"https:\/\/cooltivarte.com\/portal\/#organization","name":"cooltivarte","url":"https:\/\/cooltivarte.com\/portal\/","logo":{"@type":"ImageObject","inLanguage":"es-AR","@id":"https:\/\/cooltivarte.com\/portal\/#\/schema\/logo\/image\/","url":"https:\/\/cooltivarte.com\/portal\/wp-content\/uploads\/2020\/04\/logo-cooltivarte-v2.png","contentUrl":"https:\/\/cooltivarte.com\/portal\/wp-content\/uploads\/2020\/04\/logo-cooltivarte-v2.png","width":851,"height":243,"caption":"cooltivarte"},"image":{"@id":"https:\/\/cooltivarte.com\/portal\/#\/schema\/logo\/image\/"},"sameAs":["https:\/\/www.facebook.com\/cooltivartecom\/","https:\/\/x.com\/obolocultural","https:\/\/www.instagram.com\/_cooltivarte_\/","https:\/\/www.linkedin.com\/company\/-bolocultural?reportsuccess=8zaNG1HwhPbAR9iQhZ5rfGeqz_vQFftHun0ZWU0Wy9vNemRJ8vtcKdJvzQfW8XagyOJSKg0XvfJ1dp","https:\/\/www.pinterest.com\/cooltivarte\/","https:\/\/cooltivarte.tumblr.com\/","https:\/\/www.tiktok.com\/@cooltivarte","https:\/\/www.youtube.com\/@PrensaCooltivarte"]},{"@type":"Person","@id":"https:\/\/cooltivarte.com\/portal\/#\/schema\/person\/ec2a4f4e71b740d0c559c0ab9a157e19","name":"Cooltivarte","image":{"@type":"ImageObject","inLanguage":"es-AR","@id":"https:\/\/cooltivarte.com\/portal\/wp-content\/uploads\/2014\/05\/logo-cooltivarte-120x120.jpg","url":"https:\/\/cooltivarte.com\/portal\/wp-content\/uploads\/2014\/05\/logo-cooltivarte-120x120.jpg","contentUrl":"https:\/\/cooltivarte.com\/portal\/wp-content\/uploads\/2014\/05\/logo-cooltivarte-120x120.jpg","caption":"Cooltivarte"},"description":"Somos COOLTIVARTE.COM. Un portal digital dedicado a difundir el acontecer art\u00edstico y cultural del Uruguay. Estamos en la vuelta desde el a\u00f1o 2003, y como evoluci\u00f3n del bolet\u00edn Obolo Cultural, nos encontramos abocados a apoyar a los artistas nacionales brind\u00e1ndoles un espacio de difusi\u00f3n. Creemos en la idea de utilizar la potencialidad que hoy d\u00eda nos otorga la web, para que la cultura uruguaya y sus creadores dispongan de una din\u00e1mica ventana, que los ponga en contacto entre s\u00ed y con el mundo. Somos COOLTIVARTE.COM y pretendemos configurarnos como un portal din\u00e1mico, entretenido y atento a los nuevos emprendimientos, que busque siempre la interacci\u00f3n con los artistas.","sameAs":["http:\/\/www.cooltivarte.com","https:\/\/www.facebook.com\/cooltivartecom","https:\/\/www.instagram.com\/_cooltivarte_\/","https:\/\/www.linkedin.com\/company\/-bolocultural","https:\/\/www.pinterest.com\/cooltivarte\/","https:\/\/x.com\/https:\/\/x.com\/obolocultural","https:\/\/www.youtube.com\/@PrensaCooltivarte","https:\/\/www.tumblr.com\/blog\/cooltivarte"],"url":"https:\/\/cooltivarte.com\/portal\/author\/cooltivarte\/"}]}},"_links":{"self":[{"href":"https:\/\/cooltivarte.com\/portal\/wp-json\/wp\/v2\/posts\/63881","targetHints":{"allow":["GET"]}}],"collection":[{"href":"https:\/\/cooltivarte.com\/portal\/wp-json\/wp\/v2\/posts"}],"about":[{"href":"https:\/\/cooltivarte.com\/portal\/wp-json\/wp\/v2\/types\/post"}],"author":[{"embeddable":true,"href":"https:\/\/cooltivarte.com\/portal\/wp-json\/wp\/v2\/users\/8"}],"replies":[{"embeddable":true,"href":"https:\/\/cooltivarte.com\/portal\/wp-json\/wp\/v2\/comments?post=63881"}],"version-history":[{"count":5,"href":"https:\/\/cooltivarte.com\/portal\/wp-json\/wp\/v2\/posts\/63881\/revisions"}],"predecessor-version":[{"id":94396,"href":"https:\/\/cooltivarte.com\/portal\/wp-json\/wp\/v2\/posts\/63881\/revisions\/94396"}],"wp:featuredmedia":[{"embeddable":true,"href":"https:\/\/cooltivarte.com\/portal\/wp-json\/wp\/v2\/media\/63884"}],"wp:attachment":[{"href":"https:\/\/cooltivarte.com\/portal\/wp-json\/wp\/v2\/media?parent=63881"}],"wp:term":[{"taxonomy":"category","embeddable":true,"href":"https:\/\/cooltivarte.com\/portal\/wp-json\/wp\/v2\/categories?post=63881"},{"taxonomy":"post_tag","embeddable":true,"href":"https:\/\/cooltivarte.com\/portal\/wp-json\/wp\/v2\/tags?post=63881"}],"curies":[{"name":"wp","href":"https:\/\/api.w.org\/{rel}","templated":true}]}}