{"id":6386,"date":"2011-08-04T23:22:49","date_gmt":"2011-08-04T23:22:49","guid":{"rendered":"http:\/\/cooltivarte.com\/portal\/?p=6386"},"modified":"2018-06-06T16:27:43","modified_gmt":"2018-06-06T19:27:43","slug":"entrevista-al-museo-de-arte-marino","status":"publish","type":"post","link":"https:\/\/cooltivarte.com\/portal\/entrevista-al-museo-de-arte-marino\/","title":{"rendered":"Entrevista al Museo de Arte Marino"},"content":{"rendered":"<p style=\"text-align: justify;\"><em>Es inconcebible en la actualidad que el museo &#8211; lugar de conservaci\u00f3n, estudio y reflexi\u00f3n sobre el patrimonio y la cultura &#8211; quede al margen de los desaf\u00edos principales de nuestra \u00e9poca. Sin embargo, los museos no han existido siempre y su creaci\u00f3n es m\u00e1s bien reciente en la historia cultural de la humanidad. \u00bfQu\u00e9 es un museo hoy y para qu\u00e9 sirve?&#8221;<\/em><\/p>\n<p style=\"text-align: justify;\">Esta pregunta que se formula la UNESCO para presentar su visi\u00f3n de los museos, nos abarca tambi\u00e9n a nosotros, y queriendo saber ese qu\u00e9 y ese para qu\u00e9, nos dispara a este ciclo de nuestro portal: \u201cMUSEOS que COOLTIVAN\u201d, pretende conocer los museos desde los museos mismos. Es as\u00ed que son ellos quienes nos responden, dando a conocer su identidad, su quehacer diario y sus desaf\u00edos futuros.<\/p>\n<p style=\"text-align: justify;\">En este caso para saber m\u00e1s sobre el Museo de Arte Marino de Ushuaia, Argentina nos responde su Director, el Licenciado Carlos Pedro Vairo.<\/p>\n<p style=\"text-align: justify;\"><strong>\u00bfCu\u00e1l es la funci\u00f3n de un museo en general? \u00bfy del suyo en particular?<\/strong><\/p>\n<p style=\"text-align: justify;\">La funci\u00f3n de un Museo es seg\u00fan la definici\u00f3n del ICOM:<\/p>\n<p style=\"text-align: justify;\">\u201cUn museo es una instituci\u00f3n permanente, sin fines de lucro, al servicio de la sociedad y de su desarrollo, y abierta al p\u00fablico, que se ocupa de la adquisici\u00f3n, conservaci\u00f3n, investigaci\u00f3n, transmisi\u00f3n de informaci\u00f3n y exposici\u00f3n de testimonios materiales de los individuos y su medio ambiente, con fines de estudio, educaci\u00f3n y recreaci\u00f3n.\u201d<\/p>\n<p style=\"text-align: justify;\">Ahora bien, nosotros estamos dentro de esa definici\u00f3n como lo deber\u00edan estar todos los Museos. El nuestro en particular, en una Provincia bastante aislada al tratarse de Islas, siendo aero dependientes, todo se hace un poco m\u00e1s dificultoso. Entonces decidimos crear el primer Museo de Arte de la Provincia, en Ushuaia, en el edificio del Ex Presidio de Ushuaia. Se inaugur\u00f3 en Diciembre del 2006 con una colecci\u00f3n privada y con la esperanza que sea el inici\u00f3 de un gran Museo. Al menos esto origin\u00f3 que en el 2010 se inaugure el Museo Fueguino de Arte en la Ciudad de R\u00edo Grande. Se eligi\u00f3 la tem\u00e1tica \u201cagua\u201d y se buscaron obras de artistas argentinos que tuviesen ese tema. De esta forma se puede analizar desde un Berni con Juanito Laguna pescando a un Quinquela Martin y el trabajo en el Riachuelo, o a Oscar Vaz con escenas de puertos. Tambi\u00e9n est\u00e1 Sivori, Soldi, etc.<\/p>\n<p style=\"text-align: justify;\">La Funci\u00f3n primordial que nos impusimos es acercar el arte a la comunidad, a los chicos. Que sino deb\u00edan esperar estudiar en la Universidad para ver obras de arte en forma directa; o los m\u00e1s afortunados en un viaje al \u201cnorte\u201d, es decir a Buenos Aires o La Plata donde hay museos de arte.<\/p>\n<p style=\"text-align: justify;\"><strong>\u00bfCu\u00e1l es el perfil del p\u00fablico que asiste?<\/strong><\/p>\n<p style=\"text-align: justify;\">El perfil del p\u00fablico es variable. En verano, turistas de todo el mundo. Tambi\u00e9n turistas de la Patagonia que tienen la oportunidad de disfrutar con estas obras de arte a veces inalcanzable por la distancia. De abril a Octubre especialmente Escuelas y p\u00fablico local.<\/p>\n<p style=\"text-align: justify;\"><strong>\u00bfCu\u00e1l es el p\u00fablico potencial que les gustar\u00eda captar?<\/strong><\/p>\n<p style=\"text-align: justify;\">M\u00e1s estudiantes y familias de Tierra del Fuego. Hay que tratar de EDUCAR lo mejor posible y con todas las armas a los chicos.<\/p>\n<p style=\"text-align: justify;\"><strong>\u00bfEl p\u00fablico valora la actividad desarrollada por el museo?<\/strong><\/p>\n<p style=\"text-align: justify;\">Si. Por suerte es muy valorada. Desde que comenzamos con la Primer Galer\u00eda de Arte en la Provincia (1999) con una sola sala, tener cuatro salas y el Museo de Arte Ushuaia separado, con sus respectivos dep\u00f3sitos, a temperatura y humedad estable, la gente lo valora. M\u00e1s en un edificio que estaba en ruinas.<\/p>\n<p style=\"text-align: justify;\"><strong>\u00a0<\/strong><\/p>\n<p style=\"text-align: justify;\"><strong>\u00bfTiene en cuenta al usuario medio respecto al horario de visitas?<\/strong><\/p>\n<p style=\"text-align: justify;\">El Museo esta abierto por la tarde, pero como est\u00e1 en un complejo mayor, se abre por la ma\u00f1ana a las escuelas que lo soliciten.<\/p>\n<p style=\"text-align: justify;\"><strong>\u00bfDe qu\u00e9 manera las exposiciones son programadas?<\/strong><\/p>\n<p style=\"text-align: justify;\">Las exposiciones temporales se realizan en salas destinadas a ellas y se programan con m\u00e1s de 6 meses de antelaci\u00f3n. Hay artistas visuales locales, del resto de la Argentina y pedidos de Embajadas o artistas invitados del exterior. Tambi\u00e9n participan las Escuelas y los talleres de Arte.<\/p>\n<p style=\"text-align: justify;\"><strong>\u00bfCu\u00e1l es el m\u00e9todo de selecci\u00f3n?<\/strong><\/p>\n<p style=\"text-align: justify;\">El m\u00e9todo de selecci\u00f3n es muy amplio tratando de dar cabida a todo tipo de expresi\u00f3n art\u00edstica y en todos los niveles. Desde Jard\u00edn de Infantes que vienen y trabajan haciendo sus primeras obras en base a lo que ven en la colecci\u00f3n permanente. Se realizan tambi\u00e9n Concursos.<\/p>\n<p style=\"text-align: justify;\"><strong>\u00bfCu\u00e1l es la relaci\u00f3n con el Estado y cu\u00e1l es la relaci\u00f3n con los privados en el mismo sentido en cuanto al apoyo?<\/strong><\/p>\n<p style=\"text-align: justify;\">La relaci\u00f3n con el Estado es armoniosa pero debemos buscar nuestros propios fondos. No recibimos ning\u00fan tipo de subsidio.<\/p>\n<p style=\"text-align: justify;\"><strong>En cuanto a quienes trabajan en el museo, \u00bfcon qu\u00e9 tipo de personal cuentan id\u00f3neo para la tarea? \u00bflo consideran suficiente?<\/strong><\/p>\n<p style=\"text-align: justify;\">Hay un Muse\u00f3logo, y un Muse\u00f3grafo. Es por ahora suficiente.<\/p>\n<p style=\"text-align: justify;\">Adem\u00e1s de personal administrativo, maestranza, gu\u00edas y mantenimiento.<\/p>\n<p style=\"text-align: justify;\"><strong>\u00bfTienen alg\u00fan sistema de pasant\u00edas o becas con alg\u00fan centro educativo? \u00bflo consideran necesario?<\/strong><\/p>\n<p style=\"text-align: justify;\">Por a\u00f1o vienen varios Pasantes y Becarios que colaboran y aprenden al mismo tiempo.<\/p>\n<p style=\"text-align: justify;\"><strong>\u00bfTienen alg\u00fan m\u00e9todo de financiaci\u00f3n propia (cobro de entrada, venta de merchandising, etc.)?<\/strong><\/p>\n<p style=\"text-align: justify;\">Si, se cobra entrada y se venden en dos locales libros y souvenirs.<\/p>\n<p style=\"text-align: justify;\"><strong>\u00bfEl museo adquiere y vende piezas?<\/strong><\/p>\n<p style=\"text-align: justify;\">Si, se adquieren piezas para la colecci\u00f3n permanente.<\/p>\n<p style=\"text-align: justify;\">En la Galer\u00eda de Arte los artistas que exponen tienen en venta las obras.<\/p>\n<p style=\"text-align: justify;\"><strong>\u00bfNos recomienda algo espec\u00edfico del museo?<\/strong><\/p>\n<p style=\"text-align: justify;\">Que se tomen su tiempo dado que el recorrido es largo. La entrada tiene validez para dos visitas.<\/p>\n<p style=\"text-align: justify;\"><strong>\u00bfC\u00f3mo considera la difusi\u00f3n del museo? \u00bfqu\u00e9 har\u00eda para potenciarla?<\/strong><\/p>\n<p style=\"text-align: justify;\">La difusi\u00f3n es bastante buena. Hay notas en los medios locales, muchas visitas por Internet, y en general notas de medios de todo el pa\u00eds. Tambi\u00e9n el News letter del Museo se retransmite por Redes de Museos y la Red Presidencial.<\/p>\n<p style=\"text-align: justify;\"><strong>\u00bfSe busca desde el Museo conectar con la ciudad?, \u00bfse complementa el Patrimonio tur\u00edstico que se visita en la ciudad con lo que se expone en el Museo?<\/strong><\/p>\n<p style=\"text-align: justify;\">El Museo de Arte forma parte de un complejo museol\u00f3gico en el mismo edificio. Est\u00e1 el Museo Maritimo (historia regional al ser islas, aqu\u00ed hasta los ind\u00edgenas navegaban); Museo Ant\u00e1rtico Jos\u00e9 Mar\u00eda Sobral (Ant\u00e1rtida forma parte de la Provincia) y el Museo del Presidio de Ushuaia.<\/p>\n<p style=\"text-align: justify;\">Por lo tanto al Museo llega pr\u00e1cticamente el 80% del turismo. Por suerte est\u00e1 incorporado a la ciudad y a sus habitantes.<\/p>\n<p style=\"text-align: justify;\"><strong>\u00bfC\u00f3mo se relacionan con los dem\u00e1s museos?<\/strong><\/p>\n<p style=\"text-align: justify;\">La relaci\u00f3n es muy buena y solemos realizar trabajos y exposiciones en conjunto.<\/p>\n<p style=\"text-align: justify;\">Tambi\u00e9n se traen exposiciones de otros Museos de la Argentina.<\/p>\n<p style=\"text-align: justify;\"><strong>\u00bfQu\u00e9 implica el desarrollo de las redes sociales en la difusi\u00f3n del trabajo del museo?<\/strong><\/p>\n<p style=\"text-align: justify;\">Por el momento solo tenemos p\u00e1gina en Internet.<\/p>\n<p style=\"text-align: justify;\">Museo de Arte Marino Ushuaia<\/p>\n<p style=\"text-align: justify;\">Localidad: Ushuaia<\/p>\n<p style=\"text-align: justify;\">Direcci\u00f3n: Ex Presidio de Ushuaia<\/p>\n<p style=\"text-align: justify;\">Horario: 10 a 20 hs.<\/p>\n<p style=\"text-align: justify;\">E-Mail: info@museomaritimo.com<\/p>\n<p style=\"text-align: justify;\">Web: <a href=\"http:\/\/www.museomaritimo.com\" target=\"_blank\" rel=\"noopener\">www.museomaritimo.com<\/a><\/p>\n<p style=\"text-align: justify;\">Tel\u00e9fono: 02901 437481<\/p>\n<p style=\"text-align: justify;\">Responsable que respondi\u00f3 las preguntas:<\/p>\n<p style=\"text-align: justify;\">Lic. Carlos Pedro Vairo &#8211; Director de los Museos.<\/p>\n<p>&nbsp;<\/p>\n<p style=\"text-align: justify;\">[sam id=&#8221;21&#8243; name=&#8221;notas y articulos&#8221; codes=&#8221;true&#8221;]<\/p>\n<p>&nbsp;<\/p>\n","protected":false},"excerpt":{"rendered":"<p>Es inconcebible en la actualidad que el museo &#8211; lugar de conservaci\u00f3n, estudio y reflexi\u00f3n sobre el patrimonio y la cultura &#8211; quede al margen de los desaf\u00edos principales de nuestra \u00e9poca. Sin embargo, los museos no han existido siempre y su creaci\u00f3n es m\u00e1s bien reciente en la historia cultural de la humanidad. \u00bfQu\u00e9 [&hellip;]<\/p>\n","protected":false},"author":8,"featured_media":6387,"comment_status":"closed","ping_status":"closed","sticky":false,"template":"","format":"standard","meta":{"om_disable_all_campaigns":false,"ngg_post_thumbnail":0,"jnews-multi-image_gallery":[],"jnews_single_post":[],"jnews_primary_category":[],"jnews_social_meta":[],"jnews_override_counter":[],"footnotes":""},"categories":[6797],"tags":[84,373,431],"class_list":["post-6386","post","type-post","status-publish","format-standard","has-post-thumbnail","hentry","category-museos","tag-arte","tag-exposicion","tag-museo"],"yoast_head":"<!-- This site is optimized with the Yoast SEO plugin v27.5 - https:\/\/yoast.com\/product\/yoast-seo-wordpress\/ -->\n<title>Entrevista al Museo de Arte Marino - Cooltivarte Portal<\/title>\n<meta name=\"description\" content=\"COOLTIVARTE.COM es un portal digital colaborativo de actualizaci\u00f3n permanente dedicado a difundir el acontecer art\u00edstico y cultural, entrevista artistas, gestores y productores de las diferentes disciplinas del arte, y publicando art\u00edculos de reflexi\u00f3n de producci\u00f3n propia sobre los elementos culturales.\" \/>\n<meta name=\"robots\" content=\"index, follow, max-snippet:-1, max-image-preview:large, max-video-preview:-1\" \/>\n<link rel=\"canonical\" href=\"https:\/\/cooltivarte.com\/portal\/entrevista-al-museo-de-arte-marino\/\" \/>\n<meta property=\"og:locale\" content=\"es_ES\" \/>\n<meta property=\"og:type\" content=\"article\" \/>\n<meta property=\"og:title\" content=\"Entrevista al Museo de Arte Marino - Cooltivarte Portal\" \/>\n<meta property=\"og:description\" content=\"COOLTIVARTE.COM es un portal digital colaborativo de actualizaci\u00f3n permanente dedicado a difundir el acontecer art\u00edstico y cultural, entrevista artistas, gestores y productores de las diferentes disciplinas del arte, y publicando art\u00edculos de reflexi\u00f3n de producci\u00f3n propia sobre los elementos culturales.\" \/>\n<meta property=\"og:url\" content=\"https:\/\/cooltivarte.com\/portal\/entrevista-al-museo-de-arte-marino\/\" \/>\n<meta property=\"og:site_name\" content=\"Cooltivarte Portal\" \/>\n<meta property=\"article:publisher\" content=\"https:\/\/www.facebook.com\/cooltivartecom\/\" \/>\n<meta property=\"article:author\" content=\"https:\/\/www.facebook.com\/cooltivartecom\" \/>\n<meta property=\"article:published_time\" content=\"2011-08-04T23:22:49+00:00\" \/>\n<meta property=\"article:modified_time\" content=\"2018-06-06T19:27:43+00:00\" \/>\n<meta property=\"og:image\" content=\"https:\/\/cooltivarte.com\/portal\/wp-content\/uploads\/2014\/08\/Museo-de-Arte-Marino.jpg\" \/>\n\t<meta property=\"og:image:width\" content=\"1024\" \/>\n\t<meta property=\"og:image:height\" content=\"768\" \/>\n\t<meta property=\"og:image:type\" content=\"image\/jpeg\" \/>\n<meta name=\"author\" content=\"Cooltivarte\" \/>\n<meta name=\"twitter:card\" content=\"summary_large_image\" \/>\n<meta name=\"twitter:creator\" content=\"@https:\/\/x.com\/obolocultural\" \/>\n<meta name=\"twitter:site\" content=\"@obolocultural\" \/>\n<meta name=\"twitter:label1\" content=\"Escrito por\" \/>\n\t<meta name=\"twitter:data1\" content=\"Cooltivarte\" \/>\n\t<meta name=\"twitter:label2\" content=\"Tiempo de lectura\" \/>\n\t<meta name=\"twitter:data2\" content=\"6 minutos\" \/>\n<!-- \/ Yoast SEO plugin. -->","yoast_head_json":{"title":"Entrevista al Museo de Arte Marino - Cooltivarte Portal","description":"COOLTIVARTE.COM es un portal digital colaborativo de actualizaci\u00f3n permanente dedicado a difundir el acontecer art\u00edstico y cultural, entrevista artistas, gestores y productores de las diferentes disciplinas del arte, y publicando art\u00edculos de reflexi\u00f3n de producci\u00f3n propia sobre los elementos culturales.","robots":{"index":"index","follow":"follow","max-snippet":"max-snippet:-1","max-image-preview":"max-image-preview:large","max-video-preview":"max-video-preview:-1"},"canonical":"https:\/\/cooltivarte.com\/portal\/entrevista-al-museo-de-arte-marino\/","og_locale":"es_ES","og_type":"article","og_title":"Entrevista al Museo de Arte Marino - Cooltivarte Portal","og_description":"COOLTIVARTE.COM es un portal digital colaborativo de actualizaci\u00f3n permanente dedicado a difundir el acontecer art\u00edstico y cultural, entrevista artistas, gestores y productores de las diferentes disciplinas del arte, y publicando art\u00edculos de reflexi\u00f3n de producci\u00f3n propia sobre los elementos culturales.","og_url":"https:\/\/cooltivarte.com\/portal\/entrevista-al-museo-de-arte-marino\/","og_site_name":"Cooltivarte Portal","article_publisher":"https:\/\/www.facebook.com\/cooltivartecom\/","article_author":"https:\/\/www.facebook.com\/cooltivartecom","article_published_time":"2011-08-04T23:22:49+00:00","article_modified_time":"2018-06-06T19:27:43+00:00","og_image":[{"width":1024,"height":768,"url":"https:\/\/cooltivarte.com\/portal\/wp-content\/uploads\/2014\/08\/Museo-de-Arte-Marino.jpg","type":"image\/jpeg"}],"author":"Cooltivarte","twitter_card":"summary_large_image","twitter_creator":"@https:\/\/x.com\/obolocultural","twitter_site":"@obolocultural","twitter_misc":{"Escrito por":"Cooltivarte","Tiempo de lectura":"6 minutos"},"schema":{"@context":"https:\/\/schema.org","@graph":[{"@type":"NewsArticle","@id":"https:\/\/cooltivarte.com\/portal\/entrevista-al-museo-de-arte-marino\/#article","isPartOf":{"@id":"https:\/\/cooltivarte.com\/portal\/entrevista-al-museo-de-arte-marino\/"},"author":{"name":"Cooltivarte","@id":"https:\/\/cooltivarte.com\/portal\/#\/schema\/person\/ec2a4f4e71b740d0c559c0ab9a157e19"},"headline":"Entrevista al Museo de Arte Marino","datePublished":"2011-08-04T23:22:49+00:00","dateModified":"2018-06-06T19:27:43+00:00","mainEntityOfPage":{"@id":"https:\/\/cooltivarte.com\/portal\/entrevista-al-museo-de-arte-marino\/"},"wordCount":1271,"publisher":{"@id":"https:\/\/cooltivarte.com\/portal\/#organization"},"image":{"@id":"https:\/\/cooltivarte.com\/portal\/entrevista-al-museo-de-arte-marino\/#primaryimage"},"thumbnailUrl":"https:\/\/cooltivarte.com\/portal\/wp-content\/uploads\/2014\/08\/Museo-de-Arte-Marino.jpg","keywords":["Arte","Exposici\u00f3n","Museo"],"articleSection":["Museos que Cooltivan"],"inLanguage":"es-AR"},{"@type":"WebPage","@id":"https:\/\/cooltivarte.com\/portal\/entrevista-al-museo-de-arte-marino\/","url":"https:\/\/cooltivarte.com\/portal\/entrevista-al-museo-de-arte-marino\/","name":"Entrevista al Museo de Arte Marino - Cooltivarte Portal","isPartOf":{"@id":"https:\/\/cooltivarte.com\/portal\/#website"},"primaryImageOfPage":{"@id":"https:\/\/cooltivarte.com\/portal\/entrevista-al-museo-de-arte-marino\/#primaryimage"},"image":{"@id":"https:\/\/cooltivarte.com\/portal\/entrevista-al-museo-de-arte-marino\/#primaryimage"},"thumbnailUrl":"https:\/\/cooltivarte.com\/portal\/wp-content\/uploads\/2014\/08\/Museo-de-Arte-Marino.jpg","datePublished":"2011-08-04T23:22:49+00:00","dateModified":"2018-06-06T19:27:43+00:00","description":"COOLTIVARTE.COM es un portal digital colaborativo de actualizaci\u00f3n permanente dedicado a difundir el acontecer art\u00edstico y cultural, entrevista artistas, gestores y productores de las diferentes disciplinas del arte, y publicando art\u00edculos de reflexi\u00f3n de producci\u00f3n propia sobre los elementos culturales.","breadcrumb":{"@id":"https:\/\/cooltivarte.com\/portal\/entrevista-al-museo-de-arte-marino\/#breadcrumb"},"inLanguage":"es-AR","potentialAction":[{"@type":"ReadAction","target":["https:\/\/cooltivarte.com\/portal\/entrevista-al-museo-de-arte-marino\/"]}]},{"@type":"ImageObject","inLanguage":"es-AR","@id":"https:\/\/cooltivarte.com\/portal\/entrevista-al-museo-de-arte-marino\/#primaryimage","url":"https:\/\/cooltivarte.com\/portal\/wp-content\/uploads\/2014\/08\/Museo-de-Arte-Marino.jpg","contentUrl":"https:\/\/cooltivarte.com\/portal\/wp-content\/uploads\/2014\/08\/Museo-de-Arte-Marino.jpg","width":1024,"height":768,"caption":"Entrevista al Museo de Arte Marino"},{"@type":"BreadcrumbList","@id":"https:\/\/cooltivarte.com\/portal\/entrevista-al-museo-de-arte-marino\/#breadcrumb","itemListElement":[{"@type":"ListItem","position":1,"name":"Portada","item":"https:\/\/cooltivarte.com\/portal\/"},{"@type":"ListItem","position":2,"name":"Entrevista al Museo de Arte Marino"}]},{"@type":"WebSite","@id":"https:\/\/cooltivarte.com\/portal\/#website","url":"https:\/\/cooltivarte.com\/portal\/","name":"Cooltivarte Portal","description":"Arte, cultura y turismo para el mundo ...","publisher":{"@id":"https:\/\/cooltivarte.com\/portal\/#organization"},"potentialAction":[{"@type":"SearchAction","target":{"@type":"EntryPoint","urlTemplate":"https:\/\/cooltivarte.com\/portal\/?s={search_term_string}"},"query-input":{"@type":"PropertyValueSpecification","valueRequired":true,"valueName":"search_term_string"}}],"inLanguage":"es-AR"},{"@type":"Organization","@id":"https:\/\/cooltivarte.com\/portal\/#organization","name":"cooltivarte","url":"https:\/\/cooltivarte.com\/portal\/","logo":{"@type":"ImageObject","inLanguage":"es-AR","@id":"https:\/\/cooltivarte.com\/portal\/#\/schema\/logo\/image\/","url":"https:\/\/cooltivarte.com\/portal\/wp-content\/uploads\/2020\/04\/logo-cooltivarte-v2.png","contentUrl":"https:\/\/cooltivarte.com\/portal\/wp-content\/uploads\/2020\/04\/logo-cooltivarte-v2.png","width":851,"height":243,"caption":"cooltivarte"},"image":{"@id":"https:\/\/cooltivarte.com\/portal\/#\/schema\/logo\/image\/"},"sameAs":["https:\/\/www.facebook.com\/cooltivartecom\/","https:\/\/x.com\/obolocultural","https:\/\/www.instagram.com\/_cooltivarte_\/","https:\/\/www.linkedin.com\/company\/-bolocultural?reportsuccess=8zaNG1HwhPbAR9iQhZ5rfGeqz_vQFftHun0ZWU0Wy9vNemRJ8vtcKdJvzQfW8XagyOJSKg0XvfJ1dp","https:\/\/www.pinterest.com\/cooltivarte\/","https:\/\/cooltivarte.tumblr.com\/","https:\/\/www.tiktok.com\/@cooltivarte","https:\/\/www.youtube.com\/@PrensaCooltivarte"]},{"@type":"Person","@id":"https:\/\/cooltivarte.com\/portal\/#\/schema\/person\/ec2a4f4e71b740d0c559c0ab9a157e19","name":"Cooltivarte","image":{"@type":"ImageObject","inLanguage":"es-AR","@id":"https:\/\/cooltivarte.com\/portal\/wp-content\/uploads\/2014\/05\/logo-cooltivarte-120x120.jpg","url":"https:\/\/cooltivarte.com\/portal\/wp-content\/uploads\/2014\/05\/logo-cooltivarte-120x120.jpg","contentUrl":"https:\/\/cooltivarte.com\/portal\/wp-content\/uploads\/2014\/05\/logo-cooltivarte-120x120.jpg","caption":"Cooltivarte"},"description":"Somos COOLTIVARTE.COM. Un portal digital dedicado a difundir el acontecer art\u00edstico y cultural del Uruguay. Estamos en la vuelta desde el a\u00f1o 2003, y como evoluci\u00f3n del bolet\u00edn Obolo Cultural, nos encontramos abocados a apoyar a los artistas nacionales brind\u00e1ndoles un espacio de difusi\u00f3n. Creemos en la idea de utilizar la potencialidad que hoy d\u00eda nos otorga la web, para que la cultura uruguaya y sus creadores dispongan de una din\u00e1mica ventana, que los ponga en contacto entre s\u00ed y con el mundo. Somos COOLTIVARTE.COM y pretendemos configurarnos como un portal din\u00e1mico, entretenido y atento a los nuevos emprendimientos, que busque siempre la interacci\u00f3n con los artistas.","sameAs":["http:\/\/www.cooltivarte.com","https:\/\/www.facebook.com\/cooltivartecom","https:\/\/www.instagram.com\/_cooltivarte_\/","https:\/\/www.linkedin.com\/company\/-bolocultural","https:\/\/www.pinterest.com\/cooltivarte\/","https:\/\/x.com\/https:\/\/x.com\/obolocultural","https:\/\/www.youtube.com\/@PrensaCooltivarte","https:\/\/www.tumblr.com\/blog\/cooltivarte"],"url":"https:\/\/cooltivarte.com\/portal\/author\/cooltivarte\/"}]}},"_links":{"self":[{"href":"https:\/\/cooltivarte.com\/portal\/wp-json\/wp\/v2\/posts\/6386","targetHints":{"allow":["GET"]}}],"collection":[{"href":"https:\/\/cooltivarte.com\/portal\/wp-json\/wp\/v2\/posts"}],"about":[{"href":"https:\/\/cooltivarte.com\/portal\/wp-json\/wp\/v2\/types\/post"}],"author":[{"embeddable":true,"href":"https:\/\/cooltivarte.com\/portal\/wp-json\/wp\/v2\/users\/8"}],"replies":[{"embeddable":true,"href":"https:\/\/cooltivarte.com\/portal\/wp-json\/wp\/v2\/comments?post=6386"}],"version-history":[{"count":3,"href":"https:\/\/cooltivarte.com\/portal\/wp-json\/wp\/v2\/posts\/6386\/revisions"}],"predecessor-version":[{"id":40760,"href":"https:\/\/cooltivarte.com\/portal\/wp-json\/wp\/v2\/posts\/6386\/revisions\/40760"}],"wp:featuredmedia":[{"embeddable":true,"href":"https:\/\/cooltivarte.com\/portal\/wp-json\/wp\/v2\/media\/6387"}],"wp:attachment":[{"href":"https:\/\/cooltivarte.com\/portal\/wp-json\/wp\/v2\/media?parent=6386"}],"wp:term":[{"taxonomy":"category","embeddable":true,"href":"https:\/\/cooltivarte.com\/portal\/wp-json\/wp\/v2\/categories?post=6386"},{"taxonomy":"post_tag","embeddable":true,"href":"https:\/\/cooltivarte.com\/portal\/wp-json\/wp\/v2\/tags?post=6386"}],"curies":[{"name":"wp","href":"https:\/\/api.w.org\/{rel}","templated":true}]}}