{"id":63414,"date":"2020-09-23T19:05:07","date_gmt":"2020-09-23T22:05:07","guid":{"rendered":"https:\/\/cooltivarte.com\/portal\/?p=63414"},"modified":"2021-11-28T23:17:11","modified_gmt":"2021-11-29T02:17:11","slug":"nacha-guevara-canta-benedetti","status":"publish","type":"post","link":"https:\/\/cooltivarte.com\/portal\/nacha-guevara-canta-benedetti\/","title":{"rendered":"Nacha Guevara Canta Benedetti"},"content":{"rendered":"<p><strong><a href=\"https:\/\/www.youtube.com\/c\/NachaGuevaraMezzoSoprano\/featured\" target=\"_blank\" rel=\"noopener\">Nacha Guevara<\/a>&nbsp;&#8211; Nacha canta Benedetti<\/strong><\/p>\n<p>&nbsp;<\/p>\n<p><strong>A\u00f1o 1979<\/strong><br \/>\n<strong>T\u00edtulo Nacha canta Benedetti<\/strong><br \/>\n<strong>Elenco Nacha Guevara &amp; <a href=\"https:\/\/cooltivarte.com\/portal\/?s=Mario+Benedetti\" target=\"_blank\" rel=\"noopener\">Mario Benedetti<\/a><\/strong><br \/>\n<strong>Direcci\u00f3n General Nacha Guevara<\/strong><br \/>\n<strong>Autor Musical Alberto Favero<\/strong><br \/>\n<strong>Pa\u00eds Cuba<\/strong><\/p>\n<p>&nbsp;<\/p>\n<p><img fetchpriority=\"high\" decoding=\"async\" class=\"alignnone\" title=\"Nacha canta Benedetti\" src=\"https:\/\/www.nachaguevaraweb.com\/images\/stories\/content\/espectaculos-colage-ncb79.png\" alt=\"Nacha canta Benedetti\" width=\"615\" height=\"400\"\/><\/p>\n<p>&nbsp;<\/p>\n<p><img decoding=\"async\" class=\"alignnone\" title=\"Nacha canta Benedetti\" src=\"https:\/\/www.nachaguevaraweb.com\/images\/stories\/pgm\/programa-ncb-1979.png\" alt=\"Nacha canta Benedetti\" width=\"750\" height=\"750\"\/><\/p>\n<p>&nbsp;<\/p>\n<p><strong>Repertorio \/ Canciones seg\u00fan programa<\/strong><\/p>\n<p>01. Presentaci\u00f3n (Canciones de la oficina)<br \/>\n02. Sueldo (M. Benedetti \/ A. Favero)<br \/>\n03. La balada del empleado nuevo (M. Benedetti \/ A. Favero)<br \/>\n04. Amor de tarde (M. Benedetti \/ A. Favero)<br \/>\n05. Yo soy la secretaria (M. Benedetti \/ A. Favero)<br \/>\n06. Dactil\u00f3grafo (M. Benedetti \/ A. Favero)<br \/>\n07. Cuando te jubiles (M. Benedetti \/ A. Favero)<br \/>\n08. Guarder\u00eda (M. Benedetti \/ A. Favero)<br \/>\n09. Aqu\u00ed no hay cielo (M. Benedetti \/ A. Favero)<br \/>\n10. Presentaci\u00f3n (Versos para cantar)<br \/>\n11. Tu quebranto (M. Benedetti \/ A. Favero)<br \/>\n12. Vidalita, por las dudas (M. Benedetti \/ A. Favero)<br \/>\n13. Vamos juntos (M. Benedetti \/ A. Favero)<br \/>\n14. Oda a la pacificaci\u00f3n (M. Benedetti \/ A. Favero)<br \/>\n15. Oda a la mordaza (M. Benedetti \/ A. Favero)<br \/>\n16. De qu\u00e9 se r\u00ede? (M. Benedetti \/ A. Favero)<br \/>\n17. Presentaci\u00f3n (Canciones de amor y desamor)<br \/>\n18. Te quiero (M. Benedetti \/ A. Favero)<br \/>\n19. A la izquierda del roble (M. Benedetti \/ A. Favero)<br \/>\n20. Todav\u00eda (M. Benedetti \/ A. Favero)<br \/>\n21. Hombre preso que mira a su hijo (M. Benedetti \/ A. Favero)<br \/>\n22. El triunfo de los muchachos (M. Benedetti \/ A. Favero)<br \/>\n23. Un padrenuestro latinoamericano (M. Benedetti \/ A. Favero)<\/p>\n<p>&nbsp;<\/p>\n<p>Concierto realizado en La Habanna, Cuba; para el festejo de los XX aniversario de Teatro H\u00fcbert de Blank. Auspiciado por la Casa de las Am\u00e9ricas.<\/p>\n<p>Fuente:&nbsp;<a href=\"https:\/\/www.nachaguevaraweb.com\/index.php\/1979-nacha-canta-benedetti\" target=\"_blank\" rel=\"noopener\">nachaguevaraweb.com<\/a><\/p>\n<p>&nbsp;<\/p>\n<p>Playlist videos<\/p>\n<p>&nbsp;<\/p>\n<div class=\"jeg_video_container jeg_video_content\"><iframe title=\"Nacha Guevara - La balada del empleado nuevo\" width=\"500\" height=\"375\" src=\"https:\/\/www.youtube.com\/embed\/nGYaL4Ucoys?list=PL_h0ESXVFwPKmy80uYVND8790T9T5JCE5\" frameborder=\"0\" allow=\"accelerometer; autoplay; clipboard-write; encrypted-media; gyroscope; picture-in-picture; web-share\" referrerpolicy=\"strict-origin-when-cross-origin\" allowfullscreen><\/iframe><\/div>\n<p>&nbsp;<\/p>\n<p>&nbsp;<\/p>\n<p>&nbsp;<\/p>\n<p><iframe title=\"Spotify Embed: NACHA GUEVARA - BENEDETTI (DELUXE)\" style=\"border-radius: 12px\" width=\"100%\" height=\"352\" frameborder=\"0\" allowfullscreen allow=\"autoplay; clipboard-write; encrypted-media; fullscreen; picture-in-picture\" loading=\"lazy\" src=\"https:\/\/open.spotify.com\/embed\/playlist\/3AToPBNn7IRcMwf7OWuV0e?si=erIZlux5QOm06_28whYfaw&#038;utm_source=oembed\"><\/iframe><\/p>\n<p>&nbsp;<\/p>\n<p>&nbsp;<\/p>\n<p>&nbsp;<\/p>\n<p>&nbsp;<\/p>\n<p>&nbsp;<\/p>\n","protected":false},"excerpt":{"rendered":"<p>Nacha Guevara&nbsp;&#8211; Nacha canta Benedetti &nbsp; A\u00f1o 1979 T\u00edtulo Nacha canta Benedetti Elenco Nacha Guevara &amp; Mario Benedetti Direcci\u00f3n General Nacha Guevara Autor Musical Alberto Favero Pa\u00eds Cuba &nbsp; &nbsp; &nbsp; Repertorio \/ Canciones seg\u00fan programa 01. Presentaci\u00f3n (Canciones de la oficina) 02. Sueldo (M. Benedetti \/ A. Favero) 03. La balada del empleado nuevo [&hellip;]<\/p>\n","protected":false},"author":8,"featured_media":63417,"comment_status":"closed","ping_status":"closed","sticky":false,"template":"","format":"video","meta":{"om_disable_all_campaigns":false,"ngg_post_thumbnail":0,"jnews-multi-image_gallery":[],"jnews_single_post":{"subtitle":"","format":"video","video":"https:\/\/youtu.be\/nGYaL4Ucoys","gallery":"","source_name":"","source_url":"","via_name":"","via_url":"","override_template":"0","override":[{"template":"1","single_blog_custom":"","parallax":"1","fullscreen":"1","layout":"right-sidebar","sidebar":"default-sidebar","second_sidebar":"default-sidebar","sticky_sidebar":"1","share_position":"top","share_float_style":"share-monocrhome","show_share_counter":"1","show_view_counter":"1","show_featured":"1","show_post_meta":"1","show_post_author":"1","show_post_author_image":"1","show_post_date":"1","post_date_format":"default","post_date_format_custom":"Y\/m\/d","show_post_category":"1","show_post_reading_time":"0","post_reading_time_wpm":"300","show_zoom_button":"0","zoom_button_out_step":"2","zoom_button_in_step":"3","show_post_tag":"1","show_prev_next_post":"1","show_popup_post":"1","number_popup_post":"1","show_author_box":"0","show_post_related":"0","show_inline_post_related":"0"}],"override_image_size":"0","image_override":[{"single_post_thumbnail_size":"crop-500","single_post_gallery_size":"crop-500"}],"trending_post":"0","trending_post_position":"meta","trending_post_label":"Trending","sponsored_post":"0","sponsored_post_label":"Sponsored by","sponsored_post_name":"","sponsored_post_url":"","sponsored_post_logo_enable":"0","sponsored_post_logo":"","sponsored_post_desc":""},"jnews_primary_category":{"id":""},"jnews_social_meta":{"fb_title":"","fb_description":"","fb_image":"","twitter_title":"","twitter_description":"","twitter_image":""},"jnews_override_counter":{"override_view_counter":"0","view_counter_number":"0","override_share_counter":"0","share_counter_number":"0","override_like_counter":"0","like_counter_number":"0","override_dislike_counter":"0","dislike_counter_number":"0"},"footnotes":""},"categories":[55],"tags":[12444,12442,3258,12443,12441],"class_list":["post-63414","post","type-post","status-publish","format-video","has-post-thumbnail","hentry","category-poesia","tag-alberto-favero","tag-canta-a-benedetti","tag-mario-benedetti","tag-nacha-canta-benedetti","tag-nacha-guevara","post_format-post-format-video"],"yoast_head":"<!-- This site is optimized with the Yoast SEO plugin v27.5 - https:\/\/yoast.com\/product\/yoast-seo-wordpress\/ -->\n<title>Nacha Guevara Canta Benedetti - Cooltivarte Portal<\/title>\n<meta name=\"description\" content=\"COOLTIVARTE.COM es un portal digital colaborativo de actualizaci\u00f3n permanente dedicado a difundir el acontecer art\u00edstico y cultural, entrevista artistas, gestores y productores de las diferentes disciplinas del arte, y publicando art\u00edculos de reflexi\u00f3n de producci\u00f3n propia sobre los elementos culturales.\" \/>\n<meta name=\"robots\" content=\"index, follow, max-snippet:-1, max-image-preview:large, max-video-preview:-1\" \/>\n<link rel=\"canonical\" href=\"https:\/\/cooltivarte.com\/portal\/nacha-guevara-canta-benedetti\/\" \/>\n<meta property=\"og:locale\" content=\"es_ES\" \/>\n<meta property=\"og:type\" content=\"article\" \/>\n<meta property=\"og:title\" content=\"Nacha Guevara Canta Benedetti - Cooltivarte Portal\" \/>\n<meta property=\"og:description\" content=\"COOLTIVARTE.COM es un portal digital colaborativo de actualizaci\u00f3n permanente dedicado a difundir el acontecer art\u00edstico y cultural, entrevista artistas, gestores y productores de las diferentes disciplinas del arte, y publicando art\u00edculos de reflexi\u00f3n de producci\u00f3n propia sobre los elementos culturales.\" \/>\n<meta property=\"og:url\" content=\"https:\/\/cooltivarte.com\/portal\/nacha-guevara-canta-benedetti\/\" \/>\n<meta property=\"og:site_name\" content=\"Cooltivarte Portal\" \/>\n<meta property=\"article:publisher\" content=\"https:\/\/www.facebook.com\/cooltivartecom\/\" \/>\n<meta property=\"article:author\" content=\"https:\/\/www.facebook.com\/cooltivartecom\" \/>\n<meta property=\"article:published_time\" content=\"2020-09-23T22:05:07+00:00\" \/>\n<meta property=\"article:modified_time\" content=\"2021-11-29T02:17:11+00:00\" \/>\n<meta property=\"og:image\" content=\"https:\/\/cooltivarte.com\/portal\/wp-content\/uploads\/2020\/09\/nacha-canta-benedetti.jpg\" \/>\n\t<meta property=\"og:image:width\" content=\"615\" \/>\n\t<meta property=\"og:image:height\" content=\"400\" \/>\n\t<meta property=\"og:image:type\" content=\"image\/jpeg\" \/>\n<meta name=\"author\" content=\"Cooltivarte\" \/>\n<meta name=\"twitter:card\" content=\"summary_large_image\" \/>\n<meta name=\"twitter:creator\" content=\"@https:\/\/x.com\/obolocultural\" \/>\n<meta name=\"twitter:site\" content=\"@obolocultural\" \/>\n<meta name=\"twitter:label1\" content=\"Escrito por\" \/>\n\t<meta name=\"twitter:data1\" content=\"Cooltivarte\" \/>\n\t<meta name=\"twitter:label2\" content=\"Tiempo de lectura\" \/>\n\t<meta name=\"twitter:data2\" content=\"2 minutos\" \/>\n<!-- \/ Yoast SEO plugin. -->","yoast_head_json":{"title":"Nacha Guevara Canta Benedetti - Cooltivarte Portal","description":"COOLTIVARTE.COM es un portal digital colaborativo de actualizaci\u00f3n permanente dedicado a difundir el acontecer art\u00edstico y cultural, entrevista artistas, gestores y productores de las diferentes disciplinas del arte, y publicando art\u00edculos de reflexi\u00f3n de producci\u00f3n propia sobre los elementos culturales.","robots":{"index":"index","follow":"follow","max-snippet":"max-snippet:-1","max-image-preview":"max-image-preview:large","max-video-preview":"max-video-preview:-1"},"canonical":"https:\/\/cooltivarte.com\/portal\/nacha-guevara-canta-benedetti\/","og_locale":"es_ES","og_type":"article","og_title":"Nacha Guevara Canta Benedetti - Cooltivarte Portal","og_description":"COOLTIVARTE.COM es un portal digital colaborativo de actualizaci\u00f3n permanente dedicado a difundir el acontecer art\u00edstico y cultural, entrevista artistas, gestores y productores de las diferentes disciplinas del arte, y publicando art\u00edculos de reflexi\u00f3n de producci\u00f3n propia sobre los elementos culturales.","og_url":"https:\/\/cooltivarte.com\/portal\/nacha-guevara-canta-benedetti\/","og_site_name":"Cooltivarte Portal","article_publisher":"https:\/\/www.facebook.com\/cooltivartecom\/","article_author":"https:\/\/www.facebook.com\/cooltivartecom","article_published_time":"2020-09-23T22:05:07+00:00","article_modified_time":"2021-11-29T02:17:11+00:00","og_image":[{"width":615,"height":400,"url":"https:\/\/cooltivarte.com\/portal\/wp-content\/uploads\/2020\/09\/nacha-canta-benedetti.jpg","type":"image\/jpeg"}],"author":"Cooltivarte","twitter_card":"summary_large_image","twitter_creator":"@https:\/\/x.com\/obolocultural","twitter_site":"@obolocultural","twitter_misc":{"Escrito por":"Cooltivarte","Tiempo de lectura":"2 minutos"},"schema":{"@context":"https:\/\/schema.org","@graph":[{"@type":"NewsArticle","@id":"https:\/\/cooltivarte.com\/portal\/nacha-guevara-canta-benedetti\/#article","isPartOf":{"@id":"https:\/\/cooltivarte.com\/portal\/nacha-guevara-canta-benedetti\/"},"author":{"name":"Cooltivarte","@id":"https:\/\/cooltivarte.com\/portal\/#\/schema\/person\/ec2a4f4e71b740d0c559c0ab9a157e19"},"headline":"Nacha Guevara Canta Benedetti","datePublished":"2020-09-23T22:05:07+00:00","dateModified":"2021-11-29T02:17:11+00:00","mainEntityOfPage":{"@id":"https:\/\/cooltivarte.com\/portal\/nacha-guevara-canta-benedetti\/"},"wordCount":287,"publisher":{"@id":"https:\/\/cooltivarte.com\/portal\/#organization"},"image":{"@id":"https:\/\/cooltivarte.com\/portal\/nacha-guevara-canta-benedetti\/#primaryimage"},"thumbnailUrl":"https:\/\/cooltivarte.com\/portal\/wp-content\/uploads\/2020\/09\/nacha-canta-benedetti.jpg","keywords":["Alberto Favero","Canta a Benedetti","Mario Benedetti","Nacha canta Benedetti","Nacha Guevara"],"articleSection":["Poetas"],"inLanguage":"es-AR"},{"@type":"WebPage","@id":"https:\/\/cooltivarte.com\/portal\/nacha-guevara-canta-benedetti\/","url":"https:\/\/cooltivarte.com\/portal\/nacha-guevara-canta-benedetti\/","name":"Nacha Guevara Canta Benedetti - Cooltivarte Portal","isPartOf":{"@id":"https:\/\/cooltivarte.com\/portal\/#website"},"primaryImageOfPage":{"@id":"https:\/\/cooltivarte.com\/portal\/nacha-guevara-canta-benedetti\/#primaryimage"},"image":{"@id":"https:\/\/cooltivarte.com\/portal\/nacha-guevara-canta-benedetti\/#primaryimage"},"thumbnailUrl":"https:\/\/cooltivarte.com\/portal\/wp-content\/uploads\/2020\/09\/nacha-canta-benedetti.jpg","datePublished":"2020-09-23T22:05:07+00:00","dateModified":"2021-11-29T02:17:11+00:00","description":"COOLTIVARTE.COM es un portal digital colaborativo de actualizaci\u00f3n permanente dedicado a difundir el acontecer art\u00edstico y cultural, entrevista artistas, gestores y productores de las diferentes disciplinas del arte, y publicando art\u00edculos de reflexi\u00f3n de producci\u00f3n propia sobre los elementos culturales.","breadcrumb":{"@id":"https:\/\/cooltivarte.com\/portal\/nacha-guevara-canta-benedetti\/#breadcrumb"},"inLanguage":"es-AR","potentialAction":[{"@type":"ReadAction","target":["https:\/\/cooltivarte.com\/portal\/nacha-guevara-canta-benedetti\/"]}]},{"@type":"ImageObject","inLanguage":"es-AR","@id":"https:\/\/cooltivarte.com\/portal\/nacha-guevara-canta-benedetti\/#primaryimage","url":"https:\/\/cooltivarte.com\/portal\/wp-content\/uploads\/2020\/09\/nacha-canta-benedetti.jpg","contentUrl":"https:\/\/cooltivarte.com\/portal\/wp-content\/uploads\/2020\/09\/nacha-canta-benedetti.jpg","width":615,"height":400,"caption":"Nacha canta Benedetti"},{"@type":"BreadcrumbList","@id":"https:\/\/cooltivarte.com\/portal\/nacha-guevara-canta-benedetti\/#breadcrumb","itemListElement":[{"@type":"ListItem","position":1,"name":"Portada","item":"https:\/\/cooltivarte.com\/portal\/"},{"@type":"ListItem","position":2,"name":"Nacha Guevara Canta Benedetti"}]},{"@type":"WebSite","@id":"https:\/\/cooltivarte.com\/portal\/#website","url":"https:\/\/cooltivarte.com\/portal\/","name":"Cooltivarte Portal","description":"Arte, cultura y turismo para el mundo ...","publisher":{"@id":"https:\/\/cooltivarte.com\/portal\/#organization"},"potentialAction":[{"@type":"SearchAction","target":{"@type":"EntryPoint","urlTemplate":"https:\/\/cooltivarte.com\/portal\/?s={search_term_string}"},"query-input":{"@type":"PropertyValueSpecification","valueRequired":true,"valueName":"search_term_string"}}],"inLanguage":"es-AR"},{"@type":"Organization","@id":"https:\/\/cooltivarte.com\/portal\/#organization","name":"cooltivarte","url":"https:\/\/cooltivarte.com\/portal\/","logo":{"@type":"ImageObject","inLanguage":"es-AR","@id":"https:\/\/cooltivarte.com\/portal\/#\/schema\/logo\/image\/","url":"https:\/\/cooltivarte.com\/portal\/wp-content\/uploads\/2020\/04\/logo-cooltivarte-v2.png","contentUrl":"https:\/\/cooltivarte.com\/portal\/wp-content\/uploads\/2020\/04\/logo-cooltivarte-v2.png","width":851,"height":243,"caption":"cooltivarte"},"image":{"@id":"https:\/\/cooltivarte.com\/portal\/#\/schema\/logo\/image\/"},"sameAs":["https:\/\/www.facebook.com\/cooltivartecom\/","https:\/\/x.com\/obolocultural","https:\/\/www.instagram.com\/_cooltivarte_\/","https:\/\/www.linkedin.com\/company\/-bolocultural?reportsuccess=8zaNG1HwhPbAR9iQhZ5rfGeqz_vQFftHun0ZWU0Wy9vNemRJ8vtcKdJvzQfW8XagyOJSKg0XvfJ1dp","https:\/\/www.pinterest.com\/cooltivarte\/","https:\/\/cooltivarte.tumblr.com\/","https:\/\/www.tiktok.com\/@cooltivarte","https:\/\/www.youtube.com\/@PrensaCooltivarte"]},{"@type":"Person","@id":"https:\/\/cooltivarte.com\/portal\/#\/schema\/person\/ec2a4f4e71b740d0c559c0ab9a157e19","name":"Cooltivarte","image":{"@type":"ImageObject","inLanguage":"es-AR","@id":"https:\/\/cooltivarte.com\/portal\/wp-content\/uploads\/2014\/05\/logo-cooltivarte-120x120.jpg","url":"https:\/\/cooltivarte.com\/portal\/wp-content\/uploads\/2014\/05\/logo-cooltivarte-120x120.jpg","contentUrl":"https:\/\/cooltivarte.com\/portal\/wp-content\/uploads\/2014\/05\/logo-cooltivarte-120x120.jpg","caption":"Cooltivarte"},"description":"Somos COOLTIVARTE.COM. Un portal digital dedicado a difundir el acontecer art\u00edstico y cultural del Uruguay. Estamos en la vuelta desde el a\u00f1o 2003, y como evoluci\u00f3n del bolet\u00edn Obolo Cultural, nos encontramos abocados a apoyar a los artistas nacionales brind\u00e1ndoles un espacio de difusi\u00f3n. Creemos en la idea de utilizar la potencialidad que hoy d\u00eda nos otorga la web, para que la cultura uruguaya y sus creadores dispongan de una din\u00e1mica ventana, que los ponga en contacto entre s\u00ed y con el mundo. Somos COOLTIVARTE.COM y pretendemos configurarnos como un portal din\u00e1mico, entretenido y atento a los nuevos emprendimientos, que busque siempre la interacci\u00f3n con los artistas.","sameAs":["http:\/\/www.cooltivarte.com","https:\/\/www.facebook.com\/cooltivartecom","https:\/\/www.instagram.com\/_cooltivarte_\/","https:\/\/www.linkedin.com\/company\/-bolocultural","https:\/\/www.pinterest.com\/cooltivarte\/","https:\/\/x.com\/https:\/\/x.com\/obolocultural","https:\/\/www.youtube.com\/@PrensaCooltivarte","https:\/\/www.tumblr.com\/blog\/cooltivarte"],"url":"https:\/\/cooltivarte.com\/portal\/author\/cooltivarte\/"}]}},"_links":{"self":[{"href":"https:\/\/cooltivarte.com\/portal\/wp-json\/wp\/v2\/posts\/63414","targetHints":{"allow":["GET"]}}],"collection":[{"href":"https:\/\/cooltivarte.com\/portal\/wp-json\/wp\/v2\/posts"}],"about":[{"href":"https:\/\/cooltivarte.com\/portal\/wp-json\/wp\/v2\/types\/post"}],"author":[{"embeddable":true,"href":"https:\/\/cooltivarte.com\/portal\/wp-json\/wp\/v2\/users\/8"}],"replies":[{"embeddable":true,"href":"https:\/\/cooltivarte.com\/portal\/wp-json\/wp\/v2\/comments?post=63414"}],"version-history":[{"count":7,"href":"https:\/\/cooltivarte.com\/portal\/wp-json\/wp\/v2\/posts\/63414\/revisions"}],"predecessor-version":[{"id":76513,"href":"https:\/\/cooltivarte.com\/portal\/wp-json\/wp\/v2\/posts\/63414\/revisions\/76513"}],"wp:featuredmedia":[{"embeddable":true,"href":"https:\/\/cooltivarte.com\/portal\/wp-json\/wp\/v2\/media\/63417"}],"wp:attachment":[{"href":"https:\/\/cooltivarte.com\/portal\/wp-json\/wp\/v2\/media?parent=63414"}],"wp:term":[{"taxonomy":"category","embeddable":true,"href":"https:\/\/cooltivarte.com\/portal\/wp-json\/wp\/v2\/categories?post=63414"},{"taxonomy":"post_tag","embeddable":true,"href":"https:\/\/cooltivarte.com\/portal\/wp-json\/wp\/v2\/tags?post=63414"}],"curies":[{"name":"wp","href":"https:\/\/api.w.org\/{rel}","templated":true}]}}