{"id":63220,"date":"2020-09-14T20:03:09","date_gmt":"2020-09-14T23:03:09","guid":{"rendered":"https:\/\/cooltivarte.com\/portal\/?p=63220"},"modified":"2020-11-03T13:58:43","modified_gmt":"2020-11-03T16:58:43","slug":"59o-premio-nacional-de-artes-visuales-margaret-whyte","status":"publish","type":"post","link":"https:\/\/cooltivarte.com\/portal\/59o-premio-nacional-de-artes-visuales-margaret-whyte\/","title":{"rendered":"59\u00ba Premio Nacional de Artes Visuales &#8220;Margaret Whyte&#8221;"},"content":{"rendered":"<h2>El Instituto Nacional de Artes Visuales de la Direcci\u00f3n Nacional de Cultura (MEC), llama a interesados en participar del 59\u00b0 Premio Nacional de Artes Visuales, concurso que convoca a artistas de todo el pa\u00eds con el fin de exhibir y premiar aquellas obras que sean seleccionadas.<\/h2>\n<p>&nbsp;<\/p>\n<p>En esta oportunidad se designa al <strong>59\u00b0 Premio Nacional de Artes Visuales<\/strong> con el nombre de <strong><a href=\"https:\/\/cooltivarte.com\/portal\/?s=Margaret+Whyte\" target=\"_blank\" rel=\"noopener\">Margaret Whyte<\/a><\/strong>, artista nacida en 1936 en Montevideo, Uruguay.<\/p>\n<p>El Premio est\u00e1 dirigido a artistas uruguayos mayores de 18 a\u00f1os y artistas nacidos en el extranjero con residencia legal en nuestro pa\u00eds de al menos 5 a\u00f1os.<\/p>\n<h3>Las inscripciones se realizan exclusivamente a trav\u00e9s de la plataforma <a href=\"https:\/\/culturaenlinea.uy\/opportunity\/single\/964\/\" target=\"_blank\" rel=\"noopener\">culturaenlinea<\/a>, el plazo finalizar\u00e1 el 15 de octubre a las 17 h.<\/h3>\n<p>Las bases y documentos anexos se encuentran disponibles en enlaces de descarga.<\/p>\n<p>&nbsp;<\/p>\n<p>Sobre la artista:<\/p>\n<p><strong>Margaret Whyte<\/strong>, estudi\u00f3 en el C\u00edrculo de Bellas Artes e integra desde sus inicios la Fundaci\u00f3n de Arte Contempor\u00e1neo. En su trabajo realiza una deconstrucci\u00f3n del papel de la mujer y utiliza materiales vinculados a lo femenino y sus rituales. Trabaja con acr\u00edlicos, telas, fibras e hilos, geles, aluminio, esculturas blandas e instalaciones.<\/p>\n<p>Es una artista referente en la historia del arte textil uruguayo. Ha recibido numerosos premios y distinciones destac\u00e1ndose el Premio Figari del Ministerio de Educaci\u00f3n y Cultura y Banco Central del Uruguay en el a\u00f1o 2014.Particip\u00f3 en m\u00e1s de 40 exposiciones individuales y colectivas en Uruguay. Su trayectoria est\u00e1 atravesada por una nutrida actividad internacional en pa\u00edses como Argentina, B\u00e9lgica, Espa\u00f1a, Estados Unidos, M\u00e9xico y Holanda. Actualmente vive y trabaja en Uruguay.<\/p>\n<p>&nbsp;<\/p>\n<p>Por consultas sobre bases:<\/p>\n<p>Instituto Nacional de Artes Visuales &#8211; artesvisuales.dnc@mec.gub.uy<br \/>\nDepartamento de Premios y Convocatorias &#8211; premiosnacionales@mec.gub.uy<br \/>\nSoporte t\u00e9cnico:<\/p>\n<p>Cultura en L\u00ednea &#8211; culturaenlinea@mec.gub.uy<\/p>\n<p>&nbsp;<\/p>\n<h3>Enlaces de descarga<\/h3>\n<h3>&nbsp;<\/h3>\n<h3><a href=\"https:\/\/www.gub.uy\/ministerio-educacion-cultura\/sites\/ministerio-educacion-cultura\/files\/documentos\/noticias\/premio%20AAVV_bases2020.pdf\" target=\"_blank\" rel=\"noopener\">Bases 59\u00ba Premio Nacional de Artes Visuales &#8220;Margaret Whyte&#8221; (.pdf 641 KB)<\/a><\/h3>\n<h3><a href=\"https:\/\/www.gub.uy\/ministerio-educacion-cultura\/sites\/ministerio-educacion-cultura\/files\/documentos\/noticias\/Declaraci%C3%B3n%20Jurada%20PNAV%202020.pdf\" target=\"_blank\" rel=\"noopener\">Declaraci\u00f3n Jurada (.pdf 229 KB)<\/a><\/h3>\n<h3><a href=\"https:\/\/www.gub.uy\/ministerio-educacion-cultura\/sites\/ministerio-educacion-cultura\/files\/documentos\/noticias\/Anexo%201_%20Premio%20Nacional%20de%20Artes%20Visuales_Premio%20Alpuy%202020.pdf\" target=\"_blank\" rel=\"noopener\">Anexo 1 (.pdf 209 KB)<\/a><\/h3>\n<h3><a href=\"https:\/\/www.gub.uy\/ministerio-educacion-cultura\/sites\/ministerio-educacion-cultura\/files\/documentos\/noticias\/Anexo%202_Premio%20Nacional%20Artes%20VIsuales_Planos%20EAC.pdf\" target=\"_blank\" rel=\"noopener\">Anexo 2 (.pdf 2923 KB)<\/a><\/h3>\n<p>&nbsp;<\/p>\n<p>&nbsp;<\/p>\n<p>Fuente:<a href=\"https:\/\/www.gub.uy\/ministerio-educacion-cultura\/comunicacion\/noticias\/59o-premio-nacional-artes-visuales-margaret-whyte?fbclid=IwAR1DvMupQRvBHDGB2AhP4BSlxm6e9oMf1ts-T6x2JgtcuhFAgj9dmEQFYnk\" target=\"_blank\" rel=\"noopener\">www.gub.uy<\/a><\/p>\n<p>&nbsp;<\/p>\n<p>&nbsp;<\/p>\n<p>&nbsp;<\/p>\n","protected":false},"excerpt":{"rendered":"<p>El Instituto Nacional de Artes Visuales de la Direcci\u00f3n Nacional de Cultura (MEC), llama a interesados en participar del 59\u00b0 Premio Nacional de Artes Visuales, concurso que convoca a artistas de todo el pa\u00eds con el fin de exhibir y premiar aquellas obras que sean seleccionadas. &nbsp; En esta oportunidad se designa al 59\u00b0 Premio [&hellip;]<\/p>\n","protected":false},"author":8,"featured_media":63221,"comment_status":"closed","ping_status":"closed","sticky":false,"template":"","format":"standard","meta":{"om_disable_all_campaigns":false,"ngg_post_thumbnail":0,"jnews-multi-image_gallery":[],"jnews_single_post":[],"jnews_primary_category":[],"jnews_social_meta":[],"jnews_override_counter":[],"footnotes":""},"categories":[3394],"tags":[12380,413,1170],"class_list":["post-63220","post","type-post","status-publish","format-standard","has-post-thumbnail","hentry","category-eventos","tag-59-premio-nacional-de-artes-visuales","tag-bellas-artes","tag-margaret-whyte"],"yoast_head":"<!-- This site is optimized with the Yoast SEO plugin v27.5 - https:\/\/yoast.com\/product\/yoast-seo-wordpress\/ -->\n<title>59\u00ba Premio Nacional de Artes Visuales &quot;Margaret Whyte&quot; - Cooltivarte Portal<\/title>\n<meta name=\"description\" content=\"COOLTIVARTE.COM es un portal digital colaborativo de actualizaci\u00f3n permanente dedicado a difundir el acontecer art\u00edstico y cultural, entrevista artistas, gestores y productores de las diferentes disciplinas del arte, y publicando art\u00edculos de reflexi\u00f3n de producci\u00f3n propia sobre los elementos culturales.\" \/>\n<meta name=\"robots\" content=\"index, follow, max-snippet:-1, max-image-preview:large, max-video-preview:-1\" \/>\n<link rel=\"canonical\" href=\"https:\/\/cooltivarte.com\/portal\/59o-premio-nacional-de-artes-visuales-margaret-whyte\/\" \/>\n<meta property=\"og:locale\" content=\"es_ES\" \/>\n<meta property=\"og:type\" content=\"article\" \/>\n<meta property=\"og:title\" content=\"59\u00ba Premio Nacional de Artes Visuales &quot;Margaret Whyte&quot; - Cooltivarte Portal\" \/>\n<meta property=\"og:description\" content=\"COOLTIVARTE.COM es un portal digital colaborativo de actualizaci\u00f3n permanente dedicado a difundir el acontecer art\u00edstico y cultural, entrevista artistas, gestores y productores de las diferentes disciplinas del arte, y publicando art\u00edculos de reflexi\u00f3n de producci\u00f3n propia sobre los elementos culturales.\" \/>\n<meta property=\"og:url\" content=\"https:\/\/cooltivarte.com\/portal\/59o-premio-nacional-de-artes-visuales-margaret-whyte\/\" \/>\n<meta property=\"og:site_name\" content=\"Cooltivarte Portal\" \/>\n<meta property=\"article:publisher\" content=\"https:\/\/www.facebook.com\/cooltivartecom\/\" \/>\n<meta property=\"article:author\" content=\"https:\/\/www.facebook.com\/cooltivartecom\" \/>\n<meta property=\"article:published_time\" content=\"2020-09-14T23:03:09+00:00\" \/>\n<meta property=\"article:modified_time\" content=\"2020-11-03T16:58:43+00:00\" \/>\n<meta property=\"og:image\" content=\"https:\/\/cooltivarte.com\/portal\/wp-content\/uploads\/2020\/09\/59-Premio-Nacional-de-Artes-Visuales-Margaret-Whyte.jpg\" \/>\n\t<meta property=\"og:image:width\" content=\"720\" \/>\n\t<meta property=\"og:image:height\" content=\"350\" \/>\n\t<meta property=\"og:image:type\" content=\"image\/jpeg\" \/>\n<meta name=\"author\" content=\"Cooltivarte\" \/>\n<meta name=\"twitter:card\" content=\"summary_large_image\" \/>\n<meta name=\"twitter:creator\" content=\"@https:\/\/x.com\/obolocultural\" \/>\n<meta name=\"twitter:site\" content=\"@obolocultural\" \/>\n<meta name=\"twitter:label1\" content=\"Escrito por\" \/>\n\t<meta name=\"twitter:data1\" content=\"Cooltivarte\" \/>\n\t<meta name=\"twitter:label2\" content=\"Tiempo de lectura\" \/>\n\t<meta name=\"twitter:data2\" content=\"2 minutos\" \/>\n<!-- \/ Yoast SEO plugin. -->","yoast_head_json":{"title":"59\u00ba Premio Nacional de Artes Visuales \"Margaret Whyte\" - Cooltivarte Portal","description":"COOLTIVARTE.COM es un portal digital colaborativo de actualizaci\u00f3n permanente dedicado a difundir el acontecer art\u00edstico y cultural, entrevista artistas, gestores y productores de las diferentes disciplinas del arte, y publicando art\u00edculos de reflexi\u00f3n de producci\u00f3n propia sobre los elementos culturales.","robots":{"index":"index","follow":"follow","max-snippet":"max-snippet:-1","max-image-preview":"max-image-preview:large","max-video-preview":"max-video-preview:-1"},"canonical":"https:\/\/cooltivarte.com\/portal\/59o-premio-nacional-de-artes-visuales-margaret-whyte\/","og_locale":"es_ES","og_type":"article","og_title":"59\u00ba Premio Nacional de Artes Visuales \"Margaret Whyte\" - Cooltivarte Portal","og_description":"COOLTIVARTE.COM es un portal digital colaborativo de actualizaci\u00f3n permanente dedicado a difundir el acontecer art\u00edstico y cultural, entrevista artistas, gestores y productores de las diferentes disciplinas del arte, y publicando art\u00edculos de reflexi\u00f3n de producci\u00f3n propia sobre los elementos culturales.","og_url":"https:\/\/cooltivarte.com\/portal\/59o-premio-nacional-de-artes-visuales-margaret-whyte\/","og_site_name":"Cooltivarte Portal","article_publisher":"https:\/\/www.facebook.com\/cooltivartecom\/","article_author":"https:\/\/www.facebook.com\/cooltivartecom","article_published_time":"2020-09-14T23:03:09+00:00","article_modified_time":"2020-11-03T16:58:43+00:00","og_image":[{"width":720,"height":350,"url":"https:\/\/cooltivarte.com\/portal\/wp-content\/uploads\/2020\/09\/59-Premio-Nacional-de-Artes-Visuales-Margaret-Whyte.jpg","type":"image\/jpeg"}],"author":"Cooltivarte","twitter_card":"summary_large_image","twitter_creator":"@https:\/\/x.com\/obolocultural","twitter_site":"@obolocultural","twitter_misc":{"Escrito por":"Cooltivarte","Tiempo de lectura":"2 minutos"},"schema":{"@context":"https:\/\/schema.org","@graph":[{"@type":"NewsArticle","@id":"https:\/\/cooltivarte.com\/portal\/59o-premio-nacional-de-artes-visuales-margaret-whyte\/#article","isPartOf":{"@id":"https:\/\/cooltivarte.com\/portal\/59o-premio-nacional-de-artes-visuales-margaret-whyte\/"},"author":{"name":"Cooltivarte","@id":"https:\/\/cooltivarte.com\/portal\/#\/schema\/person\/ec2a4f4e71b740d0c559c0ab9a157e19"},"headline":"59\u00ba Premio Nacional de Artes Visuales &#8220;Margaret Whyte&#8221;","datePublished":"2020-09-14T23:03:09+00:00","dateModified":"2020-11-03T16:58:43+00:00","mainEntityOfPage":{"@id":"https:\/\/cooltivarte.com\/portal\/59o-premio-nacional-de-artes-visuales-margaret-whyte\/"},"wordCount":354,"publisher":{"@id":"https:\/\/cooltivarte.com\/portal\/#organization"},"image":{"@id":"https:\/\/cooltivarte.com\/portal\/59o-premio-nacional-de-artes-visuales-margaret-whyte\/#primaryimage"},"thumbnailUrl":"https:\/\/cooltivarte.com\/portal\/wp-content\/uploads\/2020\/09\/59-Premio-Nacional-de-Artes-Visuales-Margaret-Whyte.jpg","keywords":["59\u00b0 Premio Nacional de Artes Visuales","Bellas Artes","Margaret Whyte"],"articleSection":["Eventos"],"inLanguage":"es-AR"},{"@type":"WebPage","@id":"https:\/\/cooltivarte.com\/portal\/59o-premio-nacional-de-artes-visuales-margaret-whyte\/","url":"https:\/\/cooltivarte.com\/portal\/59o-premio-nacional-de-artes-visuales-margaret-whyte\/","name":"59\u00ba Premio Nacional de Artes Visuales \"Margaret Whyte\" - Cooltivarte Portal","isPartOf":{"@id":"https:\/\/cooltivarte.com\/portal\/#website"},"primaryImageOfPage":{"@id":"https:\/\/cooltivarte.com\/portal\/59o-premio-nacional-de-artes-visuales-margaret-whyte\/#primaryimage"},"image":{"@id":"https:\/\/cooltivarte.com\/portal\/59o-premio-nacional-de-artes-visuales-margaret-whyte\/#primaryimage"},"thumbnailUrl":"https:\/\/cooltivarte.com\/portal\/wp-content\/uploads\/2020\/09\/59-Premio-Nacional-de-Artes-Visuales-Margaret-Whyte.jpg","datePublished":"2020-09-14T23:03:09+00:00","dateModified":"2020-11-03T16:58:43+00:00","description":"COOLTIVARTE.COM es un portal digital colaborativo de actualizaci\u00f3n permanente dedicado a difundir el acontecer art\u00edstico y cultural, entrevista artistas, gestores y productores de las diferentes disciplinas del arte, y publicando art\u00edculos de reflexi\u00f3n de producci\u00f3n propia sobre los elementos culturales.","breadcrumb":{"@id":"https:\/\/cooltivarte.com\/portal\/59o-premio-nacional-de-artes-visuales-margaret-whyte\/#breadcrumb"},"inLanguage":"es-AR","potentialAction":[{"@type":"ReadAction","target":["https:\/\/cooltivarte.com\/portal\/59o-premio-nacional-de-artes-visuales-margaret-whyte\/"]}]},{"@type":"ImageObject","inLanguage":"es-AR","@id":"https:\/\/cooltivarte.com\/portal\/59o-premio-nacional-de-artes-visuales-margaret-whyte\/#primaryimage","url":"https:\/\/cooltivarte.com\/portal\/wp-content\/uploads\/2020\/09\/59-Premio-Nacional-de-Artes-Visuales-Margaret-Whyte.jpg","contentUrl":"https:\/\/cooltivarte.com\/portal\/wp-content\/uploads\/2020\/09\/59-Premio-Nacional-de-Artes-Visuales-Margaret-Whyte.jpg","width":720,"height":350,"caption":"El Instituto Nacional de Artes Visuales de la Direcci\u00f3n Nacional de Cultura (MEC), llama a interesados en participar del 59\u00b0 Premio Nacional de Artes Visuales, concurso que convoca a artistas de todo el pa\u00eds con el fin de exhibir y premiar aquellas obras que sean seleccionadas. En esta oportunidad se designa al 59\u00b0 Premio Nacional de Artes Visuales con el nombre de Margaret Whyte, artista nacida en 1936 en Montevideo, Uruguay."},{"@type":"BreadcrumbList","@id":"https:\/\/cooltivarte.com\/portal\/59o-premio-nacional-de-artes-visuales-margaret-whyte\/#breadcrumb","itemListElement":[{"@type":"ListItem","position":1,"name":"Portada","item":"https:\/\/cooltivarte.com\/portal\/"},{"@type":"ListItem","position":2,"name":"59\u00ba Premio Nacional de Artes Visuales \u00abMargaret Whyte\u00bb"}]},{"@type":"WebSite","@id":"https:\/\/cooltivarte.com\/portal\/#website","url":"https:\/\/cooltivarte.com\/portal\/","name":"Cooltivarte Portal","description":"Arte, cultura y turismo para el mundo ...","publisher":{"@id":"https:\/\/cooltivarte.com\/portal\/#organization"},"potentialAction":[{"@type":"SearchAction","target":{"@type":"EntryPoint","urlTemplate":"https:\/\/cooltivarte.com\/portal\/?s={search_term_string}"},"query-input":{"@type":"PropertyValueSpecification","valueRequired":true,"valueName":"search_term_string"}}],"inLanguage":"es-AR"},{"@type":"Organization","@id":"https:\/\/cooltivarte.com\/portal\/#organization","name":"cooltivarte","url":"https:\/\/cooltivarte.com\/portal\/","logo":{"@type":"ImageObject","inLanguage":"es-AR","@id":"https:\/\/cooltivarte.com\/portal\/#\/schema\/logo\/image\/","url":"https:\/\/cooltivarte.com\/portal\/wp-content\/uploads\/2020\/04\/logo-cooltivarte-v2.png","contentUrl":"https:\/\/cooltivarte.com\/portal\/wp-content\/uploads\/2020\/04\/logo-cooltivarte-v2.png","width":851,"height":243,"caption":"cooltivarte"},"image":{"@id":"https:\/\/cooltivarte.com\/portal\/#\/schema\/logo\/image\/"},"sameAs":["https:\/\/www.facebook.com\/cooltivartecom\/","https:\/\/x.com\/obolocultural","https:\/\/www.instagram.com\/_cooltivarte_\/","https:\/\/www.linkedin.com\/company\/-bolocultural?reportsuccess=8zaNG1HwhPbAR9iQhZ5rfGeqz_vQFftHun0ZWU0Wy9vNemRJ8vtcKdJvzQfW8XagyOJSKg0XvfJ1dp","https:\/\/www.pinterest.com\/cooltivarte\/","https:\/\/cooltivarte.tumblr.com\/","https:\/\/www.tiktok.com\/@cooltivarte","https:\/\/www.youtube.com\/@PrensaCooltivarte"]},{"@type":"Person","@id":"https:\/\/cooltivarte.com\/portal\/#\/schema\/person\/ec2a4f4e71b740d0c559c0ab9a157e19","name":"Cooltivarte","image":{"@type":"ImageObject","inLanguage":"es-AR","@id":"https:\/\/cooltivarte.com\/portal\/wp-content\/uploads\/2014\/05\/logo-cooltivarte-120x120.jpg","url":"https:\/\/cooltivarte.com\/portal\/wp-content\/uploads\/2014\/05\/logo-cooltivarte-120x120.jpg","contentUrl":"https:\/\/cooltivarte.com\/portal\/wp-content\/uploads\/2014\/05\/logo-cooltivarte-120x120.jpg","caption":"Cooltivarte"},"description":"Somos COOLTIVARTE.COM. Un portal digital dedicado a difundir el acontecer art\u00edstico y cultural del Uruguay. Estamos en la vuelta desde el a\u00f1o 2003, y como evoluci\u00f3n del bolet\u00edn Obolo Cultural, nos encontramos abocados a apoyar a los artistas nacionales brind\u00e1ndoles un espacio de difusi\u00f3n. Creemos en la idea de utilizar la potencialidad que hoy d\u00eda nos otorga la web, para que la cultura uruguaya y sus creadores dispongan de una din\u00e1mica ventana, que los ponga en contacto entre s\u00ed y con el mundo. Somos COOLTIVARTE.COM y pretendemos configurarnos como un portal din\u00e1mico, entretenido y atento a los nuevos emprendimientos, que busque siempre la interacci\u00f3n con los artistas.","sameAs":["http:\/\/www.cooltivarte.com","https:\/\/www.facebook.com\/cooltivartecom","https:\/\/www.instagram.com\/_cooltivarte_\/","https:\/\/www.linkedin.com\/company\/-bolocultural","https:\/\/www.pinterest.com\/cooltivarte\/","https:\/\/x.com\/https:\/\/x.com\/obolocultural","https:\/\/www.youtube.com\/@PrensaCooltivarte","https:\/\/www.tumblr.com\/blog\/cooltivarte"],"url":"https:\/\/cooltivarte.com\/portal\/author\/cooltivarte\/"}]}},"_links":{"self":[{"href":"https:\/\/cooltivarte.com\/portal\/wp-json\/wp\/v2\/posts\/63220","targetHints":{"allow":["GET"]}}],"collection":[{"href":"https:\/\/cooltivarte.com\/portal\/wp-json\/wp\/v2\/posts"}],"about":[{"href":"https:\/\/cooltivarte.com\/portal\/wp-json\/wp\/v2\/types\/post"}],"author":[{"embeddable":true,"href":"https:\/\/cooltivarte.com\/portal\/wp-json\/wp\/v2\/users\/8"}],"replies":[{"embeddable":true,"href":"https:\/\/cooltivarte.com\/portal\/wp-json\/wp\/v2\/comments?post=63220"}],"version-history":[{"count":3,"href":"https:\/\/cooltivarte.com\/portal\/wp-json\/wp\/v2\/posts\/63220\/revisions"}],"predecessor-version":[{"id":63224,"href":"https:\/\/cooltivarte.com\/portal\/wp-json\/wp\/v2\/posts\/63220\/revisions\/63224"}],"wp:featuredmedia":[{"embeddable":true,"href":"https:\/\/cooltivarte.com\/portal\/wp-json\/wp\/v2\/media\/63221"}],"wp:attachment":[{"href":"https:\/\/cooltivarte.com\/portal\/wp-json\/wp\/v2\/media?parent=63220"}],"wp:term":[{"taxonomy":"category","embeddable":true,"href":"https:\/\/cooltivarte.com\/portal\/wp-json\/wp\/v2\/categories?post=63220"},{"taxonomy":"post_tag","embeddable":true,"href":"https:\/\/cooltivarte.com\/portal\/wp-json\/wp\/v2\/tags?post=63220"}],"curies":[{"name":"wp","href":"https:\/\/api.w.org\/{rel}","templated":true}]}}