{"id":6292,"date":"2012-02-14T15:52:33","date_gmt":"2012-02-14T15:52:33","guid":{"rendered":"http:\/\/cooltivarte.com\/portal\/?p=6292"},"modified":"2015-11-11T02:19:52","modified_gmt":"2015-11-11T02:19:52","slug":"de-la-vida-y-del-arte-entrevista-a-lucia-pittaluga","status":"publish","type":"post","link":"https:\/\/cooltivarte.com\/portal\/de-la-vida-y-del-arte-entrevista-a-lucia-pittaluga\/","title":{"rendered":"De la vida y del arte, entrevista a Luc\u00eda Pittaluga"},"content":{"rendered":"<p style=\"text-align: justify;\">Luc\u00eda Pittaluga, 1970. Es egresada de la Licenciatura en Ciencias de la Comunicaci\u00f3n de la Universidad de la Rep\u00fablica, en la especializaci\u00f3n Arte. Estudi\u00f3 en la Escuela Nacional de Bellas Artes y en los talleres de Enrique Badar\u00f3 y Nelson Ramos. Obtuvo numerosos premios y distinciones entre los que se destacan: Primer Premio United. Beca en New York (2002). Primer premio, Paul C\u00e9zanne, Embajada de Francia-Montevideo, Beca\/residencia y exposici\u00f3n en Besan\u00e7on y Par\u00eds (2003-2004). Fue invitada a la Bienal Chandon Bs.As. Argentina (2001) y a la 11\u00ba Bienal Internacional del cartel, M\u00e9xico y 50 pa\u00edses (2010). Trabaja como dise\u00f1adora gr\u00e1fica independiente. Desde 1992 ha expuesto individual y colectivamente en Uruguay, Argentina, Francia y Estados Unidos, Jap\u00f3n y otros pa\u00edses.<\/p>\n<p style=\"text-align: justify;\">Luc\u00eda es nuestra nueva entrevistada del ciclo Pl\u00e1sticos de esos que ves por ah\u00ed, compartiendo con ustedes sus reflexiones.<\/p>\n<h3 style=\"text-align: justify;\">\u201c\u2026me preocupa m\u00e1s que, en la lucha con la obra, gane la obra y no yo.\u201d<\/h3>\n<p style=\"text-align: justify;\"><strong>-\u00bfCu\u00e1ndo empezaste en el arte?<\/strong><\/p>\n<p style=\"text-align: justify;\">-Desde que tengo recuerdo, me recuerdo dibujando\u2026<\/p>\n<p style=\"text-align: justify;\"><strong>-\u00bfQu\u00e9 intentan exteriorizar tus obras?<\/strong><\/p>\n<p style=\"text-align: justify;\">-Preguntas.<\/p>\n<p style=\"text-align: justify;\"><strong>-\u00bfCu\u00e1nto hay de pensado y de espont\u00e1neo en tus obras?<\/strong><\/p>\n<p style=\"text-align: justify;\">-Todo lo pensado y todo lo espont\u00e1neo que le transfiero en el momento de ejecutarlas.<\/p>\n<p style=\"text-align: justify;\">No me desvelan los porcentajes, me preocupa m\u00e1s que, en la lucha con la obra gane la obra y no yo.<\/p>\n<p style=\"text-align: justify;\"><strong>-\u00bfCon qu\u00e9 herramientas, materiales y tem\u00e1ticas trabajas m\u00e1s? \u00bfPor qu\u00e9 eliges los materiales que utilizas para trabajar?<\/strong><\/p>\n<p style=\"text-align: justify;\">-Cada vez creo menos en los materiales, pero los respeto. Generalmente me eligen ellos a mi y jam\u00e1s me resisto. Creo que el arte no tiene tema, el arte llega a lugares mucho m\u00e1s profundos, donde las palabras no llegan. Entonces el \u201ctema\u201d es anacr\u00f3nico. Una buena obra siempre habla, con su propio lenguaje.<\/p>\n<p style=\"text-align: justify;\"><strong>-\u00bfCu\u00e1nto hay de independencia en cada obra y cu\u00e1nto de relaci\u00f3n con la anterior y la siguiente?<\/strong><\/p>\n<p style=\"text-align: justify;\">-Cada obra siempre es independiente y es inevitable que al mismo tiempo tengan relaci\u00f3n entre s\u00ed, aunque no se vea a simple vista. Simplemente porque fue generada por el mismo dispositivo, el que la cre\u00f3. Si hay laboratorio atr\u00e1s, es inevitable forzar la unidad, el universo del artista se manifiesta inexorablemente y ah\u00ed est\u00e1 el hilo conductor.<\/p>\n<p style=\"text-align: justify;\"><strong>-\u00bfC\u00f3mo crees que influye o puede incidir el tiempo para con tus creaciones?<\/strong><\/p>\n<p style=\"text-align: justify;\">-La obra se defiende sola y permanece si es buena.<\/p>\n<p style=\"text-align: justify;\"><strong>-\u00bfQu\u00e9 te interesa que generen en el espectador?<\/strong><\/p>\n<p style=\"text-align: justify;\">-Lo que el espectador est\u00e9 abierto a recibir en ese momento. No dejo de asombrarme cuando se emocionan o me comentan cosas, que jam\u00e1s fue mi intenci\u00f3n decir. Y ah\u00ed est\u00e1 el misterio.<\/p>\n<p style=\"text-align: justify;\"><strong>-\u00bfSe puede vivir del arte en Uruguay?<\/strong><\/p>\n<p style=\"text-align: justify;\">-Vivo del dise\u00f1o. No creo mucho en m\u00ed cuando vendo obra. Es bueno econ\u00f3micamente, pero me genera dudas. No quiero que algo \u201cme funcione\u201d comercialmente. El arte no tiene que ver con eso, no vivir del arte me permite experimentar todo el tiempo, sin tener en cuenta si combina con un sill\u00f3n o lo que opine un galerista.<\/p>\n<p style=\"text-align: justify;\"><strong>-\u00bfCrees que en el arte contempor\u00e1neo todo es v\u00e1lido?<\/strong><\/p>\n<p style=\"text-align: justify;\">-Obviamente. El arte es libertad por antonomasia, puede interesarte o no, pero lo contempor\u00e1neo es lo que estamos viviendo y muchas veces cuesta decodificarlo porque lo vemos desde muy cerca. Pero est\u00e1 ah\u00ed y \u201ces\u201d, por suerte.<\/p>\n<p style=\"text-align: justify;\">Claro que como en la vida, cada vez m\u00e1s pienso en la \u00e9tica y creo que ah\u00ed est\u00e1 el l\u00edmite.<\/p>\n<p style=\"text-align: justify;\"><strong>-\u00bfCu\u00e1l es tu opini\u00f3n de la escena local en cuanto a las Artes Visuales?<\/strong><\/p>\n<p style=\"text-align: justify;\">-Faltan pol\u00edticas culturales claras que dinamicen. No dudo que se est\u00e1 trabajando y creo que hay mucha gente de buen coraz\u00f3n y buena cabeza poni\u00e9ndole tripas. Pero falta, falta educaci\u00f3n y falta ampliar los espectros de producci\u00f3n, significaci\u00f3n y legitimaci\u00f3n.<\/p>\n<p style=\"text-align: justify;\"><strong>-\u00bfCu\u00e1l es la relaci\u00f3n del artista con las galer\u00edas y museos?<\/strong><\/p>\n<p style=\"text-align: justify;\">-Creo que no se puede generalizar, habr\u00eda que tomar ejemplos puntuales<\/p>\n<p style=\"text-align: justify;\">y las variables son infinitas.<\/p>\n<p style=\"text-align: justify;\"><strong>-\u00bfQu\u00e9 har\u00edas para mejorar la relaci\u00f3n artista &#8211; galer\u00eda de arte &#8211; p\u00fablico?<\/strong><\/p>\n<p style=\"text-align: justify;\">-Mejorar la calidad de las obras. Generar nuevas formas y canales de difusi\u00f3n y distribuci\u00f3n, que no dependan (siempre) de las redes ya existentes.<\/p>\n<p style=\"text-align: justify;\"><strong>-\u00bfCu\u00e1les son tus referentes art\u00edsticos?<\/strong><\/p>\n<p style=\"text-align: justify;\">-Todos los artistas y personas que alguna vez me despertaron el entusiasmo.<\/p>\n<p style=\"text-align: justify;\">\u00a1Son muchos! Ser\u00eda injusta si me olvido de alguna\/o.<\/p>\n<p style=\"text-align: justify;\"><strong>-\u00bfDe qu\u00e9 manera das a conocer tu obra al mundo?<\/strong><\/p>\n<p style=\"text-align: justify;\">-Trabajando.<\/p>\n<p style=\"text-align: justify;\"><strong>-\u00bfQu\u00e9 opiniones te merece el arte y las redes sociales?<\/strong><\/p>\n<p style=\"text-align: justify;\">-Las redes sociales no son m\u00e1s que eso. Pueden servir para mostrar obra, pero es muy diferente generar una obra tomando la red social como soporte. Es un lenguaje fast food que no me interesa mucho. Me parece mucho m\u00e1s germinal la plataforma web en general, me parece infinita en recursos creativos todav\u00eda no explorados.<\/p>\n<p style=\"text-align: justify;\">-\u00bfEn qu\u00e9 proyectos trabajas actualmente?<\/p>\n<p style=\"text-align: justify;\">-En el de vida y en el de arte. Y en los artefactos necesarios para hacerlos funcionar.<\/p>\n<p style=\"text-align: justify;\">Archivo relacionado<\/p>\n<p style=\"text-align: justify;\"><a href=\"http:\/\/arte.elpais.com.uy\/lucia-pittaluga-una-creadora-multifacetica\" target=\"_blank\">Luc\u00eda Pittaluga: una creadora multifac\u00e9tica &#8211; El Pa\u00eds Arte<\/a><\/p>\n<p>&nbsp;<br \/>\n&nbsp;<\/p>\n<p style=\"text-align: justify;\">[sam id=&#8221;21&#8243; name=&#8221;notas y articulos&#8221; codes=&#8221;true&#8221;]<\/p>\n<p>&nbsp;<br \/>\n&nbsp;<\/p>\n","protected":false},"excerpt":{"rendered":"<p>Luc\u00eda Pittaluga, 1970. Es egresada de la Licenciatura en Ciencias de la Comunicaci\u00f3n de la Universidad de la Rep\u00fablica, en la especializaci\u00f3n Arte. Estudi\u00f3 en la Escuela Nacional de Bellas Artes y en los talleres de Enrique Badar\u00f3 y Nelson Ramos. Obtuvo numerosos premios y distinciones entre los que se destacan: Primer Premio United. Beca [&hellip;]<\/p>\n","protected":false},"author":8,"featured_media":6293,"comment_status":"closed","ping_status":"closed","sticky":false,"template":"","format":"standard","meta":{"om_disable_all_campaigns":false,"ngg_post_thumbnail":0,"jnews-multi-image_gallery":[],"jnews_single_post":[],"jnews_primary_category":[],"jnews_social_meta":[],"jnews_override_counter":[],"footnotes":""},"categories":[52],"tags":[84,408,142,413,1796,88],"class_list":["post-6292","post","type-post","status-publish","format-standard","has-post-thumbnail","hentry","category-artista","tag-arte","tag-artes-visuales","tag-artista-visual","tag-bellas-artes","tag-lucia-pittaluga","tag-uruguay"],"yoast_head":"<!-- This site is optimized with the Yoast SEO plugin v27.5 - https:\/\/yoast.com\/product\/yoast-seo-wordpress\/ -->\n<title>De la vida y del arte, entrevista a Luc\u00eda Pittaluga - Cooltivarte Portal<\/title>\n<meta name=\"description\" content=\"COOLTIVARTE.COM es un portal digital colaborativo de actualizaci\u00f3n permanente dedicado a difundir el acontecer art\u00edstico y cultural, entrevista artistas, gestores y productores de las diferentes disciplinas del arte, y publicando art\u00edculos de reflexi\u00f3n de producci\u00f3n propia sobre los elementos culturales.\" \/>\n<meta name=\"robots\" content=\"index, follow, max-snippet:-1, max-image-preview:large, max-video-preview:-1\" \/>\n<link rel=\"canonical\" href=\"https:\/\/cooltivarte.com\/portal\/de-la-vida-y-del-arte-entrevista-a-lucia-pittaluga\/\" \/>\n<meta property=\"og:locale\" content=\"es_ES\" \/>\n<meta property=\"og:type\" content=\"article\" \/>\n<meta property=\"og:title\" content=\"De la vida y del arte, entrevista a Luc\u00eda Pittaluga - Cooltivarte Portal\" \/>\n<meta property=\"og:description\" content=\"COOLTIVARTE.COM es un portal digital colaborativo de actualizaci\u00f3n permanente dedicado a difundir el acontecer art\u00edstico y cultural, entrevista artistas, gestores y productores de las diferentes disciplinas del arte, y publicando art\u00edculos de reflexi\u00f3n de producci\u00f3n propia sobre los elementos culturales.\" \/>\n<meta property=\"og:url\" content=\"https:\/\/cooltivarte.com\/portal\/de-la-vida-y-del-arte-entrevista-a-lucia-pittaluga\/\" \/>\n<meta property=\"og:site_name\" content=\"Cooltivarte Portal\" \/>\n<meta property=\"article:publisher\" content=\"https:\/\/www.facebook.com\/cooltivartecom\/\" \/>\n<meta property=\"article:author\" content=\"https:\/\/www.facebook.com\/cooltivartecom\" \/>\n<meta property=\"article:published_time\" content=\"2012-02-14T15:52:33+00:00\" \/>\n<meta property=\"article:modified_time\" content=\"2015-11-11T02:19:52+00:00\" \/>\n<meta property=\"og:image\" content=\"https:\/\/cooltivarte.com\/portal\/wp-content\/uploads\/2014\/08\/suavondulado-Lucia-Pittaluga.jpg\" \/>\n\t<meta property=\"og:image:width\" content=\"450\" \/>\n\t<meta property=\"og:image:height\" content=\"493\" \/>\n\t<meta property=\"og:image:type\" content=\"image\/jpeg\" \/>\n<meta name=\"author\" content=\"Cooltivarte\" \/>\n<meta name=\"twitter:card\" content=\"summary_large_image\" \/>\n<meta name=\"twitter:creator\" content=\"@https:\/\/x.com\/obolocultural\" \/>\n<meta name=\"twitter:site\" content=\"@obolocultural\" \/>\n<meta name=\"twitter:label1\" content=\"Escrito por\" \/>\n\t<meta name=\"twitter:data1\" content=\"Cooltivarte\" \/>\n\t<meta name=\"twitter:label2\" content=\"Tiempo de lectura\" \/>\n\t<meta name=\"twitter:data2\" content=\"5 minutos\" \/>\n<!-- \/ Yoast SEO plugin. -->","yoast_head_json":{"title":"De la vida y del arte, entrevista a Luc\u00eda Pittaluga - Cooltivarte Portal","description":"COOLTIVARTE.COM es un portal digital colaborativo de actualizaci\u00f3n permanente dedicado a difundir el acontecer art\u00edstico y cultural, entrevista artistas, gestores y productores de las diferentes disciplinas del arte, y publicando art\u00edculos de reflexi\u00f3n de producci\u00f3n propia sobre los elementos culturales.","robots":{"index":"index","follow":"follow","max-snippet":"max-snippet:-1","max-image-preview":"max-image-preview:large","max-video-preview":"max-video-preview:-1"},"canonical":"https:\/\/cooltivarte.com\/portal\/de-la-vida-y-del-arte-entrevista-a-lucia-pittaluga\/","og_locale":"es_ES","og_type":"article","og_title":"De la vida y del arte, entrevista a Luc\u00eda Pittaluga - Cooltivarte Portal","og_description":"COOLTIVARTE.COM es un portal digital colaborativo de actualizaci\u00f3n permanente dedicado a difundir el acontecer art\u00edstico y cultural, entrevista artistas, gestores y productores de las diferentes disciplinas del arte, y publicando art\u00edculos de reflexi\u00f3n de producci\u00f3n propia sobre los elementos culturales.","og_url":"https:\/\/cooltivarte.com\/portal\/de-la-vida-y-del-arte-entrevista-a-lucia-pittaluga\/","og_site_name":"Cooltivarte Portal","article_publisher":"https:\/\/www.facebook.com\/cooltivartecom\/","article_author":"https:\/\/www.facebook.com\/cooltivartecom","article_published_time":"2012-02-14T15:52:33+00:00","article_modified_time":"2015-11-11T02:19:52+00:00","og_image":[{"width":450,"height":493,"url":"https:\/\/cooltivarte.com\/portal\/wp-content\/uploads\/2014\/08\/suavondulado-Lucia-Pittaluga.jpg","type":"image\/jpeg"}],"author":"Cooltivarte","twitter_card":"summary_large_image","twitter_creator":"@https:\/\/x.com\/obolocultural","twitter_site":"@obolocultural","twitter_misc":{"Escrito por":"Cooltivarte","Tiempo de lectura":"5 minutos"},"schema":{"@context":"https:\/\/schema.org","@graph":[{"@type":"NewsArticle","@id":"https:\/\/cooltivarte.com\/portal\/de-la-vida-y-del-arte-entrevista-a-lucia-pittaluga\/#article","isPartOf":{"@id":"https:\/\/cooltivarte.com\/portal\/de-la-vida-y-del-arte-entrevista-a-lucia-pittaluga\/"},"author":{"name":"Cooltivarte","@id":"https:\/\/cooltivarte.com\/portal\/#\/schema\/person\/ec2a4f4e71b740d0c559c0ab9a157e19"},"headline":"De la vida y del arte, entrevista a Luc\u00eda Pittaluga","datePublished":"2012-02-14T15:52:33+00:00","dateModified":"2015-11-11T02:19:52+00:00","mainEntityOfPage":{"@id":"https:\/\/cooltivarte.com\/portal\/de-la-vida-y-del-arte-entrevista-a-lucia-pittaluga\/"},"wordCount":917,"publisher":{"@id":"https:\/\/cooltivarte.com\/portal\/#organization"},"image":{"@id":"https:\/\/cooltivarte.com\/portal\/de-la-vida-y-del-arte-entrevista-a-lucia-pittaluga\/#primaryimage"},"thumbnailUrl":"https:\/\/cooltivarte.com\/portal\/wp-content\/uploads\/2014\/08\/suavondulado-Lucia-Pittaluga.jpg","keywords":["Arte","Artes Visuales","Artista Visual","Bellas Artes","Luc\u00eda Pittaluga","Uruguay"],"articleSection":["Arte"],"inLanguage":"es-AR"},{"@type":"WebPage","@id":"https:\/\/cooltivarte.com\/portal\/de-la-vida-y-del-arte-entrevista-a-lucia-pittaluga\/","url":"https:\/\/cooltivarte.com\/portal\/de-la-vida-y-del-arte-entrevista-a-lucia-pittaluga\/","name":"De la vida y del arte, entrevista a Luc\u00eda Pittaluga - Cooltivarte Portal","isPartOf":{"@id":"https:\/\/cooltivarte.com\/portal\/#website"},"primaryImageOfPage":{"@id":"https:\/\/cooltivarte.com\/portal\/de-la-vida-y-del-arte-entrevista-a-lucia-pittaluga\/#primaryimage"},"image":{"@id":"https:\/\/cooltivarte.com\/portal\/de-la-vida-y-del-arte-entrevista-a-lucia-pittaluga\/#primaryimage"},"thumbnailUrl":"https:\/\/cooltivarte.com\/portal\/wp-content\/uploads\/2014\/08\/suavondulado-Lucia-Pittaluga.jpg","datePublished":"2012-02-14T15:52:33+00:00","dateModified":"2015-11-11T02:19:52+00:00","description":"COOLTIVARTE.COM es un portal digital colaborativo de actualizaci\u00f3n permanente dedicado a difundir el acontecer art\u00edstico y cultural, entrevista artistas, gestores y productores de las diferentes disciplinas del arte, y publicando art\u00edculos de reflexi\u00f3n de producci\u00f3n propia sobre los elementos culturales.","breadcrumb":{"@id":"https:\/\/cooltivarte.com\/portal\/de-la-vida-y-del-arte-entrevista-a-lucia-pittaluga\/#breadcrumb"},"inLanguage":"es-AR","potentialAction":[{"@type":"ReadAction","target":["https:\/\/cooltivarte.com\/portal\/de-la-vida-y-del-arte-entrevista-a-lucia-pittaluga\/"]}]},{"@type":"ImageObject","inLanguage":"es-AR","@id":"https:\/\/cooltivarte.com\/portal\/de-la-vida-y-del-arte-entrevista-a-lucia-pittaluga\/#primaryimage","url":"https:\/\/cooltivarte.com\/portal\/wp-content\/uploads\/2014\/08\/suavondulado-Lucia-Pittaluga.jpg","contentUrl":"https:\/\/cooltivarte.com\/portal\/wp-content\/uploads\/2014\/08\/suavondulado-Lucia-Pittaluga.jpg","width":450,"height":493,"caption":"De la vida y del arte, entrevista a Luc\u00eda Pittaluga"},{"@type":"BreadcrumbList","@id":"https:\/\/cooltivarte.com\/portal\/de-la-vida-y-del-arte-entrevista-a-lucia-pittaluga\/#breadcrumb","itemListElement":[{"@type":"ListItem","position":1,"name":"Portada","item":"https:\/\/cooltivarte.com\/portal\/"},{"@type":"ListItem","position":2,"name":"De la vida y del arte, entrevista a Luc\u00eda Pittaluga"}]},{"@type":"WebSite","@id":"https:\/\/cooltivarte.com\/portal\/#website","url":"https:\/\/cooltivarte.com\/portal\/","name":"Cooltivarte Portal","description":"Arte, cultura y turismo para el mundo ...","publisher":{"@id":"https:\/\/cooltivarte.com\/portal\/#organization"},"potentialAction":[{"@type":"SearchAction","target":{"@type":"EntryPoint","urlTemplate":"https:\/\/cooltivarte.com\/portal\/?s={search_term_string}"},"query-input":{"@type":"PropertyValueSpecification","valueRequired":true,"valueName":"search_term_string"}}],"inLanguage":"es-AR"},{"@type":"Organization","@id":"https:\/\/cooltivarte.com\/portal\/#organization","name":"cooltivarte","url":"https:\/\/cooltivarte.com\/portal\/","logo":{"@type":"ImageObject","inLanguage":"es-AR","@id":"https:\/\/cooltivarte.com\/portal\/#\/schema\/logo\/image\/","url":"https:\/\/cooltivarte.com\/portal\/wp-content\/uploads\/2020\/04\/logo-cooltivarte-v2.png","contentUrl":"https:\/\/cooltivarte.com\/portal\/wp-content\/uploads\/2020\/04\/logo-cooltivarte-v2.png","width":851,"height":243,"caption":"cooltivarte"},"image":{"@id":"https:\/\/cooltivarte.com\/portal\/#\/schema\/logo\/image\/"},"sameAs":["https:\/\/www.facebook.com\/cooltivartecom\/","https:\/\/x.com\/obolocultural","https:\/\/www.instagram.com\/_cooltivarte_\/","https:\/\/www.linkedin.com\/company\/-bolocultural?reportsuccess=8zaNG1HwhPbAR9iQhZ5rfGeqz_vQFftHun0ZWU0Wy9vNemRJ8vtcKdJvzQfW8XagyOJSKg0XvfJ1dp","https:\/\/www.pinterest.com\/cooltivarte\/","https:\/\/cooltivarte.tumblr.com\/","https:\/\/www.tiktok.com\/@cooltivarte","https:\/\/www.youtube.com\/@PrensaCooltivarte"]},{"@type":"Person","@id":"https:\/\/cooltivarte.com\/portal\/#\/schema\/person\/ec2a4f4e71b740d0c559c0ab9a157e19","name":"Cooltivarte","image":{"@type":"ImageObject","inLanguage":"es-AR","@id":"https:\/\/cooltivarte.com\/portal\/wp-content\/uploads\/2014\/05\/logo-cooltivarte-120x120.jpg","url":"https:\/\/cooltivarte.com\/portal\/wp-content\/uploads\/2014\/05\/logo-cooltivarte-120x120.jpg","contentUrl":"https:\/\/cooltivarte.com\/portal\/wp-content\/uploads\/2014\/05\/logo-cooltivarte-120x120.jpg","caption":"Cooltivarte"},"description":"Somos COOLTIVARTE.COM. Un portal digital dedicado a difundir el acontecer art\u00edstico y cultural del Uruguay. Estamos en la vuelta desde el a\u00f1o 2003, y como evoluci\u00f3n del bolet\u00edn Obolo Cultural, nos encontramos abocados a apoyar a los artistas nacionales brind\u00e1ndoles un espacio de difusi\u00f3n. Creemos en la idea de utilizar la potencialidad que hoy d\u00eda nos otorga la web, para que la cultura uruguaya y sus creadores dispongan de una din\u00e1mica ventana, que los ponga en contacto entre s\u00ed y con el mundo. Somos COOLTIVARTE.COM y pretendemos configurarnos como un portal din\u00e1mico, entretenido y atento a los nuevos emprendimientos, que busque siempre la interacci\u00f3n con los artistas.","sameAs":["http:\/\/www.cooltivarte.com","https:\/\/www.facebook.com\/cooltivartecom","https:\/\/www.instagram.com\/_cooltivarte_\/","https:\/\/www.linkedin.com\/company\/-bolocultural","https:\/\/www.pinterest.com\/cooltivarte\/","https:\/\/x.com\/https:\/\/x.com\/obolocultural","https:\/\/www.youtube.com\/@PrensaCooltivarte","https:\/\/www.tumblr.com\/blog\/cooltivarte"],"url":"https:\/\/cooltivarte.com\/portal\/author\/cooltivarte\/"}]}},"_links":{"self":[{"href":"https:\/\/cooltivarte.com\/portal\/wp-json\/wp\/v2\/posts\/6292","targetHints":{"allow":["GET"]}}],"collection":[{"href":"https:\/\/cooltivarte.com\/portal\/wp-json\/wp\/v2\/posts"}],"about":[{"href":"https:\/\/cooltivarte.com\/portal\/wp-json\/wp\/v2\/types\/post"}],"author":[{"embeddable":true,"href":"https:\/\/cooltivarte.com\/portal\/wp-json\/wp\/v2\/users\/8"}],"replies":[{"embeddable":true,"href":"https:\/\/cooltivarte.com\/portal\/wp-json\/wp\/v2\/comments?post=6292"}],"version-history":[{"count":2,"href":"https:\/\/cooltivarte.com\/portal\/wp-json\/wp\/v2\/posts\/6292\/revisions"}],"predecessor-version":[{"id":17089,"href":"https:\/\/cooltivarte.com\/portal\/wp-json\/wp\/v2\/posts\/6292\/revisions\/17089"}],"wp:featuredmedia":[{"embeddable":true,"href":"https:\/\/cooltivarte.com\/portal\/wp-json\/wp\/v2\/media\/6293"}],"wp:attachment":[{"href":"https:\/\/cooltivarte.com\/portal\/wp-json\/wp\/v2\/media?parent=6292"}],"wp:term":[{"taxonomy":"category","embeddable":true,"href":"https:\/\/cooltivarte.com\/portal\/wp-json\/wp\/v2\/categories?post=6292"},{"taxonomy":"post_tag","embeddable":true,"href":"https:\/\/cooltivarte.com\/portal\/wp-json\/wp\/v2\/tags?post=6292"}],"curies":[{"name":"wp","href":"https:\/\/api.w.org\/{rel}","templated":true}]}}