{"id":6259,"date":"2012-04-17T14:39:50","date_gmt":"2012-04-17T14:39:50","guid":{"rendered":"http:\/\/cooltivarte.com\/portal\/?p=6259"},"modified":"2015-11-11T02:18:59","modified_gmt":"2015-11-11T02:18:59","slug":"vinculo-posible-entrevista-a-teresa-puppo","status":"publish","type":"post","link":"https:\/\/cooltivarte.com\/portal\/vinculo-posible-entrevista-a-teresa-puppo\/","title":{"rendered":"V\u00ednculo posible, entrevista a Teresa Puppo"},"content":{"rendered":"<p style=\"text-align: justify;\">Siguiendo con nuestro ciclo de entrevistas a artistas pl\u00e1sticos, denominado Pl\u00e1sticos de esos que vez por ah\u00ed, es el turno en esta oportunidad de <a href=\"http:\/\/teresapuppo.com\/\" target=\"_blank\">Teresa Puppo<\/a>. Integrante y cofundadora de la Fundaci\u00f3n de Arte Contempor\u00e1neo (FAC), Teresa es una artista visual que ha expuesto en numerosas ocasiones tanto en Uruguay como tambi\u00e9n en La Habana, Buenos Aires, Lima o Paris. Desde el a\u00f1o 2001 es directora editorial de la revista ARTE, y tambi\u00e9n es ilustradora desde 1986 de El Pa\u00eds Cultural.<\/p>\n<h3 style=\"text-align: justify;\">\u201cEl proceso de creaci\u00f3n, para m\u00ed, siempre tiene algo de instintivo, \u201cvas hacia\u201d, y la mayor\u00eda de las veces no sab\u00e9s en forma precisa hacia d\u00f3nde, hasta que no est\u00e1s en el camino\u201d<\/h3>\n<p style=\"text-align: justify;\"><strong>-\u00bfCu\u00e1ndo empezaste en el arte?<\/strong><\/p>\n<p style=\"text-align: justify;\">-A conciencia, cuando tuve la posibilidad de optar.<\/p>\n<p style=\"text-align: justify;\"><strong>-\u00bfQu\u00e9 intentan exteriorizar tus obras?<\/strong><\/p>\n<p style=\"text-align: justify;\">-Espero que sea lo mismo que lo que exteriorizan.<\/p>\n<p style=\"text-align: justify;\"><strong>-\u00bfCu\u00e1nto hay de pensado y de espont\u00e1neo en tus obras?<\/strong><\/p>\n<p style=\"text-align: justify;\">-Creo que lo m\u00e1s elaborado y lo espont\u00e1neo se mezclan siempre, no creo que sea posible establecer un l\u00edmite concreto. El proceso de creaci\u00f3n, para m\u00ed, siempre tiene algo de instintivo, \u201cvas hacia\u201d, y la mayor\u00eda de las veces no sab\u00e9s en forma precisa hacia d\u00f3nde, hasta que no est\u00e1s en el camino. Est\u00e1s investigando, buscando algo que no siempre est\u00e1 perfectamente definido. Luego viene la concreci\u00f3n, que es conceptual, conciente y minuciosa.<\/p>\n<p style=\"text-align: justify;\"><strong>-\u00bfCon qu\u00e9 herramientas, materiales y tem\u00e1ticas trabajas m\u00e1s? \u00bfPor qu\u00e9 eliges los materiales que utilizas para trabajar?<\/strong><\/p>\n<p style=\"text-align: justify;\">-Las tem\u00e1ticas y las herramientas son variadas, puedo llegar a utilizar herramientas nada convencionales, como un palito, una cuchara, un cepillo, y si es necesario, un lente de aumento, un texto, chocolate, una c\u00e1mara de video o una caja estenopeica. Lo que sea, la necesidad aparece. Los materiales son intr\u00ednsecos a la obra, tienen que ver con la obra es s\u00ed. Seg\u00fan cada propuesta, el material va a ser obvio y necesario. As\u00ed, la Biblia y el calef\u00f3n pueden ser, literalmente, fundamentales. Y las necesidades de nuevos materiales pueden aparecer mientras est\u00e1s elaborando la obra.<\/p>\n<p style=\"text-align: justify;\"><strong>-\u00bfCu\u00e1nto hay de independencia en cada obra y cu\u00e1nto de relaci\u00f3n con la anterior y la siguiente?<\/strong><\/p>\n<p style=\"text-align: justify;\">-Para m\u00ed todas las obras est\u00e1n relacionadas y tienen que ver con la misma b\u00fasqueda. Si las obras vienen todas de ti, es imposible que sean independientes. Por supuesto que hay un hilo conductor.<\/p>\n<p style=\"text-align: justify;\"><strong>-\u00bfC\u00f3mo crees que influye o puede incidir el tiempo para con tus creaciones?<\/strong><\/p>\n<p style=\"text-align: justify;\">-Es interesante el tema del tiempo. El tiempo, la idea del tiempo, influye en todo, es subjetivo; no se puede concebir la existencia humana sin el concepto tiempo. Y se puede pensar en m\u00e1s de una dimensi\u00f3n del tiempo; cuando Heidegger habla del tiempo original no se refiere a una \u00fanica dimensi\u00f3n, a una \u201csucesi\u00f3n de ahoras\u201d mensurable. Habla de un tiempo horizontal \u2013que ser\u00eda la cuarta dimensi\u00f3n- dentro del que se conciben las tres dimensiones del tiempo, donde cada una de esas dimensiones est\u00e1 presente en las otras, que a su vez, conservan su propia temporalidad.<\/p>\n<p style=\"text-align: justify;\"><strong>-\u00bfQu\u00e9 te interesa que generen en el espectador?<\/strong><\/p>\n<p style=\"text-align: justify;\">-Cuando la obra llega al espectador, lo que genere no depende de m\u00ed. Si el p\u00fablico llega hasta la obra, significa que es un p\u00fablico acostumbrado o por lo menos interesado en ver arte, y creo que eso es suficiente para generar algo; y eso es lo que interesa, que se genere algo. Aunque sea indiferencia, es un v\u00ednculo posible.<\/p>\n<p style=\"text-align: justify;\"><strong>-\u00bfSe puede vivir del arte en Uruguay?<\/strong><\/p>\n<p style=\"text-align: justify;\">-Y s\u00ed, claro. De cualquier forma, vivir del arte es muy ambiguo. Pod\u00e9s sostenerte econ\u00f3micamente a partir de actividades relacionadas con el arte, que es lo que hacen la mayor\u00eda de los artistas; y tambi\u00e9n hay algunos que lo pueden hacer exclusivamente de la venta de obra.<\/p>\n<p style=\"text-align: justify;\"><strong>-\u00bfCrees que en el arte contempor\u00e1neo todo es v\u00e1lido?<\/strong><\/p>\n<p style=\"text-align: justify;\">-Todo es v\u00e1lido me parece inabarcable. No hay reglas, pero eso no quiere decir que para m\u00ed todo sea v\u00e1lido. Las cosas dependen de la \u00e9tica. Yo no considero que sea v\u00e1lido matar a alguien en una performance, por poner un ejemplo. Entonces, para m\u00ed, todo es v\u00e1lido ya no funciona.<\/p>\n<p style=\"text-align: justify;\"><strong>-\u00bfCu\u00e1l es la relaci\u00f3n del artista con las galer\u00edas y museos?<\/strong><\/p>\n<p style=\"text-align: justify;\">-Debiera ser de conexi\u00f3n, interdependencia, apoyo, est\u00edmulo, confianza. A veces se da.<\/p>\n<p style=\"text-align: justify;\"><strong>-\u00bfQu\u00e9 har\u00edas para mejorar la relaci\u00f3n artista &#8211; galer\u00eda de arte &#8211; p\u00fablico?<\/strong><\/p>\n<p style=\"text-align: justify;\">-Ese trabajo lo dejo para los gestores culturales; de cualquier forma, la relaci\u00f3n artista-galer\u00eda de arte es un tipo de relaci\u00f3n, y la relaci\u00f3n galer\u00eda de arte-p\u00fablico es otra. Y las dos dependen de factores econ\u00f3micos y de otros factores que no siempre coinciden. Lo que falta, sin ninguna duda, para la relaci\u00f3n galer\u00eda de arte-p\u00fablico, es difusi\u00f3n y educaci\u00f3n.<\/p>\n<p style=\"text-align: justify;\"><strong>-\u00bfCu\u00e1les son tus referentes art\u00edsticos?<\/strong><\/p>\n<p style=\"text-align: justify;\">-No me gusta mucho eso de definir referentes art\u00edsticos. Lo siento como un clich\u00e9. Existen much\u00edsimos artistas que me interesan, y otros que no, y creo que buscando siempre vas a encontrar paralelismos, aunque sea en el silencio. Somos hijos de un momento hist\u00f3rico, y esa es la referencia. Creo que todo lo que ves, todo lo que pens\u00e1s, todas las im\u00e1genes o ideas en las que profundices, sin duda influyen en lo que vasa ser y por lo tanto en lo que vas a hacer. Me interesa mucho leer ensayos, ahondar en el pensamiento filos\u00f3fico; Salabert, Derrida, Nietzsche, Benjam\u00edn, y Deleuze, por supuesto; y tambi\u00e9n me encanta leer novelas, y el cine. Y la m\u00fasica, pero de m\u00fasica no s\u00e9 mucho.<\/p>\n<p style=\"text-align: justify;\"><strong>-\u00bfDe qu\u00e9 manera das a conocer tu obra al mundo?<\/strong><\/p>\n<p style=\"text-align: justify;\">-La muestro en exposiciones, por Internet, en galer\u00edas.<\/p>\n<p style=\"text-align: justify;\"><strong>-\u00bfCrees que el p\u00fablico uruguayo sabe apreciar y consumir arte?<\/strong><\/p>\n<p style=\"text-align: justify;\">-Y s\u00ed. El p\u00fablico uruguayo que accede al mercado del arte, ya sea en galer\u00edas, museos, centros culturales, etc\u00e9tera, sabe apreciar y consumir arte. Muchas veces no puede comprar arte, pero eso no significa que no sepa apreciarlo ni consumirlo.<\/p>\n<p style=\"text-align: justify;\"><strong>-\u00bfQu\u00e9 opiniones te merece el arte y las redes sociales?<\/strong><\/p>\n<p style=\"text-align: justify;\">-\u00bfEl arte a trav\u00e9s de las redes sociales? Como en todas las cosas en que se involucran seres humanos y en todos los lugares del planeta, hay situaciones o hechos que son positivos y otros que no tanto, y tambi\u00e9n pueden ser muy negativos, claro. Y las redes sociales tienen efectos negativos y positivos. Depende del uso que se les d\u00e9.<\/p>\n<p style=\"text-align: justify;\">En el caso del arte, para difundir, sirven. Aunque todav\u00eda no s\u00e9 si es una difusi\u00f3n que aporte elementos positivos, en las redes sociales todo es muyfalso-self.<\/p>\n<p style=\"text-align: justify;\"><strong>-\u00bfEn qu\u00e9 proyectos trabajas actualmente?<\/strong><\/p>\n<p style=\"text-align: justify;\">-Estoy trabajando en dos proyectos visuales, desde hace casi dos a\u00f1os. Uno es un \u00e1rbol geneal\u00f3gico femenino, de mujeres hijas de mujeres. Mis mujeres. Otro es un autorretrato semi documental de una determinada \u00e9poca de mi vida. Recuerdos, im\u00e1genes y pensamientos sin orden cronol\u00f3gico, tal como funcionan en los sue\u00f1os o en la memoria. Y tambi\u00e9n estoy finalizando \u2013con ayuda de un amigo- la correcci\u00f3n de un libro que voy a publicar este a\u00f1o.<\/p>\n<p style=\"text-align: justify;\">\n<p>&nbsp;<br \/>\n&nbsp;<\/p>\n<p style=\"text-align: justify;\">[sam id=&#8221;21&#8243; name=&#8221;notas y articulos&#8221; codes=&#8221;true&#8221;]<\/p>\n<p>&nbsp;<br \/>\n&nbsp;<\/p>\n","protected":false},"excerpt":{"rendered":"<p>Siguiendo con nuestro ciclo de entrevistas a artistas pl\u00e1sticos, denominado Pl\u00e1sticos de esos que vez por ah\u00ed, es el turno en esta oportunidad de Teresa Puppo. Integrante y cofundadora de la Fundaci\u00f3n de Arte Contempor\u00e1neo (FAC), Teresa es una artista visual que ha expuesto en numerosas ocasiones tanto en Uruguay como tambi\u00e9n en La Habana, [&hellip;]<\/p>\n","protected":false},"author":8,"featured_media":6260,"comment_status":"closed","ping_status":"closed","sticky":false,"template":"","format":"standard","meta":{"om_disable_all_campaigns":false,"ngg_post_thumbnail":0,"jnews-multi-image_gallery":[],"jnews_single_post":[],"jnews_primary_category":[],"jnews_social_meta":[],"jnews_override_counter":[],"footnotes":""},"categories":[52],"tags":[84,408,142,413,1776,88],"class_list":["post-6259","post","type-post","status-publish","format-standard","has-post-thumbnail","hentry","category-artista","tag-arte","tag-artes-visuales","tag-artista-visual","tag-bellas-artes","tag-teresa-puppo","tag-uruguay"],"yoast_head":"<!-- This site is optimized with the Yoast SEO plugin v27.5 - https:\/\/yoast.com\/product\/yoast-seo-wordpress\/ -->\n<title>V\u00ednculo posible, entrevista a Teresa Puppo - Cooltivarte Portal<\/title>\n<meta name=\"description\" content=\"COOLTIVARTE.COM es un portal digital colaborativo de actualizaci\u00f3n permanente dedicado a difundir el acontecer art\u00edstico y cultural, entrevista artistas, gestores y productores de las diferentes disciplinas del arte, y publicando art\u00edculos de reflexi\u00f3n de producci\u00f3n propia sobre los elementos culturales.\" \/>\n<meta name=\"robots\" content=\"index, follow, max-snippet:-1, max-image-preview:large, max-video-preview:-1\" \/>\n<link rel=\"canonical\" href=\"https:\/\/cooltivarte.com\/portal\/vinculo-posible-entrevista-a-teresa-puppo\/\" \/>\n<meta property=\"og:locale\" content=\"es_ES\" \/>\n<meta property=\"og:type\" content=\"article\" \/>\n<meta property=\"og:title\" content=\"V\u00ednculo posible, entrevista a Teresa Puppo - Cooltivarte Portal\" \/>\n<meta property=\"og:description\" content=\"COOLTIVARTE.COM es un portal digital colaborativo de actualizaci\u00f3n permanente dedicado a difundir el acontecer art\u00edstico y cultural, entrevista artistas, gestores y productores de las diferentes disciplinas del arte, y publicando art\u00edculos de reflexi\u00f3n de producci\u00f3n propia sobre los elementos culturales.\" \/>\n<meta property=\"og:url\" content=\"https:\/\/cooltivarte.com\/portal\/vinculo-posible-entrevista-a-teresa-puppo\/\" \/>\n<meta property=\"og:site_name\" content=\"Cooltivarte Portal\" \/>\n<meta property=\"article:publisher\" content=\"https:\/\/www.facebook.com\/cooltivartecom\/\" \/>\n<meta property=\"article:author\" content=\"https:\/\/www.facebook.com\/cooltivartecom\" \/>\n<meta property=\"article:published_time\" content=\"2012-04-17T14:39:50+00:00\" \/>\n<meta property=\"article:modified_time\" content=\"2015-11-11T02:18:59+00:00\" \/>\n<meta property=\"og:image\" content=\"https:\/\/cooltivarte.com\/portal\/wp-content\/uploads\/2014\/08\/teresa_puppo.jpg\" \/>\n\t<meta property=\"og:image:width\" content=\"400\" \/>\n\t<meta property=\"og:image:height\" content=\"300\" \/>\n\t<meta property=\"og:image:type\" content=\"image\/jpeg\" \/>\n<meta name=\"author\" content=\"Cooltivarte\" \/>\n<meta name=\"twitter:card\" content=\"summary_large_image\" \/>\n<meta name=\"twitter:creator\" content=\"@https:\/\/x.com\/obolocultural\" \/>\n<meta name=\"twitter:site\" content=\"@obolocultural\" \/>\n<meta name=\"twitter:label1\" content=\"Escrito por\" \/>\n\t<meta name=\"twitter:data1\" content=\"Cooltivarte\" \/>\n\t<meta name=\"twitter:label2\" content=\"Tiempo de lectura\" \/>\n\t<meta name=\"twitter:data2\" content=\"6 minutos\" \/>\n<!-- \/ Yoast SEO plugin. -->","yoast_head_json":{"title":"V\u00ednculo posible, entrevista a Teresa Puppo - Cooltivarte Portal","description":"COOLTIVARTE.COM es un portal digital colaborativo de actualizaci\u00f3n permanente dedicado a difundir el acontecer art\u00edstico y cultural, entrevista artistas, gestores y productores de las diferentes disciplinas del arte, y publicando art\u00edculos de reflexi\u00f3n de producci\u00f3n propia sobre los elementos culturales.","robots":{"index":"index","follow":"follow","max-snippet":"max-snippet:-1","max-image-preview":"max-image-preview:large","max-video-preview":"max-video-preview:-1"},"canonical":"https:\/\/cooltivarte.com\/portal\/vinculo-posible-entrevista-a-teresa-puppo\/","og_locale":"es_ES","og_type":"article","og_title":"V\u00ednculo posible, entrevista a Teresa Puppo - Cooltivarte Portal","og_description":"COOLTIVARTE.COM es un portal digital colaborativo de actualizaci\u00f3n permanente dedicado a difundir el acontecer art\u00edstico y cultural, entrevista artistas, gestores y productores de las diferentes disciplinas del arte, y publicando art\u00edculos de reflexi\u00f3n de producci\u00f3n propia sobre los elementos culturales.","og_url":"https:\/\/cooltivarte.com\/portal\/vinculo-posible-entrevista-a-teresa-puppo\/","og_site_name":"Cooltivarte Portal","article_publisher":"https:\/\/www.facebook.com\/cooltivartecom\/","article_author":"https:\/\/www.facebook.com\/cooltivartecom","article_published_time":"2012-04-17T14:39:50+00:00","article_modified_time":"2015-11-11T02:18:59+00:00","og_image":[{"width":400,"height":300,"url":"https:\/\/cooltivarte.com\/portal\/wp-content\/uploads\/2014\/08\/teresa_puppo.jpg","type":"image\/jpeg"}],"author":"Cooltivarte","twitter_card":"summary_large_image","twitter_creator":"@https:\/\/x.com\/obolocultural","twitter_site":"@obolocultural","twitter_misc":{"Escrito por":"Cooltivarte","Tiempo de lectura":"6 minutos"},"schema":{"@context":"https:\/\/schema.org","@graph":[{"@type":"NewsArticle","@id":"https:\/\/cooltivarte.com\/portal\/vinculo-posible-entrevista-a-teresa-puppo\/#article","isPartOf":{"@id":"https:\/\/cooltivarte.com\/portal\/vinculo-posible-entrevista-a-teresa-puppo\/"},"author":{"name":"Cooltivarte","@id":"https:\/\/cooltivarte.com\/portal\/#\/schema\/person\/ec2a4f4e71b740d0c559c0ab9a157e19"},"headline":"V\u00ednculo posible, entrevista a Teresa Puppo","datePublished":"2012-04-17T14:39:50+00:00","dateModified":"2015-11-11T02:18:59+00:00","mainEntityOfPage":{"@id":"https:\/\/cooltivarte.com\/portal\/vinculo-posible-entrevista-a-teresa-puppo\/"},"wordCount":1290,"publisher":{"@id":"https:\/\/cooltivarte.com\/portal\/#organization"},"image":{"@id":"https:\/\/cooltivarte.com\/portal\/vinculo-posible-entrevista-a-teresa-puppo\/#primaryimage"},"thumbnailUrl":"https:\/\/cooltivarte.com\/portal\/wp-content\/uploads\/2014\/08\/teresa_puppo.jpg","keywords":["Arte","Artes Visuales","Artista Visual","Bellas Artes","Teresa Puppo","Uruguay"],"articleSection":["Arte"],"inLanguage":"es-AR"},{"@type":"WebPage","@id":"https:\/\/cooltivarte.com\/portal\/vinculo-posible-entrevista-a-teresa-puppo\/","url":"https:\/\/cooltivarte.com\/portal\/vinculo-posible-entrevista-a-teresa-puppo\/","name":"V\u00ednculo posible, entrevista a Teresa Puppo - Cooltivarte Portal","isPartOf":{"@id":"https:\/\/cooltivarte.com\/portal\/#website"},"primaryImageOfPage":{"@id":"https:\/\/cooltivarte.com\/portal\/vinculo-posible-entrevista-a-teresa-puppo\/#primaryimage"},"image":{"@id":"https:\/\/cooltivarte.com\/portal\/vinculo-posible-entrevista-a-teresa-puppo\/#primaryimage"},"thumbnailUrl":"https:\/\/cooltivarte.com\/portal\/wp-content\/uploads\/2014\/08\/teresa_puppo.jpg","datePublished":"2012-04-17T14:39:50+00:00","dateModified":"2015-11-11T02:18:59+00:00","description":"COOLTIVARTE.COM es un portal digital colaborativo de actualizaci\u00f3n permanente dedicado a difundir el acontecer art\u00edstico y cultural, entrevista artistas, gestores y productores de las diferentes disciplinas del arte, y publicando art\u00edculos de reflexi\u00f3n de producci\u00f3n propia sobre los elementos culturales.","breadcrumb":{"@id":"https:\/\/cooltivarte.com\/portal\/vinculo-posible-entrevista-a-teresa-puppo\/#breadcrumb"},"inLanguage":"es-AR","potentialAction":[{"@type":"ReadAction","target":["https:\/\/cooltivarte.com\/portal\/vinculo-posible-entrevista-a-teresa-puppo\/"]}]},{"@type":"ImageObject","inLanguage":"es-AR","@id":"https:\/\/cooltivarte.com\/portal\/vinculo-posible-entrevista-a-teresa-puppo\/#primaryimage","url":"https:\/\/cooltivarte.com\/portal\/wp-content\/uploads\/2014\/08\/teresa_puppo.jpg","contentUrl":"https:\/\/cooltivarte.com\/portal\/wp-content\/uploads\/2014\/08\/teresa_puppo.jpg","width":400,"height":300,"caption":"V\u00ednculo posible, entrevista a Teresa Puppo"},{"@type":"BreadcrumbList","@id":"https:\/\/cooltivarte.com\/portal\/vinculo-posible-entrevista-a-teresa-puppo\/#breadcrumb","itemListElement":[{"@type":"ListItem","position":1,"name":"Portada","item":"https:\/\/cooltivarte.com\/portal\/"},{"@type":"ListItem","position":2,"name":"V\u00ednculo posible, entrevista a Teresa Puppo"}]},{"@type":"WebSite","@id":"https:\/\/cooltivarte.com\/portal\/#website","url":"https:\/\/cooltivarte.com\/portal\/","name":"Cooltivarte Portal","description":"Arte, cultura y turismo para el mundo ...","publisher":{"@id":"https:\/\/cooltivarte.com\/portal\/#organization"},"potentialAction":[{"@type":"SearchAction","target":{"@type":"EntryPoint","urlTemplate":"https:\/\/cooltivarte.com\/portal\/?s={search_term_string}"},"query-input":{"@type":"PropertyValueSpecification","valueRequired":true,"valueName":"search_term_string"}}],"inLanguage":"es-AR"},{"@type":"Organization","@id":"https:\/\/cooltivarte.com\/portal\/#organization","name":"cooltivarte","url":"https:\/\/cooltivarte.com\/portal\/","logo":{"@type":"ImageObject","inLanguage":"es-AR","@id":"https:\/\/cooltivarte.com\/portal\/#\/schema\/logo\/image\/","url":"https:\/\/cooltivarte.com\/portal\/wp-content\/uploads\/2020\/04\/logo-cooltivarte-v2.png","contentUrl":"https:\/\/cooltivarte.com\/portal\/wp-content\/uploads\/2020\/04\/logo-cooltivarte-v2.png","width":851,"height":243,"caption":"cooltivarte"},"image":{"@id":"https:\/\/cooltivarte.com\/portal\/#\/schema\/logo\/image\/"},"sameAs":["https:\/\/www.facebook.com\/cooltivartecom\/","https:\/\/x.com\/obolocultural","https:\/\/www.instagram.com\/_cooltivarte_\/","https:\/\/www.linkedin.com\/company\/-bolocultural?reportsuccess=8zaNG1HwhPbAR9iQhZ5rfGeqz_vQFftHun0ZWU0Wy9vNemRJ8vtcKdJvzQfW8XagyOJSKg0XvfJ1dp","https:\/\/www.pinterest.com\/cooltivarte\/","https:\/\/cooltivarte.tumblr.com\/","https:\/\/www.tiktok.com\/@cooltivarte","https:\/\/www.youtube.com\/@PrensaCooltivarte"]},{"@type":"Person","@id":"https:\/\/cooltivarte.com\/portal\/#\/schema\/person\/ec2a4f4e71b740d0c559c0ab9a157e19","name":"Cooltivarte","image":{"@type":"ImageObject","inLanguage":"es-AR","@id":"https:\/\/cooltivarte.com\/portal\/wp-content\/uploads\/2014\/05\/logo-cooltivarte-120x120.jpg","url":"https:\/\/cooltivarte.com\/portal\/wp-content\/uploads\/2014\/05\/logo-cooltivarte-120x120.jpg","contentUrl":"https:\/\/cooltivarte.com\/portal\/wp-content\/uploads\/2014\/05\/logo-cooltivarte-120x120.jpg","caption":"Cooltivarte"},"description":"Somos COOLTIVARTE.COM. Un portal digital dedicado a difundir el acontecer art\u00edstico y cultural del Uruguay. Estamos en la vuelta desde el a\u00f1o 2003, y como evoluci\u00f3n del bolet\u00edn Obolo Cultural, nos encontramos abocados a apoyar a los artistas nacionales brind\u00e1ndoles un espacio de difusi\u00f3n. Creemos en la idea de utilizar la potencialidad que hoy d\u00eda nos otorga la web, para que la cultura uruguaya y sus creadores dispongan de una din\u00e1mica ventana, que los ponga en contacto entre s\u00ed y con el mundo. Somos COOLTIVARTE.COM y pretendemos configurarnos como un portal din\u00e1mico, entretenido y atento a los nuevos emprendimientos, que busque siempre la interacci\u00f3n con los artistas.","sameAs":["http:\/\/www.cooltivarte.com","https:\/\/www.facebook.com\/cooltivartecom","https:\/\/www.instagram.com\/_cooltivarte_\/","https:\/\/www.linkedin.com\/company\/-bolocultural","https:\/\/www.pinterest.com\/cooltivarte\/","https:\/\/x.com\/https:\/\/x.com\/obolocultural","https:\/\/www.youtube.com\/@PrensaCooltivarte","https:\/\/www.tumblr.com\/blog\/cooltivarte"],"url":"https:\/\/cooltivarte.com\/portal\/author\/cooltivarte\/"}]}},"_links":{"self":[{"href":"https:\/\/cooltivarte.com\/portal\/wp-json\/wp\/v2\/posts\/6259","targetHints":{"allow":["GET"]}}],"collection":[{"href":"https:\/\/cooltivarte.com\/portal\/wp-json\/wp\/v2\/posts"}],"about":[{"href":"https:\/\/cooltivarte.com\/portal\/wp-json\/wp\/v2\/types\/post"}],"author":[{"embeddable":true,"href":"https:\/\/cooltivarte.com\/portal\/wp-json\/wp\/v2\/users\/8"}],"replies":[{"embeddable":true,"href":"https:\/\/cooltivarte.com\/portal\/wp-json\/wp\/v2\/comments?post=6259"}],"version-history":[{"count":4,"href":"https:\/\/cooltivarte.com\/portal\/wp-json\/wp\/v2\/posts\/6259\/revisions"}],"predecessor-version":[{"id":17080,"href":"https:\/\/cooltivarte.com\/portal\/wp-json\/wp\/v2\/posts\/6259\/revisions\/17080"}],"wp:featuredmedia":[{"embeddable":true,"href":"https:\/\/cooltivarte.com\/portal\/wp-json\/wp\/v2\/media\/6260"}],"wp:attachment":[{"href":"https:\/\/cooltivarte.com\/portal\/wp-json\/wp\/v2\/media?parent=6259"}],"wp:term":[{"taxonomy":"category","embeddable":true,"href":"https:\/\/cooltivarte.com\/portal\/wp-json\/wp\/v2\/categories?post=6259"},{"taxonomy":"post_tag","embeddable":true,"href":"https:\/\/cooltivarte.com\/portal\/wp-json\/wp\/v2\/tags?post=6259"}],"curies":[{"name":"wp","href":"https:\/\/api.w.org\/{rel}","templated":true}]}}