{"id":60928,"date":"2020-07-03T15:02:37","date_gmt":"2020-07-03T18:02:37","guid":{"rendered":"https:\/\/cooltivarte.com\/portal\/?p=60928"},"modified":"2022-06-06T16:12:04","modified_gmt":"2022-06-06T19:12:04","slug":"jorge-nasser-en-vivo-duos-en-el-metro-show-completo","status":"publish","type":"post","link":"https:\/\/cooltivarte.com\/portal\/jorge-nasser-en-vivo-duos-en-el-metro-show-completo\/","title":{"rendered":"Jorge Nasser en vivo &#8211; D\u00faos en el Metro (Show Completo)"},"content":{"rendered":"<p><iframe title=\"YouTube video player\" src=\"https:\/\/www.youtube.com\/embed\/_UWADnRL0GE\" width=\"100%\" height=\"515\" frameborder=\"0\" allowfullscreen=\"allowfullscreen\"><span data-mce-type=\"bookmark\" style=\"display: inline-block; width: 0px; overflow: hidden; line-height: 0;\" class=\"mce_SELRES_start\">\ufeff<\/span><\/iframe><\/p>\n<p>&nbsp;<\/p>\n<p>Abril 2016<\/p>\n<p><strong><a href=\"https:\/\/cooltivarte.com\/portal\/?s=Jorge+Nasser\" target=\"_blank\" rel=\"noopener\">Jorge Nasser<\/a> en vivo &#8211; D\u00faos en el Metro (Show Completo)<\/strong><br \/>\n<strong>Nasser\/D\u00faos, con invitados como <a href=\"https:\/\/cooltivarte.com\/portal\/?s=Le\u00f3n+Gieco\" target=\"_blank\" rel=\"noopener\">Le\u00f3n Gieco<\/a>, <a href=\"https:\/\/cooltivarte.com\/portal\/?s=Teresa+Parodi\" target=\"_blank\" rel=\"noopener\">Teresa Parodi<\/a>, <a href=\"https:\/\/cooltivarte.com\/portal\/?s=Sandra+Mihanovich\" target=\"_blank\" rel=\"noopener\">Sandra Mihanovich<\/a>, <a href=\"https:\/\/cooltivarte.com\/portal\/?s=Ruben+Rada\" target=\"_blank\" rel=\"noopener\">Ruben Rada<\/a>, <a href=\"https:\/\/cooltivarte.com\/portal\/?s=Emiliano+Brancciari\" target=\"_blank\" rel=\"noopener\">Emiliano Brancciari<\/a>, <a href=\"https:\/\/cooltivarte.com\/portal\/?s=Jaime+Roos\" target=\"_blank\" rel=\"noopener\">Jaime Roos<\/a>, entre otros.<\/strong><\/p>\n<p>En 1980 se muda a Buenos Aires donde trabaja como periodista e ilustrador en varios medios de prensa, entre ellos el m\u00edtico &#8220;Expreso Imaginario&#8221;.<\/p>\n<p>En 1981 comienza paralelamente su carrera musical, que lleva a la grabaci\u00f3n de Era el mismo, su \u00e1lbum debut en 1984, una mezcla novedosa de pop y ritmos t\u00edpicos uruguayos. Lo Produce Jaime Roos.<\/p>\n<p>En 1986 su m\u00fasica se decanta al rock, lo que lo acerca al guitarrista argentino Pablo Farag\u00f3 y a la formaci\u00f3n conjunta de N\u00edquel, grupo con el que tendr\u00eda quince a\u00f1os de actividad ininterrumpida y que se convertir\u00eda en uno de los m\u00e1s populares de Uruguay de la d\u00e9cada de 1990.<\/p>\n<p>Con N\u00edquel, Nasser graba m\u00e1s de una docena de discos,3\u200b desde el debut de 1988 llamado igual que la banda. Su discograf\u00eda incluye hitos como N\u00edquel Sinf\u00f3nico, Gargoland y las recopilaciones Primate, que junto a otros t\u00edtulos cosecharon varios discos de oro y platino, adem\u00e1s de ser la primera banda local en adoptar el sonido unplugged para N\u00edquel Ac\u00fastico.<\/p>\n<p>Siendo productor o coproductor de todos los discos de N\u00edquel, se encarga de trabajos de otros artistas, y entre 1995 y 2000 produce discos tales como el Cuarteto Zitarrosa, Eduardo da Luz, Roberto Darvin, L\u00e1grima R\u00edos y Teresa Parodi, entre otros.1\u200b<\/p>\n<p>En el 2001 retoma su carrera solista explorando otros caminos con el \u00e1lbum Efectos Personales. Mezcla en proporciones cada vez mayores la milonga con su veta roquera y blusera, con la participaci\u00f3n a d\u00fao de artistas como Ruben Rada y Jaime Roos, entre otros.<\/p>\n<p>Luchadores en lodo, el primer sencillo, interpretado junto a la cantante argentina Sandra Mihanovich, fue una de las canciones de mayor difusi\u00f3n de ese a\u00f1o en las radios uruguayas; a la par que el disco cosech\u00f3 muy buenas cr\u00edticas y logr\u00f3 el premio Iris como mejor \u00e1lbum del a\u00f1o.<\/p>\n<p>Tambi\u00e9n cre\u00f3 versiones milongueras de Eduardo Mateo y tuvo una coautor\u00eda con Mario Benedetti, que llevaron a la publicaci\u00f3n de Milongas del querer en 2003, donde versiona dos canciones emblem\u00e1ticas como A Don Jos\u00e9 de Rub\u00e9n Lena y P&#8217;al que se va de Alfredo Zitarrosa junto a nueve canciones de autor\u00eda de Nasser.<\/p>\n<p>Contin\u00faa su carrera discogr\u00e1fica editando el \u00e1lbum de estudio Por milonga (2005), Por milonga en el Plaza (2007) que es el registro en vivo de su exitoso paso por el m\u00edtico Cine-Teatro Plaza montevideano, y en 2008 llega Nasser\/D\u00faos, con invitados como Le\u00f3n Gieco, Teresa Parodi, Sandra Mihanovich, Ruben Rada, Emiliano Brancciari, Jaime Roos, entre otros, que a ra\u00edz de su enorme \u00e9xito es editado en 2009 en Argentina.5\u200b<\/p>\n<p>En 2010, sale a la venta Abrazo criollo\/Lo mejor de Jorge Nasser, que adem\u00e1s de regrabaciones de sus temas m\u00e1s populares como solista, incluye nuevas versiones &#8220;aggiornadas&#8221; a su nuevo estilo de viejos \u00e9xitos con su banda N\u00edquel en los a\u00f1os &#8217;90.<\/p>\n<p>En 2013, luego de un grave quebranto de salud, presenta el disco doble Peque\u00f1os milagros con la producci\u00f3n art\u00edstica de su hijo Francisco.6\u200b<\/p>\n<p>Entre 2015 y 2016, celebra exitosamente sus treinta a\u00f1os con la m\u00fasica con presentaciones a lleno total en el Teatro Sol\u00eds y el Auditorio del Sodre, adem\u00e1s de lanzarse el primer largometraje en el que cuenta gran parte de su vida, filmado por su amigo, el director Julio Sonino. La pel\u00edcula en cuesti\u00f3n lleva como t\u00edtulo &#8220;El camino de siempre&#8221; y de las presentaciones en vivo por sus treinta a\u00f1os con la m\u00fasica se editan un CD doble y un CD\/DVD con el nombre de &#8220;Nasser 3.0&#8221;.<\/p>\n<p>En 2018, vuelve a la cancha con un fant\u00e1stico \u00e1lbum titulado Llegar armar tocar, que present\u00f3 el 19 de junio, d\u00eda del Natalicio de Jos\u00e9 Artigas, en el Teatro Sol\u00eds de Montevideo, otra vez a lleno total.<\/p>\n<p>#JorgeNasser #Duos #EnVivo<\/p>\n<p>&nbsp;<\/p>\n<p>&nbsp;<\/p>\n","protected":false},"excerpt":{"rendered":"<p>\ufeff &nbsp; Abril 2016 Jorge Nasser en vivo &#8211; D\u00faos en el Metro (Show Completo) Nasser\/D\u00faos, con invitados como Le\u00f3n Gieco, Teresa Parodi, Sandra Mihanovich, Ruben Rada, Emiliano Brancciari, Jaime Roos, entre otros. En 1980 se muda a Buenos Aires donde trabaja como periodista e ilustrador en varios medios de prensa, entre ellos el m\u00edtico [&hellip;]<\/p>\n","protected":false},"author":8,"featured_media":60930,"comment_status":"closed","ping_status":"closed","sticky":false,"template":"","format":"standard","meta":{"om_disable_all_campaigns":false,"ngg_post_thumbnail":0,"jnews-multi-image_gallery":[],"jnews_single_post":{"subtitle":"","format":"standard","video":"","gallery":"","source_name":"","source_url":"","via_name":"","via_url":"","override_template":"0","override":[{"template":"1","single_blog_custom":"","parallax":"1","fullscreen":"1","layout":"right-sidebar","sidebar":"default-sidebar","second_sidebar":"default-sidebar","sticky_sidebar":"1","share_position":"top","share_float_style":"share-monocrhome","show_share_counter":"1","show_view_counter":"1","show_featured":"1","show_post_meta":"1","show_post_author":"1","show_post_author_image":"1","show_post_date":"1","post_date_format":"default","post_date_format_custom":"Y\/m\/d","show_post_category":"1","show_post_reading_time":"0","post_reading_time_wpm":"300","show_zoom_button":"0","zoom_button_out_step":"2","zoom_button_in_step":"3","show_post_tag":"1","show_prev_next_post":"1","show_popup_post":"1","number_popup_post":"1","show_author_box":"0","show_post_related":"0","show_inline_post_related":"0"}],"override_image_size":"0","image_override":[{"single_post_thumbnail_size":"crop-500","single_post_gallery_size":"crop-500"}],"trending_post":"0","trending_post_position":"meta","trending_post_label":"Trending","sponsored_post":"0","sponsored_post_label":"Sponsored by","sponsored_post_name":"","sponsored_post_url":"","sponsored_post_logo_enable":"0","sponsored_post_logo":"","sponsored_post_desc":""},"jnews_primary_category":{"id":""},"jnews_social_meta":{"fb_title":"","fb_description":"","fb_image":"","twitter_title":"","twitter_description":"","twitter_image":""},"jnews_override_counter":{"override_view_counter":"0","view_counter_number":"0","override_share_counter":"0","share_counter_number":"0","override_like_counter":"0","like_counter_number":"0","override_dislike_counter":"0","dislike_counter_number":"0"},"footnotes":""},"categories":[14772],"tags":[4078,907,1338,6376,1163,4143,11583],"class_list":["post-60928","post","type-post","status-publish","format-standard","has-post-thumbnail","hentry","category-video","tag-emiliano-brancciari","tag-jaime-roos","tag-jorge-nasser","tag-leon-gieco","tag-ruben-rada","tag-sandra-mihanovich","tag-teresa-parodi"],"yoast_head":"<!-- This site is optimized with the Yoast SEO plugin v27.5 - https:\/\/yoast.com\/product\/yoast-seo-wordpress\/ -->\n<title>Jorge Nasser en vivo - D\u00faos en el Metro (Show Completo) - Cooltivarte Portal<\/title>\n<meta name=\"description\" content=\"Jorge Nasser en vivo - D\u00faos en el Metro (Show Completo)Nasser\/D\u00faos, con invitados como Le\u00f3n Gieco, Teresa Parodi, Sandra Mihanovich, Ruben Rada, Emiliano Brancciari, Jaime Roos, entre otros.\" \/>\n<meta name=\"robots\" content=\"index, follow, max-snippet:-1, max-image-preview:large, max-video-preview:-1\" \/>\n<link rel=\"canonical\" href=\"https:\/\/cooltivarte.com\/portal\/jorge-nasser-en-vivo-duos-en-el-metro-show-completo\/\" \/>\n<meta property=\"og:locale\" content=\"es_ES\" \/>\n<meta property=\"og:type\" content=\"article\" \/>\n<meta property=\"og:title\" content=\"Jorge Nasser en vivo - D\u00faos en el Metro (Show Completo)\" \/>\n<meta property=\"og:description\" content=\"Jorge Nasser en vivo - D\u00faos en el Metro (Show Completo)Nasser\/D\u00faos, con invitados como Le\u00f3n Gieco, Teresa Parodi, Sandra Mihanovich, Ruben Rada, Emiliano Brancciari, Jaime Roos, entre otros.\" \/>\n<meta property=\"og:url\" content=\"https:\/\/cooltivarte.com\/portal\/jorge-nasser-en-vivo-duos-en-el-metro-show-completo\/\" \/>\n<meta property=\"og:site_name\" content=\"Cooltivarte Portal\" \/>\n<meta property=\"article:publisher\" content=\"https:\/\/www.facebook.com\/cooltivartecom\/\" \/>\n<meta property=\"article:author\" content=\"https:\/\/www.facebook.com\/cooltivartecom\" \/>\n<meta property=\"article:published_time\" content=\"2020-07-03T18:02:37+00:00\" \/>\n<meta property=\"article:modified_time\" content=\"2022-06-06T19:12:04+00:00\" \/>\n<meta property=\"og:image\" content=\"https:\/\/cooltivarte.com\/portal\/wp-content\/uploads\/2020\/07\/jorge-nasser-en-el-metro.jpg\" \/>\n\t<meta property=\"og:image:width\" content=\"687\" \/>\n\t<meta property=\"og:image:height\" content=\"472\" \/>\n\t<meta property=\"og:image:type\" content=\"image\/jpeg\" \/>\n<meta name=\"author\" content=\"Cooltivarte\" \/>\n<meta name=\"twitter:card\" content=\"summary_large_image\" \/>\n<meta name=\"twitter:title\" content=\"Jorge Nasser en vivo - D\u00faos en el Metro (Show Completo)\" \/>\n<meta name=\"twitter:description\" content=\"Jorge Nasser en vivo - D\u00faos en el Metro (Show Completo)Nasser\/D\u00faos, con invitados como Le\u00f3n Gieco, Teresa Parodi, Sandra Mihanovich, Ruben Rada, Emiliano Brancciari, Jaime Roos, entre otros.\" \/>\n<meta name=\"twitter:image\" content=\"https:\/\/cooltivarte.com\/portal\/wp-content\/uploads\/2020\/07\/jorge-nasser-en-el-metro.jpg\" \/>\n<meta name=\"twitter:creator\" content=\"@https:\/\/x.com\/obolocultural\" \/>\n<meta name=\"twitter:site\" content=\"@obolocultural\" \/>\n<meta name=\"twitter:label1\" content=\"Escrito por\" \/>\n\t<meta name=\"twitter:data1\" content=\"Cooltivarte\" \/>\n\t<meta name=\"twitter:label2\" content=\"Tiempo de lectura\" \/>\n\t<meta name=\"twitter:data2\" content=\"3 minutos\" \/>\n<!-- \/ Yoast SEO plugin. -->","yoast_head_json":{"title":"Jorge Nasser en vivo - D\u00faos en el Metro (Show Completo) - Cooltivarte Portal","description":"Jorge Nasser en vivo - D\u00faos en el Metro (Show Completo)Nasser\/D\u00faos, con invitados como Le\u00f3n Gieco, Teresa Parodi, Sandra Mihanovich, Ruben Rada, Emiliano Brancciari, Jaime Roos, entre otros.","robots":{"index":"index","follow":"follow","max-snippet":"max-snippet:-1","max-image-preview":"max-image-preview:large","max-video-preview":"max-video-preview:-1"},"canonical":"https:\/\/cooltivarte.com\/portal\/jorge-nasser-en-vivo-duos-en-el-metro-show-completo\/","og_locale":"es_ES","og_type":"article","og_title":"Jorge Nasser en vivo - D\u00faos en el Metro (Show Completo)","og_description":"Jorge Nasser en vivo - D\u00faos en el Metro (Show Completo)Nasser\/D\u00faos, con invitados como Le\u00f3n Gieco, Teresa Parodi, Sandra Mihanovich, Ruben Rada, Emiliano Brancciari, Jaime Roos, entre otros.","og_url":"https:\/\/cooltivarte.com\/portal\/jorge-nasser-en-vivo-duos-en-el-metro-show-completo\/","og_site_name":"Cooltivarte Portal","article_publisher":"https:\/\/www.facebook.com\/cooltivartecom\/","article_author":"https:\/\/www.facebook.com\/cooltivartecom","article_published_time":"2020-07-03T18:02:37+00:00","article_modified_time":"2022-06-06T19:12:04+00:00","og_image":[{"width":687,"height":472,"url":"https:\/\/cooltivarte.com\/portal\/wp-content\/uploads\/2020\/07\/jorge-nasser-en-el-metro.jpg","type":"image\/jpeg"}],"author":"Cooltivarte","twitter_card":"summary_large_image","twitter_title":"Jorge Nasser en vivo - D\u00faos en el Metro (Show Completo)","twitter_description":"Jorge Nasser en vivo - D\u00faos en el Metro (Show Completo)Nasser\/D\u00faos, con invitados como Le\u00f3n Gieco, Teresa Parodi, Sandra Mihanovich, Ruben Rada, Emiliano Brancciari, Jaime Roos, entre otros.","twitter_image":"https:\/\/cooltivarte.com\/portal\/wp-content\/uploads\/2020\/07\/jorge-nasser-en-el-metro.jpg","twitter_creator":"@https:\/\/x.com\/obolocultural","twitter_site":"@obolocultural","twitter_misc":{"Escrito por":"Cooltivarte","Tiempo de lectura":"3 minutos"},"schema":{"@context":"https:\/\/schema.org","@graph":[{"@type":"NewsArticle","@id":"https:\/\/cooltivarte.com\/portal\/jorge-nasser-en-vivo-duos-en-el-metro-show-completo\/#article","isPartOf":{"@id":"https:\/\/cooltivarte.com\/portal\/jorge-nasser-en-vivo-duos-en-el-metro-show-completo\/"},"author":{"name":"Cooltivarte","@id":"https:\/\/cooltivarte.com\/portal\/#\/schema\/person\/ec2a4f4e71b740d0c559c0ab9a157e19"},"headline":"Jorge Nasser en vivo &#8211; D\u00faos en el Metro (Show Completo)","datePublished":"2020-07-03T18:02:37+00:00","dateModified":"2022-06-06T19:12:04+00:00","mainEntityOfPage":{"@id":"https:\/\/cooltivarte.com\/portal\/jorge-nasser-en-vivo-duos-en-el-metro-show-completo\/"},"wordCount":707,"publisher":{"@id":"https:\/\/cooltivarte.com\/portal\/#organization"},"image":{"@id":"https:\/\/cooltivarte.com\/portal\/jorge-nasser-en-vivo-duos-en-el-metro-show-completo\/#primaryimage"},"thumbnailUrl":"https:\/\/cooltivarte.com\/portal\/wp-content\/uploads\/2020\/07\/jorge-nasser-en-el-metro.jpg","keywords":["Emiliano Brancciari","Jaime Roos","Jorge Nasser","Le\u00f3n Gieco","Rub\u00e9n Rada","Sandra Mihanovich","Teresa Parodi"],"articleSection":["Video"],"inLanguage":"es-AR"},{"@type":"WebPage","@id":"https:\/\/cooltivarte.com\/portal\/jorge-nasser-en-vivo-duos-en-el-metro-show-completo\/","url":"https:\/\/cooltivarte.com\/portal\/jorge-nasser-en-vivo-duos-en-el-metro-show-completo\/","name":"Jorge Nasser en vivo - D\u00faos en el Metro (Show Completo) - Cooltivarte Portal","isPartOf":{"@id":"https:\/\/cooltivarte.com\/portal\/#website"},"primaryImageOfPage":{"@id":"https:\/\/cooltivarte.com\/portal\/jorge-nasser-en-vivo-duos-en-el-metro-show-completo\/#primaryimage"},"image":{"@id":"https:\/\/cooltivarte.com\/portal\/jorge-nasser-en-vivo-duos-en-el-metro-show-completo\/#primaryimage"},"thumbnailUrl":"https:\/\/cooltivarte.com\/portal\/wp-content\/uploads\/2020\/07\/jorge-nasser-en-el-metro.jpg","datePublished":"2020-07-03T18:02:37+00:00","dateModified":"2022-06-06T19:12:04+00:00","description":"Jorge Nasser en vivo - D\u00faos en el Metro (Show Completo)Nasser\/D\u00faos, con invitados como Le\u00f3n Gieco, Teresa Parodi, Sandra Mihanovich, Ruben Rada, Emiliano Brancciari, Jaime Roos, entre otros.","breadcrumb":{"@id":"https:\/\/cooltivarte.com\/portal\/jorge-nasser-en-vivo-duos-en-el-metro-show-completo\/#breadcrumb"},"inLanguage":"es-AR","potentialAction":[{"@type":"ReadAction","target":["https:\/\/cooltivarte.com\/portal\/jorge-nasser-en-vivo-duos-en-el-metro-show-completo\/"]}]},{"@type":"ImageObject","inLanguage":"es-AR","@id":"https:\/\/cooltivarte.com\/portal\/jorge-nasser-en-vivo-duos-en-el-metro-show-completo\/#primaryimage","url":"https:\/\/cooltivarte.com\/portal\/wp-content\/uploads\/2020\/07\/jorge-nasser-en-el-metro.jpg","contentUrl":"https:\/\/cooltivarte.com\/portal\/wp-content\/uploads\/2020\/07\/jorge-nasser-en-el-metro.jpg","width":687,"height":472,"caption":"#JorgeNasser #Duos #EnVivo Jorge Nasser en vivo - D\u00faos en el Metro (Show Completo)"},{"@type":"BreadcrumbList","@id":"https:\/\/cooltivarte.com\/portal\/jorge-nasser-en-vivo-duos-en-el-metro-show-completo\/#breadcrumb","itemListElement":[{"@type":"ListItem","position":1,"name":"Portada","item":"https:\/\/cooltivarte.com\/portal\/"},{"@type":"ListItem","position":2,"name":"Jorge Nasser en vivo &#8211; D\u00faos en el Metro (Show Completo)"}]},{"@type":"WebSite","@id":"https:\/\/cooltivarte.com\/portal\/#website","url":"https:\/\/cooltivarte.com\/portal\/","name":"Cooltivarte Portal","description":"Arte, cultura y turismo para el mundo ...","publisher":{"@id":"https:\/\/cooltivarte.com\/portal\/#organization"},"potentialAction":[{"@type":"SearchAction","target":{"@type":"EntryPoint","urlTemplate":"https:\/\/cooltivarte.com\/portal\/?s={search_term_string}"},"query-input":{"@type":"PropertyValueSpecification","valueRequired":true,"valueName":"search_term_string"}}],"inLanguage":"es-AR"},{"@type":"Organization","@id":"https:\/\/cooltivarte.com\/portal\/#organization","name":"cooltivarte","url":"https:\/\/cooltivarte.com\/portal\/","logo":{"@type":"ImageObject","inLanguage":"es-AR","@id":"https:\/\/cooltivarte.com\/portal\/#\/schema\/logo\/image\/","url":"https:\/\/cooltivarte.com\/portal\/wp-content\/uploads\/2020\/04\/logo-cooltivarte-v2.png","contentUrl":"https:\/\/cooltivarte.com\/portal\/wp-content\/uploads\/2020\/04\/logo-cooltivarte-v2.png","width":851,"height":243,"caption":"cooltivarte"},"image":{"@id":"https:\/\/cooltivarte.com\/portal\/#\/schema\/logo\/image\/"},"sameAs":["https:\/\/www.facebook.com\/cooltivartecom\/","https:\/\/x.com\/obolocultural","https:\/\/www.instagram.com\/_cooltivarte_\/","https:\/\/www.linkedin.com\/company\/-bolocultural?reportsuccess=8zaNG1HwhPbAR9iQhZ5rfGeqz_vQFftHun0ZWU0Wy9vNemRJ8vtcKdJvzQfW8XagyOJSKg0XvfJ1dp","https:\/\/www.pinterest.com\/cooltivarte\/","https:\/\/cooltivarte.tumblr.com\/","https:\/\/www.tiktok.com\/@cooltivarte","https:\/\/www.youtube.com\/@PrensaCooltivarte"]},{"@type":"Person","@id":"https:\/\/cooltivarte.com\/portal\/#\/schema\/person\/ec2a4f4e71b740d0c559c0ab9a157e19","name":"Cooltivarte","image":{"@type":"ImageObject","inLanguage":"es-AR","@id":"https:\/\/cooltivarte.com\/portal\/wp-content\/uploads\/2014\/05\/logo-cooltivarte-120x120.jpg","url":"https:\/\/cooltivarte.com\/portal\/wp-content\/uploads\/2014\/05\/logo-cooltivarte-120x120.jpg","contentUrl":"https:\/\/cooltivarte.com\/portal\/wp-content\/uploads\/2014\/05\/logo-cooltivarte-120x120.jpg","caption":"Cooltivarte"},"description":"Somos COOLTIVARTE.COM. Un portal digital dedicado a difundir el acontecer art\u00edstico y cultural del Uruguay. Estamos en la vuelta desde el a\u00f1o 2003, y como evoluci\u00f3n del bolet\u00edn Obolo Cultural, nos encontramos abocados a apoyar a los artistas nacionales brind\u00e1ndoles un espacio de difusi\u00f3n. Creemos en la idea de utilizar la potencialidad que hoy d\u00eda nos otorga la web, para que la cultura uruguaya y sus creadores dispongan de una din\u00e1mica ventana, que los ponga en contacto entre s\u00ed y con el mundo. Somos COOLTIVARTE.COM y pretendemos configurarnos como un portal din\u00e1mico, entretenido y atento a los nuevos emprendimientos, que busque siempre la interacci\u00f3n con los artistas.","sameAs":["http:\/\/www.cooltivarte.com","https:\/\/www.facebook.com\/cooltivartecom","https:\/\/www.instagram.com\/_cooltivarte_\/","https:\/\/www.linkedin.com\/company\/-bolocultural","https:\/\/www.pinterest.com\/cooltivarte\/","https:\/\/x.com\/https:\/\/x.com\/obolocultural","https:\/\/www.youtube.com\/@PrensaCooltivarte","https:\/\/www.tumblr.com\/blog\/cooltivarte"],"url":"https:\/\/cooltivarte.com\/portal\/author\/cooltivarte\/"}]}},"_links":{"self":[{"href":"https:\/\/cooltivarte.com\/portal\/wp-json\/wp\/v2\/posts\/60928","targetHints":{"allow":["GET"]}}],"collection":[{"href":"https:\/\/cooltivarte.com\/portal\/wp-json\/wp\/v2\/posts"}],"about":[{"href":"https:\/\/cooltivarte.com\/portal\/wp-json\/wp\/v2\/types\/post"}],"author":[{"embeddable":true,"href":"https:\/\/cooltivarte.com\/portal\/wp-json\/wp\/v2\/users\/8"}],"replies":[{"embeddable":true,"href":"https:\/\/cooltivarte.com\/portal\/wp-json\/wp\/v2\/comments?post=60928"}],"version-history":[{"count":5,"href":"https:\/\/cooltivarte.com\/portal\/wp-json\/wp\/v2\/posts\/60928\/revisions"}],"predecessor-version":[{"id":81852,"href":"https:\/\/cooltivarte.com\/portal\/wp-json\/wp\/v2\/posts\/60928\/revisions\/81852"}],"wp:featuredmedia":[{"embeddable":true,"href":"https:\/\/cooltivarte.com\/portal\/wp-json\/wp\/v2\/media\/60930"}],"wp:attachment":[{"href":"https:\/\/cooltivarte.com\/portal\/wp-json\/wp\/v2\/media?parent=60928"}],"wp:term":[{"taxonomy":"category","embeddable":true,"href":"https:\/\/cooltivarte.com\/portal\/wp-json\/wp\/v2\/categories?post=60928"},{"taxonomy":"post_tag","embeddable":true,"href":"https:\/\/cooltivarte.com\/portal\/wp-json\/wp\/v2\/tags?post=60928"}],"curies":[{"name":"wp","href":"https:\/\/api.w.org\/{rel}","templated":true}]}}