{"id":60660,"date":"2020-06-24T11:32:57","date_gmt":"2020-06-24T14:32:57","guid":{"rendered":"https:\/\/cooltivarte.com\/portal\/?p=60660"},"modified":"2021-09-23T11:24:19","modified_gmt":"2021-09-23T14:24:19","slug":"no-te-va-gustar-el-verano-siguiente-documental-completo","status":"publish","type":"post","link":"https:\/\/cooltivarte.com\/portal\/no-te-va-gustar-el-verano-siguiente-documental-completo\/","title":{"rendered":"No Te Va Gustar &#8211; El Verano Siguiente (Documental completo)"},"content":{"rendered":"<p><strong>El Verano Siguiente<\/strong><br \/>\n<strong> Pel\u00edcula documental<\/strong><br \/>\n<strong> 2014<\/strong><\/p>\n<p>Documental sobre la banda uruguaya <strong><a href=\"https:\/\/cooltivarte.com\/portal\/?s=No+te+va+gustar\">No Te Va Gustar<\/a><\/strong>.<\/p>\n<p>Sinopsis:<br \/>\nEn el momento m\u00e1s exitoso de su carrera, la banda pierde a uno de sus m\u00fasicos, el tecladista <a href=\"https:\/\/cooltivarte.com\/portal\/?s=Marcel+Curuchet\"><strong>Marcel Curuchet<\/strong><\/a>, en un accidente de tr\u00e1nsito en Nueva York. Una c\u00e1mara registra el proceso creativo en la grabaci\u00f3n del disco &#8220;<strong>El Calor del Pleno Invierno<\/strong>&#8221; y la superaci\u00f3n de la p\u00e9rdida.<\/p>\n<p>Dirigido por <strong>Gabriel Nicoli<\/strong>.<br \/>\nProducci\u00f3n ejecutiva a cargo de <strong>Nicol\u00e1s Fervenza<\/strong>.<br \/>\nCon m\u00fasica de <a href=\"https:\/\/cooltivarte.com\/portal\/?s=Fernando+Cabrera\"><strong>Fernando Cabrera<\/strong><\/a> y <a href=\"https:\/\/cooltivarte.com\/portal\/?s=NTVG\"><strong>NTVG<\/strong><\/a>.<\/p>\n<p>&nbsp;<\/p>\n<p>&nbsp;<\/p>\n","protected":false},"excerpt":{"rendered":"<p>El Verano Siguiente Pel\u00edcula documental 2014 Documental sobre la banda uruguaya No Te Va Gustar. Sinopsis: En el momento m\u00e1s exitoso de su carrera, la banda pierde a uno de sus m\u00fasicos, el tecladista Marcel Curuchet, en un accidente de tr\u00e1nsito en Nueva York. Una c\u00e1mara registra el proceso creativo en la grabaci\u00f3n del disco [&hellip;]<\/p>\n","protected":false},"author":8,"featured_media":60662,"comment_status":"closed","ping_status":"closed","sticky":false,"template":"","format":"video","meta":{"om_disable_all_campaigns":false,"ngg_post_thumbnail":0,"jnews-multi-image_gallery":[],"jnews_single_post":{"subtitle":"","format":"video","video":"https:\/\/youtu.be\/NrT7K1tKZRU","gallery":"","source_name":"","source_url":"","via_name":"","via_url":"","override_template":"0","override":[{"template":"1","single_blog_custom":"","parallax":"1","fullscreen":"1","layout":"right-sidebar","sidebar":"default-sidebar","second_sidebar":"default-sidebar","sticky_sidebar":"1","share_position":"top","share_float_style":"share-monocrhome","show_share_counter":"1","show_view_counter":"1","show_featured":"1","show_post_meta":"1","show_post_author":"1","show_post_author_image":"1","show_post_date":"1","post_date_format":"default","post_date_format_custom":"Y\/m\/d","show_post_category":"1","show_post_reading_time":"0","post_reading_time_wpm":"300","show_zoom_button":"0","zoom_button_out_step":"2","zoom_button_in_step":"3","show_post_tag":"1","show_prev_next_post":"1","show_popup_post":"1","number_popup_post":"1","show_author_box":"0","show_post_related":"0","show_inline_post_related":"0"}],"override_image_size":"0","image_override":[{"single_post_thumbnail_size":"crop-500","single_post_gallery_size":"crop-500"}],"trending_post":"0","trending_post_position":"meta","trending_post_label":"Trending","sponsored_post":"0","sponsored_post_label":"Sponsored by","sponsored_post_name":"","sponsored_post_url":"","sponsored_post_logo_enable":"0","sponsored_post_logo":"","sponsored_post_desc":""},"jnews_primary_category":{"id":""},"jnews_social_meta":{"fb_title":"","fb_description":"","fb_image":"","twitter_title":"","twitter_description":"","twitter_image":""},"jnews_override_counter":{"override_view_counter":"0","view_counter_number":"0","override_share_counter":"0","share_counter_number":"0","override_like_counter":"0","like_counter_number":"0","override_dislike_counter":"0","dislike_counter_number":"0"},"footnotes":""},"categories":[72],"tags":[671,11732,11731,89,6557,3177,11472,451,548,11730],"class_list":["post-60660","post","type-post","status-publish","format-video","has-post-thumbnail","hentry","category-cine","tag-documental","tag-el-calor-del-pleno-invierno","tag-el-verano-siguiente","tag-fernando-cabrera","tag-gabriel-nicoli","tag-marcel-curuchet","tag-nicolas-fervenza","tag-no-te-va-gustar","tag-ntvg","tag-pelicula-documental","post_format-post-format-video"],"yoast_head":"<!-- This site is optimized with the Yoast SEO plugin v27.4 - https:\/\/yoast.com\/product\/yoast-seo-wordpress\/ -->\n<title>No Te Va Gustar - El Verano Siguiente (Documental completo) - Cooltivarte Portal<\/title>\n<meta name=\"description\" content=\"COOLTIVARTE.COM es un portal digital colaborativo de actualizaci\u00f3n permanente dedicado a difundir el acontecer art\u00edstico y cultural, entrevista artistas, gestores y productores de las diferentes disciplinas del arte, y publicando art\u00edculos de reflexi\u00f3n de producci\u00f3n propia sobre los elementos culturales.\" \/>\n<meta name=\"robots\" content=\"index, follow, max-snippet:-1, max-image-preview:large, max-video-preview:-1\" \/>\n<link rel=\"canonical\" href=\"https:\/\/cooltivarte.com\/portal\/no-te-va-gustar-el-verano-siguiente-documental-completo\/\" \/>\n<meta property=\"og:locale\" content=\"es_ES\" \/>\n<meta property=\"og:type\" content=\"article\" \/>\n<meta property=\"og:title\" content=\"No Te Va Gustar - El Verano Siguiente (Documental completo) - Cooltivarte Portal\" \/>\n<meta property=\"og:description\" content=\"COOLTIVARTE.COM es un portal digital colaborativo de actualizaci\u00f3n permanente dedicado a difundir el acontecer art\u00edstico y cultural, entrevista artistas, gestores y productores de las diferentes disciplinas del arte, y publicando art\u00edculos de reflexi\u00f3n de producci\u00f3n propia sobre los elementos culturales.\" \/>\n<meta property=\"og:url\" content=\"https:\/\/cooltivarte.com\/portal\/no-te-va-gustar-el-verano-siguiente-documental-completo\/\" \/>\n<meta property=\"og:site_name\" content=\"Cooltivarte Portal\" \/>\n<meta property=\"article:publisher\" content=\"https:\/\/www.facebook.com\/cooltivartecom\/\" \/>\n<meta property=\"article:author\" content=\"https:\/\/www.facebook.com\/cooltivartecom\" \/>\n<meta property=\"article:published_time\" content=\"2020-06-24T14:32:57+00:00\" \/>\n<meta property=\"article:modified_time\" content=\"2021-09-23T14:24:19+00:00\" \/>\n<meta property=\"og:image\" content=\"https:\/\/cooltivarte.com\/portal\/wp-content\/uploads\/2020\/06\/hqdefault-24.jpg\" \/>\n\t<meta property=\"og:image:width\" content=\"480\" \/>\n\t<meta property=\"og:image:height\" content=\"360\" \/>\n\t<meta property=\"og:image:type\" content=\"image\/jpeg\" \/>\n<meta name=\"author\" content=\"Cooltivarte\" \/>\n<meta name=\"twitter:card\" content=\"summary_large_image\" \/>\n<meta name=\"twitter:creator\" content=\"@https:\/\/x.com\/obolocultural\" \/>\n<meta name=\"twitter:site\" content=\"@obolocultural\" \/>\n<meta name=\"twitter:label1\" content=\"Escrito por\" \/>\n\t<meta name=\"twitter:data1\" content=\"Cooltivarte\" \/>\n<!-- \/ Yoast SEO plugin. -->","yoast_head_json":{"title":"No Te Va Gustar - El Verano Siguiente (Documental completo) - Cooltivarte Portal","description":"COOLTIVARTE.COM es un portal digital colaborativo de actualizaci\u00f3n permanente dedicado a difundir el acontecer art\u00edstico y cultural, entrevista artistas, gestores y productores de las diferentes disciplinas del arte, y publicando art\u00edculos de reflexi\u00f3n de producci\u00f3n propia sobre los elementos culturales.","robots":{"index":"index","follow":"follow","max-snippet":"max-snippet:-1","max-image-preview":"max-image-preview:large","max-video-preview":"max-video-preview:-1"},"canonical":"https:\/\/cooltivarte.com\/portal\/no-te-va-gustar-el-verano-siguiente-documental-completo\/","og_locale":"es_ES","og_type":"article","og_title":"No Te Va Gustar - El Verano Siguiente (Documental completo) - Cooltivarte Portal","og_description":"COOLTIVARTE.COM es un portal digital colaborativo de actualizaci\u00f3n permanente dedicado a difundir el acontecer art\u00edstico y cultural, entrevista artistas, gestores y productores de las diferentes disciplinas del arte, y publicando art\u00edculos de reflexi\u00f3n de producci\u00f3n propia sobre los elementos culturales.","og_url":"https:\/\/cooltivarte.com\/portal\/no-te-va-gustar-el-verano-siguiente-documental-completo\/","og_site_name":"Cooltivarte Portal","article_publisher":"https:\/\/www.facebook.com\/cooltivartecom\/","article_author":"https:\/\/www.facebook.com\/cooltivartecom","article_published_time":"2020-06-24T14:32:57+00:00","article_modified_time":"2021-09-23T14:24:19+00:00","og_image":[{"width":480,"height":360,"url":"https:\/\/cooltivarte.com\/portal\/wp-content\/uploads\/2020\/06\/hqdefault-24.jpg","type":"image\/jpeg"}],"author":"Cooltivarte","twitter_card":"summary_large_image","twitter_creator":"@https:\/\/x.com\/obolocultural","twitter_site":"@obolocultural","twitter_misc":{"Escrito por":"Cooltivarte"},"schema":{"@context":"https:\/\/schema.org","@graph":[{"@type":"NewsArticle","@id":"https:\/\/cooltivarte.com\/portal\/no-te-va-gustar-el-verano-siguiente-documental-completo\/#article","isPartOf":{"@id":"https:\/\/cooltivarte.com\/portal\/no-te-va-gustar-el-verano-siguiente-documental-completo\/"},"author":{"name":"Cooltivarte","@id":"https:\/\/cooltivarte.com\/portal\/#\/schema\/person\/ec2a4f4e71b740d0c559c0ab9a157e19"},"headline":"No Te Va Gustar &#8211; El Verano Siguiente (Documental completo)","datePublished":"2020-06-24T14:32:57+00:00","dateModified":"2021-09-23T14:24:19+00:00","mainEntityOfPage":{"@id":"https:\/\/cooltivarte.com\/portal\/no-te-va-gustar-el-verano-siguiente-documental-completo\/"},"wordCount":106,"publisher":{"@id":"https:\/\/cooltivarte.com\/portal\/#organization"},"image":{"@id":"https:\/\/cooltivarte.com\/portal\/no-te-va-gustar-el-verano-siguiente-documental-completo\/#primaryimage"},"thumbnailUrl":"https:\/\/cooltivarte.com\/portal\/wp-content\/uploads\/2020\/06\/hqdefault-24.jpg","keywords":["Documental","El Calor del Pleno Invierno","El Verano Siguiente","Fernando Cabrera","Gabriel Nicoli","Marcel Curuchet","Nicol\u00e1s Fervenza","No Te Va Gustar","NTVG","Pel\u00edcula documental"],"articleSection":["Cine y TV"],"inLanguage":"es-AR"},{"@type":"WebPage","@id":"https:\/\/cooltivarte.com\/portal\/no-te-va-gustar-el-verano-siguiente-documental-completo\/","url":"https:\/\/cooltivarte.com\/portal\/no-te-va-gustar-el-verano-siguiente-documental-completo\/","name":"No Te Va Gustar - El Verano Siguiente (Documental completo) - Cooltivarte Portal","isPartOf":{"@id":"https:\/\/cooltivarte.com\/portal\/#website"},"primaryImageOfPage":{"@id":"https:\/\/cooltivarte.com\/portal\/no-te-va-gustar-el-verano-siguiente-documental-completo\/#primaryimage"},"image":{"@id":"https:\/\/cooltivarte.com\/portal\/no-te-va-gustar-el-verano-siguiente-documental-completo\/#primaryimage"},"thumbnailUrl":"https:\/\/cooltivarte.com\/portal\/wp-content\/uploads\/2020\/06\/hqdefault-24.jpg","datePublished":"2020-06-24T14:32:57+00:00","dateModified":"2021-09-23T14:24:19+00:00","description":"COOLTIVARTE.COM es un portal digital colaborativo de actualizaci\u00f3n permanente dedicado a difundir el acontecer art\u00edstico y cultural, entrevista artistas, gestores y productores de las diferentes disciplinas del arte, y publicando art\u00edculos de reflexi\u00f3n de producci\u00f3n propia sobre los elementos culturales.","breadcrumb":{"@id":"https:\/\/cooltivarte.com\/portal\/no-te-va-gustar-el-verano-siguiente-documental-completo\/#breadcrumb"},"inLanguage":"es-AR","potentialAction":[{"@type":"ReadAction","target":["https:\/\/cooltivarte.com\/portal\/no-te-va-gustar-el-verano-siguiente-documental-completo\/"]}]},{"@type":"ImageObject","inLanguage":"es-AR","@id":"https:\/\/cooltivarte.com\/portal\/no-te-va-gustar-el-verano-siguiente-documental-completo\/#primaryimage","url":"https:\/\/cooltivarte.com\/portal\/wp-content\/uploads\/2020\/06\/hqdefault-24.jpg","contentUrl":"https:\/\/cooltivarte.com\/portal\/wp-content\/uploads\/2020\/06\/hqdefault-24.jpg","width":480,"height":360,"caption":"El Verano Siguiente Pel\u00edcula documental 2014 Documental sobre la banda uruguaya No Te Va Gustar."},{"@type":"BreadcrumbList","@id":"https:\/\/cooltivarte.com\/portal\/no-te-va-gustar-el-verano-siguiente-documental-completo\/#breadcrumb","itemListElement":[{"@type":"ListItem","position":1,"name":"Portada","item":"https:\/\/cooltivarte.com\/portal\/"},{"@type":"ListItem","position":2,"name":"No Te Va Gustar &#8211; El Verano Siguiente (Documental completo)"}]},{"@type":"WebSite","@id":"https:\/\/cooltivarte.com\/portal\/#website","url":"https:\/\/cooltivarte.com\/portal\/","name":"Cooltivarte Portal","description":"Arte, cultura y turismo para el mundo ...","publisher":{"@id":"https:\/\/cooltivarte.com\/portal\/#organization"},"potentialAction":[{"@type":"SearchAction","target":{"@type":"EntryPoint","urlTemplate":"https:\/\/cooltivarte.com\/portal\/?s={search_term_string}"},"query-input":{"@type":"PropertyValueSpecification","valueRequired":true,"valueName":"search_term_string"}}],"inLanguage":"es-AR"},{"@type":"Organization","@id":"https:\/\/cooltivarte.com\/portal\/#organization","name":"cooltivarte","url":"https:\/\/cooltivarte.com\/portal\/","logo":{"@type":"ImageObject","inLanguage":"es-AR","@id":"https:\/\/cooltivarte.com\/portal\/#\/schema\/logo\/image\/","url":"https:\/\/cooltivarte.com\/portal\/wp-content\/uploads\/2020\/04\/logo-cooltivarte-v2.png","contentUrl":"https:\/\/cooltivarte.com\/portal\/wp-content\/uploads\/2020\/04\/logo-cooltivarte-v2.png","width":851,"height":243,"caption":"cooltivarte"},"image":{"@id":"https:\/\/cooltivarte.com\/portal\/#\/schema\/logo\/image\/"},"sameAs":["https:\/\/www.facebook.com\/cooltivartecom\/","https:\/\/x.com\/obolocultural","https:\/\/www.instagram.com\/_cooltivarte_\/","https:\/\/www.linkedin.com\/company\/-bolocultural?reportsuccess=8zaNG1HwhPbAR9iQhZ5rfGeqz_vQFftHun0ZWU0Wy9vNemRJ8vtcKdJvzQfW8XagyOJSKg0XvfJ1dp","https:\/\/www.pinterest.com\/cooltivarte\/","https:\/\/cooltivarte.tumblr.com\/","https:\/\/www.tiktok.com\/@cooltivarte","https:\/\/www.youtube.com\/@PrensaCooltivarte"]},{"@type":"Person","@id":"https:\/\/cooltivarte.com\/portal\/#\/schema\/person\/ec2a4f4e71b740d0c559c0ab9a157e19","name":"Cooltivarte","image":{"@type":"ImageObject","inLanguage":"es-AR","@id":"https:\/\/cooltivarte.com\/portal\/wp-content\/uploads\/2014\/05\/logo-cooltivarte-120x120.jpg","url":"https:\/\/cooltivarte.com\/portal\/wp-content\/uploads\/2014\/05\/logo-cooltivarte-120x120.jpg","contentUrl":"https:\/\/cooltivarte.com\/portal\/wp-content\/uploads\/2014\/05\/logo-cooltivarte-120x120.jpg","caption":"Cooltivarte"},"description":"Somos COOLTIVARTE.COM. Un portal digital dedicado a difundir el acontecer art\u00edstico y cultural del Uruguay. Estamos en la vuelta desde el a\u00f1o 2003, y como evoluci\u00f3n del bolet\u00edn Obolo Cultural, nos encontramos abocados a apoyar a los artistas nacionales brind\u00e1ndoles un espacio de difusi\u00f3n. Creemos en la idea de utilizar la potencialidad que hoy d\u00eda nos otorga la web, para que la cultura uruguaya y sus creadores dispongan de una din\u00e1mica ventana, que los ponga en contacto entre s\u00ed y con el mundo. Somos COOLTIVARTE.COM y pretendemos configurarnos como un portal din\u00e1mico, entretenido y atento a los nuevos emprendimientos, que busque siempre la interacci\u00f3n con los artistas.","sameAs":["http:\/\/www.cooltivarte.com","https:\/\/www.facebook.com\/cooltivartecom","https:\/\/www.instagram.com\/_cooltivarte_\/","https:\/\/www.linkedin.com\/company\/-bolocultural","https:\/\/www.pinterest.com\/cooltivarte\/","https:\/\/x.com\/https:\/\/x.com\/obolocultural","https:\/\/www.youtube.com\/@PrensaCooltivarte","https:\/\/www.tumblr.com\/blog\/cooltivarte"],"url":"https:\/\/cooltivarte.com\/portal\/author\/cooltivarte\/"}]}},"_links":{"self":[{"href":"https:\/\/cooltivarte.com\/portal\/wp-json\/wp\/v2\/posts\/60660","targetHints":{"allow":["GET"]}}],"collection":[{"href":"https:\/\/cooltivarte.com\/portal\/wp-json\/wp\/v2\/posts"}],"about":[{"href":"https:\/\/cooltivarte.com\/portal\/wp-json\/wp\/v2\/types\/post"}],"author":[{"embeddable":true,"href":"https:\/\/cooltivarte.com\/portal\/wp-json\/wp\/v2\/users\/8"}],"replies":[{"embeddable":true,"href":"https:\/\/cooltivarte.com\/portal\/wp-json\/wp\/v2\/comments?post=60660"}],"version-history":[{"count":3,"href":"https:\/\/cooltivarte.com\/portal\/wp-json\/wp\/v2\/posts\/60660\/revisions"}],"predecessor-version":[{"id":60664,"href":"https:\/\/cooltivarte.com\/portal\/wp-json\/wp\/v2\/posts\/60660\/revisions\/60664"}],"wp:featuredmedia":[{"embeddable":true,"href":"https:\/\/cooltivarte.com\/portal\/wp-json\/wp\/v2\/media\/60662"}],"wp:attachment":[{"href":"https:\/\/cooltivarte.com\/portal\/wp-json\/wp\/v2\/media?parent=60660"}],"wp:term":[{"taxonomy":"category","embeddable":true,"href":"https:\/\/cooltivarte.com\/portal\/wp-json\/wp\/v2\/categories?post=60660"},{"taxonomy":"post_tag","embeddable":true,"href":"https:\/\/cooltivarte.com\/portal\/wp-json\/wp\/v2\/tags?post=60660"}],"curies":[{"name":"wp","href":"https:\/\/api.w.org\/{rel}","templated":true}]}}