{"id":60518,"date":"2020-06-17T15:34:10","date_gmt":"2020-06-17T18:34:10","guid":{"rendered":"https:\/\/cooltivarte.com\/portal\/?p=60518"},"modified":"2024-05-18T11:00:19","modified_gmt":"2024-05-18T14:00:19","slug":"maestro-11-2019-martin-barea-mattos-x-hora-x-dia-x-mes","status":"publish","type":"post","link":"https:\/\/cooltivarte.com\/portal\/maestro-11-2019-martin-barea-mattos-x-hora-x-dia-x-mes\/","title":{"rendered":"Maestro (11) 2019 &#8211; Mart\u00edn Barea Mattos &#038; X HORA X DIA X MES"},"content":{"rendered":"<p>La poes\u00eda no es la vida dijo mi primer maestro<br \/>\nY fui \u00faltimo maestro en la fila maestra<br \/>\nAlmanaque de aspirante<br \/>\nInvocando veintinueves de febrero<\/p>\n<p>Ocup\u00e9 todas las sillas buscando mejor luz<br \/>\nY ah\u00ed donde los puchos vi letras resignadas<br \/>\nEl silencio de los labios que ya bes\u00e9<\/p>\n<p>El silencio de los labios que ya bes\u00e9<br \/>\nel silencio<br \/>\nque ya bes\u00e9 de los labios el silencio<br \/>\nque ya bes\u00e9<\/p>\n<p>El humo en la boca no es tan grosero<br \/>\nComo la calle verde bosta<br \/>\nPradera vieja la Ciudad vieja<br \/>\nDe musgo paisajista<br \/>\nde agua contra la piedra<\/p>\n<p>Muralla<br \/>\nViejo seso fuerte donde estamos sentados<br \/>\nCincuenta cuadras de radio hacia metros<br \/>\nOleaje sin arenga<br \/>\nPuro ahogado<\/p>\n<p>El silencio de los labios que ya bes\u00e9<br \/>\nel silencio<br \/>\nque ya bes\u00e9 de los labios el silencio<br \/>\nque ya bes\u00e9<\/p>\n<p>en el plato hondo de tu sopa fr\u00eda<br \/>\nmi palabra calienta<br \/>\nla cuchara que alimenta<\/p>\n<p>El silencio de los labios que ya bes\u00e9<br \/>\nel silencio<br \/>\nque ya bes\u00e9 de los labios el silencio<br \/>\nque ya bes\u00e9<\/p>\n<p>*<\/p>\n<p>&nbsp;<\/p>\n<p><strong>TRIPULACION<\/strong><\/p>\n<p>&nbsp;<\/p>\n<p><strong>MARTIN BAREA MATTOS_ VERSO &amp; VOZ<\/strong><br \/>\n<strong>FACUNDO FERNANDEZ LUNA_ GUITARRA &amp; COROS<\/strong><br \/>\n<strong>LUJAN FERNANDEZ LUNA_ ACORDEON, FLAUTA &amp; COROS<\/strong><br \/>\n<strong>PABLO PELAO MENESES_ BATERIA &amp; COROS<\/strong><br \/>\n<strong>NICOLAS PEQUERA_ BAJO<\/strong><\/p>\n<p>Sonido_ <strong>Fabrizio Rossi<\/strong><br \/>\nLuces &amp; humo_ <strong>Nico Ciganda<\/strong><br \/>\nMontaje_ <strong>Fernando Foglino &amp; Valen Cardellino<\/strong><br \/>\nPlomo_ <strong>Palote De Brasi<\/strong><br \/>\nAudiovisual_ <strong>Nacho Seimanas<\/strong><br \/>\nFotograf\u00eda_ <strong>Federico Meneses<\/strong><\/p>\n<p>&nbsp;<\/p>\n<p>Grabado en vivo en Sala Camacu\u00e1 el 3 de setiembre de 2016<\/p>\n<p>&nbsp;<\/p>\n<p>Mezcla &amp; masterizaci\u00f3n_ El ni\u00f1o que toca fuerte_ set\/oct de 20I9.<\/p>\n<p>&nbsp;<\/p>\n<p>Todos los temas compuestos y arreglados por:<br \/>\nMARTIN BAREA MATTOS &amp; FACUNDO FERNANDEZ LUNA<\/p>\n","protected":false},"excerpt":{"rendered":"<p>MARTIN BAREA MATTOS_ VERSO &#038; VOZ FACUNDO FERNANDEZ LUNA_ GUITARRA &#038; COROS LUJAN FERNANDEZ LUNA_ ACORDEON, FLAUTA &#038; COROS PABLO PELAO MENESES_ BATERIA &#038; COROS NICOLAS PEQUERA_ BAJO<\/p>\n","protected":false},"author":8,"featured_media":60520,"comment_status":"closed","ping_status":"closed","sticky":false,"template":"","format":"video","meta":{"om_disable_all_campaigns":false,"ngg_post_thumbnail":0,"jnews-multi-image_gallery":[],"jnews_single_post":{"subtitle":"","format":"video","video":"https:\/\/youtu.be\/zjL44f7IGW8","gallery":"","source_name":"","source_url":"","via_name":"","via_url":"","override_template":"0","override":[{"template":"1","single_blog_custom":"","parallax":"1","fullscreen":"1","layout":"right-sidebar","sidebar":"default-sidebar","second_sidebar":"default-sidebar","sticky_sidebar":"1","share_position":"top","share_float_style":"share-monocrhome","show_share_counter":"1","show_view_counter":"1","show_featured":"1","show_post_meta":"1","show_post_author":"1","show_post_author_image":"1","show_post_date":"1","post_date_format":"default","post_date_format_custom":"Y\/m\/d","show_post_category":"1","show_post_reading_time":"0","post_reading_time_wpm":"300","show_zoom_button":"0","zoom_button_out_step":"2","zoom_button_in_step":"3","show_post_tag":"1","show_prev_next_post":"1","show_popup_post":"1","number_popup_post":"1","show_author_box":"0","show_post_related":"0","show_inline_post_related":"0"}],"override_image_size":"0","image_override":[{"single_post_thumbnail_size":"crop-500","single_post_gallery_size":"crop-500"}],"trending_post":"0","trending_post_position":"meta","trending_post_label":"Trending","sponsored_post":"0","sponsored_post_label":"Sponsored by","sponsored_post_name":"","sponsored_post_url":"","sponsored_post_logo_enable":"0","sponsored_post_logo":"","sponsored_post_desc":"","disable_ad":"0"},"jnews_primary_category":{"id":"","hide":""},"jnews_social_meta":{"fb_title":"","fb_description":"","fb_image":"","twitter_title":"","twitter_description":"","twitter_image":""},"jnews_override_counter":{"override_view_counter":"0","view_counter_number":"0","override_share_counter":"0","share_counter_number":"0","override_like_counter":"0","like_counter_number":"0","override_dislike_counter":"0","dislike_counter_number":"0"},"footnotes":""},"categories":[55],"tags":[6851,11357,1591,6852,9487,8490],"class_list":["post-60518","post","type-post","status-publish","format-video","has-post-thumbnail","hentry","category-poesia","tag-facundo-fernandez-luna","tag-lujan-fernandez-luna","tag-martin-barea-mattos","tag-nicolas-pequera","tag-pablo-pelao-meneses","tag-x-hora-x-dia-x-mes","post_format-post-format-video"],"yoast_head":"<!-- This site is optimized with the Yoast SEO plugin v27.5 - https:\/\/yoast.com\/product\/yoast-seo-wordpress\/ -->\n<title>Maestro (11) 2019 - Mart\u00edn Barea Mattos &amp; X HORA X DIA X MES - Cooltivarte Portal<\/title>\n<meta name=\"description\" content=\"MARTIN BAREA MATTOS_ VERSO &amp; VOZ FACUNDO FERNANDEZ LUNA_ GUITARRA &amp; COROS LUJAN FERNANDEZ LUNA_ ACORDEON, FLAUTA &amp; COROS PABLO PELAO MENESES_ BATERIA &amp; COROS NICOLAS PEQUERA_ BAJO\" \/>\n<meta name=\"robots\" content=\"index, follow, max-snippet:-1, max-image-preview:large, max-video-preview:-1\" \/>\n<link rel=\"canonical\" href=\"https:\/\/cooltivarte.com\/portal\/maestro-11-2019-martin-barea-mattos-x-hora-x-dia-x-mes\/\" \/>\n<meta property=\"og:locale\" content=\"es_ES\" \/>\n<meta property=\"og:type\" content=\"article\" \/>\n<meta property=\"og:title\" content=\"Maestro (11) 2019 - Mart\u00edn Barea Mattos &amp; X HORA X DIA X MES - Cooltivarte Portal\" \/>\n<meta property=\"og:description\" content=\"MARTIN BAREA MATTOS_ VERSO &amp; VOZ FACUNDO FERNANDEZ LUNA_ GUITARRA &amp; COROS LUJAN FERNANDEZ LUNA_ ACORDEON, FLAUTA &amp; COROS PABLO PELAO MENESES_ BATERIA &amp; COROS NICOLAS PEQUERA_ BAJO\" \/>\n<meta property=\"og:url\" content=\"https:\/\/cooltivarte.com\/portal\/maestro-11-2019-martin-barea-mattos-x-hora-x-dia-x-mes\/\" \/>\n<meta property=\"og:site_name\" content=\"Cooltivarte Portal\" \/>\n<meta property=\"article:publisher\" content=\"https:\/\/www.facebook.com\/cooltivartecom\/\" \/>\n<meta property=\"article:author\" content=\"https:\/\/www.facebook.com\/cooltivartecom\" \/>\n<meta property=\"article:published_time\" content=\"2020-06-17T18:34:10+00:00\" \/>\n<meta property=\"article:modified_time\" content=\"2024-05-18T14:00:19+00:00\" \/>\n<meta property=\"og:image\" content=\"https:\/\/cooltivarte.com\/portal\/wp-content\/uploads\/2020\/06\/hqdefault-14.jpg\" \/>\n\t<meta property=\"og:image:width\" content=\"480\" \/>\n\t<meta property=\"og:image:height\" content=\"360\" \/>\n\t<meta property=\"og:image:type\" content=\"image\/jpeg\" \/>\n<meta name=\"author\" content=\"Cooltivarte\" \/>\n<meta name=\"twitter:card\" content=\"summary_large_image\" \/>\n<meta name=\"twitter:creator\" content=\"@https:\/\/x.com\/obolocultural\" \/>\n<meta name=\"twitter:site\" content=\"@obolocultural\" \/>\n<meta name=\"twitter:label1\" content=\"Escrito por\" \/>\n\t<meta name=\"twitter:data1\" content=\"Cooltivarte\" \/>\n\t<meta name=\"twitter:label2\" content=\"Tiempo de lectura\" \/>\n\t<meta name=\"twitter:data2\" content=\"2 minutos\" \/>\n<!-- \/ Yoast SEO plugin. -->","yoast_head_json":{"title":"Maestro (11) 2019 - Mart\u00edn Barea Mattos & X HORA X DIA X MES - Cooltivarte Portal","description":"MARTIN BAREA MATTOS_ VERSO & VOZ FACUNDO FERNANDEZ LUNA_ GUITARRA & COROS LUJAN FERNANDEZ LUNA_ ACORDEON, FLAUTA & COROS PABLO PELAO MENESES_ BATERIA & COROS NICOLAS PEQUERA_ BAJO","robots":{"index":"index","follow":"follow","max-snippet":"max-snippet:-1","max-image-preview":"max-image-preview:large","max-video-preview":"max-video-preview:-1"},"canonical":"https:\/\/cooltivarte.com\/portal\/maestro-11-2019-martin-barea-mattos-x-hora-x-dia-x-mes\/","og_locale":"es_ES","og_type":"article","og_title":"Maestro (11) 2019 - Mart\u00edn Barea Mattos & X HORA X DIA X MES - Cooltivarte Portal","og_description":"MARTIN BAREA MATTOS_ VERSO & VOZ FACUNDO FERNANDEZ LUNA_ GUITARRA & COROS LUJAN FERNANDEZ LUNA_ ACORDEON, FLAUTA & COROS PABLO PELAO MENESES_ BATERIA & COROS NICOLAS PEQUERA_ BAJO","og_url":"https:\/\/cooltivarte.com\/portal\/maestro-11-2019-martin-barea-mattos-x-hora-x-dia-x-mes\/","og_site_name":"Cooltivarte Portal","article_publisher":"https:\/\/www.facebook.com\/cooltivartecom\/","article_author":"https:\/\/www.facebook.com\/cooltivartecom","article_published_time":"2020-06-17T18:34:10+00:00","article_modified_time":"2024-05-18T14:00:19+00:00","og_image":[{"width":480,"height":360,"url":"https:\/\/cooltivarte.com\/portal\/wp-content\/uploads\/2020\/06\/hqdefault-14.jpg","type":"image\/jpeg"}],"author":"Cooltivarte","twitter_card":"summary_large_image","twitter_creator":"@https:\/\/x.com\/obolocultural","twitter_site":"@obolocultural","twitter_misc":{"Escrito por":"Cooltivarte","Tiempo de lectura":"2 minutos"},"schema":{"@context":"https:\/\/schema.org","@graph":[{"@type":"NewsArticle","@id":"https:\/\/cooltivarte.com\/portal\/maestro-11-2019-martin-barea-mattos-x-hora-x-dia-x-mes\/#article","isPartOf":{"@id":"https:\/\/cooltivarte.com\/portal\/maestro-11-2019-martin-barea-mattos-x-hora-x-dia-x-mes\/"},"author":{"name":"Cooltivarte","@id":"https:\/\/cooltivarte.com\/portal\/#\/schema\/person\/ec2a4f4e71b740d0c559c0ab9a157e19"},"headline":"Maestro (11) 2019 &#8211; Mart\u00edn Barea Mattos &#038; X HORA X DIA X MES","datePublished":"2020-06-17T18:34:10+00:00","dateModified":"2024-05-18T14:00:19+00:00","mainEntityOfPage":{"@id":"https:\/\/cooltivarte.com\/portal\/maestro-11-2019-martin-barea-mattos-x-hora-x-dia-x-mes\/"},"wordCount":282,"publisher":{"@id":"https:\/\/cooltivarte.com\/portal\/#organization"},"image":{"@id":"https:\/\/cooltivarte.com\/portal\/maestro-11-2019-martin-barea-mattos-x-hora-x-dia-x-mes\/#primaryimage"},"thumbnailUrl":"https:\/\/cooltivarte.com\/portal\/wp-content\/uploads\/2020\/06\/hqdefault-14.jpg","keywords":["Facundo Fern\u00e1ndez Luna","Luj\u00e1n Fern\u00e1ndez Luna","Mart\u00cdn Barea Mattos","Nicol\u00e1s Pequera","Pablo Pelao Meneses","X HORA X DIA X MES"],"articleSection":["Poetas"],"inLanguage":"es-AR"},{"@type":"WebPage","@id":"https:\/\/cooltivarte.com\/portal\/maestro-11-2019-martin-barea-mattos-x-hora-x-dia-x-mes\/","url":"https:\/\/cooltivarte.com\/portal\/maestro-11-2019-martin-barea-mattos-x-hora-x-dia-x-mes\/","name":"Maestro (11) 2019 - Mart\u00edn Barea Mattos & X HORA X DIA X MES - Cooltivarte Portal","isPartOf":{"@id":"https:\/\/cooltivarte.com\/portal\/#website"},"primaryImageOfPage":{"@id":"https:\/\/cooltivarte.com\/portal\/maestro-11-2019-martin-barea-mattos-x-hora-x-dia-x-mes\/#primaryimage"},"image":{"@id":"https:\/\/cooltivarte.com\/portal\/maestro-11-2019-martin-barea-mattos-x-hora-x-dia-x-mes\/#primaryimage"},"thumbnailUrl":"https:\/\/cooltivarte.com\/portal\/wp-content\/uploads\/2020\/06\/hqdefault-14.jpg","datePublished":"2020-06-17T18:34:10+00:00","dateModified":"2024-05-18T14:00:19+00:00","description":"MARTIN BAREA MATTOS_ VERSO & VOZ FACUNDO FERNANDEZ LUNA_ GUITARRA & COROS LUJAN FERNANDEZ LUNA_ ACORDEON, FLAUTA & COROS PABLO PELAO MENESES_ BATERIA & COROS NICOLAS PEQUERA_ BAJO","breadcrumb":{"@id":"https:\/\/cooltivarte.com\/portal\/maestro-11-2019-martin-barea-mattos-x-hora-x-dia-x-mes\/#breadcrumb"},"inLanguage":"es-AR","potentialAction":[{"@type":"ReadAction","target":["https:\/\/cooltivarte.com\/portal\/maestro-11-2019-martin-barea-mattos-x-hora-x-dia-x-mes\/"]}]},{"@type":"ImageObject","inLanguage":"es-AR","@id":"https:\/\/cooltivarte.com\/portal\/maestro-11-2019-martin-barea-mattos-x-hora-x-dia-x-mes\/#primaryimage","url":"https:\/\/cooltivarte.com\/portal\/wp-content\/uploads\/2020\/06\/hqdefault-14.jpg","contentUrl":"https:\/\/cooltivarte.com\/portal\/wp-content\/uploads\/2020\/06\/hqdefault-14.jpg","width":480,"height":360,"caption":"Maestro (11) 20I9 - Mart\u00edn Barea Mattos & X HORA X DIA X MES"},{"@type":"BreadcrumbList","@id":"https:\/\/cooltivarte.com\/portal\/maestro-11-2019-martin-barea-mattos-x-hora-x-dia-x-mes\/#breadcrumb","itemListElement":[{"@type":"ListItem","position":1,"name":"Portada","item":"https:\/\/cooltivarte.com\/portal\/"},{"@type":"ListItem","position":2,"name":"Maestro (11) 2019 &#8211; Mart\u00edn Barea Mattos &#038; X HORA X DIA X MES"}]},{"@type":"WebSite","@id":"https:\/\/cooltivarte.com\/portal\/#website","url":"https:\/\/cooltivarte.com\/portal\/","name":"Cooltivarte Portal","description":"Arte, cultura y turismo para el mundo ...","publisher":{"@id":"https:\/\/cooltivarte.com\/portal\/#organization"},"potentialAction":[{"@type":"SearchAction","target":{"@type":"EntryPoint","urlTemplate":"https:\/\/cooltivarte.com\/portal\/?s={search_term_string}"},"query-input":{"@type":"PropertyValueSpecification","valueRequired":true,"valueName":"search_term_string"}}],"inLanguage":"es-AR"},{"@type":"Organization","@id":"https:\/\/cooltivarte.com\/portal\/#organization","name":"cooltivarte","url":"https:\/\/cooltivarte.com\/portal\/","logo":{"@type":"ImageObject","inLanguage":"es-AR","@id":"https:\/\/cooltivarte.com\/portal\/#\/schema\/logo\/image\/","url":"https:\/\/cooltivarte.com\/portal\/wp-content\/uploads\/2020\/04\/logo-cooltivarte-v2.png","contentUrl":"https:\/\/cooltivarte.com\/portal\/wp-content\/uploads\/2020\/04\/logo-cooltivarte-v2.png","width":851,"height":243,"caption":"cooltivarte"},"image":{"@id":"https:\/\/cooltivarte.com\/portal\/#\/schema\/logo\/image\/"},"sameAs":["https:\/\/www.facebook.com\/cooltivartecom\/","https:\/\/x.com\/obolocultural","https:\/\/www.instagram.com\/_cooltivarte_\/","https:\/\/www.linkedin.com\/company\/-bolocultural?reportsuccess=8zaNG1HwhPbAR9iQhZ5rfGeqz_vQFftHun0ZWU0Wy9vNemRJ8vtcKdJvzQfW8XagyOJSKg0XvfJ1dp","https:\/\/www.pinterest.com\/cooltivarte\/","https:\/\/cooltivarte.tumblr.com\/","https:\/\/www.tiktok.com\/@cooltivarte","https:\/\/www.youtube.com\/@PrensaCooltivarte"]},{"@type":"Person","@id":"https:\/\/cooltivarte.com\/portal\/#\/schema\/person\/ec2a4f4e71b740d0c559c0ab9a157e19","name":"Cooltivarte","image":{"@type":"ImageObject","inLanguage":"es-AR","@id":"https:\/\/cooltivarte.com\/portal\/wp-content\/uploads\/2014\/05\/logo-cooltivarte-120x120.jpg","url":"https:\/\/cooltivarte.com\/portal\/wp-content\/uploads\/2014\/05\/logo-cooltivarte-120x120.jpg","contentUrl":"https:\/\/cooltivarte.com\/portal\/wp-content\/uploads\/2014\/05\/logo-cooltivarte-120x120.jpg","caption":"Cooltivarte"},"description":"Somos COOLTIVARTE.COM. Un portal digital dedicado a difundir el acontecer art\u00edstico y cultural del Uruguay. Estamos en la vuelta desde el a\u00f1o 2003, y como evoluci\u00f3n del bolet\u00edn Obolo Cultural, nos encontramos abocados a apoyar a los artistas nacionales brind\u00e1ndoles un espacio de difusi\u00f3n. Creemos en la idea de utilizar la potencialidad que hoy d\u00eda nos otorga la web, para que la cultura uruguaya y sus creadores dispongan de una din\u00e1mica ventana, que los ponga en contacto entre s\u00ed y con el mundo. Somos COOLTIVARTE.COM y pretendemos configurarnos como un portal din\u00e1mico, entretenido y atento a los nuevos emprendimientos, que busque siempre la interacci\u00f3n con los artistas.","sameAs":["http:\/\/www.cooltivarte.com","https:\/\/www.facebook.com\/cooltivartecom","https:\/\/www.instagram.com\/_cooltivarte_\/","https:\/\/www.linkedin.com\/company\/-bolocultural","https:\/\/www.pinterest.com\/cooltivarte\/","https:\/\/x.com\/https:\/\/x.com\/obolocultural","https:\/\/www.youtube.com\/@PrensaCooltivarte","https:\/\/www.tumblr.com\/blog\/cooltivarte"],"url":"https:\/\/cooltivarte.com\/portal\/author\/cooltivarte\/"}]}},"_links":{"self":[{"href":"https:\/\/cooltivarte.com\/portal\/wp-json\/wp\/v2\/posts\/60518","targetHints":{"allow":["GET"]}}],"collection":[{"href":"https:\/\/cooltivarte.com\/portal\/wp-json\/wp\/v2\/posts"}],"about":[{"href":"https:\/\/cooltivarte.com\/portal\/wp-json\/wp\/v2\/types\/post"}],"author":[{"embeddable":true,"href":"https:\/\/cooltivarte.com\/portal\/wp-json\/wp\/v2\/users\/8"}],"replies":[{"embeddable":true,"href":"https:\/\/cooltivarte.com\/portal\/wp-json\/wp\/v2\/comments?post=60518"}],"version-history":[{"count":4,"href":"https:\/\/cooltivarte.com\/portal\/wp-json\/wp\/v2\/posts\/60518\/revisions"}],"predecessor-version":[{"id":102311,"href":"https:\/\/cooltivarte.com\/portal\/wp-json\/wp\/v2\/posts\/60518\/revisions\/102311"}],"wp:featuredmedia":[{"embeddable":true,"href":"https:\/\/cooltivarte.com\/portal\/wp-json\/wp\/v2\/media\/60520"}],"wp:attachment":[{"href":"https:\/\/cooltivarte.com\/portal\/wp-json\/wp\/v2\/media?parent=60518"}],"wp:term":[{"taxonomy":"category","embeddable":true,"href":"https:\/\/cooltivarte.com\/portal\/wp-json\/wp\/v2\/categories?post=60518"},{"taxonomy":"post_tag","embeddable":true,"href":"https:\/\/cooltivarte.com\/portal\/wp-json\/wp\/v2\/tags?post=60518"}],"curies":[{"name":"wp","href":"https:\/\/api.w.org\/{rel}","templated":true}]}}