{"id":60188,"date":"2020-05-19T09:38:57","date_gmt":"2020-05-19T12:38:57","guid":{"rendered":"https:\/\/cooltivarte.com\/portal\/?p=60188"},"modified":"2021-10-27T11:12:06","modified_gmt":"2021-10-27T14:12:06","slug":"ignacio-echeverria-el-hombre-avispa","status":"publish","type":"post","link":"https:\/\/cooltivarte.com\/portal\/ignacio-echeverria-el-hombre-avispa\/","title":{"rendered":"Ignacio Echeverr\u00eda &#8211; El Hombre avispa"},"content":{"rendered":"<p><strong>El hombre avispa \u201cPerro Lunar\u201d<\/strong><\/p>\n<p><img fetchpriority=\"high\" decoding=\"async\" class=\"wp-image-60191 size-medium\" src=\"https:\/\/cooltivarte.com\/portal\/wp-content\/uploads\/2020\/05\/hombre-avispa-tapa-Ignacio-Echeverr\u00eda-300x300.jpg\" alt=\"Ignacio Echeverr\u00eda- El Hombre avispa\" width=\"300\" height=\"300\" srcset=\"https:\/\/cooltivarte.com\/portal\/wp-content\/uploads\/2020\/05\/hombre-avispa-tapa-Ignacio-Echeverr\u00eda-300x300.jpg 300w, https:\/\/cooltivarte.com\/portal\/wp-content\/uploads\/2020\/05\/hombre-avispa-tapa-Ignacio-Echeverr\u00eda-150x150.jpg 150w, https:\/\/cooltivarte.com\/portal\/wp-content\/uploads\/2020\/05\/hombre-avispa-tapa-Ignacio-Echeverr\u00eda-120x120.jpg 120w, https:\/\/cooltivarte.com\/portal\/wp-content\/uploads\/2020\/05\/hombre-avispa-tapa-Ignacio-Echeverr\u00eda.jpg 560w\" sizes=\"(max-width: 300px) 100vw, 300px\" \/><br \/>\nTapa &#8211; El Hombre avispa &#8211; Ignacio Echeverr\u00eda<\/p>\n<p>&nbsp;<\/p>\n<p><strong><a href=\"https:\/\/cooltivarte.com\/portal\/?s=Ignacio+Echeverr%C3%ADa\">Ignacio Echeverr\u00eda <\/a><\/strong>quien desde el 2015 es bajista de <a href=\"https:\/\/cooltivarte.com\/portal\/?s=Buenos+Muchachos\">Buenos Muchachos<\/a> y desde el 2016 tambi\u00e9n se ocupa del bajo en <a href=\"https:\/\/cooltivarte.com\/portal\/?s=Mandrake+y+Los+Druidas\">Mandrake y Los Druidas<\/a>, lleva su carrera en solitario bajo la entidad de \u201c<strong>El Hombre Avispa<\/strong>\u201d. Bajo ese nombre lleva editado 2 trabajos, un EP hom\u00f3nimo del 2016 donde volc\u00f3 5 canciones en un formato ac\u00fastico y \u201c<strong>Perro Lunar<\/strong>\u201d su m\u00e1s reciente disco, que vio luz en las distintas plataformas digitales en marzo de este a\u00f1o.<\/p>\n<p>Un disco donde tom\u00f3 la posta de todos los instrumentos y sonidos que se aprecian en las 8 canciones que hacen a este trabajo, donde juega con atm\u00f3sferas y texturas entre el blues y el folk, y donde el temple de su voz defiende muy bien letras cargadas de poes\u00edas introspectivas, que ha venido alimentando en base a literatura y a nuevos h\u00e1bitos de escritura, algo que en el pasado seg\u00fan nos cuenta no ejercitaba seguido, o no por lo menos con la presi\u00f3n de hacerlo, ya que la m\u00fasica pasaba por otros lugares. La producci\u00f3n de este trabajo la llevo guardada celosamente para lograr que aquellas ideas originales coincidieran con el trabajo final, objetivo logrado, salvo en la producci\u00f3n del arte que trabaj\u00f3 con Elis Montagne en paralelo.<\/p>\n<p>Por razones obvias la presentaci\u00f3n de este trabajo se vio interrumpida por el contexto que vivimos, aunque nos cuenta viene aprovechando los espacios de confinamiento para trabajar en nuevas canciones.<br \/>\nLos invitamos a escuchar la nota que se desprendi\u00f3 de la charla con<strong> Ignacio Echeverr\u00eda<\/strong>, el hombre avispa y les recordamos que \u201cPerro Lunar\u201d est\u00e1 presente en plataformas digitales.<\/p>\n<p>&nbsp;<br \/>\n<iframe src=\"https:\/\/archive.org\/embed\/16-05-20-el-hombre-avispa-perro-lunar\" allowfullscreen=\"allowfullscreen\" width=\"500\" height=\"140\" frameborder=\"0\"><\/iframe><\/p>\n<p>&nbsp;<\/p>\n<p>&nbsp;<\/p>\n<p><iframe src=\"https:\/\/open.spotify.com\/embed\/album\/2HCLSb3Sde2oxOAf9Snz21?utm_source=generator\" allowfullscreen=\"allowfullscreen\" width=\"100%\" height=\"380\" frameborder=\"0\"><\/iframe><\/p>\n<p>&nbsp;<\/p>\n<p>&nbsp;<\/p>\n<p><iframe src=\"https:\/\/www.youtube.com\/embed\/1EBhyXJBEbs\" allowfullscreen=\"allowfullscreen\" width=\"560\" height=\"315\" frameborder=\"0\"><\/iframe><\/p>\n<p>&nbsp;<\/p>\n<p>&nbsp;<\/p>\n<p>Texto:&nbsp;<a href=\"https:\/\/www.instagram.com\/paralelosuni\/\" target=\"_blank\" rel=\"noopener\">Universos Paralelos<\/a><br \/>\nFacebook:&nbsp;<a href=\"https:\/\/web.facebook.com\/pg\/UniversosParalelosRadio\/posts\/?ref=page_internal\" target=\"_blank\" rel=\"noopener\">@universosparalelosradio<\/a><\/p>\n<p>&nbsp;<\/p>\n<p>&nbsp;<\/p>\n","protected":false},"excerpt":{"rendered":"<p>El hombre avispa \u201cPerro Lunar\u201d Tapa &#8211; El Hombre avispa &#8211; Ignacio Echeverr\u00eda &nbsp; Ignacio Echeverr\u00eda quien desde el 2015 es bajista de Buenos Muchachos y desde el 2016 tambi\u00e9n se ocupa del bajo en Mandrake y Los Druidas, lleva su carrera en solitario bajo la entidad de \u201cEl Hombre Avispa\u201d. Bajo ese nombre lleva [&hellip;]<\/p>\n","protected":false},"author":8,"featured_media":60190,"comment_status":"closed","ping_status":"closed","sticky":false,"template":"","format":"standard","meta":{"om_disable_all_campaigns":false,"ngg_post_thumbnail":0,"jnews-multi-image_gallery":[],"jnews_single_post":{"subtitle":"","format":"standard","video":"","gallery":"","source_name":"","source_url":"","via_name":"","via_url":"","override_template":"0","override":[{"template":"1","single_blog_custom":"","parallax":"1","fullscreen":"1","layout":"right-sidebar","sidebar":"default-sidebar","second_sidebar":"default-sidebar","sticky_sidebar":"1","share_position":"top","share_float_style":"share-monocrhome","show_share_counter":"1","show_view_counter":"1","show_featured":"1","show_post_meta":"1","show_post_author":"1","show_post_author_image":"1","show_post_date":"1","post_date_format":"default","post_date_format_custom":"Y\/m\/d","show_post_category":"1","show_post_reading_time":"0","post_reading_time_wpm":"300","show_zoom_button":"0","zoom_button_out_step":"2","zoom_button_in_step":"3","show_post_tag":"1","show_prev_next_post":"1","show_popup_post":"1","number_popup_post":"1","show_author_box":"0","show_post_related":"0","show_inline_post_related":"0"}],"override_image_size":"0","image_override":[{"single_post_thumbnail_size":"crop-500","single_post_gallery_size":"crop-500"}],"trending_post":"0","trending_post_position":"meta","trending_post_label":"Trending","sponsored_post":"0","sponsored_post_label":"Sponsored by","sponsored_post_name":"","sponsored_post_url":"","sponsored_post_logo_enable":"0","sponsored_post_logo":"","sponsored_post_desc":""},"jnews_primary_category":{"id":""},"jnews_social_meta":{"fb_title":"","fb_description":"","fb_image":"","twitter_title":"","twitter_description":"","twitter_image":""},"jnews_override_counter":{"override_view_counter":"0","view_counter_number":"0","override_share_counter":"0","share_counter_number":"0","override_like_counter":"0","like_counter_number":"0","override_dislike_counter":"0","dislike_counter_number":"0"},"footnotes":""},"categories":[73],"tags":[189,11591,2399,5271,11592],"class_list":["post-60188","post","type-post","status-publish","format-standard","has-post-thumbnail","hentry","category-discos","tag-buenos-muchachos","tag-el-hombre-avispa","tag-ignacio-echeverria","tag-mandrake-y-los-druidas","tag-perro-lunar"],"yoast_head":"<!-- This site is optimized with the Yoast SEO plugin v27.5 - https:\/\/yoast.com\/product\/yoast-seo-wordpress\/ -->\n<title>Ignacio Echeverr\u00eda - El Hombre avispa - Cooltivarte Portal<\/title>\n<meta name=\"description\" content=\"COOLTIVARTE.COM es un portal digital colaborativo de actualizaci\u00f3n permanente dedicado a difundir el acontecer art\u00edstico y cultural, entrevista artistas, gestores y productores de las diferentes disciplinas del arte, y publicando art\u00edculos de reflexi\u00f3n de producci\u00f3n propia sobre los elementos culturales.\" \/>\n<meta name=\"robots\" content=\"index, follow, max-snippet:-1, max-image-preview:large, max-video-preview:-1\" \/>\n<link rel=\"canonical\" href=\"https:\/\/cooltivarte.com\/portal\/ignacio-echeverria-el-hombre-avispa\/\" \/>\n<meta property=\"og:locale\" content=\"es_ES\" \/>\n<meta property=\"og:type\" content=\"article\" \/>\n<meta property=\"og:title\" content=\"Ignacio Echeverr\u00eda - El Hombre avispa - Cooltivarte Portal\" \/>\n<meta property=\"og:description\" content=\"COOLTIVARTE.COM es un portal digital colaborativo de actualizaci\u00f3n permanente dedicado a difundir el acontecer art\u00edstico y cultural, entrevista artistas, gestores y productores de las diferentes disciplinas del arte, y publicando art\u00edculos de reflexi\u00f3n de producci\u00f3n propia sobre los elementos culturales.\" \/>\n<meta property=\"og:url\" content=\"https:\/\/cooltivarte.com\/portal\/ignacio-echeverria-el-hombre-avispa\/\" \/>\n<meta property=\"og:site_name\" content=\"Cooltivarte Portal\" \/>\n<meta property=\"article:publisher\" content=\"https:\/\/www.facebook.com\/cooltivartecom\/\" \/>\n<meta property=\"article:author\" content=\"https:\/\/www.facebook.com\/cooltivartecom\" \/>\n<meta property=\"article:published_time\" content=\"2020-05-19T12:38:57+00:00\" \/>\n<meta property=\"article:modified_time\" content=\"2021-10-27T14:12:06+00:00\" \/>\n<meta property=\"og:image\" content=\"https:\/\/cooltivarte.com\/portal\/wp-content\/uploads\/2020\/05\/Ignacio-Echeverr\u00eda-El-Hombre-avispa.jpg\" \/>\n\t<meta property=\"og:image:width\" content=\"958\" \/>\n\t<meta property=\"og:image:height\" content=\"640\" \/>\n\t<meta property=\"og:image:type\" content=\"image\/jpeg\" \/>\n<meta name=\"author\" content=\"Cooltivarte\" \/>\n<meta name=\"twitter:card\" content=\"summary_large_image\" \/>\n<meta name=\"twitter:creator\" content=\"@https:\/\/x.com\/obolocultural\" \/>\n<meta name=\"twitter:site\" content=\"@obolocultural\" \/>\n<meta name=\"twitter:label1\" content=\"Escrito por\" \/>\n\t<meta name=\"twitter:data1\" content=\"Cooltivarte\" \/>\n\t<meta name=\"twitter:label2\" content=\"Tiempo de lectura\" \/>\n\t<meta name=\"twitter:data2\" content=\"2 minutos\" \/>\n<!-- \/ Yoast SEO plugin. -->","yoast_head_json":{"title":"Ignacio Echeverr\u00eda - El Hombre avispa - Cooltivarte Portal","description":"COOLTIVARTE.COM es un portal digital colaborativo de actualizaci\u00f3n permanente dedicado a difundir el acontecer art\u00edstico y cultural, entrevista artistas, gestores y productores de las diferentes disciplinas del arte, y publicando art\u00edculos de reflexi\u00f3n de producci\u00f3n propia sobre los elementos culturales.","robots":{"index":"index","follow":"follow","max-snippet":"max-snippet:-1","max-image-preview":"max-image-preview:large","max-video-preview":"max-video-preview:-1"},"canonical":"https:\/\/cooltivarte.com\/portal\/ignacio-echeverria-el-hombre-avispa\/","og_locale":"es_ES","og_type":"article","og_title":"Ignacio Echeverr\u00eda - El Hombre avispa - Cooltivarte Portal","og_description":"COOLTIVARTE.COM es un portal digital colaborativo de actualizaci\u00f3n permanente dedicado a difundir el acontecer art\u00edstico y cultural, entrevista artistas, gestores y productores de las diferentes disciplinas del arte, y publicando art\u00edculos de reflexi\u00f3n de producci\u00f3n propia sobre los elementos culturales.","og_url":"https:\/\/cooltivarte.com\/portal\/ignacio-echeverria-el-hombre-avispa\/","og_site_name":"Cooltivarte Portal","article_publisher":"https:\/\/www.facebook.com\/cooltivartecom\/","article_author":"https:\/\/www.facebook.com\/cooltivartecom","article_published_time":"2020-05-19T12:38:57+00:00","article_modified_time":"2021-10-27T14:12:06+00:00","og_image":[{"width":958,"height":640,"url":"https:\/\/cooltivarte.com\/portal\/wp-content\/uploads\/2020\/05\/Ignacio-Echeverr\u00eda-El-Hombre-avispa.jpg","type":"image\/jpeg"}],"author":"Cooltivarte","twitter_card":"summary_large_image","twitter_creator":"@https:\/\/x.com\/obolocultural","twitter_site":"@obolocultural","twitter_misc":{"Escrito por":"Cooltivarte","Tiempo de lectura":"2 minutos"},"schema":{"@context":"https:\/\/schema.org","@graph":[{"@type":"NewsArticle","@id":"https:\/\/cooltivarte.com\/portal\/ignacio-echeverria-el-hombre-avispa\/#article","isPartOf":{"@id":"https:\/\/cooltivarte.com\/portal\/ignacio-echeverria-el-hombre-avispa\/"},"author":{"name":"Cooltivarte","@id":"https:\/\/cooltivarte.com\/portal\/#\/schema\/person\/ec2a4f4e71b740d0c559c0ab9a157e19"},"headline":"Ignacio Echeverr\u00eda &#8211; El Hombre avispa","datePublished":"2020-05-19T12:38:57+00:00","dateModified":"2021-10-27T14:12:06+00:00","mainEntityOfPage":{"@id":"https:\/\/cooltivarte.com\/portal\/ignacio-echeverria-el-hombre-avispa\/"},"wordCount":313,"publisher":{"@id":"https:\/\/cooltivarte.com\/portal\/#organization"},"image":{"@id":"https:\/\/cooltivarte.com\/portal\/ignacio-echeverria-el-hombre-avispa\/#primaryimage"},"thumbnailUrl":"https:\/\/cooltivarte.com\/portal\/wp-content\/uploads\/2020\/05\/Ignacio-Echeverr\u00eda-El-Hombre-avispa.jpg","keywords":["Buenos Muchachos","El hombre avispa","Ignacio Echeverr\u00eda","MANDRAKE Y LOS DRUIDAS","Perro Lunar"],"articleSection":["Discos"],"inLanguage":"es-AR"},{"@type":"WebPage","@id":"https:\/\/cooltivarte.com\/portal\/ignacio-echeverria-el-hombre-avispa\/","url":"https:\/\/cooltivarte.com\/portal\/ignacio-echeverria-el-hombre-avispa\/","name":"Ignacio Echeverr\u00eda - El Hombre avispa - Cooltivarte Portal","isPartOf":{"@id":"https:\/\/cooltivarte.com\/portal\/#website"},"primaryImageOfPage":{"@id":"https:\/\/cooltivarte.com\/portal\/ignacio-echeverria-el-hombre-avispa\/#primaryimage"},"image":{"@id":"https:\/\/cooltivarte.com\/portal\/ignacio-echeverria-el-hombre-avispa\/#primaryimage"},"thumbnailUrl":"https:\/\/cooltivarte.com\/portal\/wp-content\/uploads\/2020\/05\/Ignacio-Echeverr\u00eda-El-Hombre-avispa.jpg","datePublished":"2020-05-19T12:38:57+00:00","dateModified":"2021-10-27T14:12:06+00:00","description":"COOLTIVARTE.COM es un portal digital colaborativo de actualizaci\u00f3n permanente dedicado a difundir el acontecer art\u00edstico y cultural, entrevista artistas, gestores y productores de las diferentes disciplinas del arte, y publicando art\u00edculos de reflexi\u00f3n de producci\u00f3n propia sobre los elementos culturales.","breadcrumb":{"@id":"https:\/\/cooltivarte.com\/portal\/ignacio-echeverria-el-hombre-avispa\/#breadcrumb"},"inLanguage":"es-AR","potentialAction":[{"@type":"ReadAction","target":["https:\/\/cooltivarte.com\/portal\/ignacio-echeverria-el-hombre-avispa\/"]}]},{"@type":"ImageObject","inLanguage":"es-AR","@id":"https:\/\/cooltivarte.com\/portal\/ignacio-echeverria-el-hombre-avispa\/#primaryimage","url":"https:\/\/cooltivarte.com\/portal\/wp-content\/uploads\/2020\/05\/Ignacio-Echeverr\u00eda-El-Hombre-avispa.jpg","contentUrl":"https:\/\/cooltivarte.com\/portal\/wp-content\/uploads\/2020\/05\/Ignacio-Echeverr\u00eda-El-Hombre-avispa.jpg","width":958,"height":640,"caption":"Ignacio Echeverr\u00eda- El Hombre avispa"},{"@type":"BreadcrumbList","@id":"https:\/\/cooltivarte.com\/portal\/ignacio-echeverria-el-hombre-avispa\/#breadcrumb","itemListElement":[{"@type":"ListItem","position":1,"name":"Portada","item":"https:\/\/cooltivarte.com\/portal\/"},{"@type":"ListItem","position":2,"name":"Ignacio Echeverr\u00eda &#8211; El Hombre avispa"}]},{"@type":"WebSite","@id":"https:\/\/cooltivarte.com\/portal\/#website","url":"https:\/\/cooltivarte.com\/portal\/","name":"Cooltivarte Portal","description":"Arte, cultura y turismo para el mundo ...","publisher":{"@id":"https:\/\/cooltivarte.com\/portal\/#organization"},"potentialAction":[{"@type":"SearchAction","target":{"@type":"EntryPoint","urlTemplate":"https:\/\/cooltivarte.com\/portal\/?s={search_term_string}"},"query-input":{"@type":"PropertyValueSpecification","valueRequired":true,"valueName":"search_term_string"}}],"inLanguage":"es-AR"},{"@type":"Organization","@id":"https:\/\/cooltivarte.com\/portal\/#organization","name":"cooltivarte","url":"https:\/\/cooltivarte.com\/portal\/","logo":{"@type":"ImageObject","inLanguage":"es-AR","@id":"https:\/\/cooltivarte.com\/portal\/#\/schema\/logo\/image\/","url":"https:\/\/cooltivarte.com\/portal\/wp-content\/uploads\/2020\/04\/logo-cooltivarte-v2.png","contentUrl":"https:\/\/cooltivarte.com\/portal\/wp-content\/uploads\/2020\/04\/logo-cooltivarte-v2.png","width":851,"height":243,"caption":"cooltivarte"},"image":{"@id":"https:\/\/cooltivarte.com\/portal\/#\/schema\/logo\/image\/"},"sameAs":["https:\/\/www.facebook.com\/cooltivartecom\/","https:\/\/x.com\/obolocultural","https:\/\/www.instagram.com\/_cooltivarte_\/","https:\/\/www.linkedin.com\/company\/-bolocultural?reportsuccess=8zaNG1HwhPbAR9iQhZ5rfGeqz_vQFftHun0ZWU0Wy9vNemRJ8vtcKdJvzQfW8XagyOJSKg0XvfJ1dp","https:\/\/www.pinterest.com\/cooltivarte\/","https:\/\/cooltivarte.tumblr.com\/","https:\/\/www.tiktok.com\/@cooltivarte","https:\/\/www.youtube.com\/@PrensaCooltivarte"]},{"@type":"Person","@id":"https:\/\/cooltivarte.com\/portal\/#\/schema\/person\/ec2a4f4e71b740d0c559c0ab9a157e19","name":"Cooltivarte","image":{"@type":"ImageObject","inLanguage":"es-AR","@id":"https:\/\/cooltivarte.com\/portal\/wp-content\/uploads\/2014\/05\/logo-cooltivarte-120x120.jpg","url":"https:\/\/cooltivarte.com\/portal\/wp-content\/uploads\/2014\/05\/logo-cooltivarte-120x120.jpg","contentUrl":"https:\/\/cooltivarte.com\/portal\/wp-content\/uploads\/2014\/05\/logo-cooltivarte-120x120.jpg","caption":"Cooltivarte"},"description":"Somos COOLTIVARTE.COM. Un portal digital dedicado a difundir el acontecer art\u00edstico y cultural del Uruguay. Estamos en la vuelta desde el a\u00f1o 2003, y como evoluci\u00f3n del bolet\u00edn Obolo Cultural, nos encontramos abocados a apoyar a los artistas nacionales brind\u00e1ndoles un espacio de difusi\u00f3n. Creemos en la idea de utilizar la potencialidad que hoy d\u00eda nos otorga la web, para que la cultura uruguaya y sus creadores dispongan de una din\u00e1mica ventana, que los ponga en contacto entre s\u00ed y con el mundo. Somos COOLTIVARTE.COM y pretendemos configurarnos como un portal din\u00e1mico, entretenido y atento a los nuevos emprendimientos, que busque siempre la interacci\u00f3n con los artistas.","sameAs":["http:\/\/www.cooltivarte.com","https:\/\/www.facebook.com\/cooltivartecom","https:\/\/www.instagram.com\/_cooltivarte_\/","https:\/\/www.linkedin.com\/company\/-bolocultural","https:\/\/www.pinterest.com\/cooltivarte\/","https:\/\/x.com\/https:\/\/x.com\/obolocultural","https:\/\/www.youtube.com\/@PrensaCooltivarte","https:\/\/www.tumblr.com\/blog\/cooltivarte"],"url":"https:\/\/cooltivarte.com\/portal\/author\/cooltivarte\/"}]}},"_links":{"self":[{"href":"https:\/\/cooltivarte.com\/portal\/wp-json\/wp\/v2\/posts\/60188","targetHints":{"allow":["GET"]}}],"collection":[{"href":"https:\/\/cooltivarte.com\/portal\/wp-json\/wp\/v2\/posts"}],"about":[{"href":"https:\/\/cooltivarte.com\/portal\/wp-json\/wp\/v2\/types\/post"}],"author":[{"embeddable":true,"href":"https:\/\/cooltivarte.com\/portal\/wp-json\/wp\/v2\/users\/8"}],"replies":[{"embeddable":true,"href":"https:\/\/cooltivarte.com\/portal\/wp-json\/wp\/v2\/comments?post=60188"}],"version-history":[{"count":8,"href":"https:\/\/cooltivarte.com\/portal\/wp-json\/wp\/v2\/posts\/60188\/revisions"}],"predecessor-version":[{"id":75609,"href":"https:\/\/cooltivarte.com\/portal\/wp-json\/wp\/v2\/posts\/60188\/revisions\/75609"}],"wp:featuredmedia":[{"embeddable":true,"href":"https:\/\/cooltivarte.com\/portal\/wp-json\/wp\/v2\/media\/60190"}],"wp:attachment":[{"href":"https:\/\/cooltivarte.com\/portal\/wp-json\/wp\/v2\/media?parent=60188"}],"wp:term":[{"taxonomy":"category","embeddable":true,"href":"https:\/\/cooltivarte.com\/portal\/wp-json\/wp\/v2\/categories?post=60188"},{"taxonomy":"post_tag","embeddable":true,"href":"https:\/\/cooltivarte.com\/portal\/wp-json\/wp\/v2\/tags?post=60188"}],"curies":[{"name":"wp","href":"https:\/\/api.w.org\/{rel}","templated":true}]}}