{"id":59860,"date":"2020-04-23T18:45:19","date_gmt":"2020-04-23T21:45:19","guid":{"rendered":"https:\/\/cooltivarte.com\/portal\/?p=59860"},"modified":"2020-04-23T18:45:20","modified_gmt":"2020-04-23T21:45:20","slug":"el-hoyo","status":"publish","type":"post","link":"https:\/\/cooltivarte.com\/portal\/el-hoyo\/","title":{"rendered":"El Hoyo"},"content":{"rendered":"<p>Al parecer con el pasar de los d\u00edas en cuarentena todos nos hemos puesto de acuerdo en visualizar m\u00e1s o menos el mismo contenido, y cuando por alg\u00fan motivo alguno de estos destaca, las opiniones, referencias, cr\u00edticas y chistes\u00a0 no se hacen esperar.<\/p>\n<p><img fetchpriority=\"high\" decoding=\"async\" class=\"  wp-image-914 alignleft\" src=\"https:\/\/entrenoslibroscine.files.wordpress.com\/2020\/04\/el-hoyo.jpg\" alt=\"el-hoyo\" width=\"408\" height=\"284\" \/>Este es el caso de &#8220;El Hoyo&#8221;, pel\u00edcula espa\u00f1ola del director Galder Gaztelu-Urrutia, estrenada en el 2019 en el marco del <em>Festival Internacional de Cine de Toronto<\/em> donde gan\u00f3 el premio <i>People&#8217;s Choice Award for Midnight Madness<\/i> y recibi\u00f3 buenas cr\u00edticas.\u00a0<i> <\/i><\/p>\n<p>&nbsp;<\/p>\n<p><i>Adem\u00e1s <\/i>gan\u00f3 cuatro premios, entre ellos, mejor pel\u00edcula en el <em>Festival de Cine de Sitges<\/em>, convirti\u00e9ndose as\u00ed en la primera pel\u00edcula espa\u00f1ola en ganarlo en las 52 ediciones que ha tenido el festival.\u200b En los <em>Premios Goya<\/em> 2020, consigui\u00f3 ganar por Mejores Efectos Especiales y otras dos nominaciones a Mejor Direcci\u00f3n Novel y Mejor Guion Original.<\/p>\n<p>Netflix la estren\u00f3 el 20 de febrero de 2020, pero no fue hasta los primeros d\u00edas de reclusi\u00f3n (obligatoria y\/o voluntaria) de los televidentes (o deber\u00eda decir netflixvidentes) que su popularidad explot\u00f3 y se convirti\u00f3 en trending t\u00f3pic.<\/p>\n<p>Y no es para menos, ya que\u00a0 las pel\u00edculas que muestran sin piedad las aberraciones del ser humano suelen ser atractivas para todos.<\/p>\n<p>La premisa es la siguiente: nuestro personaje principal &#8220;Goreng&#8221; despierta en una habitaci\u00f3n que parece ser una c\u00e1rcel, junto a un compa\u00f1ero de celda llamado &#8220;Trimagasi&#8221;; en el dialogo entre ellos vamos conociendo el funcionamiento de este recinto que tiene reglas muy sencillas, donde todo parece &#8220;obvio&#8221;. El edificio es una torre vertical,\u00a0 no se conoce la cantidad exacta de pisos que tiene, cada habitaci\u00f3n es ocupada por dos personas, una vez al mes estos individuos, de forma aleatoria, cambian de piso sin conocer el nivel que les tocar\u00e1 la pr\u00f3xima vez.<\/p>\n<p>A todos se les permite ingresar un objeto personal.<\/p>\n<p><img decoding=\"async\" class=\"alignnone size-full wp-image-915\" src=\"https:\/\/entrenoslibroscine.files.wordpress.com\/2020\/04\/el-hoyo-buena-ciencia-ficcion-distopica-a-la-espanola.jpg\" alt=\"el-hoyo-buena-ciencia-ficcion-distopica-a-la-espanola\" width=\"750\" height=\"358\" \/><\/p>\n<p>Pero el tema fundamental del funcionamiento de este &#8220;centro de auto-gesti\u00f3n&#8221; es que el alimento desciende por una plataforma , desde el\u00a0 piso 0 (que es el m\u00e1s alto), la misma esta repleta de exquisitos manjares, alimentos que van desde platos ex\u00f3ticos, hasta frutas, pasando por las ensaladas, verduras, carnes y postres. Pero a medida que va descendiendo, la vor\u00e1gine y el ego\u00edsmo del ser humano acaba con estos alimentos, siendo imposible que los pisos inferiores consigan algo. La plataforma se detiene 2 minutos en cada piso y la \u00fanica regla establecida es que los individuos no se pueden quedar con nada de lo que hay all\u00ed.<\/p>\n<p><img decoding=\"async\" class=\"alignnone size-full wp-image-916\" src=\"https:\/\/entrenoslibroscine.files.wordpress.com\/2020\/04\/hipertextual-explicacion-sobre-significado-y-final-hoyo-2020680803-1.jpg\" alt=\"hipertextual-explicacion-sobre-significado-y-final-hoyo-2020680803 (1)\" width=\"1500\" height=\"1000\" \/><\/p>\n<p>Aunque muchos opinan que el film es solo una cr\u00edtica al sistema capitalista yo prefiero pensar que tambi\u00e9n es una met\u00e1fora y un juicio al ser humano, al individualismo, al ego\u00edsmo, a lo m\u00e1s ruin que todos llevamos dentro.<\/p>\n<p>Y es que esto\u00a0 no es ninguna novedad, el tema de la naturaleza humana y la maldad \/ bondad intr\u00ednsecas del individuo es un problema filos\u00f3fico desde el comienzo, que tiene posturas enfrentadas y hasta el momento no han sido resueltas por completo.<\/p>\n<p>Cada espectador se pondr\u00e1 del lado que m\u00e1s le convenza, pero solo basta con escuchar las noticias para poder ver reflejado todo el planteamiento de la pel\u00edcula en cada nivel de nuestras vidas. Y no solo hablo de cubrir necesidades b\u00e1sicas como la alimentaci\u00f3n, estoy hablando del ego\u00edsmo que lleva a algunas personas a, por ejemplo, no acatar las ordenes de aislamiento cuando saben que est\u00e1n enfermos, sin importarles poder enfermar y hasta matar a otros, agotar los recursos sin pensar en los dem\u00e1s (todos hemos visto las g\u00f3ndolas del supermercado vac\u00edas, sin sentido), salir a pasear (porque no aguantan) y un largo camino de etc\u00e9teras que ya todos conocemos. Ojo, que tambi\u00e9n existen los solidarios, pero desgraciadamente son los menos.<\/p>\n<p><img loading=\"lazy\" decoding=\"async\" class=\"alignnone size-full wp-image-919\" src=\"https:\/\/entrenoslibroscine.files.wordpress.com\/2020\/04\/alimento-escena-el-hoyo-nina.jpg\" alt=\"alimento-escena-el-hoyo-nina\" width=\"793\" height=\"447\" \/><\/p>\n<p><strong>Tal vez a partir de aqu\u00ed caigamos en alg\u00fan tipo de <em>spoiler<\/em> por lo que si no quer\u00e9s conocer alg\u00fan detalle importante, podes retomar la lectura luego de verla.\u00a0<\/strong><\/p>\n<p>Volviendo a la pel\u00edcula, y al tema filos\u00f3fico, cada uno de los personajes representa un tipo de sistema que de alguna forma falla frente a la situaci\u00f3n de los individuos.<\/p>\n<p>Hobbes \u2013ingl\u00e9s, siglo XVII\u2013 afirma que \u201cel hombre es un lobo para el hombre\u201d y que en estado primitivo lo que impera es la guerra de todos contra todos. El ser humano es\u00a0malo por naturaleza, de modo que para poder convivir se necesita un poder absoluto, una ley autoritaria que controle el impulso agresivo que surge de la motivaci\u00f3n ego\u00edsta de todos los seres.<\/p>\n<p>Si analizamos a los personajes esta postura es la que tiene Trimagasi, cuando explica el funcionamiento del hoyo. Cuando te toca hay que comer, y no hay nada que hacer, los de arriba no te escuchan porque est\u00e1n arriba, y los de abajo no importan, porque est\u00e1n debajo. Solo queda sobrevivir a como de lugar.<\/p>\n<p>Por el contrario Rousseau defiende que el hombre es bueno por naturaleza, con empat\u00eda y dispuesto a ayudar cuando el otro sufre, pero a partir del sentido de propiedad, cuando el primero dijo &#8220;esto es m\u00edo&#8221; aparece la\u00a0 agresividad, la envidia y la competencia.<\/p>\n<p>En este sentido &#8220;Imoguiri&#8221;, segunda compa\u00f1era de Goreng apela a la solidaridad, intentando que los dem\u00e1s sean comprensivos y repartan el alimento, que solo consuman lo necesario para que alcance para todos, planteamiento que no es escuchado por nadie hasta que no es establecido a trav\u00e9s de la fuerza, por Gorenh y &#8220;Baharat&#8221; (tercer compa\u00f1ero del protagonista).<\/p>\n<p><img loading=\"lazy\" decoding=\"async\" class=\"alignnone size-full wp-image-921\" src=\"https:\/\/entrenoslibroscine.files.wordpress.com\/2020\/04\/el-hoyo_1200w.jpg\" alt=\"el-hoyo_1200w\" width=\"1200\" height=\"449\" \/><\/p>\n<p>No importa en que lugar geogr\u00e1fico\u00a0 ni en que \u00e9poca est\u00e1 ubicado el hoyo, porque nos plantea una problem\u00e1tica atemporal que nos afecta a todos por igual, por este motivo no se nos dan referencias de este tipo. Los individuos que se encuentran en esta infraestructura tambi\u00e9n son variados, en culturas,\u00a0 razas,\u00a0 religiones, edades y sexos.<\/p>\n<p>El final est\u00e1 abierto a interpretaci\u00f3n de cada espectador, pero la cr\u00edtica y el mensaje es a todos los individuos y sistemas de distribuci\u00f3n, dejando claras todas las fallas en los mismos.<\/p>\n<p>El propio director\u00a0 en una entrevista dijo:\u00a0 &#8220;<em>Puede haber una\u00a0<strong>cr\u00edtica al capitalismo<\/strong>\u00a0desde el inicio, pero mostramos que tan pronto Goreng y Baharat prueban\u00a0<strong>el socialismo<\/strong>, intentando convencer a los otros prisioneros de compartir voluntariamente su comida, acaban matando a la mitad de esas personas, a las que se supone que deben ayudar<\/em>&#8221;<\/p>\n<p>&nbsp;<\/p>\n<div class=\"jeg_video_container jeg_video_content\"><iframe title=\"El Hoyo | Tr\u00e1iler principal | Netflix Espa\u00f1a\" width=\"500\" height=\"281\" src=\"https:\/\/www.youtube.com\/embed\/24Lf7fmKIXI?feature=oembed\" frameborder=\"0\" allow=\"accelerometer; autoplay; clipboard-write; encrypted-media; gyroscope; picture-in-picture; web-share\" referrerpolicy=\"strict-origin-when-cross-origin\" allowfullscreen><\/iframe><\/div>\n<p>Fuentes consultadas:<\/p>\n<blockquote class=\"wp-embedded-content\" data-secret=\"sMI3msvgmZ\"><p><a href=\"https:\/\/filco.es\/el-ser-humano-es-bueno-o-malo-por-naturaleza\/\">\u00bfEl ser humano es bueno o malo por naturaleza?<\/a><\/p><\/blockquote>\n<p><iframe class=\"wp-embedded-content\" sandbox=\"allow-scripts\" security=\"restricted\" style=\"position: absolute; clip: rect(1px, 1px, 1px, 1px);\" title=\"\u00ab\u00bfEl ser humano es bueno o malo por naturaleza?\u00bb \u2014 FILOSOF\u00cdA&amp;CO\" src=\"https:\/\/filco.es\/el-ser-humano-es-bueno-o-malo-por-naturaleza\/embed\/#?secret=YV4CaXg84U#?secret=sMI3msvgmZ\" data-secret=\"sMI3msvgmZ\" width=\"500\" height=\"282\" frameborder=\"0\" marginwidth=\"0\" marginheight=\"0\" scrolling=\"no\"><\/iframe><\/p>\n<p>https:\/\/www.elespectador.com\/entretenimiento\/medios\/galder-gaztelu-urrutia-director-de-el-hoyo-explica-el-final-de-la-pelicula-articulo-912128<\/p>\n","protected":false},"excerpt":{"rendered":"<p>Al parecer con el pasar de los d\u00edas en cuarentena todos nos hemos puesto de acuerdo en visualizar m\u00e1s o menos el mismo contenido, y cuando por alg\u00fan motivo alguno de estos destaca, las opiniones, referencias, cr\u00edticas y chistes\u00a0 no se hacen esperar. Este es el caso de &#8220;El Hoyo&#8221;, pel\u00edcula espa\u00f1ola del director Galder [&hellip;]<\/p>\n","protected":false},"author":155,"featured_media":59861,"comment_status":"closed","ping_status":"closed","sticky":false,"template":"","format":"standard","meta":{"om_disable_all_campaigns":false,"ngg_post_thumbnail":0,"jnews-multi-image_gallery":[],"jnews_single_post":[],"jnews_primary_category":[],"jnews_social_meta":[],"jnews_override_counter":[],"footnotes":""},"categories":[72],"tags":[11464,4921,11158],"class_list":["post-59860","post","type-post","status-publish","format-standard","has-post-thumbnail","hentry","category-cine","tag-estrenos","tag-netflix","tag-streaming"],"yoast_head":"<!-- This site is optimized with the Yoast SEO plugin v27.5 - https:\/\/yoast.com\/product\/yoast-seo-wordpress\/ -->\n<title>El Hoyo - Cooltivarte Portal<\/title>\n<meta name=\"description\" content=\"COOLTIVARTE.COM es un portal digital colaborativo de actualizaci\u00f3n permanente dedicado a difundir el acontecer art\u00edstico y cultural, entrevista artistas, gestores y productores de las diferentes disciplinas del arte, y publicando art\u00edculos de reflexi\u00f3n de producci\u00f3n propia sobre los elementos culturales.\" \/>\n<meta name=\"robots\" content=\"index, follow, max-snippet:-1, max-image-preview:large, max-video-preview:-1\" \/>\n<link rel=\"canonical\" href=\"https:\/\/cooltivarte.com\/portal\/el-hoyo\/\" \/>\n<meta property=\"og:locale\" content=\"es_ES\" \/>\n<meta property=\"og:type\" content=\"article\" \/>\n<meta property=\"og:title\" content=\"El Hoyo - Cooltivarte Portal\" \/>\n<meta property=\"og:description\" content=\"COOLTIVARTE.COM es un portal digital colaborativo de actualizaci\u00f3n permanente dedicado a difundir el acontecer art\u00edstico y cultural, entrevista artistas, gestores y productores de las diferentes disciplinas del arte, y publicando art\u00edculos de reflexi\u00f3n de producci\u00f3n propia sobre los elementos culturales.\" \/>\n<meta property=\"og:url\" content=\"https:\/\/cooltivarte.com\/portal\/el-hoyo\/\" \/>\n<meta property=\"og:site_name\" content=\"Cooltivarte Portal\" \/>\n<meta property=\"article:publisher\" content=\"https:\/\/www.facebook.com\/cooltivartecom\/\" \/>\n<meta property=\"article:author\" content=\"https:\/\/www.facebook.com\/cineylibros\/\" \/>\n<meta property=\"article:published_time\" content=\"2020-04-23T21:45:19+00:00\" \/>\n<meta property=\"article:modified_time\" content=\"2020-04-23T21:45:20+00:00\" \/>\n<meta property=\"og:image\" content=\"https:\/\/cooltivarte.com\/portal\/wp-content\/uploads\/2020\/04\/el-hoyo.jpg\" \/>\n\t<meta property=\"og:image:width\" content=\"690\" \/>\n\t<meta property=\"og:image:height\" content=\"414\" \/>\n\t<meta property=\"og:image:type\" content=\"image\/jpeg\" \/>\n<meta name=\"author\" content=\"Luciana Rodriguez\" \/>\n<meta name=\"twitter:card\" content=\"summary_large_image\" \/>\n<meta name=\"twitter:creator\" content=\"@https:\/\/x.com\/obolocultural\" \/>\n<meta name=\"twitter:site\" content=\"@obolocultural\" \/>\n<meta name=\"twitter:label1\" content=\"Escrito por\" \/>\n\t<meta name=\"twitter:data1\" content=\"Luciana Rodriguez\" \/>\n\t<meta name=\"twitter:label2\" content=\"Tiempo de lectura\" \/>\n\t<meta name=\"twitter:data2\" content=\"6 minutos\" \/>\n<!-- \/ Yoast SEO plugin. -->","yoast_head_json":{"title":"El Hoyo - Cooltivarte Portal","description":"COOLTIVARTE.COM es un portal digital colaborativo de actualizaci\u00f3n permanente dedicado a difundir el acontecer art\u00edstico y cultural, entrevista artistas, gestores y productores de las diferentes disciplinas del arte, y publicando art\u00edculos de reflexi\u00f3n de producci\u00f3n propia sobre los elementos culturales.","robots":{"index":"index","follow":"follow","max-snippet":"max-snippet:-1","max-image-preview":"max-image-preview:large","max-video-preview":"max-video-preview:-1"},"canonical":"https:\/\/cooltivarte.com\/portal\/el-hoyo\/","og_locale":"es_ES","og_type":"article","og_title":"El Hoyo - Cooltivarte Portal","og_description":"COOLTIVARTE.COM es un portal digital colaborativo de actualizaci\u00f3n permanente dedicado a difundir el acontecer art\u00edstico y cultural, entrevista artistas, gestores y productores de las diferentes disciplinas del arte, y publicando art\u00edculos de reflexi\u00f3n de producci\u00f3n propia sobre los elementos culturales.","og_url":"https:\/\/cooltivarte.com\/portal\/el-hoyo\/","og_site_name":"Cooltivarte Portal","article_publisher":"https:\/\/www.facebook.com\/cooltivartecom\/","article_author":"https:\/\/www.facebook.com\/cineylibros\/","article_published_time":"2020-04-23T21:45:19+00:00","article_modified_time":"2020-04-23T21:45:20+00:00","og_image":[{"width":690,"height":414,"url":"https:\/\/cooltivarte.com\/portal\/wp-content\/uploads\/2020\/04\/el-hoyo.jpg","type":"image\/jpeg"}],"author":"Luciana Rodriguez","twitter_card":"summary_large_image","twitter_creator":"@https:\/\/x.com\/obolocultural","twitter_site":"@obolocultural","twitter_misc":{"Escrito por":"Luciana Rodriguez","Tiempo de lectura":"6 minutos"},"schema":{"@context":"https:\/\/schema.org","@graph":[{"@type":"NewsArticle","@id":"https:\/\/cooltivarte.com\/portal\/el-hoyo\/#article","isPartOf":{"@id":"https:\/\/cooltivarte.com\/portal\/el-hoyo\/"},"author":{"name":"Luciana Rodriguez","@id":"https:\/\/cooltivarte.com\/portal\/#\/schema\/person\/5e9cf931afe7ffe76aa2a2d7d2c906bd"},"headline":"El Hoyo","datePublished":"2020-04-23T21:45:19+00:00","dateModified":"2020-04-23T21:45:20+00:00","mainEntityOfPage":{"@id":"https:\/\/cooltivarte.com\/portal\/el-hoyo\/"},"wordCount":1123,"publisher":{"@id":"https:\/\/cooltivarte.com\/portal\/#organization"},"image":{"@id":"https:\/\/cooltivarte.com\/portal\/el-hoyo\/#primaryimage"},"thumbnailUrl":"https:\/\/cooltivarte.com\/portal\/wp-content\/uploads\/2020\/04\/el-hoyo.jpg","keywords":["Estrenos","Netflix","Streaming"],"articleSection":["Cine y TV"],"inLanguage":"es-AR"},{"@type":"WebPage","@id":"https:\/\/cooltivarte.com\/portal\/el-hoyo\/","url":"https:\/\/cooltivarte.com\/portal\/el-hoyo\/","name":"El Hoyo - Cooltivarte Portal","isPartOf":{"@id":"https:\/\/cooltivarte.com\/portal\/#website"},"primaryImageOfPage":{"@id":"https:\/\/cooltivarte.com\/portal\/el-hoyo\/#primaryimage"},"image":{"@id":"https:\/\/cooltivarte.com\/portal\/el-hoyo\/#primaryimage"},"thumbnailUrl":"https:\/\/cooltivarte.com\/portal\/wp-content\/uploads\/2020\/04\/el-hoyo.jpg","datePublished":"2020-04-23T21:45:19+00:00","dateModified":"2020-04-23T21:45:20+00:00","description":"COOLTIVARTE.COM es un portal digital colaborativo de actualizaci\u00f3n permanente dedicado a difundir el acontecer art\u00edstico y cultural, entrevista artistas, gestores y productores de las diferentes disciplinas del arte, y publicando art\u00edculos de reflexi\u00f3n de producci\u00f3n propia sobre los elementos culturales.","breadcrumb":{"@id":"https:\/\/cooltivarte.com\/portal\/el-hoyo\/#breadcrumb"},"inLanguage":"es-AR","potentialAction":[{"@type":"ReadAction","target":["https:\/\/cooltivarte.com\/portal\/el-hoyo\/"]}]},{"@type":"ImageObject","inLanguage":"es-AR","@id":"https:\/\/cooltivarte.com\/portal\/el-hoyo\/#primaryimage","url":"https:\/\/cooltivarte.com\/portal\/wp-content\/uploads\/2020\/04\/el-hoyo.jpg","contentUrl":"https:\/\/cooltivarte.com\/portal\/wp-content\/uploads\/2020\/04\/el-hoyo.jpg","width":690,"height":414},{"@type":"BreadcrumbList","@id":"https:\/\/cooltivarte.com\/portal\/el-hoyo\/#breadcrumb","itemListElement":[{"@type":"ListItem","position":1,"name":"Portada","item":"https:\/\/cooltivarte.com\/portal\/"},{"@type":"ListItem","position":2,"name":"El Hoyo"}]},{"@type":"WebSite","@id":"https:\/\/cooltivarte.com\/portal\/#website","url":"https:\/\/cooltivarte.com\/portal\/","name":"Cooltivarte Portal","description":"Arte, cultura y turismo para el mundo ...","publisher":{"@id":"https:\/\/cooltivarte.com\/portal\/#organization"},"potentialAction":[{"@type":"SearchAction","target":{"@type":"EntryPoint","urlTemplate":"https:\/\/cooltivarte.com\/portal\/?s={search_term_string}"},"query-input":{"@type":"PropertyValueSpecification","valueRequired":true,"valueName":"search_term_string"}}],"inLanguage":"es-AR"},{"@type":"Organization","@id":"https:\/\/cooltivarte.com\/portal\/#organization","name":"cooltivarte","url":"https:\/\/cooltivarte.com\/portal\/","logo":{"@type":"ImageObject","inLanguage":"es-AR","@id":"https:\/\/cooltivarte.com\/portal\/#\/schema\/logo\/image\/","url":"https:\/\/cooltivarte.com\/portal\/wp-content\/uploads\/2020\/04\/logo-cooltivarte-v2.png","contentUrl":"https:\/\/cooltivarte.com\/portal\/wp-content\/uploads\/2020\/04\/logo-cooltivarte-v2.png","width":851,"height":243,"caption":"cooltivarte"},"image":{"@id":"https:\/\/cooltivarte.com\/portal\/#\/schema\/logo\/image\/"},"sameAs":["https:\/\/www.facebook.com\/cooltivartecom\/","https:\/\/x.com\/obolocultural","https:\/\/www.instagram.com\/_cooltivarte_\/","https:\/\/www.linkedin.com\/company\/-bolocultural?reportsuccess=8zaNG1HwhPbAR9iQhZ5rfGeqz_vQFftHun0ZWU0Wy9vNemRJ8vtcKdJvzQfW8XagyOJSKg0XvfJ1dp","https:\/\/www.pinterest.com\/cooltivarte\/","https:\/\/cooltivarte.tumblr.com\/","https:\/\/www.tiktok.com\/@cooltivarte","https:\/\/www.youtube.com\/@PrensaCooltivarte"]},{"@type":"Person","@id":"https:\/\/cooltivarte.com\/portal\/#\/schema\/person\/5e9cf931afe7ffe76aa2a2d7d2c906bd","name":"Luciana Rodriguez","image":{"@type":"ImageObject","inLanguage":"es-AR","@id":"https:\/\/cooltivarte.com\/portal\/wp-content\/uploads\/2019\/10\/luciana-120x120.jpg","url":"https:\/\/cooltivarte.com\/portal\/wp-content\/uploads\/2019\/10\/luciana-120x120.jpg","contentUrl":"https:\/\/cooltivarte.com\/portal\/wp-content\/uploads\/2019\/10\/luciana-120x120.jpg","caption":"Luciana Rodriguez"},"description":"Luciana Rodr\u00edguez, mam\u00e1, fot\u00f3grafa, t\u00e9cnica en comunicaci\u00f3n social, actualmente realizando la licenciatura en comunicaci\u00f3n audiovisual en la Fic (Udelar). Desde peque\u00f1a mi primer amor fue el cine, tard\u00edamente encontr\u00e9 mi segunda pasi\u00f3n en la literatura. Mi sue\u00f1o es lograr convertirme en cineasta, principalmente dentro del cine documental, mientras tanto disfruto de las obras ajenas intentando por este medio que otros las conozcan.","sameAs":["https:\/\/entrenoslibroscine.wordpress.com\/","https:\/\/www.facebook.com\/cineylibros\/","https:\/\/www.instagram.com\/luciana.rodriguez.cine","https:\/\/www.linkedin.com\/company\/-bolocultural\/","https:\/\/www.pinterest.com\/cooltivarte\/","https:\/\/x.com\/https:\/\/x.com\/obolocultural","https:\/\/www.youtube.com\/@PrensaCooltivarte","https:\/\/cooltivarte.tumblr.com\/"],"url":"https:\/\/cooltivarte.com\/portal\/author\/luciana-rodriguez\/"}]}},"_links":{"self":[{"href":"https:\/\/cooltivarte.com\/portal\/wp-json\/wp\/v2\/posts\/59860","targetHints":{"allow":["GET"]}}],"collection":[{"href":"https:\/\/cooltivarte.com\/portal\/wp-json\/wp\/v2\/posts"}],"about":[{"href":"https:\/\/cooltivarte.com\/portal\/wp-json\/wp\/v2\/types\/post"}],"author":[{"embeddable":true,"href":"https:\/\/cooltivarte.com\/portal\/wp-json\/wp\/v2\/users\/155"}],"replies":[{"embeddable":true,"href":"https:\/\/cooltivarte.com\/portal\/wp-json\/wp\/v2\/comments?post=59860"}],"version-history":[{"count":1,"href":"https:\/\/cooltivarte.com\/portal\/wp-json\/wp\/v2\/posts\/59860\/revisions"}],"predecessor-version":[{"id":59862,"href":"https:\/\/cooltivarte.com\/portal\/wp-json\/wp\/v2\/posts\/59860\/revisions\/59862"}],"wp:featuredmedia":[{"embeddable":true,"href":"https:\/\/cooltivarte.com\/portal\/wp-json\/wp\/v2\/media\/59861"}],"wp:attachment":[{"href":"https:\/\/cooltivarte.com\/portal\/wp-json\/wp\/v2\/media?parent=59860"}],"wp:term":[{"taxonomy":"category","embeddable":true,"href":"https:\/\/cooltivarte.com\/portal\/wp-json\/wp\/v2\/categories?post=59860"},{"taxonomy":"post_tag","embeddable":true,"href":"https:\/\/cooltivarte.com\/portal\/wp-json\/wp\/v2\/tags?post=59860"}],"curies":[{"name":"wp","href":"https:\/\/api.w.org\/{rel}","templated":true}]}}