{"id":59824,"date":"2020-04-23T11:20:38","date_gmt":"2020-04-23T14:20:38","guid":{"rendered":"https:\/\/cooltivarte.com\/portal\/?p=59824"},"modified":"2020-04-25T12:52:50","modified_gmt":"2020-04-25T15:52:50","slug":"el-adulador-y-las-amargas-lagrimas-de-petra-von-kant","status":"publish","type":"post","link":"https:\/\/cooltivarte.com\/portal\/el-adulador-y-las-amargas-lagrimas-de-petra-von-kant\/","title":{"rendered":"\u201cEL ADULADOR\u201d Y \u201cLAS AMARGAS L\u00c1GRIMAS DE PETRA VON KANT\u201d"},"content":{"rendered":"<p><strong>Cultura en casa presenta dos espect\u00e1culos esta semana: \u201cEL&nbsp;ADULADOR\u201d de Carlo Goldoni, con direcci\u00f3n de Luciano&nbsp;Suardi, y \u201cLAS AMARGAS L\u00c1GRIMAS DE PETRA VON KANT\u201d,&nbsp;de Rainer Werner Fassbinder, con direcci\u00f3n de Leonor Manso.<\/strong><br \/>\n<strong> El Ministerio de Cultura, a trav\u00e9s del Complejo Teatral de Buenos Aires,&nbsp;informa que la plataforma #Culturaencasa ofrecer\u00e1 esta semana la&nbsp;posibilidad&nbsp;de ver desde este jueves 23 a las 20hs \u201cEL ADULADOR\u201d de Carlo Goldoni,&nbsp;dirigida por Luciano Suardi, y desde el s\u00e1bado 25 a las 20hs \u201cLAS&nbsp;AMARGAS&nbsp;L\u00c1GRIMAS DE PETRA VON KANT\u201d, de Rainer Werner Fassbinder, dirigido por&nbsp;Leonor Manso.<\/strong><\/p>\n<p><a href=\"https:\/\/www.buenosaires.gob.ar\/culturaencasa?fbclid=IwAR3wFCSJ2wk6_Q7PYYt3PiKQi3Fbg0M98vg655P8Rekml4av2pnPvkCOZQ4\" target=\"_blank\" rel=\"noopener\">buenosaires.gob.ar\/culturaencasa<\/a><\/p>\n<p>&nbsp;<\/p>\n<p>&nbsp;<\/p>\n<p><strong>El adulador<\/strong><br \/>\nLa obra de Carlo Goldoni fue traducida por Andreina Giampaolini, y&nbsp;adaptada y&nbsp;dirigida por Luciano Suardi. El elenco est\u00e1 integrado por Alejandro&nbsp;Awada,&nbsp;Guillermo Arengo, Noralih Gago, Francisco Lumerman, Julia G\u00e1rriz,&nbsp;Fabiana&nbsp;Falc\u00f3n, Fernando Contigiani, Adriana Ferrer, Mar\u00eda Jos\u00e9 Ardohain, Renata&nbsp;Boldini, Tom\u00e1s Fern\u00e1ndez Casta\u00f1o, Micaela Gaudino, Lisi Gay, Santiago&nbsp;Mart\u00edn, Gisela Rebichini y Mar\u00eda Florencia Zarate. La asistencia de&nbsp;iluminaci\u00f3n&nbsp;es Diego Emilio Becker, la asistencia de vestuario corresponde a Sof\u00eda&nbsp;Davies,&nbsp;la asistencia de escenograf\u00eda a Lara Mar\u00eda Treglia y la asistencia&nbsp;art\u00edstica a&nbsp;Julieta Abriola. La m\u00fasica original y el dise\u00f1o de sonido son de Carmen&nbsp;Baliero,&nbsp;el dise\u00f1o de iluminaci\u00f3n corresponde a Ricardo Sica, el dise\u00f1o de&nbsp;vestuario a&nbsp;Betiana Temkin y el dise\u00f1o de escenograf\u00eda es de Rodrigo Gonz\u00e1lez&nbsp;Garillo.<\/p>\n<p><strong>LA OBRA<\/strong><br \/>\nEl italiano Carlo Goldoni pone en rid\u00edculo debilidades y man\u00edas para&nbsp;conseguir privilegios en el&nbsp;poder que, ciertamente, no solo son atribuibles a la sociedad del siglo&nbsp;XVIII. El autor se&nbsp;arriesg\u00f3 a tratar asuntos pol\u00edticos en un desarrollo c\u00f3mico, cuando se&nbsp;reservaba esas&nbsp;cuestiones a la tragedia. Revisitar esta pieza desconcertante, an\u00f3mala,&nbsp;comedia ex\u00f3tica nunca&nbsp;representada en la Argentina, propone el desaf\u00edo de encontrar una&nbsp;teatralidad contempor\u00e1nea&nbsp;al tiempo de interrogar al espectador acerca de aspectos sustanciales de&nbsp;la actividad pol\u00edtica&nbsp;presente.<\/p>\n<p>&nbsp;<\/p>\n<p>[justified_image_grid ng_gallery=33]<\/p>\n<p>&nbsp;<\/p>\n<p><strong>EL DIRECTOR<\/strong><br \/>\nActor, director y docente, Luciano Suardi estudi\u00f3 con Alejandra Boero,&nbsp;Augusto Fernandes y&nbsp;Vivi Tellas. Becado por la Fundaci\u00f3n Antorchas, se perfeccion\u00f3 en el Lee&nbsp;Strasberg Theatre&nbsp;Institute de Nueva York. Como actor trabaj\u00f3 con numerosos directores de&nbsp;renombre en el teatro<br \/>\noficial y alternativo de Buenos Aires y particip\u00f3 en festivales y giras&nbsp;por Brasil, Espa\u00f1a, Francia,&nbsp;Alemania, Jap\u00f3n y Estados Unidos. Dirigi\u00f3 espect\u00e1culos de su autor\u00eda y&nbsp;de dramaturgos&nbsp;cl\u00e1sicos y contempor\u00e1neos en el Complejo Teatral de Buenos Aires, el&nbsp;Centro de&nbsp;Experimentaci\u00f3n del Teatro Col\u00f3n, el Teatro Nacional Cervantes, el&nbsp;circuito comercial, el teatro&nbsp;independiente y en diferentes festivales y ciclos del pa\u00eds y en&nbsp;Alemania, Francia y Suecia. Fue&nbsp;distinguido con numerosas nominaciones y premios. Fue artista en&nbsp;residencia en la Akademie&nbsp;Schloss Solitude de Alemania y en el McCarter Theatre de Princeton en&nbsp;los Estados Unidos.<\/p>\n<p>Dict\u00f3 seminarios en Universidades nacionales y extranjeras. Actualmente&nbsp;es profesor de&nbsp;Actuaci\u00f3n en la Universidad Nacional de las Artes.<br \/>\nLas amargas l\u00e1grimas de Petra Von Kant<br \/>\nLa obra de Rainer Werner Fassbinder fue dirigida por Leonor Manso. El&nbsp;elenco&nbsp;est\u00e1 integrado por Muriel Santa Ana, Bel\u00e9n Blanco, Marita Ballesteros,&nbsp;Dolores&nbsp;Ocampo, Miriam Odorico y Victoria Gil Gaertner. El asesoramiento&nbsp;coreogr\u00e1fico&nbsp;es de Roxana Grinstein, la musicalizaci\u00f3n y el dise\u00f1o sonoro son de&nbsp;Carmen&nbsp;Baliero, la iluminaci\u00f3n es de Eli Sirlin, el vestuario de Renata&nbsp;Schussheim y la&nbsp;escenograf\u00eda de Graciela Gal\u00e1n.<\/p>\n<p><strong>LA OBRA<\/strong><br \/>\nPetra, una mujer al borde de s\u00ed misma, ama a Karin con una pasi\u00f3n que&nbsp;ella no puede&nbsp;comprender. Karin, una joven oportunista, ama a Petra a su modo, pero no&nbsp;sabe muy bien&nbsp;c\u00f3mo responder a esa fidelidad obsesiva. El verdadero amor, Marlene,&nbsp;carece de palabras:&nbsp;est\u00e1 a la vista y no sabemos reconocerlo. Somos tan crueles con lo que&nbsp;no sabemos escuchar&nbsp;que el precio a pagar por ello puede ser la soledad m\u00e1s terrible. R. W.<br \/>\nFassbinder utiliza esta&nbsp;historia de amor l\u00e9sbico y a sus personajes femeninos para equiparar las&nbsp;esferas del poder y la&nbsp;opresi\u00f3n sexual a la opresi\u00f3n de la sociedad capitalista. Las amargas&nbsp;l\u00e1grimas de Petra von&nbsp;Kant recrea un mundo en el que se desarrollan las emociones y<br \/>\nnecesidades humanas, y el&nbsp;drama no nace de las relaciones que se establecen entre los personajes,&nbsp;sino de las tensiones&nbsp;generadas por el ansia de poseer.<\/p>\n<p><strong>LA DIRECTORA<\/strong><br \/>\nActriz y directora teatral, Leonor Manso comenz\u00f3 sus estudios en el&nbsp;Instituto de Arte Moderno,&nbsp;que abandon\u00f3 al poco tiempo para estudiar con Juan Carlos Gen\u00e9. Su debut&nbsp;fue en 1969 con&nbsp;El deporte de mi madre loca de Ann Jellicoe, con direcci\u00f3n de Jorge&nbsp;L\u00f3pez Vidal. Desde<br \/>\nentonces, ha trabajado \u2013entre muchas otras- en obras como Romance de&nbsp;lobos de Ram\u00f3n del&nbsp;Valle-Incl\u00e1n, Las brujas de Salem de Arthur Miller, Lis\u00edstrata o La&nbsp;rebeli\u00f3n de las mujeres de&nbsp;Arist\u00f3fanes, Periferia de Oscar Viale, Made in Lan\u00fas de Nelly Fern\u00e1ndez&nbsp;Tiscornia, Medida por<br \/>\nmedida de William Shakespeare, Tirano Banderas de Valle-Incl\u00e1n y El d\u00eda&nbsp;que me quieras de&nbsp;Jos\u00e9 Ignacio Cabrujas. Tambi\u00e9n se destaca su labor en cine bajo la&nbsp;direcci\u00f3n de Leopoldo&nbsp;Torre Nilsson (El Santo de la espada, Los siete locos, Boquitas&nbsp;pintadas), Daniel Tinayre (La<br \/>\nMary), Manuel Ant\u00edn (All\u00e1 lejos y hace tiempo), Juan Jos\u00e9 Jusid (Made in&nbsp;Argentina) y&nbsp;Fernando Solanas (La nube), entre otras. En televisi\u00f3n trabaj\u00f3 en La&nbsp;noche de los grandes, con&nbsp;direcci\u00f3n de David Stivel; Crimen y castigo, dirigido por Alejandro&nbsp;Doria; y La batalla de los<br \/>\n\u00e1ngeles y Made in Lan\u00fas, dirigidos por Eduardo Borda. Como directora&nbsp;teatral trabaj\u00f3 en obras&nbsp;tan diversas como Noche de parias de Carlos Pais, Esperando a Godot de&nbsp;Samuel Beckett,&nbsp;Incriminados de Peter Handke y Esperando la carroza de Jacobo Langsner.<\/p>\n<p>Entre sus \u00faltimas&nbsp;labores como actriz en el Complejo Teatral figuran El cordero de ojos&nbsp;azules de Gonzalo&nbsp;Demar\u00eda, dirigida por Luciano C\u00e1ceres (Teatro Regio, 2011); El luto le&nbsp;sienta a Electra de&nbsp;Eugene O\u2019Neill, dirigida por Robert Sturua (Teatro San Mart\u00edn, 2014); y<br \/>\nEsposas de dictadores I&nbsp;de Ren\u00e9 Pollesch, dirigida por Luciano C\u00e1ceres (Centro Cultural San&nbsp;Mart\u00edn \u2013por cierre para&nbsp;reformas en el Teatro San Mart\u00edn-, 2016). Asimismo, dirigi\u00f3 en el CTBA&nbsp;Cianuro a la hora del t\u00e9&nbsp;de Pavel Kohout (Sala Cunill Cabanellas, 2001).<\/p>\n<p>&nbsp;<\/p>\n<p>[justified_image_grid ng_gallery=34]<\/p>\n<p>&nbsp;<\/p>\n<p>Fotografias y texto Cortes\u00eda CTBA &#8211;&nbsp;Carlos Furman<\/p>\n<p>&nbsp;<\/p>\n<p>&nbsp;<\/p>\n<p>&nbsp;<\/p>\n","protected":false},"excerpt":{"rendered":"<p>Cultura en casa presenta dos espect\u00e1culos esta semana: \u201cEL&nbsp;ADULADOR\u201d de Carlo Goldoni, con direcci\u00f3n de Luciano&nbsp;Suardi, y \u201cLAS AMARGAS L\u00c1GRIMAS DE PETRA VON KANT\u201d,&nbsp;de Rainer Werner Fassbinder, con direcci\u00f3n de Leonor Manso. El Ministerio de Cultura, a trav\u00e9s del Complejo Teatral de Buenos Aires,&nbsp;informa que la plataforma #Culturaencasa ofrecer\u00e1 esta semana la&nbsp;posibilidad&nbsp;de ver desde este [&hellip;]<\/p>\n","protected":false},"author":134,"featured_media":59835,"comment_status":"closed","ping_status":"closed","sticky":false,"template":"","format":"standard","meta":{"om_disable_all_campaigns":false,"ngg_post_thumbnail":0,"jnews-multi-image_gallery":[],"jnews_single_post":[],"jnews_primary_category":[],"jnews_social_meta":[],"jnews_override_counter":[],"footnotes":""},"categories":[6008],"tags":[11452,11451,11454,11456,11453,11455],"class_list":["post-59824","post","type-post","status-publish","format-standard","has-post-thumbnail","hentry","category-desde-buenos-aires","tag-carlo-goldoni","tag-el-adulador","tag-las-amargas-lagrimas-de-petra-von-kant","tag-leonor-manso","tag-luciano-suardi","tag-rainer-werner-fassbinder"],"yoast_head":"<!-- This site is optimized with the Yoast SEO plugin v27.5 - https:\/\/yoast.com\/product\/yoast-seo-wordpress\/ -->\n<title>\u201cEL ADULADOR\u201d Y \u201cLAS AMARGAS L\u00c1GRIMAS DE PETRA VON KANT\u201d - Cooltivarte Portal<\/title>\n<meta name=\"description\" content=\"COOLTIVARTE.COM es un portal digital colaborativo de actualizaci\u00f3n permanente dedicado a difundir el acontecer art\u00edstico y cultural, entrevista artistas, gestores y productores de las diferentes disciplinas del arte, y publicando art\u00edculos de reflexi\u00f3n de producci\u00f3n propia sobre los elementos culturales.\" \/>\n<meta name=\"robots\" content=\"index, follow, max-snippet:-1, max-image-preview:large, max-video-preview:-1\" \/>\n<link rel=\"canonical\" href=\"https:\/\/cooltivarte.com\/portal\/el-adulador-y-las-amargas-lagrimas-de-petra-von-kant\/\" \/>\n<meta property=\"og:locale\" content=\"es_ES\" \/>\n<meta property=\"og:type\" content=\"article\" \/>\n<meta property=\"og:title\" content=\"\u201cEL ADULADOR\u201d Y \u201cLAS AMARGAS L\u00c1GRIMAS DE PETRA VON KANT\u201d - Cooltivarte Portal\" \/>\n<meta property=\"og:description\" content=\"COOLTIVARTE.COM es un portal digital colaborativo de actualizaci\u00f3n permanente dedicado a difundir el acontecer art\u00edstico y cultural, entrevista artistas, gestores y productores de las diferentes disciplinas del arte, y publicando art\u00edculos de reflexi\u00f3n de producci\u00f3n propia sobre los elementos culturales.\" \/>\n<meta property=\"og:url\" content=\"https:\/\/cooltivarte.com\/portal\/el-adulador-y-las-amargas-lagrimas-de-petra-von-kant\/\" \/>\n<meta property=\"og:site_name\" content=\"Cooltivarte Portal\" \/>\n<meta property=\"article:publisher\" content=\"https:\/\/www.facebook.com\/cooltivartecom\/\" \/>\n<meta property=\"article:author\" content=\"https:\/\/www.facebook.com\/pato.bue?ref=br_rs\" \/>\n<meta property=\"article:published_time\" content=\"2020-04-23T14:20:38+00:00\" \/>\n<meta property=\"article:modified_time\" content=\"2020-04-25T15:52:50+00:00\" \/>\n<meta property=\"og:image\" content=\"https:\/\/cooltivarte.com\/portal\/wp-content\/uploads\/2020\/04\/EL-ADULADOR-1-Carlos-Furman.jpg\" \/>\n\t<meta property=\"og:image:width\" content=\"768\" \/>\n\t<meta property=\"og:image:height\" content=\"542\" \/>\n\t<meta property=\"og:image:type\" content=\"image\/jpeg\" \/>\n<meta name=\"author\" content=\"Patricia Ianniruberto\" \/>\n<meta name=\"twitter:card\" content=\"summary_large_image\" \/>\n<meta name=\"twitter:creator\" content=\"@https:\/\/x.com\/obolocultural\" \/>\n<meta name=\"twitter:site\" content=\"@obolocultural\" \/>\n<meta name=\"twitter:label1\" content=\"Escrito por\" \/>\n\t<meta name=\"twitter:data1\" content=\"Patricia Ianniruberto\" \/>\n\t<meta name=\"twitter:label2\" content=\"Tiempo de lectura\" \/>\n\t<meta name=\"twitter:data2\" content=\"6 minutos\" \/>\n<!-- \/ Yoast SEO plugin. -->","yoast_head_json":{"title":"\u201cEL ADULADOR\u201d Y \u201cLAS AMARGAS L\u00c1GRIMAS DE PETRA VON KANT\u201d - Cooltivarte Portal","description":"COOLTIVARTE.COM es un portal digital colaborativo de actualizaci\u00f3n permanente dedicado a difundir el acontecer art\u00edstico y cultural, entrevista artistas, gestores y productores de las diferentes disciplinas del arte, y publicando art\u00edculos de reflexi\u00f3n de producci\u00f3n propia sobre los elementos culturales.","robots":{"index":"index","follow":"follow","max-snippet":"max-snippet:-1","max-image-preview":"max-image-preview:large","max-video-preview":"max-video-preview:-1"},"canonical":"https:\/\/cooltivarte.com\/portal\/el-adulador-y-las-amargas-lagrimas-de-petra-von-kant\/","og_locale":"es_ES","og_type":"article","og_title":"\u201cEL ADULADOR\u201d Y \u201cLAS AMARGAS L\u00c1GRIMAS DE PETRA VON KANT\u201d - Cooltivarte Portal","og_description":"COOLTIVARTE.COM es un portal digital colaborativo de actualizaci\u00f3n permanente dedicado a difundir el acontecer art\u00edstico y cultural, entrevista artistas, gestores y productores de las diferentes disciplinas del arte, y publicando art\u00edculos de reflexi\u00f3n de producci\u00f3n propia sobre los elementos culturales.","og_url":"https:\/\/cooltivarte.com\/portal\/el-adulador-y-las-amargas-lagrimas-de-petra-von-kant\/","og_site_name":"Cooltivarte Portal","article_publisher":"https:\/\/www.facebook.com\/cooltivartecom\/","article_author":"https:\/\/www.facebook.com\/pato.bue?ref=br_rs","article_published_time":"2020-04-23T14:20:38+00:00","article_modified_time":"2020-04-25T15:52:50+00:00","og_image":[{"width":768,"height":542,"url":"https:\/\/cooltivarte.com\/portal\/wp-content\/uploads\/2020\/04\/EL-ADULADOR-1-Carlos-Furman.jpg","type":"image\/jpeg"}],"author":"Patricia Ianniruberto","twitter_card":"summary_large_image","twitter_creator":"@https:\/\/x.com\/obolocultural","twitter_site":"@obolocultural","twitter_misc":{"Escrito por":"Patricia Ianniruberto","Tiempo de lectura":"6 minutos"},"schema":{"@context":"https:\/\/schema.org","@graph":[{"@type":"NewsArticle","@id":"https:\/\/cooltivarte.com\/portal\/el-adulador-y-las-amargas-lagrimas-de-petra-von-kant\/#article","isPartOf":{"@id":"https:\/\/cooltivarte.com\/portal\/el-adulador-y-las-amargas-lagrimas-de-petra-von-kant\/"},"author":{"name":"Patricia Ianniruberto","@id":"https:\/\/cooltivarte.com\/portal\/#\/schema\/person\/efd7b91a624d2d005d1571effe8c04b9"},"headline":"\u201cEL ADULADOR\u201d Y \u201cLAS AMARGAS L\u00c1GRIMAS DE PETRA VON KANT\u201d","datePublished":"2020-04-23T14:20:38+00:00","dateModified":"2020-04-25T15:52:50+00:00","mainEntityOfPage":{"@id":"https:\/\/cooltivarte.com\/portal\/el-adulador-y-las-amargas-lagrimas-de-petra-von-kant\/"},"wordCount":1259,"publisher":{"@id":"https:\/\/cooltivarte.com\/portal\/#organization"},"image":{"@id":"https:\/\/cooltivarte.com\/portal\/el-adulador-y-las-amargas-lagrimas-de-petra-von-kant\/#primaryimage"},"thumbnailUrl":"https:\/\/cooltivarte.com\/portal\/wp-content\/uploads\/2020\/04\/EL-ADULADOR-1-Carlos-Furman.jpg","keywords":["Carlo Goldoni","El adulador","LAS AMARGAS L\u00c1GRIMAS DE PETRA VON KANT","Leonor Manso","Luciano\u00a0Suardi","Rainer Werner Fassbinder"],"articleSection":["Desde Buenos Aires"],"inLanguage":"es-AR"},{"@type":"WebPage","@id":"https:\/\/cooltivarte.com\/portal\/el-adulador-y-las-amargas-lagrimas-de-petra-von-kant\/","url":"https:\/\/cooltivarte.com\/portal\/el-adulador-y-las-amargas-lagrimas-de-petra-von-kant\/","name":"\u201cEL ADULADOR\u201d Y \u201cLAS AMARGAS L\u00c1GRIMAS DE PETRA VON KANT\u201d - Cooltivarte Portal","isPartOf":{"@id":"https:\/\/cooltivarte.com\/portal\/#website"},"primaryImageOfPage":{"@id":"https:\/\/cooltivarte.com\/portal\/el-adulador-y-las-amargas-lagrimas-de-petra-von-kant\/#primaryimage"},"image":{"@id":"https:\/\/cooltivarte.com\/portal\/el-adulador-y-las-amargas-lagrimas-de-petra-von-kant\/#primaryimage"},"thumbnailUrl":"https:\/\/cooltivarte.com\/portal\/wp-content\/uploads\/2020\/04\/EL-ADULADOR-1-Carlos-Furman.jpg","datePublished":"2020-04-23T14:20:38+00:00","dateModified":"2020-04-25T15:52:50+00:00","description":"COOLTIVARTE.COM es un portal digital colaborativo de actualizaci\u00f3n permanente dedicado a difundir el acontecer art\u00edstico y cultural, entrevista artistas, gestores y productores de las diferentes disciplinas del arte, y publicando art\u00edculos de reflexi\u00f3n de producci\u00f3n propia sobre los elementos culturales.","breadcrumb":{"@id":"https:\/\/cooltivarte.com\/portal\/el-adulador-y-las-amargas-lagrimas-de-petra-von-kant\/#breadcrumb"},"inLanguage":"es-AR","potentialAction":[{"@type":"ReadAction","target":["https:\/\/cooltivarte.com\/portal\/el-adulador-y-las-amargas-lagrimas-de-petra-von-kant\/"]}]},{"@type":"ImageObject","inLanguage":"es-AR","@id":"https:\/\/cooltivarte.com\/portal\/el-adulador-y-las-amargas-lagrimas-de-petra-von-kant\/#primaryimage","url":"https:\/\/cooltivarte.com\/portal\/wp-content\/uploads\/2020\/04\/EL-ADULADOR-1-Carlos-Furman.jpg","contentUrl":"https:\/\/cooltivarte.com\/portal\/wp-content\/uploads\/2020\/04\/EL-ADULADOR-1-Carlos-Furman.jpg","width":768,"height":542,"caption":"EL ADULADOR 1 - Carlos Furman"},{"@type":"BreadcrumbList","@id":"https:\/\/cooltivarte.com\/portal\/el-adulador-y-las-amargas-lagrimas-de-petra-von-kant\/#breadcrumb","itemListElement":[{"@type":"ListItem","position":1,"name":"Portada","item":"https:\/\/cooltivarte.com\/portal\/"},{"@type":"ListItem","position":2,"name":"\u201cEL ADULADOR\u201d Y \u201cLAS AMARGAS L\u00c1GRIMAS DE PETRA VON KANT\u201d"}]},{"@type":"WebSite","@id":"https:\/\/cooltivarte.com\/portal\/#website","url":"https:\/\/cooltivarte.com\/portal\/","name":"Cooltivarte Portal","description":"Arte, cultura y turismo para el mundo ...","publisher":{"@id":"https:\/\/cooltivarte.com\/portal\/#organization"},"potentialAction":[{"@type":"SearchAction","target":{"@type":"EntryPoint","urlTemplate":"https:\/\/cooltivarte.com\/portal\/?s={search_term_string}"},"query-input":{"@type":"PropertyValueSpecification","valueRequired":true,"valueName":"search_term_string"}}],"inLanguage":"es-AR"},{"@type":"Organization","@id":"https:\/\/cooltivarte.com\/portal\/#organization","name":"cooltivarte","url":"https:\/\/cooltivarte.com\/portal\/","logo":{"@type":"ImageObject","inLanguage":"es-AR","@id":"https:\/\/cooltivarte.com\/portal\/#\/schema\/logo\/image\/","url":"https:\/\/cooltivarte.com\/portal\/wp-content\/uploads\/2020\/04\/logo-cooltivarte-v2.png","contentUrl":"https:\/\/cooltivarte.com\/portal\/wp-content\/uploads\/2020\/04\/logo-cooltivarte-v2.png","width":851,"height":243,"caption":"cooltivarte"},"image":{"@id":"https:\/\/cooltivarte.com\/portal\/#\/schema\/logo\/image\/"},"sameAs":["https:\/\/www.facebook.com\/cooltivartecom\/","https:\/\/x.com\/obolocultural","https:\/\/www.instagram.com\/_cooltivarte_\/","https:\/\/www.linkedin.com\/company\/-bolocultural?reportsuccess=8zaNG1HwhPbAR9iQhZ5rfGeqz_vQFftHun0ZWU0Wy9vNemRJ8vtcKdJvzQfW8XagyOJSKg0XvfJ1dp","https:\/\/www.pinterest.com\/cooltivarte\/","https:\/\/cooltivarte.tumblr.com\/","https:\/\/www.tiktok.com\/@cooltivarte","https:\/\/www.youtube.com\/@PrensaCooltivarte"]},{"@type":"Person","@id":"https:\/\/cooltivarte.com\/portal\/#\/schema\/person\/efd7b91a624d2d005d1571effe8c04b9","name":"Patricia Ianniruberto","image":{"@type":"ImageObject","inLanguage":"es-AR","@id":"https:\/\/cooltivarte.com\/portal\/wp-content\/uploads\/2018\/04\/patricia-ianniruberto-120x120.jpg","url":"https:\/\/cooltivarte.com\/portal\/wp-content\/uploads\/2018\/04\/patricia-ianniruberto-120x120.jpg","contentUrl":"https:\/\/cooltivarte.com\/portal\/wp-content\/uploads\/2018\/04\/patricia-ianniruberto-120x120.jpg","caption":"Patricia Ianniruberto"},"description":"Patricia Ianniruberto. Egresada de Bellas Artes (Inst. Beato Ang\u00e9lico). Curs\u00f3 Dise\u00f1o Gr\u00e1fico y Comunicaci\u00f3n Visual (UBA) y producci\u00f3n de cine (SICA). Ejerci\u00f3 como docente de Bellas Artes y de Dise\u00f1o I y II (UBA). Freelance de agencias de publicidad y cineanimaci\u00f3n. Como dise\u00f1adora independiente se especializ\u00f3 en comunicaci\u00f3n visual, prensa y producci\u00f3n, asesorando a empresas en imagen corporativa, producci\u00f3n integral de contenidos y piezas de comunicaci\u00f3n: folletos, cat\u00e1logos, revistas, stands, web, tv, v\u00eda p\u00fablica, asesoramiento en derechos de autor, marcas y dominios junto al Estudio Lauritsen. Desarroll\u00f3 proyectos pioneros de tecnolog\u00eda en Internet y aplicaciones interactivas (netmedia). Locaciones: cine y medios. En Uruguay: seleccionada: Taller de promoci\u00f3n y distribuci\u00f3n Mercosur: nuevas herramientas multiplataforma\/Mercosur Audiovisual (Programa de Cooperaci\u00f3n con la Comunidad Europea). Representaci\u00f3n y gesti\u00f3n de notas en instituciones p\u00fablicas y privadas vinculadas al arte y la cultura. Corresponsal de revistas de cultura y colaboradora de medios gr\u00e1ficos y digitales. Edici\u00f3n y producci\u00f3n de contenidos multiplataforma. Gesti\u00f3n cultural y de prensa-Corresponsal en Buenos Aires: Argentina\/Uruguay.","sameAs":["https:\/\/www.facebook.com\/pato.bue?ref=br_rs","https:\/\/www.instagram.com\/_cooltivarte_\/","https:\/\/www.linkedin.com\/company\/-bolocultural\/","https:\/\/www.pinterest.com\/cooltivarte\/","https:\/\/x.com\/https:\/\/x.com\/obolocultural","https:\/\/www.youtube.com\/@PrensaCooltivarte","https:\/\/cooltivarte.tumblr.com\/"],"url":"https:\/\/cooltivarte.com\/portal\/author\/patricia-ianniruberto\/"}]}},"_links":{"self":[{"href":"https:\/\/cooltivarte.com\/portal\/wp-json\/wp\/v2\/posts\/59824","targetHints":{"allow":["GET"]}}],"collection":[{"href":"https:\/\/cooltivarte.com\/portal\/wp-json\/wp\/v2\/posts"}],"about":[{"href":"https:\/\/cooltivarte.com\/portal\/wp-json\/wp\/v2\/types\/post"}],"author":[{"embeddable":true,"href":"https:\/\/cooltivarte.com\/portal\/wp-json\/wp\/v2\/users\/134"}],"replies":[{"embeddable":true,"href":"https:\/\/cooltivarte.com\/portal\/wp-json\/wp\/v2\/comments?post=59824"}],"version-history":[{"count":6,"href":"https:\/\/cooltivarte.com\/portal\/wp-json\/wp\/v2\/posts\/59824\/revisions"}],"predecessor-version":[{"id":59905,"href":"https:\/\/cooltivarte.com\/portal\/wp-json\/wp\/v2\/posts\/59824\/revisions\/59905"}],"wp:featuredmedia":[{"embeddable":true,"href":"https:\/\/cooltivarte.com\/portal\/wp-json\/wp\/v2\/media\/59835"}],"wp:attachment":[{"href":"https:\/\/cooltivarte.com\/portal\/wp-json\/wp\/v2\/media?parent=59824"}],"wp:term":[{"taxonomy":"category","embeddable":true,"href":"https:\/\/cooltivarte.com\/portal\/wp-json\/wp\/v2\/categories?post=59824"},{"taxonomy":"post_tag","embeddable":true,"href":"https:\/\/cooltivarte.com\/portal\/wp-json\/wp\/v2\/tags?post=59824"}],"curies":[{"name":"wp","href":"https:\/\/api.w.org\/{rel}","templated":true}]}}