{"id":59381,"date":"2020-04-06T13:29:34","date_gmt":"2020-04-06T16:29:34","guid":{"rendered":"http:\/\/cooltivarte.com\/portal\/?p=59381"},"modified":"2023-12-30T15:49:14","modified_gmt":"2023-12-30T18:49:14","slug":"la-patria-en-peligro-pandemia-crisis-global-y-politica","status":"publish","type":"post","link":"https:\/\/cooltivarte.com\/portal\/la-patria-en-peligro-pandemia-crisis-global-y-politica\/","title":{"rendered":"la patria en peligro &#8211; Pandemia, crisis global y pol\u00edtica"},"content":{"rendered":"<figure id=\"attachment_59385\" aria-describedby=\"caption-attachment-59385\" style=\"width: 960px\" class=\"wp-caption aligncenter\"><img fetchpriority=\"high\" decoding=\"async\" class=\"wp-image-59385 size-full\" title=\"L\u00e1grimas Vivas - Catherina Romanelli - cme-SUBTE - Agosto 2009 - \u00a9 Federico Meneses www.cooltivarte.com\" src=\"https:\/\/cooltivarte.com\/portal\/wp-content\/uploads\/2020\/04\/L\u00e1grimas-Vivas-Catherina-Romanelli-cme-SUBTE-Agosto-2009-Federico-Meneses-www-cooltivarte-com.jpg\" alt=\"L\u00e1grimas Vivas - Catherina Romanelli - cme-SUBTE - Agosto 2009 - \u00a9 Federico Meneses www.cooltivarte.com\" width=\"960\" height=\"638\" srcset=\"https:\/\/cooltivarte.com\/portal\/wp-content\/uploads\/2020\/04\/L\u00e1grimas-Vivas-Catherina-Romanelli-cme-SUBTE-Agosto-2009-Federico-Meneses-www-cooltivarte-com.jpg 960w, https:\/\/cooltivarte.com\/portal\/wp-content\/uploads\/2020\/04\/L\u00e1grimas-Vivas-Catherina-Romanelli-cme-SUBTE-Agosto-2009-Federico-Meneses-www-cooltivarte-com-300x199.jpg 300w, https:\/\/cooltivarte.com\/portal\/wp-content\/uploads\/2020\/04\/L\u00e1grimas-Vivas-Catherina-Romanelli-cme-SUBTE-Agosto-2009-Federico-Meneses-www-cooltivarte-com-768x510.jpg 768w\" sizes=\"(max-width: 960px) 100vw, 960px\" \/><figcaption id=\"caption-attachment-59385\" class=\"wp-caption-text\">L\u00e1grimas Vivas &#8211; Catherina Romanelli &#8211; cme-SUBTE &#8211; Agosto 2009 &#8211; \u00a9 Federico Meneses www.cooltivarte.com<\/figcaption><\/figure>\n<p>&nbsp;<\/p>\n<p>Con todo derecho, leg\u00edtimo Derecho, el presidente <strong>Luis Alberto Lacalle Pou<\/strong> se ubica en la postura pol\u00edtico institucional de \u201chacerse cargo\u201d de la conducci\u00f3n del pa\u00eds.<\/p>\n<p>Se prepar\u00f3 y luch\u00f3 para ello.<\/p>\n<p>Ocurre que al mismo tiempo que asum\u00eda su responsabilidad se acentu\u00f3 en el mundo una crisis civilizatoria que ven\u00eda de antes, (una monumental concentraci\u00f3n de la riqueza durante cuarenta a\u00f1os yace en su base) pero termin\u00f3 de desencadenarse cuando la pandemia del coronavirus se expandi\u00f3 descontrolada por las principales econom\u00edas de occidente.<\/p>\n<p>De modo que aquel br\u00edo al mismo tiempo patricio y juvenil por \u201ctomar las riendas\u201d del pa\u00eds al frente de una coalici\u00f3n compleja de partidos en algunos aspectos muy dis\u00edmiles, porque representan diferentes intereses y tradiciones, es desafiado por una circunstancia que, literalmente, pone a la patria en peligro.<\/p>\n<p>Y ante la intuici\u00f3n de la patria en peligro, la sociedad, desafiada adem\u00e1s afectivamente por los efectos de la pandemia y los efectos inmediatos en el mundo del trabajo que la paralizaci\u00f3n de la econom\u00eda provoca, se irrita y conmueve.<\/p>\n<p>\u00bfQu\u00e9 pide entonces a gritos la abrumadora mayor\u00eda de la sociedad?<\/p>\n<p>Quiere ver en una misma mesa al presidente y a su ministra de Econom\u00eda, a <strong>Enrique Iglesias<\/strong>, <strong>Danilo Astori<\/strong>,<strong> Julio Mar\u00eda Sanguinetti<\/strong> y <strong>Mujica<\/strong>. A <strong>Talvi<\/strong> y <strong>Oscar Andrade<\/strong> y a<strong> Manini<\/strong>\u2026 quiere ver c\u00f3mo la direcci\u00f3n pol\u00edtica del pa\u00eds produce un programa consensuado que distribuya equitativamente los costos para hacer frente a la crisis global y revitalizar la econom\u00eda nacional apenas se superen los efectos de la pandemia.<\/p>\n<p>Algo como un acuerdo nacional de emergencia que se prolongue por un par de a\u00f1os, que es el tiempo que resultar\u00e1 necesario para conocer los efectos reales de la crisis en occidente.<\/p>\n<p>Luego tendr\u00e1 tiempo el presidente <strong>Luis Lacalle Pou<\/strong> para enfatizar en la gesti\u00f3n de gobierno lo que constituyen algunas de sus ansiedades ideol\u00f3gicas.<\/p>\n<p>Los mensajes que est\u00e1n transmitiendo la mayor\u00eda de los jerarcas del gobierno sin embargo, van todos en una direcci\u00f3n polarizadora superficial, porque no analizan la complejidad, sino que presentan presuntas falencias del anterior gobierno, que representa a la mitad del pa\u00eds. No aluden a las fortalezas de la naci\u00f3n, que son enormes.<\/p>\n<p>El propio presidente, procurando sin duda establecer un innecesario \u201cac\u00e1 mando yo\u201d, incurre en tales infantilidades. Demasiadas veces en pocos d\u00edas.<\/p>\n<p>La inyecci\u00f3n de capital p\u00fablico, que los pa\u00edses centrales de occidente est\u00e1n colocando en sus econom\u00edas para hacer frente a la crisis del coronavirus, \u00bfha consultado el presidente, por ejemplo, a <strong>Enrique Iglesias<\/strong>, uno de los m\u00e1s sabios economistas con que cuenta el pa\u00eds, qui\u00e9n la pagar\u00e1?<\/p>\n<p>La pagar\u00e1n los trabajadores de occidente, de todos los pa\u00edses de occidente.<\/p>\n<p>La pagar\u00e1n los productores de los pa\u00edses no desarrollados, de todos los pa\u00edses no desarrollados.<\/p>\n<p>En Uruguay, los que cuentan con cuentas bancarias superiores a cien mil d\u00f3lares pueden administrar la crisis con cierta estabilidad y consistencia. Los que viven de sus ingresos mensuales no. Y son la abrumadora mayor\u00eda\u2026<\/p>\n<p>En tiempos de angustias que se expresan espont\u00e1neamente en las redes sociales y alimentan enconos, en tiempos de crisis civilizatoria, en tiempos de crisis econ\u00f3mica global, las sociedades necesitan l\u00edderes serios.<\/p>\n<p>Rigor intelectual, no ideologismos e irracionalismos acient\u00edficos. Para irracionalismos ya tenemos bastante con <strong>Trump<\/strong> y <strong>Bolsonaro<\/strong>.<\/p>\n<p>En circunstancias como la que vive el mundo, lo expreso con humildad antes de retirarme a un prudente silencio para no contribuir ni en un \u00e1pice a fomentar polarizaciones que tienen una explicaci\u00f3n estructural pero que en la presente circunstancia hist\u00f3rica resultan suicidas, no es recomendable tirar demasiado de la cuerda del cinismo\u2026<\/p>\n<p>Y hay que elegir el rumbo y seguirlo. Las opciones son dos, un gobierno de partido o un acuerdo consensuado, patri\u00f3tico. El presidente tiene derecho a elegir el camino e institucionalmente, ser\u00e1 respaldado en su decisi\u00f3n, cualesquiera ella sea.<\/p>\n<p>Pero las consecuencias de la disputa por qui\u00e9n paga los costos de los recursos necesarios para salir de la crisis no ser\u00e1 la misma en uno y otro caso.<\/p>\n<p>&nbsp;<\/p>\n<p>&nbsp;<\/p>\n<p>&nbsp;<\/p>\n<p>Imagen portada: Archivo &#8211; <a href=\"https:\/\/cooltivarte.com\/portal\/en-la-gran-manzana-entrevista-a-catherina-romanelli\/\">Obra &#8211; L\u00e1grimas Vivas &#8211; Catherina Romanelli &#8211; CME-SUBTE<\/a> &#8211; Agosto 2009 &#8211; Foto \u00a9 Federico Meneses&nbsp;<\/p>\n<p>&nbsp;<\/p>\n<p>&nbsp;<\/p>\n<p>&nbsp;<\/p>\n","protected":false},"excerpt":{"rendered":"<p>&nbsp; Con todo derecho, leg\u00edtimo Derecho, el presidente Luis Alberto Lacalle Pou se ubica en la postura pol\u00edtico institucional de \u201chacerse cargo\u201d de la conducci\u00f3n del pa\u00eds. Se prepar\u00f3 y luch\u00f3 para ello. Ocurre que al mismo tiempo que asum\u00eda su responsabilidad se acentu\u00f3 en el mundo una crisis civilizatoria que ven\u00eda de antes, (una [&hellip;]<\/p>\n","protected":false},"author":35,"featured_media":59385,"comment_status":"closed","ping_status":"closed","sticky":false,"template":"","format":"standard","meta":{"om_disable_all_campaigns":false,"ngg_post_thumbnail":0,"jnews-multi-image_gallery":[],"jnews_single_post":{"subtitle":"","format":"standard","video":"","gallery":"","source_name":"","source_url":"","via_name":"","via_url":"","override_template":"0","override":[{"template":"4","single_blog_custom":"","parallax":"1","fullscreen":"0","layout":"right-sidebar","sidebar":"default-sidebar","second_sidebar":"default-sidebar","sticky_sidebar":"1","share_position":"bottom","share_float_style":"share-monocrhome","show_share_counter":"1","show_view_counter":"1","show_featured":"1","show_post_meta":"1","show_post_author":"1","show_post_author_image":"1","show_post_date":"1","post_date_format":"default","post_date_format_custom":"Y\/m\/d","show_post_category":"1","show_post_reading_time":"0","post_reading_time_wpm":"300","show_zoom_button":"0","zoom_button_out_step":"2","zoom_button_in_step":"3","show_post_tag":"1","show_prev_next_post":"1","show_popup_post":"1","number_popup_post":"1","show_author_box":"1","show_post_related":"0","show_inline_post_related":"0"}],"override_image_size":"0","image_override":[{"single_post_thumbnail_size":"no-crop","single_post_gallery_size":"crop-500"}],"trending_post":"0","trending_post_position":"meta","trending_post_label":"Trending","sponsored_post":"0","sponsored_post_label":"Sponsored by","sponsored_post_name":"","sponsored_post_url":"","sponsored_post_logo_enable":"0","sponsored_post_logo":"","sponsored_post_desc":"","disable_ad":"0"},"jnews_primary_category":{"id":"","hide":""},"jnews_social_meta":{"fb_title":"","fb_description":"","fb_image":"","twitter_title":"","twitter_description":"","twitter_image":""},"jnews_override_counter":{"override_view_counter":"0","view_counter_number":"0","override_share_counter":"0","share_counter_number":"0","override_like_counter":"0","like_counter_number":"0","override_dislike_counter":"0","dislike_counter_number":"0"},"footnotes":""},"categories":[1637],"tags":[11323,11089,11261,11320,7947,11324,10567,11322,11327,7423,11326,5665,11321,623,11325,9253],"class_list":["post-59381","post","type-post","status-publish","format-standard","has-post-thumbnail","hentry","category-apuntes","tag-bolsonaro","tag-coronavirus","tag-covid19","tag-crisis-global","tag-danilo-astori","tag-enrique-iglesias","tag-julio-maria-sanguinetti","tag-luis-alberto-lacalle-pou","tag-manini","tag-mujica","tag-oscar-andrade","tag-pandemia","tag-patria","tag-politica","tag-talvi","tag-trump"],"yoast_head":"<!-- This site is optimized with the Yoast SEO plugin v27.5 - https:\/\/yoast.com\/product\/yoast-seo-wordpress\/ -->\n<title>la patria en peligro - Pandemia, crisis global y pol\u00edtica - Cooltivarte Portal<\/title>\n<meta name=\"description\" content=\"Con todo derecho, leg\u00edtimo Derecho, el presidente Luis Alberto Lacalle Pou se ubica en la postura pol\u00edtico institucional de \u201chacerse cargo\u201d de la conducci\u00f3n del pa\u00eds.\" \/>\n<meta name=\"robots\" content=\"index, follow, max-snippet:-1, max-image-preview:large, max-video-preview:-1\" \/>\n<link rel=\"canonical\" href=\"https:\/\/cooltivarte.com\/portal\/la-patria-en-peligro-pandemia-crisis-global-y-politica\/\" \/>\n<meta property=\"og:locale\" content=\"es_ES\" \/>\n<meta property=\"og:type\" content=\"article\" \/>\n<meta property=\"og:title\" content=\"la patria en peligro - Pandemia, crisis global y pol\u00edtica - Cooltivarte Portal\" \/>\n<meta property=\"og:description\" content=\"Con todo derecho, leg\u00edtimo Derecho, el presidente Luis Alberto Lacalle Pou se ubica en la postura pol\u00edtico institucional de \u201chacerse cargo\u201d de la conducci\u00f3n del pa\u00eds.\" \/>\n<meta property=\"og:url\" content=\"https:\/\/cooltivarte.com\/portal\/la-patria-en-peligro-pandemia-crisis-global-y-politica\/\" \/>\n<meta property=\"og:site_name\" content=\"Cooltivarte Portal\" \/>\n<meta property=\"article:publisher\" content=\"https:\/\/www.facebook.com\/cooltivartecom\/\" \/>\n<meta property=\"article:author\" content=\"https:\/\/www.facebook.com\/gerardo.bleier?fref=ts\" \/>\n<meta property=\"article:published_time\" content=\"2020-04-06T16:29:34+00:00\" \/>\n<meta property=\"article:modified_time\" content=\"2023-12-30T18:49:14+00:00\" \/>\n<meta property=\"og:image\" content=\"https:\/\/cooltivarte.com\/portal\/wp-content\/uploads\/2020\/04\/L\u00e1grimas-Vivas-Catherina-Romanelli-cme-SUBTE-Agosto-2009-Federico-Meneses-www-cooltivarte-com.jpg\" \/>\n\t<meta property=\"og:image:width\" content=\"960\" \/>\n\t<meta property=\"og:image:height\" content=\"638\" \/>\n\t<meta property=\"og:image:type\" content=\"image\/jpeg\" \/>\n<meta name=\"author\" content=\"Gerardo Bleier\" \/>\n<meta name=\"twitter:card\" content=\"summary_large_image\" \/>\n<meta name=\"twitter:creator\" content=\"@https:\/\/twitter.com\/gerardobleier\" \/>\n<meta name=\"twitter:site\" content=\"@obolocultural\" \/>\n<meta name=\"twitter:label1\" content=\"Escrito por\" \/>\n\t<meta name=\"twitter:data1\" content=\"Gerardo Bleier\" \/>\n\t<meta name=\"twitter:label2\" content=\"Tiempo de lectura\" \/>\n\t<meta name=\"twitter:data2\" content=\"4 minutos\" \/>\n<!-- \/ Yoast SEO plugin. -->","yoast_head_json":{"title":"la patria en peligro - Pandemia, crisis global y pol\u00edtica - Cooltivarte Portal","description":"Con todo derecho, leg\u00edtimo Derecho, el presidente Luis Alberto Lacalle Pou se ubica en la postura pol\u00edtico institucional de \u201chacerse cargo\u201d de la conducci\u00f3n del pa\u00eds.","robots":{"index":"index","follow":"follow","max-snippet":"max-snippet:-1","max-image-preview":"max-image-preview:large","max-video-preview":"max-video-preview:-1"},"canonical":"https:\/\/cooltivarte.com\/portal\/la-patria-en-peligro-pandemia-crisis-global-y-politica\/","og_locale":"es_ES","og_type":"article","og_title":"la patria en peligro - Pandemia, crisis global y pol\u00edtica - Cooltivarte Portal","og_description":"Con todo derecho, leg\u00edtimo Derecho, el presidente Luis Alberto Lacalle Pou se ubica en la postura pol\u00edtico institucional de \u201chacerse cargo\u201d de la conducci\u00f3n del pa\u00eds.","og_url":"https:\/\/cooltivarte.com\/portal\/la-patria-en-peligro-pandemia-crisis-global-y-politica\/","og_site_name":"Cooltivarte Portal","article_publisher":"https:\/\/www.facebook.com\/cooltivartecom\/","article_author":"https:\/\/www.facebook.com\/gerardo.bleier?fref=ts","article_published_time":"2020-04-06T16:29:34+00:00","article_modified_time":"2023-12-30T18:49:14+00:00","og_image":[{"width":960,"height":638,"url":"https:\/\/cooltivarte.com\/portal\/wp-content\/uploads\/2020\/04\/L\u00e1grimas-Vivas-Catherina-Romanelli-cme-SUBTE-Agosto-2009-Federico-Meneses-www-cooltivarte-com.jpg","type":"image\/jpeg"}],"author":"Gerardo Bleier","twitter_card":"summary_large_image","twitter_creator":"@https:\/\/twitter.com\/gerardobleier","twitter_site":"@obolocultural","twitter_misc":{"Escrito por":"Gerardo Bleier","Tiempo de lectura":"4 minutos"},"schema":{"@context":"https:\/\/schema.org","@graph":[{"@type":"NewsArticle","@id":"https:\/\/cooltivarte.com\/portal\/la-patria-en-peligro-pandemia-crisis-global-y-politica\/#article","isPartOf":{"@id":"https:\/\/cooltivarte.com\/portal\/la-patria-en-peligro-pandemia-crisis-global-y-politica\/"},"author":{"name":"Gerardo Bleier","@id":"https:\/\/cooltivarte.com\/portal\/#\/schema\/person\/05944fbe6b11a76949aac015d5a35fd1"},"headline":"la patria en peligro &#8211; Pandemia, crisis global y pol\u00edtica","datePublished":"2020-04-06T16:29:34+00:00","dateModified":"2023-12-30T18:49:14+00:00","mainEntityOfPage":{"@id":"https:\/\/cooltivarte.com\/portal\/la-patria-en-peligro-pandemia-crisis-global-y-politica\/"},"wordCount":778,"publisher":{"@id":"https:\/\/cooltivarte.com\/portal\/#organization"},"image":{"@id":"https:\/\/cooltivarte.com\/portal\/la-patria-en-peligro-pandemia-crisis-global-y-politica\/#primaryimage"},"thumbnailUrl":"https:\/\/cooltivarte.com\/portal\/wp-content\/uploads\/2020\/04\/L\u00e1grimas-Vivas-Catherina-Romanelli-cme-SUBTE-Agosto-2009-Federico-Meneses-www-cooltivarte-com.jpg","keywords":["Bolsonaro","Coronavirus","covid19","crisis global","Danilo Astori","Enrique Iglesias","Julio Mar\u00eda Sanguinetti","Luis Alberto Lacalle Pou","Manini","Mujica","Oscar Andrade","Pandemia","patria","Pol\u00edtica","Talvi","Trump"],"articleSection":["Apuntes"],"inLanguage":"es-AR"},{"@type":"WebPage","@id":"https:\/\/cooltivarte.com\/portal\/la-patria-en-peligro-pandemia-crisis-global-y-politica\/","url":"https:\/\/cooltivarte.com\/portal\/la-patria-en-peligro-pandemia-crisis-global-y-politica\/","name":"la patria en peligro - Pandemia, crisis global y pol\u00edtica - Cooltivarte Portal","isPartOf":{"@id":"https:\/\/cooltivarte.com\/portal\/#website"},"primaryImageOfPage":{"@id":"https:\/\/cooltivarte.com\/portal\/la-patria-en-peligro-pandemia-crisis-global-y-politica\/#primaryimage"},"image":{"@id":"https:\/\/cooltivarte.com\/portal\/la-patria-en-peligro-pandemia-crisis-global-y-politica\/#primaryimage"},"thumbnailUrl":"https:\/\/cooltivarte.com\/portal\/wp-content\/uploads\/2020\/04\/L\u00e1grimas-Vivas-Catherina-Romanelli-cme-SUBTE-Agosto-2009-Federico-Meneses-www-cooltivarte-com.jpg","datePublished":"2020-04-06T16:29:34+00:00","dateModified":"2023-12-30T18:49:14+00:00","description":"Con todo derecho, leg\u00edtimo Derecho, el presidente Luis Alberto Lacalle Pou se ubica en la postura pol\u00edtico institucional de \u201chacerse cargo\u201d de la conducci\u00f3n del pa\u00eds.","breadcrumb":{"@id":"https:\/\/cooltivarte.com\/portal\/la-patria-en-peligro-pandemia-crisis-global-y-politica\/#breadcrumb"},"inLanguage":"es-AR","potentialAction":[{"@type":"ReadAction","target":["https:\/\/cooltivarte.com\/portal\/la-patria-en-peligro-pandemia-crisis-global-y-politica\/"]}]},{"@type":"ImageObject","inLanguage":"es-AR","@id":"https:\/\/cooltivarte.com\/portal\/la-patria-en-peligro-pandemia-crisis-global-y-politica\/#primaryimage","url":"https:\/\/cooltivarte.com\/portal\/wp-content\/uploads\/2020\/04\/L\u00e1grimas-Vivas-Catherina-Romanelli-cme-SUBTE-Agosto-2009-Federico-Meneses-www-cooltivarte-com.jpg","contentUrl":"https:\/\/cooltivarte.com\/portal\/wp-content\/uploads\/2020\/04\/L\u00e1grimas-Vivas-Catherina-Romanelli-cme-SUBTE-Agosto-2009-Federico-Meneses-www-cooltivarte-com.jpg","width":960,"height":638,"caption":"L\u00e1grimas Vivas - Catherina Romanelli - cme-SUBTE - Agosto 2009 - \u00a9 Federico Meneses www.cooltivarte.com"},{"@type":"BreadcrumbList","@id":"https:\/\/cooltivarte.com\/portal\/la-patria-en-peligro-pandemia-crisis-global-y-politica\/#breadcrumb","itemListElement":[{"@type":"ListItem","position":1,"name":"Portada","item":"https:\/\/cooltivarte.com\/portal\/"},{"@type":"ListItem","position":2,"name":"la patria en peligro &#8211; Pandemia, crisis global y pol\u00edtica"}]},{"@type":"WebSite","@id":"https:\/\/cooltivarte.com\/portal\/#website","url":"https:\/\/cooltivarte.com\/portal\/","name":"Cooltivarte Portal","description":"Arte, cultura y turismo para el mundo ...","publisher":{"@id":"https:\/\/cooltivarte.com\/portal\/#organization"},"potentialAction":[{"@type":"SearchAction","target":{"@type":"EntryPoint","urlTemplate":"https:\/\/cooltivarte.com\/portal\/?s={search_term_string}"},"query-input":{"@type":"PropertyValueSpecification","valueRequired":true,"valueName":"search_term_string"}}],"inLanguage":"es-AR"},{"@type":"Organization","@id":"https:\/\/cooltivarte.com\/portal\/#organization","name":"cooltivarte","url":"https:\/\/cooltivarte.com\/portal\/","logo":{"@type":"ImageObject","inLanguage":"es-AR","@id":"https:\/\/cooltivarte.com\/portal\/#\/schema\/logo\/image\/","url":"https:\/\/cooltivarte.com\/portal\/wp-content\/uploads\/2020\/04\/logo-cooltivarte-v2.png","contentUrl":"https:\/\/cooltivarte.com\/portal\/wp-content\/uploads\/2020\/04\/logo-cooltivarte-v2.png","width":851,"height":243,"caption":"cooltivarte"},"image":{"@id":"https:\/\/cooltivarte.com\/portal\/#\/schema\/logo\/image\/"},"sameAs":["https:\/\/www.facebook.com\/cooltivartecom\/","https:\/\/x.com\/obolocultural","https:\/\/www.instagram.com\/_cooltivarte_\/","https:\/\/www.linkedin.com\/company\/-bolocultural?reportsuccess=8zaNG1HwhPbAR9iQhZ5rfGeqz_vQFftHun0ZWU0Wy9vNemRJ8vtcKdJvzQfW8XagyOJSKg0XvfJ1dp","https:\/\/www.pinterest.com\/cooltivarte\/","https:\/\/cooltivarte.tumblr.com\/","https:\/\/www.tiktok.com\/@cooltivarte","https:\/\/www.youtube.com\/@PrensaCooltivarte"]},{"@type":"Person","@id":"https:\/\/cooltivarte.com\/portal\/#\/schema\/person\/05944fbe6b11a76949aac015d5a35fd1","name":"Gerardo Bleier","image":{"@type":"ImageObject","inLanguage":"es-AR","@id":"https:\/\/cooltivarte.com\/portal\/wp-content\/uploads\/2014\/10\/gerardo-bleier-120x120.jpg","url":"https:\/\/cooltivarte.com\/portal\/wp-content\/uploads\/2014\/10\/gerardo-bleier-120x120.jpg","contentUrl":"https:\/\/cooltivarte.com\/portal\/wp-content\/uploads\/2014\/10\/gerardo-bleier-120x120.jpg","caption":"Gerardo Bleier"},"description":"Gerardo Bleier naci\u00f3 el 26 de noviembre de 1960. Escritor, Periodista y Asesor en Comunicaci\u00f3n Estrat\u00e9gica. Dirigi\u00f3 revistas, radios y programas de televisi\u00f3n. Publico varios libros de poes\u00eda entre ellos Ideanimas (Arca) y Cenizas (Artefato) y una novela Cr\u00e1neo de Vaca (Cruz del Sur).","sameAs":["https:\/\/gerardobleier.blogspot.com\/","https:\/\/www.facebook.com\/gerardo.bleier?fref=ts","https:\/\/www.instagram.com\/_cooltivarte_\/","http:\/\/www.linkedin.com\/in\/gerardobleier","https:\/\/www.pinterest.com\/cooltivarte","https:\/\/x.com\/https:\/\/twitter.com\/gerardobleier","https:\/\/www.youtube.com\/@PrensaCooltivarte","https:\/\/www.tumblr.com\/blog\/cooltivarte"],"url":"https:\/\/cooltivarte.com\/portal\/author\/bleier\/"}]}},"_links":{"self":[{"href":"https:\/\/cooltivarte.com\/portal\/wp-json\/wp\/v2\/posts\/59381","targetHints":{"allow":["GET"]}}],"collection":[{"href":"https:\/\/cooltivarte.com\/portal\/wp-json\/wp\/v2\/posts"}],"about":[{"href":"https:\/\/cooltivarte.com\/portal\/wp-json\/wp\/v2\/types\/post"}],"author":[{"embeddable":true,"href":"https:\/\/cooltivarte.com\/portal\/wp-json\/wp\/v2\/users\/35"}],"replies":[{"embeddable":true,"href":"https:\/\/cooltivarte.com\/portal\/wp-json\/wp\/v2\/comments?post=59381"}],"version-history":[{"count":4,"href":"https:\/\/cooltivarte.com\/portal\/wp-json\/wp\/v2\/posts\/59381\/revisions"}],"predecessor-version":[{"id":97514,"href":"https:\/\/cooltivarte.com\/portal\/wp-json\/wp\/v2\/posts\/59381\/revisions\/97514"}],"wp:featuredmedia":[{"embeddable":true,"href":"https:\/\/cooltivarte.com\/portal\/wp-json\/wp\/v2\/media\/59385"}],"wp:attachment":[{"href":"https:\/\/cooltivarte.com\/portal\/wp-json\/wp\/v2\/media?parent=59381"}],"wp:term":[{"taxonomy":"category","embeddable":true,"href":"https:\/\/cooltivarte.com\/portal\/wp-json\/wp\/v2\/categories?post=59381"},{"taxonomy":"post_tag","embeddable":true,"href":"https:\/\/cooltivarte.com\/portal\/wp-json\/wp\/v2\/tags?post=59381"}],"curies":[{"name":"wp","href":"https:\/\/api.w.org\/{rel}","templated":true}]}}