{"id":59288,"date":"2020-04-01T17:33:26","date_gmt":"2020-04-01T20:33:26","guid":{"rendered":"http:\/\/cooltivarte.com\/portal\/?p=59288"},"modified":"2020-04-10T23:25:22","modified_gmt":"2020-04-11T02:25:22","slug":"el-futuro-del-cuarentena-fest-mira-al-otro-lado-del-atlantico","status":"publish","type":"post","link":"https:\/\/cooltivarte.com\/portal\/el-futuro-del-cuarentena-fest-mira-al-otro-lado-del-atlantico\/","title":{"rendered":"EL FUTURO DEL CUARENTENA FEST MIRA AL OTRO LADO DEL ATL\u00c1NTICO"},"content":{"rendered":"<p><strong>\u00bfCu\u00e1nta gente act\u00faa? Vamos a tener 20 artistas y quedaron dispuestos de la siguiente manera.<\/strong><\/p>\n<p><strong>Lunes 6:<\/strong><\/p>\n<p>17hs. <strong><a href=\"https:\/\/cooltivarte.com\/portal\/?s=Martina+Lanzaro\">Martina<\/a> &amp; <a href=\"https:\/\/cooltivarte.com\/portal\/?s=Florencia+Lanzaro\">Florencia Lanzaro <\/a><\/strong><\/p>\n<p>18hs. <a href=\"https:\/\/cooltivarte.com\/portal\/?s=Amigovio\"><strong>Amigovio <\/strong><\/a><\/p>\n<p>19hs. <strong>M\u00ednima <\/strong><\/p>\n<p>20hs. <strong>Roxlo <\/strong><\/p>\n<p>21hs. <a href=\"https:\/\/cooltivarte.com\/portal\/?s=Ni%C3%B1a+Lobo\"><strong>Ni\u00f1a Lobo<\/strong><\/a><\/p>\n<p>&nbsp;<\/p>\n<p><strong>Martes 7: <\/strong><\/p>\n<p>16hs. <a href=\"https:\/\/cooltivarte.com\/portal\/?s=Santi+Mostaffa\"><strong>Santi Mostaffa <\/strong><\/a><\/p>\n<p>17hs.<strong> Santi Wirth<\/strong><\/p>\n<p>18hs.<a href=\"https:\/\/cooltivarte.com\/portal\/?s=In%C3%A9s+Errandonea\"><strong> In\u00e9s Errandonea <\/strong><\/a><\/p>\n<p>19hs. <strong>Julia y un ef\u00edmero<\/strong><\/p>\n<p>20hs. <a href=\"https:\/\/cooltivarte.com\/portal\/?s=Hablan+por+la+espalda\"><strong>Hablan por la espalda <\/strong><\/a><\/p>\n<p>21hs. <a href=\"https:\/\/cooltivarte.com\/portal\/?s=Alfonsina\"><strong>Alfonsina<\/strong><\/a><\/p>\n<p>&nbsp;<\/p>\n<p><strong>Mi\u00e9rcoles 8: <\/strong><\/p>\n<p>16hs.<strong> Punky Pher<\/strong><\/p>\n<p>17hs. <strong>Isla Panorama <\/strong><\/p>\n<p>18hs. <a href=\"https:\/\/cooltivarte.com\/portal\/?s=Diego+Gonz%C3%A1lez\"><strong>Diego Gonz\u00e1lez <\/strong><\/a><\/p>\n<p>19hs. <a href=\"https:\/\/cooltivarte.com\/portal\/?s=Papina+De+Palma\"><strong>Papina De Palma<\/strong><\/a><\/p>\n<p>20hs. <a href=\"https:\/\/cooltivarte.com\/portal\/?s=Julen+y+la+gente+sola\"><strong>Julen y la gente sola<\/strong><\/a><\/p>\n<p>21hs. Banda cierre a confirmar<\/p>\n<p>&nbsp;<\/p>\n<p>Playlist cuarentenafest<\/p>\n<p>[justified_image_grid mouse_disable=yes link_target=video rss_url=https:\/\/www.youtube.com\/playlist?list=PL_h0ESXVFwPI8SGO4ObhjNlK8ZhLLSFL_]<\/p>\n<p>&nbsp;<\/p>\n<p>&nbsp;<\/p>\n<p>&nbsp;<\/p>\n<p>El festival de streaming anuncia una serie de ediciones c\u00e1psula en pa\u00edses iberoamericanos, arrancando por, Argentina, Chile, Uruguay, Colombia y M\u00e9xico.<\/p>\n<p>Fiel a su idea de acercar la m\u00fasica a los fans, artistas de diferentes pa\u00edses seguir\u00e1n abriendo las puertas de sus dormitorios para demostrar que la fuerza de la m\u00fasica no puede pararse.<\/p>\n<p><strong>Cuarentena Fest<\/strong> es una organizaci\u00f3n sin \u00e1nimo de lucro nacida de la iniciativa de sellos y artistas independientes espa\u00f1oles el pasado 11 de marzo.<\/p>\n<p>Ante la imposibilidad de organizar conciertos, el cierre de algunas fronteras ahora supone un tiempo en el que las giras, tal como las conoc\u00edamos, dejar\u00e1n de existir.<\/p>\n<p>En <strong>Cuarentena Fest<\/strong> no dejamos de trabajar porque creemos en la m\u00fasica y en su poder sanador y de generar una comunidad de apoyo, un safe space. Lo hemos visto estos d\u00edas en el arte de nuestros artistas, pero tambi\u00e9n en la comunidad que se ha generado alrededor del festival, presente en los directos de YouTube, en Instagram o en otras plataformas. Estamos ofreciendo una luz en tan largo t\u00fanel.<\/p>\n<p>Las plataformas de la red, que ya cuentan con 25.000 seguidores en Instagram servir\u00e1n de expositor de artistas y visiones de diferentes pa\u00edses, para disfrute global. Con casi un 30% de audiencia global, queremos convertir <strong>Cuarentena Fest<\/strong> en un escaparate de m\u00fasica virtual, de conexi\u00f3n a trav\u00e9s de la tecnolog\u00eda, de arte global.<\/p>\n<p>Es por ello que el equipo del <strong>Cuarentena Fest<\/strong> ha decidido abrir esa red y poder llevar los directos y la m\u00fasica a pa\u00edses que ahora se enfrentan a una situaci\u00f3n que se est\u00e1 comprobando dura: el aislamiento voluntario. Cada pa\u00eds est\u00e1 tomando las medidas necesarias para combatir la pandemia, nosotros queremos ayudar a toda la gente posible.<\/p>\n<p>Nace as\u00ed<strong> Cuarentena Fest<\/strong> 2.0, una suerte de ediciones c\u00e1psula en la que diferentes pa\u00edses invitados podr\u00e1n mostrar y llevar la m\u00fasica de sus artistas a casa de sus fans. De nuevo, un festival de m\u00fasica en streaming en tiempos dif\u00edciles.<\/p>\n<p>Anunciamos as\u00ed las ediciones de Argentina, Chile, Uruguay, Colombia y M\u00e9xico. Una serie de ediciones c\u00e1psulas de tres d\u00edas en las que acercarnos, compartir y disfrutar con pa\u00edses del otro lado del Atl\u00e1ntico el arte como experiencia de vida. En momentos en que la industria est\u00e1 reescribiendo sus normas, la uni\u00f3n de los artistas independientes es m\u00e1s que necesaria para salir de esta situaci\u00f3n m\u00e1s reforzada, m\u00e1s unida, m\u00e1s global.<\/p>\n<p><strong>Comenzaremos la gira virtual del Cuarentena Fest 2.0 con una parada en Argentina del 30 de marzo al 2 de abril, continuar\u00e1 Chile del 03 de abril al 04 de abril, luego Uruguay del 6 de abril al 8, siguiendo por Colombia del 9 al 11.<\/strong><\/p>\n<p>&nbsp;<\/p>\n<p><strong>CUARENTENA FEST \/ UY<\/strong><\/p>\n<p><strong>\u00bfC\u00f3mo se desarrollar\u00e1? <\/strong><\/p>\n<p>El festival dar\u00e1 comienzo el pr\u00f3ximo 6 de abril y ofrecer\u00e1, hasta el 8 de abril las actuaciones de los grupos participantes. El p\u00fablico podr\u00e1 conectarse a trav\u00e9s de los canales de youtube de los artistas o verlos todos en <a href=\"http:\/\/cuarentenafest.tumblr.com\" target=\"_blank\" rel=\"noopener\">cuarentenafest.tumblr.com <\/a><\/p>\n<p><strong>\u00bfQui\u00e9nes est\u00e1n detr\u00e1s?<\/strong><\/p>\n<p>Somos gente de la m\u00fasica, sellos, artistas, dise\u00f1adores, que nos hemos querido unir de manera horizontal, trabajando mano a mano desde el minuto uno, decidiendo el c\u00f3mo, el cu\u00e1ndo y compartiendo sobre todo el porqu\u00e9 de hacer llegar la m\u00fasica en tiempos tan dif\u00edciles.<\/p>\n<p>&nbsp;<\/p>\n<p>&nbsp;<\/p>\n<p>Que la m\u00fasica no pare, no.<\/p>\n<p>&nbsp;<\/p>\n<p>&nbsp;<\/p>\n<p>Links oficiales:<br \/>\nTwitter: <a href=\"https:\/\/twitter.com\/CuarentenaFest\" target=\"_blank\" rel=\"noopener\">@cuarentenafest <\/a><\/p>\n<p>Instagram: <a href=\"https:\/\/www.instagram.com\/cuarentenafest\/\" target=\"_blank\" rel=\"noopener\">@cuarentenafest<\/a><\/p>\n<p>Web: <a href=\"https:\/\/cuarentenafest.tumblr.com\/\" target=\"_blank\" rel=\"noopener\">https:\/\/cuarentenafest.tumblr.com\/ <\/a><\/p>\n<p>Link de donaciones: a definir.<\/p>\n<p>Todo lo recaudado a trav\u00e9s de donaciones online sera repartido entre todos los participantes de la edici\u00f3n.<\/p>\n<p>Hashtag: #CuarentenaFest<\/p>\n<p>&nbsp;<\/p>\n<p>&nbsp;<\/p>\n","protected":false},"excerpt":{"rendered":"<p>\u00bfCu\u00e1nta gente act\u00faa? Vamos a tener 20 artistas y quedaron dispuestos de la siguiente manera. Lunes 6: 17hs. Martina &amp; Florencia Lanzaro 18hs. Amigovio 19hs. M\u00ednima 20hs. Roxlo 21hs. Ni\u00f1a Lobo &nbsp; Martes 7: 16hs. Santi Mostaffa 17hs. Santi Wirth 18hs. In\u00e9s Errandonea 19hs. Julia y un ef\u00edmero 20hs. Hablan por la espalda 21hs. Alfonsina [&hellip;]<\/p>\n","protected":false},"author":8,"featured_media":59289,"comment_status":"closed","ping_status":"closed","sticky":false,"template":"","format":"standard","meta":{"om_disable_all_campaigns":false,"ngg_post_thumbnail":0,"jnews-multi-image_gallery":[],"jnews_single_post":[],"jnews_primary_category":[],"jnews_social_meta":[],"jnews_override_counter":[],"footnotes":""},"categories":[51],"tags":[11249,1327,9500,11250,3318,906,5048,11257,3517,11255,11251,11252,9226,207,11256,11253,738,11254],"class_list":["post-59288","post","type-post","status-publish","format-standard","has-post-thumbnail","hentry","category-noticias","tag-cuarentenafest","tag-alfonsina","tag-amigovio","tag-cuarentena-fest","tag-diego-gonzalez","tag-hablan-por-la-espalda","tag-ines-errandonea","tag-isla-panorama","tag-julen-y-la-gente-sola","tag-julia-y-un-efimero","tag-martina-florencia-lanzaro","tag-minima","tag-nina-lobo","tag-papina-de-palma","tag-punky-pher","tag-roxlo","tag-santi-mostaffa","tag-santi-wirth"],"yoast_head":"<!-- This site is optimized with the Yoast SEO plugin v27.5 - https:\/\/yoast.com\/product\/yoast-seo-wordpress\/ -->\n<title>EL FUTURO DEL CUARENTENA FEST MIRA AL OTRO LADO DEL ATL\u00c1NTICO - Cooltivarte Portal<\/title>\n<meta name=\"description\" content=\"COOLTIVARTE.COM es un portal digital colaborativo de actualizaci\u00f3n permanente dedicado a difundir el acontecer art\u00edstico y cultural, entrevista artistas, gestores y productores de las diferentes disciplinas del arte, y publicando art\u00edculos de reflexi\u00f3n de producci\u00f3n propia sobre los elementos culturales.\" \/>\n<meta name=\"robots\" content=\"index, follow, max-snippet:-1, max-image-preview:large, max-video-preview:-1\" \/>\n<link rel=\"canonical\" href=\"https:\/\/cooltivarte.com\/portal\/el-futuro-del-cuarentena-fest-mira-al-otro-lado-del-atlantico\/\" \/>\n<meta property=\"og:locale\" content=\"es_ES\" \/>\n<meta property=\"og:type\" content=\"article\" \/>\n<meta property=\"og:title\" content=\"EL FUTURO DEL CUARENTENA FEST MIRA AL OTRO LADO DEL ATL\u00c1NTICO - Cooltivarte Portal\" \/>\n<meta property=\"og:description\" content=\"COOLTIVARTE.COM es un portal digital colaborativo de actualizaci\u00f3n permanente dedicado a difundir el acontecer art\u00edstico y cultural, entrevista artistas, gestores y productores de las diferentes disciplinas del arte, y publicando art\u00edculos de reflexi\u00f3n de producci\u00f3n propia sobre los elementos culturales.\" \/>\n<meta property=\"og:url\" content=\"https:\/\/cooltivarte.com\/portal\/el-futuro-del-cuarentena-fest-mira-al-otro-lado-del-atlantico\/\" \/>\n<meta property=\"og:site_name\" content=\"Cooltivarte Portal\" \/>\n<meta property=\"article:publisher\" content=\"https:\/\/www.facebook.com\/cooltivartecom\/\" \/>\n<meta property=\"article:author\" content=\"https:\/\/www.facebook.com\/cooltivartecom\" \/>\n<meta property=\"article:published_time\" content=\"2020-04-01T20:33:26+00:00\" \/>\n<meta property=\"article:modified_time\" content=\"2020-04-11T02:25:22+00:00\" \/>\n<meta property=\"og:image\" content=\"https:\/\/cooltivarte.com\/portal\/wp-content\/uploads\/2020\/04\/Cuarentena-Fest-Uy.jpg\" \/>\n\t<meta property=\"og:image:width\" content=\"768\" \/>\n\t<meta property=\"og:image:height\" content=\"1024\" \/>\n\t<meta property=\"og:image:type\" content=\"image\/jpeg\" \/>\n<meta name=\"author\" content=\"Cooltivarte\" \/>\n<meta name=\"twitter:card\" content=\"summary_large_image\" \/>\n<meta name=\"twitter:creator\" content=\"@https:\/\/x.com\/obolocultural\" \/>\n<meta name=\"twitter:site\" content=\"@obolocultural\" \/>\n<meta name=\"twitter:label1\" content=\"Escrito por\" \/>\n\t<meta name=\"twitter:data1\" content=\"Cooltivarte\" \/>\n\t<meta name=\"twitter:label2\" content=\"Tiempo de lectura\" \/>\n\t<meta name=\"twitter:data2\" content=\"4 minutos\" \/>\n<!-- \/ Yoast SEO plugin. -->","yoast_head_json":{"title":"EL FUTURO DEL CUARENTENA FEST MIRA AL OTRO LADO DEL ATL\u00c1NTICO - Cooltivarte Portal","description":"COOLTIVARTE.COM es un portal digital colaborativo de actualizaci\u00f3n permanente dedicado a difundir el acontecer art\u00edstico y cultural, entrevista artistas, gestores y productores de las diferentes disciplinas del arte, y publicando art\u00edculos de reflexi\u00f3n de producci\u00f3n propia sobre los elementos culturales.","robots":{"index":"index","follow":"follow","max-snippet":"max-snippet:-1","max-image-preview":"max-image-preview:large","max-video-preview":"max-video-preview:-1"},"canonical":"https:\/\/cooltivarte.com\/portal\/el-futuro-del-cuarentena-fest-mira-al-otro-lado-del-atlantico\/","og_locale":"es_ES","og_type":"article","og_title":"EL FUTURO DEL CUARENTENA FEST MIRA AL OTRO LADO DEL ATL\u00c1NTICO - Cooltivarte Portal","og_description":"COOLTIVARTE.COM es un portal digital colaborativo de actualizaci\u00f3n permanente dedicado a difundir el acontecer art\u00edstico y cultural, entrevista artistas, gestores y productores de las diferentes disciplinas del arte, y publicando art\u00edculos de reflexi\u00f3n de producci\u00f3n propia sobre los elementos culturales.","og_url":"https:\/\/cooltivarte.com\/portal\/el-futuro-del-cuarentena-fest-mira-al-otro-lado-del-atlantico\/","og_site_name":"Cooltivarte Portal","article_publisher":"https:\/\/www.facebook.com\/cooltivartecom\/","article_author":"https:\/\/www.facebook.com\/cooltivartecom","article_published_time":"2020-04-01T20:33:26+00:00","article_modified_time":"2020-04-11T02:25:22+00:00","og_image":[{"width":768,"height":1024,"url":"https:\/\/cooltivarte.com\/portal\/wp-content\/uploads\/2020\/04\/Cuarentena-Fest-Uy.jpg","type":"image\/jpeg"}],"author":"Cooltivarte","twitter_card":"summary_large_image","twitter_creator":"@https:\/\/x.com\/obolocultural","twitter_site":"@obolocultural","twitter_misc":{"Escrito por":"Cooltivarte","Tiempo de lectura":"4 minutos"},"schema":{"@context":"https:\/\/schema.org","@graph":[{"@type":"NewsArticle","@id":"https:\/\/cooltivarte.com\/portal\/el-futuro-del-cuarentena-fest-mira-al-otro-lado-del-atlantico\/#article","isPartOf":{"@id":"https:\/\/cooltivarte.com\/portal\/el-futuro-del-cuarentena-fest-mira-al-otro-lado-del-atlantico\/"},"author":{"name":"Cooltivarte","@id":"https:\/\/cooltivarte.com\/portal\/#\/schema\/person\/ec2a4f4e71b740d0c559c0ab9a157e19"},"headline":"EL FUTURO DEL CUARENTENA FEST MIRA AL OTRO LADO DEL ATL\u00c1NTICO","datePublished":"2020-04-01T20:33:26+00:00","dateModified":"2020-04-11T02:25:22+00:00","mainEntityOfPage":{"@id":"https:\/\/cooltivarte.com\/portal\/el-futuro-del-cuarentena-fest-mira-al-otro-lado-del-atlantico\/"},"wordCount":757,"publisher":{"@id":"https:\/\/cooltivarte.com\/portal\/#organization"},"image":{"@id":"https:\/\/cooltivarte.com\/portal\/el-futuro-del-cuarentena-fest-mira-al-otro-lado-del-atlantico\/#primaryimage"},"thumbnailUrl":"https:\/\/cooltivarte.com\/portal\/wp-content\/uploads\/2020\/04\/Cuarentena-Fest-Uy.jpg","keywords":["#CuarentenaFest","Alfonsina","AMIGOVIO","Cuarentena Fest","Diego Gonz\u00e1lez","Hablan Por la Espalda","In\u00e9s Errandonea","Isla Panorama","julen y la gente sola","Julia y un ef\u00edmero","Martina &amp; Florencia Lanzaro","M\u00ednima","Ni\u00f1a lobo","Papina de Palma","Punky Pher","Roxlo","SANTI MOSTAFFa","Santi Wirth"],"articleSection":["Noticias"],"inLanguage":"es-AR"},{"@type":"WebPage","@id":"https:\/\/cooltivarte.com\/portal\/el-futuro-del-cuarentena-fest-mira-al-otro-lado-del-atlantico\/","url":"https:\/\/cooltivarte.com\/portal\/el-futuro-del-cuarentena-fest-mira-al-otro-lado-del-atlantico\/","name":"EL FUTURO DEL CUARENTENA FEST MIRA AL OTRO LADO DEL ATL\u00c1NTICO - Cooltivarte Portal","isPartOf":{"@id":"https:\/\/cooltivarte.com\/portal\/#website"},"primaryImageOfPage":{"@id":"https:\/\/cooltivarte.com\/portal\/el-futuro-del-cuarentena-fest-mira-al-otro-lado-del-atlantico\/#primaryimage"},"image":{"@id":"https:\/\/cooltivarte.com\/portal\/el-futuro-del-cuarentena-fest-mira-al-otro-lado-del-atlantico\/#primaryimage"},"thumbnailUrl":"https:\/\/cooltivarte.com\/portal\/wp-content\/uploads\/2020\/04\/Cuarentena-Fest-Uy.jpg","datePublished":"2020-04-01T20:33:26+00:00","dateModified":"2020-04-11T02:25:22+00:00","description":"COOLTIVARTE.COM es un portal digital colaborativo de actualizaci\u00f3n permanente dedicado a difundir el acontecer art\u00edstico y cultural, entrevista artistas, gestores y productores de las diferentes disciplinas del arte, y publicando art\u00edculos de reflexi\u00f3n de producci\u00f3n propia sobre los elementos culturales.","breadcrumb":{"@id":"https:\/\/cooltivarte.com\/portal\/el-futuro-del-cuarentena-fest-mira-al-otro-lado-del-atlantico\/#breadcrumb"},"inLanguage":"es-AR","potentialAction":[{"@type":"ReadAction","target":["https:\/\/cooltivarte.com\/portal\/el-futuro-del-cuarentena-fest-mira-al-otro-lado-del-atlantico\/"]}]},{"@type":"ImageObject","inLanguage":"es-AR","@id":"https:\/\/cooltivarte.com\/portal\/el-futuro-del-cuarentena-fest-mira-al-otro-lado-del-atlantico\/#primaryimage","url":"https:\/\/cooltivarte.com\/portal\/wp-content\/uploads\/2020\/04\/Cuarentena-Fest-Uy.jpg","contentUrl":"https:\/\/cooltivarte.com\/portal\/wp-content\/uploads\/2020\/04\/Cuarentena-Fest-Uy.jpg","width":768,"height":1024,"caption":"Cuarentena Fest Uy"},{"@type":"BreadcrumbList","@id":"https:\/\/cooltivarte.com\/portal\/el-futuro-del-cuarentena-fest-mira-al-otro-lado-del-atlantico\/#breadcrumb","itemListElement":[{"@type":"ListItem","position":1,"name":"Portada","item":"https:\/\/cooltivarte.com\/portal\/"},{"@type":"ListItem","position":2,"name":"EL FUTURO DEL CUARENTENA FEST MIRA AL OTRO LADO DEL ATL\u00c1NTICO"}]},{"@type":"WebSite","@id":"https:\/\/cooltivarte.com\/portal\/#website","url":"https:\/\/cooltivarte.com\/portal\/","name":"Cooltivarte Portal","description":"Arte, cultura y turismo para el mundo ...","publisher":{"@id":"https:\/\/cooltivarte.com\/portal\/#organization"},"potentialAction":[{"@type":"SearchAction","target":{"@type":"EntryPoint","urlTemplate":"https:\/\/cooltivarte.com\/portal\/?s={search_term_string}"},"query-input":{"@type":"PropertyValueSpecification","valueRequired":true,"valueName":"search_term_string"}}],"inLanguage":"es-AR"},{"@type":"Organization","@id":"https:\/\/cooltivarte.com\/portal\/#organization","name":"cooltivarte","url":"https:\/\/cooltivarte.com\/portal\/","logo":{"@type":"ImageObject","inLanguage":"es-AR","@id":"https:\/\/cooltivarte.com\/portal\/#\/schema\/logo\/image\/","url":"https:\/\/cooltivarte.com\/portal\/wp-content\/uploads\/2020\/04\/logo-cooltivarte-v2.png","contentUrl":"https:\/\/cooltivarte.com\/portal\/wp-content\/uploads\/2020\/04\/logo-cooltivarte-v2.png","width":851,"height":243,"caption":"cooltivarte"},"image":{"@id":"https:\/\/cooltivarte.com\/portal\/#\/schema\/logo\/image\/"},"sameAs":["https:\/\/www.facebook.com\/cooltivartecom\/","https:\/\/x.com\/obolocultural","https:\/\/www.instagram.com\/_cooltivarte_\/","https:\/\/www.linkedin.com\/company\/-bolocultural?reportsuccess=8zaNG1HwhPbAR9iQhZ5rfGeqz_vQFftHun0ZWU0Wy9vNemRJ8vtcKdJvzQfW8XagyOJSKg0XvfJ1dp","https:\/\/www.pinterest.com\/cooltivarte\/","https:\/\/cooltivarte.tumblr.com\/","https:\/\/www.tiktok.com\/@cooltivarte","https:\/\/www.youtube.com\/@PrensaCooltivarte"]},{"@type":"Person","@id":"https:\/\/cooltivarte.com\/portal\/#\/schema\/person\/ec2a4f4e71b740d0c559c0ab9a157e19","name":"Cooltivarte","image":{"@type":"ImageObject","inLanguage":"es-AR","@id":"https:\/\/cooltivarte.com\/portal\/wp-content\/uploads\/2014\/05\/logo-cooltivarte-120x120.jpg","url":"https:\/\/cooltivarte.com\/portal\/wp-content\/uploads\/2014\/05\/logo-cooltivarte-120x120.jpg","contentUrl":"https:\/\/cooltivarte.com\/portal\/wp-content\/uploads\/2014\/05\/logo-cooltivarte-120x120.jpg","caption":"Cooltivarte"},"description":"Somos COOLTIVARTE.COM. Un portal digital dedicado a difundir el acontecer art\u00edstico y cultural del Uruguay. Estamos en la vuelta desde el a\u00f1o 2003, y como evoluci\u00f3n del bolet\u00edn Obolo Cultural, nos encontramos abocados a apoyar a los artistas nacionales brind\u00e1ndoles un espacio de difusi\u00f3n. Creemos en la idea de utilizar la potencialidad que hoy d\u00eda nos otorga la web, para que la cultura uruguaya y sus creadores dispongan de una din\u00e1mica ventana, que los ponga en contacto entre s\u00ed y con el mundo. Somos COOLTIVARTE.COM y pretendemos configurarnos como un portal din\u00e1mico, entretenido y atento a los nuevos emprendimientos, que busque siempre la interacci\u00f3n con los artistas.","sameAs":["http:\/\/www.cooltivarte.com","https:\/\/www.facebook.com\/cooltivartecom","https:\/\/www.instagram.com\/_cooltivarte_\/","https:\/\/www.linkedin.com\/company\/-bolocultural","https:\/\/www.pinterest.com\/cooltivarte\/","https:\/\/x.com\/https:\/\/x.com\/obolocultural","https:\/\/www.youtube.com\/@PrensaCooltivarte","https:\/\/www.tumblr.com\/blog\/cooltivarte"],"url":"https:\/\/cooltivarte.com\/portal\/author\/cooltivarte\/"}]}},"_links":{"self":[{"href":"https:\/\/cooltivarte.com\/portal\/wp-json\/wp\/v2\/posts\/59288","targetHints":{"allow":["GET"]}}],"collection":[{"href":"https:\/\/cooltivarte.com\/portal\/wp-json\/wp\/v2\/posts"}],"about":[{"href":"https:\/\/cooltivarte.com\/portal\/wp-json\/wp\/v2\/types\/post"}],"author":[{"embeddable":true,"href":"https:\/\/cooltivarte.com\/portal\/wp-json\/wp\/v2\/users\/8"}],"replies":[{"embeddable":true,"href":"https:\/\/cooltivarte.com\/portal\/wp-json\/wp\/v2\/comments?post=59288"}],"version-history":[{"count":5,"href":"https:\/\/cooltivarte.com\/portal\/wp-json\/wp\/v2\/posts\/59288\/revisions"}],"predecessor-version":[{"id":59396,"href":"https:\/\/cooltivarte.com\/portal\/wp-json\/wp\/v2\/posts\/59288\/revisions\/59396"}],"wp:featuredmedia":[{"embeddable":true,"href":"https:\/\/cooltivarte.com\/portal\/wp-json\/wp\/v2\/media\/59289"}],"wp:attachment":[{"href":"https:\/\/cooltivarte.com\/portal\/wp-json\/wp\/v2\/media?parent=59288"}],"wp:term":[{"taxonomy":"category","embeddable":true,"href":"https:\/\/cooltivarte.com\/portal\/wp-json\/wp\/v2\/categories?post=59288"},{"taxonomy":"post_tag","embeddable":true,"href":"https:\/\/cooltivarte.com\/portal\/wp-json\/wp\/v2\/tags?post=59288"}],"curies":[{"name":"wp","href":"https:\/\/api.w.org\/{rel}","templated":true}]}}