{"id":58659,"date":"2020-03-10T21:17:00","date_gmt":"2020-03-11T00:17:00","guid":{"rendered":"http:\/\/cooltivarte.com\/portal\/?p=58659"},"modified":"2025-05-14T11:26:23","modified_gmt":"2025-05-14T14:26:23","slug":"el-gran-viaje-al-pais-pequeno-trailer","status":"publish","type":"post","link":"https:\/\/cooltivarte.com\/portal\/el-gran-viaje-al-pais-pequeno-trailer\/","title":{"rendered":"EL GRAN VIAJE AL PA\u00cdS PEQUE\u00d1O &#8211; trailer"},"content":{"rendered":"<p><iframe title=\"YouTube video player\" src=\"https:\/\/www.youtube.com\/embed\/DvPXFqTvju0?si=iIRhuf0u-9m7k6jd\" width=\"100%\" height=\"515\" frameborder=\"0\" allowfullscreen=\"allowfullscreen\"><span style=\"display: inline-block; width: 0px; overflow: hidden; line-height: 0;\" data-mce-type=\"bookmark\" class=\"mce_SELRES_start\">\ufeff<\/span><\/iframe><\/p>\n<p>&nbsp;<\/p>\n<p><a href=\"https:\/\/cinemateca.org.uy\/\" target=\"_blank\" rel=\"noopener\"><strong>SALA CINEMATECA<\/strong><\/a><br \/>\n<strong>07-AUG -2019, 20:30<\/strong><\/p>\n<p><strong>A mediados de 2014, respondiendo a un llamado de emergencia humanitaria, el presidente de Uruguay <a href=\"https:\/\/cooltivarte.com\/portal\/?s=Jos%C3%A9+Mujica\">Jos\u00e9 Mujica<\/a> crea un programa de gobierno para recibir refugiados de guerra sirios instalados en el L\u00edbano.<\/strong><\/p>\n<p>A partir del primer encuentro de la realizadora con sus protagonistas en un campo de refugiados, esta pel\u00edcula acompa\u00f1a el largo proceso de adaptaci\u00f3n de dos de estas familias, que al dejar atr\u00e1s su tierra y sus tradiciones, comienzan una nueva vida en un pa\u00eds distante del que nada sab\u00edan, llamado Uruguay.<\/p>\n<p>Directora: <strong><a href=\"https:\/\/cooltivarte.com\/portal\/?s=Mariana+Vi%C3%B1oles\">Mariana Vi\u00f1oles<\/a><\/strong> \/ Productor: Micaela Sol\u00e9 \/ Empresa productora: Cord\u00f3n Films, La Piscina Films \/ Direcci\u00f3n de fotograf\u00eda: <strong><a href=\"https:\/\/cooltivarte.com\/portal\/?s=Mariana+Vi%C3%B1oles\">Mariana Vi\u00f1oles<\/a><\/strong> \/ Edici\u00f3n: Manoela Ziggiatti \/ Sonido: Daniel Yafali\u00e1n \/ Elenco: <strong>Sanaa Almohamed, Ibrahim Almohamed, Meri Alshebli, Nada Alshebli, Fatma Alshebli<\/strong><\/p>\n<p>Pa\u00eds: Uruguay \/ A\u00f1o: 2019 \/ Duraci\u00f3n: 104&#8242;<\/p>\n<p>Premios y festivales:<br \/>\nPre-estreno en Uruguay.<\/p>\n<p><strong>EL GRAN VIAJE AL PA\u00cdS PEQUE\u00d1O<\/strong><\/p>\n<p>&nbsp;<\/p>\n<p><strong>MARIANA VI\u00d1OLES<\/strong><br \/>\nMariana Vi\u00f1oles (Melo, Uruguay). Crece en Melo, una ciudad del interior del Uruguay. A los 18 an\u0303os viaja a la capital. Alli\u0301 estudia Comunicacio\u0301n Social y realiza talleres de formacio\u0301n en cine. En 2001 viaja a Be\u0301lgica y estudia Direccio\u0301n de Fotografi\u0301a. En 2004 cofunda Cronopio film. Entre los an\u0303os 2005 y 2015 filma y dirige cinco largometrajes documentales. Su documental \u201cEl mundo de Carolina\u201d estrena en 2015 en la competencia oficial del IDFA (Festival Internacional de Cine de Amsterdam). En 2016, Cronopio film se disuelve y Mariana funda La piscina film para seguir dedica\u0301ndose a la creacio\u0301n de peli\u0301culas independientes.<\/p>\n<p>&nbsp;<\/p>\n<p>&nbsp;<\/p>\n","protected":false},"excerpt":{"rendered":"<p>A mediados de 2014, respondiendo a un llamado de emergencia humanitaria, el presidente de Uruguay Jos\u00e9 Mujica crea un programa de gobierno para recibir refugiados de guerra sirios instalados en el L\u00edbano.<\/p>\n","protected":false},"author":8,"featured_media":58661,"comment_status":"closed","ping_status":"closed","sticky":false,"template":"","format":"standard","meta":{"om_disable_all_campaigns":false,"ngg_post_thumbnail":0,"jnews-multi-image_gallery":[],"jnews_single_post":{"format":"standard","override":[{"template":"4","parallax":"1","layout":"right-sidebar","sidebar":"default-sidebar","second_sidebar":"default-sidebar","sticky_sidebar":"1","share_position":"bottom","share_float_style":"share-monocrhome","show_share_counter":"1","show_view_counter":"1","show_featured":"1","show_post_meta":"1","show_post_author":"1","show_post_author_image":"1","show_post_date":"1","post_date_format":"default","post_date_format_custom":"Y\/m\/d","show_post_category":"1","post_reading_time_wpm":"300","post_calculate_word_method":"str_word_count","zoom_button_out_step":"2","zoom_button_in_step":"3","show_post_tag":"1","show_prev_next_post":"1","show_popup_post":"1","number_popup_post":"1","show_author_box":"1","show_post_related":"0","show_inline_post_related":"0"}],"image_override":[{"single_post_thumbnail_size":"no-crop","single_post_gallery_size":"crop-500"}],"trending_post_position":"meta","trending_post_label":"Trending","sponsored_post_label":"Sponsored by","disable_ad":"0","subtitle":"Directora: Mariana Vi\u00f1oles"},"jnews_primary_category":[],"jnews_social_meta":[],"jnews_override_counter":{"view_counter_number":"0","share_counter_number":"0","like_counter_number":"0","dislike_counter_number":"0"},"footnotes":""},"categories":[72],"tags":[11058,11059,11057,11054,2465,6253,11052,11055,11056,11060,9965,11053,11061,88],"class_list":["post-58659","post","type-post","status-publish","format-standard","has-post-thumbnail","hentry","category-cine","tag-el-gran-viaje-al-pais-pequeno","tag-emergencia-humanitaria","tag-fatma-alshebli","tag-ibrahim-almohamed","tag-jose-mujica","tag-libano","tag-mariana-vinoles","tag-meri-alshebli","tag-nada-alshebli","tag-refugiados-de-guerra","tag-sala-cinemateca","tag-sanaa-almohamed","tag-sirios","tag-uruguay"],"yoast_head":"<!-- This site is optimized with the Yoast SEO plugin v27.5 - https:\/\/yoast.com\/product\/yoast-seo-wordpress\/ -->\n<title>EL GRAN VIAJE AL PA\u00cdS PEQUE\u00d1O - trailer - Cooltivarte Portal<\/title>\n<meta name=\"description\" content=\"A mediados de 2014, respondiendo a un llamado de emergencia humanitaria, el presidente de Uruguay Jos\u00e9 Mujica crea un programa de gobierno para recibir refugiados de guerra sirios instalados en el L\u00edbano.\" \/>\n<meta name=\"robots\" content=\"index, follow, max-snippet:-1, max-image-preview:large, max-video-preview:-1\" \/>\n<link rel=\"canonical\" href=\"https:\/\/cooltivarte.com\/portal\/el-gran-viaje-al-pais-pequeno-trailer\/\" \/>\n<meta property=\"og:locale\" content=\"es_ES\" \/>\n<meta property=\"og:type\" content=\"article\" \/>\n<meta property=\"og:title\" content=\"EL GRAN VIAJE AL PA\u00cdS PEQUE\u00d1O - trailer - Cooltivarte Portal\" \/>\n<meta property=\"og:description\" content=\"A mediados de 2014, respondiendo a un llamado de emergencia humanitaria, el presidente de Uruguay Jos\u00e9 Mujica crea un programa de gobierno para recibir refugiados de guerra sirios instalados en el L\u00edbano.\" \/>\n<meta property=\"og:url\" content=\"https:\/\/cooltivarte.com\/portal\/el-gran-viaje-al-pais-pequeno-trailer\/\" \/>\n<meta property=\"og:site_name\" content=\"Cooltivarte Portal\" \/>\n<meta property=\"article:publisher\" content=\"https:\/\/www.facebook.com\/cooltivartecom\/\" \/>\n<meta property=\"article:author\" content=\"https:\/\/www.facebook.com\/cooltivartecom\" \/>\n<meta property=\"article:published_time\" content=\"2020-03-11T00:17:00+00:00\" \/>\n<meta property=\"article:modified_time\" content=\"2025-05-14T14:26:23+00:00\" \/>\n<meta property=\"og:image\" content=\"https:\/\/cooltivarte.com\/portal\/wp-content\/uploads\/2020\/03\/hqdefault-18.jpg\" \/>\n\t<meta property=\"og:image:width\" content=\"480\" \/>\n\t<meta property=\"og:image:height\" content=\"360\" \/>\n\t<meta property=\"og:image:type\" content=\"image\/jpeg\" \/>\n<meta name=\"author\" content=\"Cooltivarte\" \/>\n<meta name=\"twitter:card\" content=\"summary_large_image\" \/>\n<meta name=\"twitter:creator\" content=\"@https:\/\/x.com\/obolocultural\" \/>\n<meta name=\"twitter:site\" content=\"@obolocultural\" \/>\n<meta name=\"twitter:label1\" content=\"Escrito por\" \/>\n\t<meta name=\"twitter:data1\" content=\"Cooltivarte\" \/>\n\t<meta name=\"twitter:label2\" content=\"Tiempo de lectura\" \/>\n\t<meta name=\"twitter:data2\" content=\"2 minutos\" \/>\n<!-- \/ Yoast SEO plugin. -->","yoast_head_json":{"title":"EL GRAN VIAJE AL PA\u00cdS PEQUE\u00d1O - trailer - Cooltivarte Portal","description":"A mediados de 2014, respondiendo a un llamado de emergencia humanitaria, el presidente de Uruguay Jos\u00e9 Mujica crea un programa de gobierno para recibir refugiados de guerra sirios instalados en el L\u00edbano.","robots":{"index":"index","follow":"follow","max-snippet":"max-snippet:-1","max-image-preview":"max-image-preview:large","max-video-preview":"max-video-preview:-1"},"canonical":"https:\/\/cooltivarte.com\/portal\/el-gran-viaje-al-pais-pequeno-trailer\/","og_locale":"es_ES","og_type":"article","og_title":"EL GRAN VIAJE AL PA\u00cdS PEQUE\u00d1O - trailer - Cooltivarte Portal","og_description":"A mediados de 2014, respondiendo a un llamado de emergencia humanitaria, el presidente de Uruguay Jos\u00e9 Mujica crea un programa de gobierno para recibir refugiados de guerra sirios instalados en el L\u00edbano.","og_url":"https:\/\/cooltivarte.com\/portal\/el-gran-viaje-al-pais-pequeno-trailer\/","og_site_name":"Cooltivarte Portal","article_publisher":"https:\/\/www.facebook.com\/cooltivartecom\/","article_author":"https:\/\/www.facebook.com\/cooltivartecom","article_published_time":"2020-03-11T00:17:00+00:00","article_modified_time":"2025-05-14T14:26:23+00:00","og_image":[{"width":480,"height":360,"url":"https:\/\/cooltivarte.com\/portal\/wp-content\/uploads\/2020\/03\/hqdefault-18.jpg","type":"image\/jpeg"}],"author":"Cooltivarte","twitter_card":"summary_large_image","twitter_creator":"@https:\/\/x.com\/obolocultural","twitter_site":"@obolocultural","twitter_misc":{"Escrito por":"Cooltivarte","Tiempo de lectura":"2 minutos"},"schema":{"@context":"https:\/\/schema.org","@graph":[{"@type":"NewsArticle","@id":"https:\/\/cooltivarte.com\/portal\/el-gran-viaje-al-pais-pequeno-trailer\/#article","isPartOf":{"@id":"https:\/\/cooltivarte.com\/portal\/el-gran-viaje-al-pais-pequeno-trailer\/"},"author":{"name":"Cooltivarte","@id":"https:\/\/cooltivarte.com\/portal\/#\/schema\/person\/ec2a4f4e71b740d0c559c0ab9a157e19"},"headline":"EL GRAN VIAJE AL PA\u00cdS PEQUE\u00d1O &#8211; trailer","datePublished":"2020-03-11T00:17:00+00:00","dateModified":"2025-05-14T14:26:23+00:00","mainEntityOfPage":{"@id":"https:\/\/cooltivarte.com\/portal\/el-gran-viaje-al-pais-pequeno-trailer\/"},"wordCount":279,"publisher":{"@id":"https:\/\/cooltivarte.com\/portal\/#organization"},"image":{"@id":"https:\/\/cooltivarte.com\/portal\/el-gran-viaje-al-pais-pequeno-trailer\/#primaryimage"},"thumbnailUrl":"https:\/\/cooltivarte.com\/portal\/wp-content\/uploads\/2020\/03\/hqdefault-18.jpg","keywords":["EL GRAN VIAJE AL PA\u00cdS PEQUE\u00d1O","emergencia humanitaria","Fatma Alshebli","Ibrahim Almohamed","Jos\u00e9 Mujica","L\u00edbano","Mariana Vi\u00f1oles","Meri Alshebli","Nada Alshebli","refugiados de guerra","Sala Cinemateca","Sanaa Almohamed","sirios","Uruguay"],"articleSection":["Cine y TV"],"inLanguage":"es-AR"},{"@type":"WebPage","@id":"https:\/\/cooltivarte.com\/portal\/el-gran-viaje-al-pais-pequeno-trailer\/","url":"https:\/\/cooltivarte.com\/portal\/el-gran-viaje-al-pais-pequeno-trailer\/","name":"EL GRAN VIAJE AL PA\u00cdS PEQUE\u00d1O - trailer - Cooltivarte Portal","isPartOf":{"@id":"https:\/\/cooltivarte.com\/portal\/#website"},"primaryImageOfPage":{"@id":"https:\/\/cooltivarte.com\/portal\/el-gran-viaje-al-pais-pequeno-trailer\/#primaryimage"},"image":{"@id":"https:\/\/cooltivarte.com\/portal\/el-gran-viaje-al-pais-pequeno-trailer\/#primaryimage"},"thumbnailUrl":"https:\/\/cooltivarte.com\/portal\/wp-content\/uploads\/2020\/03\/hqdefault-18.jpg","datePublished":"2020-03-11T00:17:00+00:00","dateModified":"2025-05-14T14:26:23+00:00","description":"A mediados de 2014, respondiendo a un llamado de emergencia humanitaria, el presidente de Uruguay Jos\u00e9 Mujica crea un programa de gobierno para recibir refugiados de guerra sirios instalados en el L\u00edbano.","breadcrumb":{"@id":"https:\/\/cooltivarte.com\/portal\/el-gran-viaje-al-pais-pequeno-trailer\/#breadcrumb"},"inLanguage":"es-AR","potentialAction":[{"@type":"ReadAction","target":["https:\/\/cooltivarte.com\/portal\/el-gran-viaje-al-pais-pequeno-trailer\/"]}]},{"@type":"ImageObject","inLanguage":"es-AR","@id":"https:\/\/cooltivarte.com\/portal\/el-gran-viaje-al-pais-pequeno-trailer\/#primaryimage","url":"https:\/\/cooltivarte.com\/portal\/wp-content\/uploads\/2020\/03\/hqdefault-18.jpg","contentUrl":"https:\/\/cooltivarte.com\/portal\/wp-content\/uploads\/2020\/03\/hqdefault-18.jpg","width":480,"height":360,"caption":"SALA CINEMATECA 07-AUG -2019, 20:30 A mediados de 2014, respondiendo a un llamado de emergencia humanitaria, el presidente de Uruguay Jos\u00e9 Mujica crea un programa de gobierno para recibir refugiados de guerra sirios instalados en el L\u00edbano."},{"@type":"BreadcrumbList","@id":"https:\/\/cooltivarte.com\/portal\/el-gran-viaje-al-pais-pequeno-trailer\/#breadcrumb","itemListElement":[{"@type":"ListItem","position":1,"name":"Portada","item":"https:\/\/cooltivarte.com\/portal\/"},{"@type":"ListItem","position":2,"name":"EL GRAN VIAJE AL PA\u00cdS PEQUE\u00d1O &#8211; trailer"}]},{"@type":"WebSite","@id":"https:\/\/cooltivarte.com\/portal\/#website","url":"https:\/\/cooltivarte.com\/portal\/","name":"Cooltivarte Portal","description":"Arte, cultura y turismo para el mundo ...","publisher":{"@id":"https:\/\/cooltivarte.com\/portal\/#organization"},"potentialAction":[{"@type":"SearchAction","target":{"@type":"EntryPoint","urlTemplate":"https:\/\/cooltivarte.com\/portal\/?s={search_term_string}"},"query-input":{"@type":"PropertyValueSpecification","valueRequired":true,"valueName":"search_term_string"}}],"inLanguage":"es-AR"},{"@type":"Organization","@id":"https:\/\/cooltivarte.com\/portal\/#organization","name":"cooltivarte","url":"https:\/\/cooltivarte.com\/portal\/","logo":{"@type":"ImageObject","inLanguage":"es-AR","@id":"https:\/\/cooltivarte.com\/portal\/#\/schema\/logo\/image\/","url":"https:\/\/cooltivarte.com\/portal\/wp-content\/uploads\/2020\/04\/logo-cooltivarte-v2.png","contentUrl":"https:\/\/cooltivarte.com\/portal\/wp-content\/uploads\/2020\/04\/logo-cooltivarte-v2.png","width":851,"height":243,"caption":"cooltivarte"},"image":{"@id":"https:\/\/cooltivarte.com\/portal\/#\/schema\/logo\/image\/"},"sameAs":["https:\/\/www.facebook.com\/cooltivartecom\/","https:\/\/x.com\/obolocultural","https:\/\/www.instagram.com\/_cooltivarte_\/","https:\/\/www.linkedin.com\/company\/-bolocultural?reportsuccess=8zaNG1HwhPbAR9iQhZ5rfGeqz_vQFftHun0ZWU0Wy9vNemRJ8vtcKdJvzQfW8XagyOJSKg0XvfJ1dp","https:\/\/www.pinterest.com\/cooltivarte\/","https:\/\/cooltivarte.tumblr.com\/","https:\/\/www.tiktok.com\/@cooltivarte","https:\/\/www.youtube.com\/@PrensaCooltivarte"]},{"@type":"Person","@id":"https:\/\/cooltivarte.com\/portal\/#\/schema\/person\/ec2a4f4e71b740d0c559c0ab9a157e19","name":"Cooltivarte","image":{"@type":"ImageObject","inLanguage":"es-AR","@id":"https:\/\/cooltivarte.com\/portal\/wp-content\/uploads\/2014\/05\/logo-cooltivarte-120x120.jpg","url":"https:\/\/cooltivarte.com\/portal\/wp-content\/uploads\/2014\/05\/logo-cooltivarte-120x120.jpg","contentUrl":"https:\/\/cooltivarte.com\/portal\/wp-content\/uploads\/2014\/05\/logo-cooltivarte-120x120.jpg","caption":"Cooltivarte"},"description":"Somos COOLTIVARTE.COM. Un portal digital dedicado a difundir el acontecer art\u00edstico y cultural del Uruguay. Estamos en la vuelta desde el a\u00f1o 2003, y como evoluci\u00f3n del bolet\u00edn Obolo Cultural, nos encontramos abocados a apoyar a los artistas nacionales brind\u00e1ndoles un espacio de difusi\u00f3n. Creemos en la idea de utilizar la potencialidad que hoy d\u00eda nos otorga la web, para que la cultura uruguaya y sus creadores dispongan de una din\u00e1mica ventana, que los ponga en contacto entre s\u00ed y con el mundo. Somos COOLTIVARTE.COM y pretendemos configurarnos como un portal din\u00e1mico, entretenido y atento a los nuevos emprendimientos, que busque siempre la interacci\u00f3n con los artistas.","sameAs":["http:\/\/www.cooltivarte.com","https:\/\/www.facebook.com\/cooltivartecom","https:\/\/www.instagram.com\/_cooltivarte_\/","https:\/\/www.linkedin.com\/company\/-bolocultural","https:\/\/www.pinterest.com\/cooltivarte\/","https:\/\/x.com\/https:\/\/x.com\/obolocultural","https:\/\/www.youtube.com\/@PrensaCooltivarte","https:\/\/www.tumblr.com\/blog\/cooltivarte"],"url":"https:\/\/cooltivarte.com\/portal\/author\/cooltivarte\/"}]}},"_links":{"self":[{"href":"https:\/\/cooltivarte.com\/portal\/wp-json\/wp\/v2\/posts\/58659","targetHints":{"allow":["GET"]}}],"collection":[{"href":"https:\/\/cooltivarte.com\/portal\/wp-json\/wp\/v2\/posts"}],"about":[{"href":"https:\/\/cooltivarte.com\/portal\/wp-json\/wp\/v2\/types\/post"}],"author":[{"embeddable":true,"href":"https:\/\/cooltivarte.com\/portal\/wp-json\/wp\/v2\/users\/8"}],"replies":[{"embeddable":true,"href":"https:\/\/cooltivarte.com\/portal\/wp-json\/wp\/v2\/comments?post=58659"}],"version-history":[{"count":6,"href":"https:\/\/cooltivarte.com\/portal\/wp-json\/wp\/v2\/posts\/58659\/revisions"}],"predecessor-version":[{"id":113265,"href":"https:\/\/cooltivarte.com\/portal\/wp-json\/wp\/v2\/posts\/58659\/revisions\/113265"}],"wp:featuredmedia":[{"embeddable":true,"href":"https:\/\/cooltivarte.com\/portal\/wp-json\/wp\/v2\/media\/58661"}],"wp:attachment":[{"href":"https:\/\/cooltivarte.com\/portal\/wp-json\/wp\/v2\/media?parent=58659"}],"wp:term":[{"taxonomy":"category","embeddable":true,"href":"https:\/\/cooltivarte.com\/portal\/wp-json\/wp\/v2\/categories?post=58659"},{"taxonomy":"post_tag","embeddable":true,"href":"https:\/\/cooltivarte.com\/portal\/wp-json\/wp\/v2\/tags?post=58659"}],"curies":[{"name":"wp","href":"https:\/\/api.w.org\/{rel}","templated":true}]}}