{"id":58178,"date":"2020-02-26T09:38:54","date_gmt":"2020-02-26T12:38:54","guid":{"rendered":"http:\/\/cooltivarte.com\/portal\/?p=58178"},"modified":"2020-12-29T14:27:03","modified_gmt":"2020-12-29T17:27:03","slug":"festival-cielo-abierto-23-al-25-de-abril","status":"publish","type":"post","link":"https:\/\/cooltivarte.com\/portal\/festival-cielo-abierto-23-al-25-de-abril\/","title":{"rendered":"Festival Cielo Abierto: 23 al 25 de abril"},"content":{"rendered":"<p><strong>El Teatro de Verano Ram\u00f3n Collazo cierra los festejos de sus 75 a\u00f1os con el Primer Festival Cielo abierto.<\/strong><\/p>\n<p>El evento se desarrollar\u00e1 los d\u00edas 23, 24 y 25 de abril con artistas de los 19 departamentos del Uruguay y de Rosario, Argentina (como ciudad invitada), donde todas las generaciones podr\u00e1n compartir y disfrutar la riqueza musical de nuestro pa\u00eds.<\/p>\n<p>8 espect\u00e1culos por noche de distintos estilos musicales: Rock, Plena, Hip Hop, Candombe, Tango y m\u00e1s que reunir\u00e1n a artistas de diversa trayectoria, destac\u00e1ndose figuras de la m\u00fasica nacional como <a href=\"https:\/\/cooltivarte.com\/portal\/?s=Gast%C3%B3n+Ciarlo+Dino\"><strong>Gast\u00f3n Ciarlo Dino<\/strong><\/a> de Soriano, Murga <a href=\"https:\/\/cooltivarte.com\/portal\/?s=Falta+y+Resto\"><strong>Falta y Resto<\/strong><\/a> de Montevideo, y artistas emergentes como <strong>Santiago Imaginario<\/strong> de Artigas o <strong>Ankanny<\/strong> de R\u00edo Negro.<\/p>\n<p>&nbsp;<\/p>\n<p>Una grilla integrada por 122 m\u00fasicas y 116 m\u00fasicos que actuar\u00e1n en el mayor escenario a cielo abierto de la capital.<\/p>\n<p>&nbsp;<br \/>\n<iframe src=\"https:\/\/www.youtube.com\/embed\/vRe3fwkHY6Q\" width=\"560\" height=\"315\" frameborder=\"0\" allowfullscreen=\"allowfullscreen\"><\/iframe><br \/>\n&nbsp;<\/p>\n<p>El Festival tambi\u00e9n propone una feria musical conformada por distintas organizaciones y colectivos que promueven la m\u00fasica: una plataforma de intercambio para difundir sus actividades y propuestas. Adem\u00e1s, una oferta gastron\u00f3mica inclusiva que contempla opciones para personas con hipertensi\u00f3n, diabetes, intolerancia a la lactosa y\/o al gluten.<\/p>\n<p>&nbsp;<\/p>\n<p>Entradas a la venta en <a href=\"https:\/\/tickantel.com.uy\/inicio\/espectaculo\/40008052\/espectaculo\/1er%20Festival%20Cielo%20Abierto?0\" target=\"_blank\" rel=\"noopener\">Tickantel<\/a>, locales Redpagos, Abitab y Tiendas Antel<br \/>\nPrecio \u00fanico de $300, 2&#215;1 con Tarjetas del BROU.<br \/>\nHasta en 6 cuotas con Visa y Master<\/p>\n<p>&nbsp;<\/p>\n<p>&nbsp;<\/p>\n","protected":false},"excerpt":{"rendered":"<p>El Teatro de Verano Ram\u00f3n Collazo cierra los festejos de sus 75 a\u00f1os con el Primer Festival Cielo abierto. El evento se desarrollar\u00e1 los d\u00edas 23, 24 y 25 de abril con artistas de los 19 departamentos del Uruguay y de Rosario, Argentina (como ciudad invitada), donde todas las generaciones podr\u00e1n compartir y disfrutar la [&hellip;]<\/p>\n","protected":false},"author":8,"featured_media":58179,"comment_status":"closed","ping_status":"closed","sticky":false,"template":"","format":"standard","meta":{"om_disable_all_campaigns":false,"ngg_post_thumbnail":0,"jnews-multi-image_gallery":[],"jnews_single_post":[],"jnews_primary_category":[],"jnews_social_meta":[],"jnews_override_counter":[],"footnotes":""},"categories":[3394],"tags":[418,10903,1374,9416,179,530,10904,95,10153,256,5379],"class_list":["post-58178","post","type-post","status-publish","format-standard","has-post-thumbnail","hentry","category-eventos","tag-candombe","tag-cielo-abierto","tag-festival","tag-gaston-ciarlo-dino","tag-hip-hop","tag-murga","tag-plena","tag-rock","tag-santiago-imaginario","tag-tango","tag-teatro-de-verano-ramon-collazo"],"yoast_head":"<!-- This site is optimized with the Yoast SEO plugin v27.5 - https:\/\/yoast.com\/product\/yoast-seo-wordpress\/ -->\n<title>Festival Cielo Abierto: 23 al 25 de abril - Cooltivarte Portal<\/title>\n<meta name=\"description\" content=\"COOLTIVARTE.COM es un portal digital colaborativo de actualizaci\u00f3n permanente dedicado a difundir el acontecer art\u00edstico y cultural, entrevista artistas, gestores y productores de las diferentes disciplinas del arte, y publicando art\u00edculos de reflexi\u00f3n de producci\u00f3n propia sobre los elementos culturales.\" \/>\n<meta name=\"robots\" content=\"index, follow, max-snippet:-1, max-image-preview:large, max-video-preview:-1\" \/>\n<link rel=\"canonical\" href=\"https:\/\/cooltivarte.com\/portal\/festival-cielo-abierto-23-al-25-de-abril\/\" \/>\n<meta property=\"og:locale\" content=\"es_ES\" \/>\n<meta property=\"og:type\" content=\"article\" \/>\n<meta property=\"og:title\" content=\"Festival Cielo Abierto: 23 al 25 de abril - Cooltivarte Portal\" \/>\n<meta property=\"og:description\" content=\"COOLTIVARTE.COM es un portal digital colaborativo de actualizaci\u00f3n permanente dedicado a difundir el acontecer art\u00edstico y cultural, entrevista artistas, gestores y productores de las diferentes disciplinas del arte, y publicando art\u00edculos de reflexi\u00f3n de producci\u00f3n propia sobre los elementos culturales.\" \/>\n<meta property=\"og:url\" content=\"https:\/\/cooltivarte.com\/portal\/festival-cielo-abierto-23-al-25-de-abril\/\" \/>\n<meta property=\"og:site_name\" content=\"Cooltivarte Portal\" \/>\n<meta property=\"article:publisher\" content=\"https:\/\/www.facebook.com\/cooltivartecom\/\" \/>\n<meta property=\"article:author\" content=\"https:\/\/www.facebook.com\/cooltivartecom\" \/>\n<meta property=\"article:published_time\" content=\"2020-02-26T12:38:54+00:00\" \/>\n<meta property=\"article:modified_time\" content=\"2020-12-29T17:27:03+00:00\" \/>\n<meta property=\"og:image\" content=\"https:\/\/cooltivarte.com\/portal\/wp-content\/uploads\/2020\/02\/Festival-Cielo-Abierto.jpg\" \/>\n\t<meta property=\"og:image:width\" content=\"900\" \/>\n\t<meta property=\"og:image:height\" content=\"1080\" \/>\n\t<meta property=\"og:image:type\" content=\"image\/jpeg\" \/>\n<meta name=\"author\" content=\"Cooltivarte\" \/>\n<meta name=\"twitter:card\" content=\"summary_large_image\" \/>\n<meta name=\"twitter:creator\" content=\"@https:\/\/x.com\/obolocultural\" \/>\n<meta name=\"twitter:site\" content=\"@obolocultural\" \/>\n<meta name=\"twitter:label1\" content=\"Escrito por\" \/>\n\t<meta name=\"twitter:data1\" content=\"Cooltivarte\" \/>\n\t<meta name=\"twitter:label2\" content=\"Tiempo de lectura\" \/>\n\t<meta name=\"twitter:data2\" content=\"1 minuto\" \/>\n<!-- \/ Yoast SEO plugin. -->","yoast_head_json":{"title":"Festival Cielo Abierto: 23 al 25 de abril - Cooltivarte Portal","description":"COOLTIVARTE.COM es un portal digital colaborativo de actualizaci\u00f3n permanente dedicado a difundir el acontecer art\u00edstico y cultural, entrevista artistas, gestores y productores de las diferentes disciplinas del arte, y publicando art\u00edculos de reflexi\u00f3n de producci\u00f3n propia sobre los elementos culturales.","robots":{"index":"index","follow":"follow","max-snippet":"max-snippet:-1","max-image-preview":"max-image-preview:large","max-video-preview":"max-video-preview:-1"},"canonical":"https:\/\/cooltivarte.com\/portal\/festival-cielo-abierto-23-al-25-de-abril\/","og_locale":"es_ES","og_type":"article","og_title":"Festival Cielo Abierto: 23 al 25 de abril - Cooltivarte Portal","og_description":"COOLTIVARTE.COM es un portal digital colaborativo de actualizaci\u00f3n permanente dedicado a difundir el acontecer art\u00edstico y cultural, entrevista artistas, gestores y productores de las diferentes disciplinas del arte, y publicando art\u00edculos de reflexi\u00f3n de producci\u00f3n propia sobre los elementos culturales.","og_url":"https:\/\/cooltivarte.com\/portal\/festival-cielo-abierto-23-al-25-de-abril\/","og_site_name":"Cooltivarte Portal","article_publisher":"https:\/\/www.facebook.com\/cooltivartecom\/","article_author":"https:\/\/www.facebook.com\/cooltivartecom","article_published_time":"2020-02-26T12:38:54+00:00","article_modified_time":"2020-12-29T17:27:03+00:00","og_image":[{"width":900,"height":1080,"url":"https:\/\/cooltivarte.com\/portal\/wp-content\/uploads\/2020\/02\/Festival-Cielo-Abierto.jpg","type":"image\/jpeg"}],"author":"Cooltivarte","twitter_card":"summary_large_image","twitter_creator":"@https:\/\/x.com\/obolocultural","twitter_site":"@obolocultural","twitter_misc":{"Escrito por":"Cooltivarte","Tiempo de lectura":"1 minuto"},"schema":{"@context":"https:\/\/schema.org","@graph":[{"@type":"NewsArticle","@id":"https:\/\/cooltivarte.com\/portal\/festival-cielo-abierto-23-al-25-de-abril\/#article","isPartOf":{"@id":"https:\/\/cooltivarte.com\/portal\/festival-cielo-abierto-23-al-25-de-abril\/"},"author":{"name":"Cooltivarte","@id":"https:\/\/cooltivarte.com\/portal\/#\/schema\/person\/ec2a4f4e71b740d0c559c0ab9a157e19"},"headline":"Festival Cielo Abierto: 23 al 25 de abril","datePublished":"2020-02-26T12:38:54+00:00","dateModified":"2020-12-29T17:27:03+00:00","mainEntityOfPage":{"@id":"https:\/\/cooltivarte.com\/portal\/festival-cielo-abierto-23-al-25-de-abril\/"},"wordCount":234,"publisher":{"@id":"https:\/\/cooltivarte.com\/portal\/#organization"},"image":{"@id":"https:\/\/cooltivarte.com\/portal\/festival-cielo-abierto-23-al-25-de-abril\/#primaryimage"},"thumbnailUrl":"https:\/\/cooltivarte.com\/portal\/wp-content\/uploads\/2020\/02\/Festival-Cielo-Abierto.jpg","keywords":["Candombe","Cielo abierto","Festival","Gast\u00f3n Ciarlo Dino","Hip Hop","Murga","Plena","Rock","Santiago Imaginario","Tango","Teatro de Verano Ram\u00f3n Collazo"],"articleSection":["Eventos"],"inLanguage":"es-AR"},{"@type":"WebPage","@id":"https:\/\/cooltivarte.com\/portal\/festival-cielo-abierto-23-al-25-de-abril\/","url":"https:\/\/cooltivarte.com\/portal\/festival-cielo-abierto-23-al-25-de-abril\/","name":"Festival Cielo Abierto: 23 al 25 de abril - Cooltivarte Portal","isPartOf":{"@id":"https:\/\/cooltivarte.com\/portal\/#website"},"primaryImageOfPage":{"@id":"https:\/\/cooltivarte.com\/portal\/festival-cielo-abierto-23-al-25-de-abril\/#primaryimage"},"image":{"@id":"https:\/\/cooltivarte.com\/portal\/festival-cielo-abierto-23-al-25-de-abril\/#primaryimage"},"thumbnailUrl":"https:\/\/cooltivarte.com\/portal\/wp-content\/uploads\/2020\/02\/Festival-Cielo-Abierto.jpg","datePublished":"2020-02-26T12:38:54+00:00","dateModified":"2020-12-29T17:27:03+00:00","description":"COOLTIVARTE.COM es un portal digital colaborativo de actualizaci\u00f3n permanente dedicado a difundir el acontecer art\u00edstico y cultural, entrevista artistas, gestores y productores de las diferentes disciplinas del arte, y publicando art\u00edculos de reflexi\u00f3n de producci\u00f3n propia sobre los elementos culturales.","breadcrumb":{"@id":"https:\/\/cooltivarte.com\/portal\/festival-cielo-abierto-23-al-25-de-abril\/#breadcrumb"},"inLanguage":"es-AR","potentialAction":[{"@type":"ReadAction","target":["https:\/\/cooltivarte.com\/portal\/festival-cielo-abierto-23-al-25-de-abril\/"]}]},{"@type":"ImageObject","inLanguage":"es-AR","@id":"https:\/\/cooltivarte.com\/portal\/festival-cielo-abierto-23-al-25-de-abril\/#primaryimage","url":"https:\/\/cooltivarte.com\/portal\/wp-content\/uploads\/2020\/02\/Festival-Cielo-Abierto.jpg","contentUrl":"https:\/\/cooltivarte.com\/portal\/wp-content\/uploads\/2020\/02\/Festival-Cielo-Abierto.jpg","width":900,"height":1080,"caption":"El Teatro de Verano Ram\u00f3n Collazo cierra los festejos de sus 75 a\u00f1os con el Primer Festival Cielo abierto"},{"@type":"BreadcrumbList","@id":"https:\/\/cooltivarte.com\/portal\/festival-cielo-abierto-23-al-25-de-abril\/#breadcrumb","itemListElement":[{"@type":"ListItem","position":1,"name":"Portada","item":"https:\/\/cooltivarte.com\/portal\/"},{"@type":"ListItem","position":2,"name":"Festival Cielo Abierto: 23 al 25 de abril"}]},{"@type":"WebSite","@id":"https:\/\/cooltivarte.com\/portal\/#website","url":"https:\/\/cooltivarte.com\/portal\/","name":"Cooltivarte Portal","description":"Arte, cultura y turismo para el mundo ...","publisher":{"@id":"https:\/\/cooltivarte.com\/portal\/#organization"},"potentialAction":[{"@type":"SearchAction","target":{"@type":"EntryPoint","urlTemplate":"https:\/\/cooltivarte.com\/portal\/?s={search_term_string}"},"query-input":{"@type":"PropertyValueSpecification","valueRequired":true,"valueName":"search_term_string"}}],"inLanguage":"es-AR"},{"@type":"Organization","@id":"https:\/\/cooltivarte.com\/portal\/#organization","name":"cooltivarte","url":"https:\/\/cooltivarte.com\/portal\/","logo":{"@type":"ImageObject","inLanguage":"es-AR","@id":"https:\/\/cooltivarte.com\/portal\/#\/schema\/logo\/image\/","url":"https:\/\/cooltivarte.com\/portal\/wp-content\/uploads\/2020\/04\/logo-cooltivarte-v2.png","contentUrl":"https:\/\/cooltivarte.com\/portal\/wp-content\/uploads\/2020\/04\/logo-cooltivarte-v2.png","width":851,"height":243,"caption":"cooltivarte"},"image":{"@id":"https:\/\/cooltivarte.com\/portal\/#\/schema\/logo\/image\/"},"sameAs":["https:\/\/www.facebook.com\/cooltivartecom\/","https:\/\/x.com\/obolocultural","https:\/\/www.instagram.com\/_cooltivarte_\/","https:\/\/www.linkedin.com\/company\/-bolocultural?reportsuccess=8zaNG1HwhPbAR9iQhZ5rfGeqz_vQFftHun0ZWU0Wy9vNemRJ8vtcKdJvzQfW8XagyOJSKg0XvfJ1dp","https:\/\/www.pinterest.com\/cooltivarte\/","https:\/\/cooltivarte.tumblr.com\/","https:\/\/www.tiktok.com\/@cooltivarte","https:\/\/www.youtube.com\/@PrensaCooltivarte"]},{"@type":"Person","@id":"https:\/\/cooltivarte.com\/portal\/#\/schema\/person\/ec2a4f4e71b740d0c559c0ab9a157e19","name":"Cooltivarte","image":{"@type":"ImageObject","inLanguage":"es-AR","@id":"https:\/\/cooltivarte.com\/portal\/wp-content\/uploads\/2014\/05\/logo-cooltivarte-120x120.jpg","url":"https:\/\/cooltivarte.com\/portal\/wp-content\/uploads\/2014\/05\/logo-cooltivarte-120x120.jpg","contentUrl":"https:\/\/cooltivarte.com\/portal\/wp-content\/uploads\/2014\/05\/logo-cooltivarte-120x120.jpg","caption":"Cooltivarte"},"description":"Somos COOLTIVARTE.COM. Un portal digital dedicado a difundir el acontecer art\u00edstico y cultural del Uruguay. Estamos en la vuelta desde el a\u00f1o 2003, y como evoluci\u00f3n del bolet\u00edn Obolo Cultural, nos encontramos abocados a apoyar a los artistas nacionales brind\u00e1ndoles un espacio de difusi\u00f3n. Creemos en la idea de utilizar la potencialidad que hoy d\u00eda nos otorga la web, para que la cultura uruguaya y sus creadores dispongan de una din\u00e1mica ventana, que los ponga en contacto entre s\u00ed y con el mundo. Somos COOLTIVARTE.COM y pretendemos configurarnos como un portal din\u00e1mico, entretenido y atento a los nuevos emprendimientos, que busque siempre la interacci\u00f3n con los artistas.","sameAs":["http:\/\/www.cooltivarte.com","https:\/\/www.facebook.com\/cooltivartecom","https:\/\/www.instagram.com\/_cooltivarte_\/","https:\/\/www.linkedin.com\/company\/-bolocultural","https:\/\/www.pinterest.com\/cooltivarte\/","https:\/\/x.com\/https:\/\/x.com\/obolocultural","https:\/\/www.youtube.com\/@PrensaCooltivarte","https:\/\/www.tumblr.com\/blog\/cooltivarte"],"url":"https:\/\/cooltivarte.com\/portal\/author\/cooltivarte\/"}]}},"_links":{"self":[{"href":"https:\/\/cooltivarte.com\/portal\/wp-json\/wp\/v2\/posts\/58178","targetHints":{"allow":["GET"]}}],"collection":[{"href":"https:\/\/cooltivarte.com\/portal\/wp-json\/wp\/v2\/posts"}],"about":[{"href":"https:\/\/cooltivarte.com\/portal\/wp-json\/wp\/v2\/types\/post"}],"author":[{"embeddable":true,"href":"https:\/\/cooltivarte.com\/portal\/wp-json\/wp\/v2\/users\/8"}],"replies":[{"embeddable":true,"href":"https:\/\/cooltivarte.com\/portal\/wp-json\/wp\/v2\/comments?post=58178"}],"version-history":[{"count":2,"href":"https:\/\/cooltivarte.com\/portal\/wp-json\/wp\/v2\/posts\/58178\/revisions"}],"predecessor-version":[{"id":65559,"href":"https:\/\/cooltivarte.com\/portal\/wp-json\/wp\/v2\/posts\/58178\/revisions\/65559"}],"wp:featuredmedia":[{"embeddable":true,"href":"https:\/\/cooltivarte.com\/portal\/wp-json\/wp\/v2\/media\/58179"}],"wp:attachment":[{"href":"https:\/\/cooltivarte.com\/portal\/wp-json\/wp\/v2\/media?parent=58178"}],"wp:term":[{"taxonomy":"category","embeddable":true,"href":"https:\/\/cooltivarte.com\/portal\/wp-json\/wp\/v2\/categories?post=58178"},{"taxonomy":"post_tag","embeddable":true,"href":"https:\/\/cooltivarte.com\/portal\/wp-json\/wp\/v2\/tags?post=58178"}],"curies":[{"name":"wp","href":"https:\/\/api.w.org\/{rel}","templated":true}]}}