{"id":57988,"date":"2020-02-18T08:58:35","date_gmt":"2020-02-18T11:58:35","guid":{"rendered":"http:\/\/cooltivarte.com\/portal\/?p=57988"},"modified":"2022-02-24T15:16:42","modified_gmt":"2022-02-24T18:16:42","slug":"final-de-arena-sonora-con-nicolas-molina-como-invitado-especia","status":"publish","type":"post","link":"https:\/\/cooltivarte.com\/portal\/final-de-arena-sonora-con-nicolas-molina-como-invitado-especia\/","title":{"rendered":"FINAL de ARENA SONORA con NICOL\u00c1S MOLINA como invitado especia"},"content":{"rendered":"<figure id=\"attachment_57990\" aria-describedby=\"caption-attachment-57990\" style=\"width: 600px\" class=\"wp-caption aligncenter\"><img fetchpriority=\"high\" decoding=\"async\" class=\"wp-image-57990 size-full\" title=\"FINAL de ARENA SONORA - martes18 feb. \/ 19 hs. con NICOL\u00c1S MOLINA como invitado especial\" src=\"https:\/\/cooltivarte.com\/portal\/wp-content\/uploads\/2020\/02\/FINAL-de-ARENA-SONORA.jpg\" alt=\"ARENA SONORA Edici\u00f3n 2020 - Estadio &quot;Arenas del Plata&quot; - Pocitos Jornada FINAL - martes 18 de febrero - 19:00 hs\" width=\"600\" height=\"450\" srcset=\"https:\/\/cooltivarte.com\/portal\/wp-content\/uploads\/2020\/02\/FINAL-de-ARENA-SONORA.jpg 600w, https:\/\/cooltivarte.com\/portal\/wp-content\/uploads\/2020\/02\/FINAL-de-ARENA-SONORA-300x225.jpg 300w\" sizes=\"(max-width: 600px) 100vw, 600px\" \/><figcaption id=\"caption-attachment-57990\" class=\"wp-caption-text\">FINAL de ARENA SONORA &#8211; martes18 feb. \/ 19 hs. con NICOL\u00c1S MOLINA como invitado especial<\/figcaption><\/figure>\n<h3>ARENA SONORA<\/h3>\n<h3>Edici\u00f3n 2020 &#8211; Estadio &#8220;Arenas del Plata&#8221; &#8211; Pocitos<\/h3>\n<h3>Jornada FINAL &#8211; martes 18 de febrero &#8211; 19:00 hs<\/h3>\n<p>&nbsp;<\/p>\n<p><strong>HOMEROS<\/strong><br \/>\n<strong>LAURA CORREA <\/strong><br \/>\n<strong>NAHUEL LEMES <\/strong><br \/>\n<strong>B\u00daHO<\/strong><br \/>\n<strong>ECHENIQUES<\/strong><\/p>\n<p>&nbsp;<\/p>\n<p>El Jurado est\u00e1 integrado por: <strong><a href=\"https:\/\/cooltivarte.com\/portal\/?s=Fernando+Condon\" target=\"_blank\" rel=\"noopener\">Fernando Condon<\/a>, <a href=\"https:\/\/cooltivarte.com\/portal\/?s=Wilson+Negreyra\" target=\"_blank\" rel=\"noopener\">Wilson Negreyra<\/a><\/strong> y <a href=\"https:\/\/cooltivarte.com\/portal\/?s=Flavia+Novoa\" target=\"_blank\" rel=\"noopener\"><strong>Flavia Novoa<\/strong><\/a> (Primer Premio Edici\u00f3n 2019)<\/p>\n<p>El presentador del evento es <strong>Gustavo Fern\u00e1ndez Ins\u00faa<\/strong>.<\/p>\n<p>Difusor del evento: <a href=\"https:\/\/cooltivarte.com\/portal\/?s=Gabriel+Brikman\" target=\"_blank\" rel=\"noopener\"><strong>Gabriel Brikman<\/strong><\/a> desde su programa &#8220;Distorsi\u00f3n&#8221; de FM Del Sur: <a href=\"https:\/\/www.distorsion.uy\" target=\"_blank\" rel=\"noopener\">https:\/\/www.distorsion.uy<\/a><\/p>\n<p>El equipamiento de audio, luces, backline y personal t\u00e9cnico lo forman : Mar\u00eda Rodr\u00edguez, Enrique Pieri y Feedback<\/p>\n<p>Los artistas del Interior cuenta con el apoyo de la Direcci\u00f3n de Cultura del MEC &#8211; Circulaci\u00f3n Cultural en Movilidad, con pasajes gratuitos para cada instancia que deban presentarse en vivo en el escenario del Estadio &#8220;<strong>Arenas del Plata<\/strong>&#8221; y el transporte local est\u00e1 a cargo de Municipio ch.<\/p>\n<p><strong>ARENA SONORA<\/strong> es un Programa destinado a la promoci\u00f3n de artistas organizados por la Secretar\u00eda Nacional del Deporte (SND) con el apoyo del Ministerio de Educaci\u00f3n y Cultura, Uruguay a Toda Costa, Intendencia de Montevideo, Cooparte, Municipio Ch, RNU y TNU.<\/p>\n<p>Invitan : el portal cultural Corchea.uy, RNU, Ciudadana FM, Un Viaje, La Rep\u00fablica y Distorsi\u00f3n.<\/p>\n<p>&nbsp;<\/p>\n<p>AGENDA, BASES y PREMIOS (Se premiar\u00e1 a los 4 Finalistas y al Artista m\u00e1s votado por el p\u00fablico):<br \/>\n<a href=\"http:\/\/corchea.uy\" target=\"_blank\" rel=\"noopener\">http:\/\/corchea.uy<\/a><br \/>\n<a href=\"https:\/\/web.arenasonora.com\" target=\"_blank\" rel=\"noopener\">https:\/\/web.arenasonora.com<\/a><br \/>\n<a href=\"https:\/\/www.gub.uy\/secretaria-nacional-deporte\" target=\"_blank\" rel=\"noopener\">https:\/\/www.gub.uy\/secretaria-nacional-deporte <\/a><\/p>\n<p>&nbsp;<\/p>\n<p><strong>Nicol\u00e1s Molina<\/strong> (Castillos, Rocha), cuenta con 3 discos editados, \u201cEl Desencanto\u201d (2014) y \u201cFolk de la Frontera\u201d (2016), firmados bajo el nombre de \u201cMolina y los C\u00f3smicos\u201d y \u201cQuerencia\u201d (2019) . Estos trabajos le han abierto las puertas de diferentes festivales y presentaciones en Argentina, Brasil, Estados Unidos, M\u00e9xico y Uruguay. En 2016, algunos medios norteamericanos como KEXP (donde Molina realiz\u00f3 una presentaci\u00f3n en vivo) lo presentaron como uno de los artistas latinos del a\u00f1o . Ese a\u00f1o, la revista Billboard (en su versi\u00f3n para EE. UU.) Lo coloca entre los \u201c10 artistas latinos para ver en 2016\u201d , en el marco de su presentaci\u00f3n en el Festival SXSW (Austin, Texas).<\/p>\n<p>Molina cuenta con 2 <a href=\"https:\/\/cooltivarte.com\/portal\/?s=Premios+Graffiti\">Premios Graffiti<\/a> (\u00c1lbum Indie 2017 y Solista del A\u00f1o) y un Premio Nacional de M\u00fasica otorgado por el MEC por la canci\u00f3n &#8220;\u00bfQu\u00e9 pas\u00f3?&#8221;.<\/p>\n<p>Su gira 2020 incluye presentaciones en Brasil, Argentina, Uruguay y Estados Unidos, en donde estar\u00e1 nuevamente en el Festival SXSW y su presentaci\u00f3n en la Jornada Final de &#8220;Arena Sonora&#8221; el d\u00eda 18 de febrero en el Estadio &#8220;Arenas del Plata&#8221; de Pocitos &#8220;con entrada gratuita.<\/p>\n<p><strong> Integrantes: Nicol\u00e1s Molina, Pablo G\u00f3mez, Ignacio Vitancurt, Sebasti\u00e1n Arruti, Mart\u00edn M\u00e9ndez.<\/strong><\/p>\n<p>&nbsp;<br \/>\n<iframe src=\"https:\/\/www.youtube.com\/embed\/vhMpSXzNC84\" width=\"560\" height=\"315\" frameborder=\"0\" allowfullscreen=\"allowfullscreen\"><\/iframe><\/p>\n<p>&nbsp;<\/p>\n<p><iframe src=\"https:\/\/www.youtube.com\/embed\/c-UH26W235c\" width=\"560\" height=\"315\" frameborder=\"0\" allowfullscreen=\"allowfullscreen\"><\/iframe><\/p>\n<p>&nbsp;<\/p>\n<p><iframe src=\"https:\/\/www.youtube.com\/embed\/uv3uj9A9uLU\" width=\"560\" height=\"315\" frameborder=\"0\" allowfullscreen=\"allowfullscreen\"><\/iframe><\/p>\n<p>&nbsp;<\/p>\n<p>&nbsp;<\/p>\n<p>Por m\u00e1s informaci\u00f3n y consultas:<br \/>\nCorreo: arenasonora@deporte.gub.uy &#8211; sonorouy@gmail.com<br \/>\nFacebook: @arenasonora &#8211; @SecretariaDeporteUy<br \/>\nTwitter: @UyDeporte<\/p>\n<p>&nbsp;<\/p>\n","protected":false},"excerpt":{"rendered":"<p>ARENA SONORA Edici\u00f3n 2020 &#8211; Estadio &#8220;Arenas del Plata&#8221; &#8211; Pocitos Jornada FINAL &#8211; martes 18 de febrero &#8211; 19:00 hs &nbsp; HOMEROS LAURA CORREA NAHUEL LEMES B\u00daHO ECHENIQUES &nbsp; El Jurado est\u00e1 integrado por: Fernando Condon, Wilson Negreyra y Flavia Novoa (Primer Premio Edici\u00f3n 2019) El presentador del evento es Gustavo Fern\u00e1ndez Ins\u00faa. Difusor [&hellip;]<\/p>\n","protected":false},"author":8,"featured_media":57990,"comment_status":"closed","ping_status":"closed","sticky":false,"template":"","format":"standard","meta":{"om_disable_all_campaigns":false,"ngg_post_thumbnail":0,"jnews-multi-image_gallery":[],"jnews_single_post":{"subtitle":"","format":"standard","video":"","gallery":"","source_name":"","source_url":"","via_name":"","via_url":"","override_template":"0","override":[{"template":"1","single_blog_custom":"","parallax":"1","fullscreen":"1","layout":"right-sidebar","sidebar":"default-sidebar","second_sidebar":"default-sidebar","sticky_sidebar":"1","share_position":"top","share_float_style":"share-monocrhome","show_share_counter":"1","show_view_counter":"1","show_featured":"1","show_post_meta":"1","show_post_author":"1","show_post_author_image":"1","show_post_date":"1","post_date_format":"default","post_date_format_custom":"Y\/m\/d","show_post_category":"1","show_post_reading_time":"0","post_reading_time_wpm":"300","show_zoom_button":"0","zoom_button_out_step":"2","zoom_button_in_step":"3","show_post_tag":"1","show_prev_next_post":"1","show_popup_post":"1","number_popup_post":"1","show_author_box":"0","show_post_related":"0","show_inline_post_related":"0"}],"override_image_size":"0","image_override":[{"single_post_thumbnail_size":"crop-500","single_post_gallery_size":"crop-500"}],"trending_post":"0","trending_post_position":"meta","trending_post_label":"Trending","sponsored_post":"0","sponsored_post_label":"Sponsored by","sponsored_post_name":"","sponsored_post_url":"","sponsored_post_logo_enable":"0","sponsored_post_logo":"","sponsored_post_desc":""},"jnews_primary_category":{"id":""},"jnews_social_meta":{"fb_title":"","fb_description":"","fb_image":"","twitter_title":"","twitter_description":"","twitter_image":""},"jnews_override_counter":{"override_view_counter":"0","view_counter_number":"0","override_share_counter":"0","share_counter_number":"0","override_like_counter":"0","like_counter_number":"0","override_dislike_counter":"0","dislike_counter_number":"0"},"footnotes":""},"categories":[3394],"tags":[5848,7959,5808,10764,7966,6877,3773,5727,9703,10847,10848,7267,6479],"class_list":["post-57988","post","type-post","status-publish","format-standard","has-post-thumbnail","hentry","category-eventos","tag-arena-sonora","tag-arenas-del-plata","tag-buho","tag-echeniques","tag-fernando-condon","tag-flavia-novoa","tag-gabriel-brikman","tag-gustavo-fernandez-insua","tag-homeros","tag-laura-correa","tag-nahuel-lemes","tag-nicolas-molina","tag-wilson-negreyra"],"yoast_head":"<!-- This site is optimized with the Yoast SEO plugin v27.4 - https:\/\/yoast.com\/product\/yoast-seo-wordpress\/ -->\n<title>FINAL de ARENA SONORA con NICOL\u00c1S MOLINA como invitado especia - Cooltivarte Portal<\/title>\n<meta name=\"description\" content=\"COOLTIVARTE.COM es un portal digital colaborativo de actualizaci\u00f3n permanente dedicado a difundir el acontecer art\u00edstico y cultural, entrevista artistas, gestores y productores de las diferentes disciplinas del arte, y publicando art\u00edculos de reflexi\u00f3n de producci\u00f3n propia sobre los elementos culturales.\" \/>\n<meta name=\"robots\" content=\"index, follow, max-snippet:-1, max-image-preview:large, max-video-preview:-1\" \/>\n<link rel=\"canonical\" href=\"https:\/\/cooltivarte.com\/portal\/final-de-arena-sonora-con-nicolas-molina-como-invitado-especia\/\" \/>\n<meta property=\"og:locale\" content=\"es_ES\" \/>\n<meta property=\"og:type\" content=\"article\" \/>\n<meta property=\"og:title\" content=\"FINAL de ARENA SONORA con NICOL\u00c1S MOLINA como invitado especia - Cooltivarte Portal\" \/>\n<meta property=\"og:description\" content=\"COOLTIVARTE.COM es un portal digital colaborativo de actualizaci\u00f3n permanente dedicado a difundir el acontecer art\u00edstico y cultural, entrevista artistas, gestores y productores de las diferentes disciplinas del arte, y publicando art\u00edculos de reflexi\u00f3n de producci\u00f3n propia sobre los elementos culturales.\" \/>\n<meta property=\"og:url\" content=\"https:\/\/cooltivarte.com\/portal\/final-de-arena-sonora-con-nicolas-molina-como-invitado-especia\/\" \/>\n<meta property=\"og:site_name\" content=\"Cooltivarte Portal\" \/>\n<meta property=\"article:publisher\" content=\"https:\/\/www.facebook.com\/cooltivartecom\/\" \/>\n<meta property=\"article:author\" content=\"https:\/\/www.facebook.com\/cooltivartecom\" \/>\n<meta property=\"article:published_time\" content=\"2020-02-18T11:58:35+00:00\" \/>\n<meta property=\"article:modified_time\" content=\"2022-02-24T18:16:42+00:00\" \/>\n<meta property=\"og:image\" content=\"https:\/\/cooltivarte.com\/portal\/wp-content\/uploads\/2020\/02\/FINAL-de-ARENA-SONORA.jpg\" \/>\n\t<meta property=\"og:image:width\" content=\"600\" \/>\n\t<meta property=\"og:image:height\" content=\"450\" \/>\n\t<meta property=\"og:image:type\" content=\"image\/jpeg\" \/>\n<meta name=\"author\" content=\"Cooltivarte\" \/>\n<meta name=\"twitter:card\" content=\"summary_large_image\" \/>\n<meta name=\"twitter:creator\" content=\"@https:\/\/x.com\/obolocultural\" \/>\n<meta name=\"twitter:site\" content=\"@obolocultural\" \/>\n<meta name=\"twitter:label1\" content=\"Escrito por\" \/>\n\t<meta name=\"twitter:data1\" content=\"Cooltivarte\" \/>\n\t<meta name=\"twitter:label2\" content=\"Tiempo de lectura\" \/>\n\t<meta name=\"twitter:data2\" content=\"3 minutos\" \/>\n<!-- \/ Yoast SEO plugin. -->","yoast_head_json":{"title":"FINAL de ARENA SONORA con NICOL\u00c1S MOLINA como invitado especia - Cooltivarte Portal","description":"COOLTIVARTE.COM es un portal digital colaborativo de actualizaci\u00f3n permanente dedicado a difundir el acontecer art\u00edstico y cultural, entrevista artistas, gestores y productores de las diferentes disciplinas del arte, y publicando art\u00edculos de reflexi\u00f3n de producci\u00f3n propia sobre los elementos culturales.","robots":{"index":"index","follow":"follow","max-snippet":"max-snippet:-1","max-image-preview":"max-image-preview:large","max-video-preview":"max-video-preview:-1"},"canonical":"https:\/\/cooltivarte.com\/portal\/final-de-arena-sonora-con-nicolas-molina-como-invitado-especia\/","og_locale":"es_ES","og_type":"article","og_title":"FINAL de ARENA SONORA con NICOL\u00c1S MOLINA como invitado especia - Cooltivarte Portal","og_description":"COOLTIVARTE.COM es un portal digital colaborativo de actualizaci\u00f3n permanente dedicado a difundir el acontecer art\u00edstico y cultural, entrevista artistas, gestores y productores de las diferentes disciplinas del arte, y publicando art\u00edculos de reflexi\u00f3n de producci\u00f3n propia sobre los elementos culturales.","og_url":"https:\/\/cooltivarte.com\/portal\/final-de-arena-sonora-con-nicolas-molina-como-invitado-especia\/","og_site_name":"Cooltivarte Portal","article_publisher":"https:\/\/www.facebook.com\/cooltivartecom\/","article_author":"https:\/\/www.facebook.com\/cooltivartecom","article_published_time":"2020-02-18T11:58:35+00:00","article_modified_time":"2022-02-24T18:16:42+00:00","og_image":[{"width":600,"height":450,"url":"https:\/\/cooltivarte.com\/portal\/wp-content\/uploads\/2020\/02\/FINAL-de-ARENA-SONORA.jpg","type":"image\/jpeg"}],"author":"Cooltivarte","twitter_card":"summary_large_image","twitter_creator":"@https:\/\/x.com\/obolocultural","twitter_site":"@obolocultural","twitter_misc":{"Escrito por":"Cooltivarte","Tiempo de lectura":"3 minutos"},"schema":{"@context":"https:\/\/schema.org","@graph":[{"@type":"NewsArticle","@id":"https:\/\/cooltivarte.com\/portal\/final-de-arena-sonora-con-nicolas-molina-como-invitado-especia\/#article","isPartOf":{"@id":"https:\/\/cooltivarte.com\/portal\/final-de-arena-sonora-con-nicolas-molina-como-invitado-especia\/"},"author":{"name":"Cooltivarte","@id":"https:\/\/cooltivarte.com\/portal\/#\/schema\/person\/ec2a4f4e71b740d0c559c0ab9a157e19"},"headline":"FINAL de ARENA SONORA con NICOL\u00c1S MOLINA como invitado especia","datePublished":"2020-02-18T11:58:35+00:00","dateModified":"2022-02-24T18:16:42+00:00","mainEntityOfPage":{"@id":"https:\/\/cooltivarte.com\/portal\/final-de-arena-sonora-con-nicolas-molina-como-invitado-especia\/"},"wordCount":499,"publisher":{"@id":"https:\/\/cooltivarte.com\/portal\/#organization"},"image":{"@id":"https:\/\/cooltivarte.com\/portal\/final-de-arena-sonora-con-nicolas-molina-como-invitado-especia\/#primaryimage"},"thumbnailUrl":"https:\/\/cooltivarte.com\/portal\/wp-content\/uploads\/2020\/02\/FINAL-de-ARENA-SONORA.jpg","keywords":["ARENA SONORA","Arenas del Plata","B\u00faho","ECHENIQUES","Fernando Condon","Flavia Novoa","Gabriel Brikman","Gustavo Fern\u00e1ndez Ins\u00faa","Homeros","LAURA CORREA","NAHUEL LEMES","Nicol\u00e1s Molina","Wilson Negreyra"],"articleSection":["Eventos"],"inLanguage":"es-AR"},{"@type":"WebPage","@id":"https:\/\/cooltivarte.com\/portal\/final-de-arena-sonora-con-nicolas-molina-como-invitado-especia\/","url":"https:\/\/cooltivarte.com\/portal\/final-de-arena-sonora-con-nicolas-molina-como-invitado-especia\/","name":"FINAL de ARENA SONORA con NICOL\u00c1S MOLINA como invitado especia - Cooltivarte Portal","isPartOf":{"@id":"https:\/\/cooltivarte.com\/portal\/#website"},"primaryImageOfPage":{"@id":"https:\/\/cooltivarte.com\/portal\/final-de-arena-sonora-con-nicolas-molina-como-invitado-especia\/#primaryimage"},"image":{"@id":"https:\/\/cooltivarte.com\/portal\/final-de-arena-sonora-con-nicolas-molina-como-invitado-especia\/#primaryimage"},"thumbnailUrl":"https:\/\/cooltivarte.com\/portal\/wp-content\/uploads\/2020\/02\/FINAL-de-ARENA-SONORA.jpg","datePublished":"2020-02-18T11:58:35+00:00","dateModified":"2022-02-24T18:16:42+00:00","description":"COOLTIVARTE.COM es un portal digital colaborativo de actualizaci\u00f3n permanente dedicado a difundir el acontecer art\u00edstico y cultural, entrevista artistas, gestores y productores de las diferentes disciplinas del arte, y publicando art\u00edculos de reflexi\u00f3n de producci\u00f3n propia sobre los elementos culturales.","breadcrumb":{"@id":"https:\/\/cooltivarte.com\/portal\/final-de-arena-sonora-con-nicolas-molina-como-invitado-especia\/#breadcrumb"},"inLanguage":"es-AR","potentialAction":[{"@type":"ReadAction","target":["https:\/\/cooltivarte.com\/portal\/final-de-arena-sonora-con-nicolas-molina-como-invitado-especia\/"]}]},{"@type":"ImageObject","inLanguage":"es-AR","@id":"https:\/\/cooltivarte.com\/portal\/final-de-arena-sonora-con-nicolas-molina-como-invitado-especia\/#primaryimage","url":"https:\/\/cooltivarte.com\/portal\/wp-content\/uploads\/2020\/02\/FINAL-de-ARENA-SONORA.jpg","contentUrl":"https:\/\/cooltivarte.com\/portal\/wp-content\/uploads\/2020\/02\/FINAL-de-ARENA-SONORA.jpg","width":600,"height":450,"caption":"FINAL de ARENA SONORA - martes18 feb. \/ 19 hs. con NICOL\u00c1S MOLINA como invitado especial"},{"@type":"BreadcrumbList","@id":"https:\/\/cooltivarte.com\/portal\/final-de-arena-sonora-con-nicolas-molina-como-invitado-especia\/#breadcrumb","itemListElement":[{"@type":"ListItem","position":1,"name":"Portada","item":"https:\/\/cooltivarte.com\/portal\/"},{"@type":"ListItem","position":2,"name":"FINAL de ARENA SONORA con NICOL\u00c1S MOLINA como invitado especia"}]},{"@type":"WebSite","@id":"https:\/\/cooltivarte.com\/portal\/#website","url":"https:\/\/cooltivarte.com\/portal\/","name":"Cooltivarte Portal","description":"Arte, cultura y turismo para el mundo ...","publisher":{"@id":"https:\/\/cooltivarte.com\/portal\/#organization"},"potentialAction":[{"@type":"SearchAction","target":{"@type":"EntryPoint","urlTemplate":"https:\/\/cooltivarte.com\/portal\/?s={search_term_string}"},"query-input":{"@type":"PropertyValueSpecification","valueRequired":true,"valueName":"search_term_string"}}],"inLanguage":"es-AR"},{"@type":"Organization","@id":"https:\/\/cooltivarte.com\/portal\/#organization","name":"cooltivarte","url":"https:\/\/cooltivarte.com\/portal\/","logo":{"@type":"ImageObject","inLanguage":"es-AR","@id":"https:\/\/cooltivarte.com\/portal\/#\/schema\/logo\/image\/","url":"https:\/\/cooltivarte.com\/portal\/wp-content\/uploads\/2020\/04\/logo-cooltivarte-v2.png","contentUrl":"https:\/\/cooltivarte.com\/portal\/wp-content\/uploads\/2020\/04\/logo-cooltivarte-v2.png","width":851,"height":243,"caption":"cooltivarte"},"image":{"@id":"https:\/\/cooltivarte.com\/portal\/#\/schema\/logo\/image\/"},"sameAs":["https:\/\/www.facebook.com\/cooltivartecom\/","https:\/\/x.com\/obolocultural","https:\/\/www.instagram.com\/_cooltivarte_\/","https:\/\/www.linkedin.com\/company\/-bolocultural?reportsuccess=8zaNG1HwhPbAR9iQhZ5rfGeqz_vQFftHun0ZWU0Wy9vNemRJ8vtcKdJvzQfW8XagyOJSKg0XvfJ1dp","https:\/\/www.pinterest.com\/cooltivarte\/","https:\/\/cooltivarte.tumblr.com\/","https:\/\/www.tiktok.com\/@cooltivarte","https:\/\/www.youtube.com\/@PrensaCooltivarte"]},{"@type":"Person","@id":"https:\/\/cooltivarte.com\/portal\/#\/schema\/person\/ec2a4f4e71b740d0c559c0ab9a157e19","name":"Cooltivarte","image":{"@type":"ImageObject","inLanguage":"es-AR","@id":"https:\/\/cooltivarte.com\/portal\/wp-content\/uploads\/2014\/05\/logo-cooltivarte-120x120.jpg","url":"https:\/\/cooltivarte.com\/portal\/wp-content\/uploads\/2014\/05\/logo-cooltivarte-120x120.jpg","contentUrl":"https:\/\/cooltivarte.com\/portal\/wp-content\/uploads\/2014\/05\/logo-cooltivarte-120x120.jpg","caption":"Cooltivarte"},"description":"Somos COOLTIVARTE.COM. Un portal digital dedicado a difundir el acontecer art\u00edstico y cultural del Uruguay. Estamos en la vuelta desde el a\u00f1o 2003, y como evoluci\u00f3n del bolet\u00edn Obolo Cultural, nos encontramos abocados a apoyar a los artistas nacionales brind\u00e1ndoles un espacio de difusi\u00f3n. Creemos en la idea de utilizar la potencialidad que hoy d\u00eda nos otorga la web, para que la cultura uruguaya y sus creadores dispongan de una din\u00e1mica ventana, que los ponga en contacto entre s\u00ed y con el mundo. Somos COOLTIVARTE.COM y pretendemos configurarnos como un portal din\u00e1mico, entretenido y atento a los nuevos emprendimientos, que busque siempre la interacci\u00f3n con los artistas.","sameAs":["http:\/\/www.cooltivarte.com","https:\/\/www.facebook.com\/cooltivartecom","https:\/\/www.instagram.com\/_cooltivarte_\/","https:\/\/www.linkedin.com\/company\/-bolocultural","https:\/\/www.pinterest.com\/cooltivarte\/","https:\/\/x.com\/https:\/\/x.com\/obolocultural","https:\/\/www.youtube.com\/@PrensaCooltivarte","https:\/\/www.tumblr.com\/blog\/cooltivarte"],"url":"https:\/\/cooltivarte.com\/portal\/author\/cooltivarte\/"}]}},"_links":{"self":[{"href":"https:\/\/cooltivarte.com\/portal\/wp-json\/wp\/v2\/posts\/57988","targetHints":{"allow":["GET"]}}],"collection":[{"href":"https:\/\/cooltivarte.com\/portal\/wp-json\/wp\/v2\/posts"}],"about":[{"href":"https:\/\/cooltivarte.com\/portal\/wp-json\/wp\/v2\/types\/post"}],"author":[{"embeddable":true,"href":"https:\/\/cooltivarte.com\/portal\/wp-json\/wp\/v2\/users\/8"}],"replies":[{"embeddable":true,"href":"https:\/\/cooltivarte.com\/portal\/wp-json\/wp\/v2\/comments?post=57988"}],"version-history":[{"count":8,"href":"https:\/\/cooltivarte.com\/portal\/wp-json\/wp\/v2\/posts\/57988\/revisions"}],"predecessor-version":[{"id":78988,"href":"https:\/\/cooltivarte.com\/portal\/wp-json\/wp\/v2\/posts\/57988\/revisions\/78988"}],"wp:featuredmedia":[{"embeddable":true,"href":"https:\/\/cooltivarte.com\/portal\/wp-json\/wp\/v2\/media\/57990"}],"wp:attachment":[{"href":"https:\/\/cooltivarte.com\/portal\/wp-json\/wp\/v2\/media?parent=57988"}],"wp:term":[{"taxonomy":"category","embeddable":true,"href":"https:\/\/cooltivarte.com\/portal\/wp-json\/wp\/v2\/categories?post=57988"},{"taxonomy":"post_tag","embeddable":true,"href":"https:\/\/cooltivarte.com\/portal\/wp-json\/wp\/v2\/tags?post=57988"}],"curies":[{"name":"wp","href":"https:\/\/api.w.org\/{rel}","templated":true}]}}