{"id":57767,"date":"2020-02-20T13:56:54","date_gmt":"2020-02-20T16:56:54","guid":{"rendered":"http:\/\/cooltivarte.com\/portal\/?p=57767"},"modified":"2020-02-20T14:14:22","modified_gmt":"2020-02-20T17:14:22","slug":"23-festival-internacional-de-cine-de-punta-del-este","status":"publish","type":"post","link":"https:\/\/cooltivarte.com\/portal\/23-festival-internacional-de-cine-de-punta-del-este\/","title":{"rendered":"23\u00b0 Festival Internacional de Cine de Punta del Este"},"content":{"rendered":"<h3>@Desde Punta del Este. La edici\u00f3n n\u00famero 23\u00b0 \u00a0del <a href=\"http:\/\/www.cinepunta.uy\/\"><span style=\"color: #99cc00\">\u00a0Festival de Cine de Punta del Este\u00a0\u00a0<\/span><\/a>abri\u00f3 con el thriller \u00a0<em>\u201cEl asesino de los caprichos\u201d.<\/em>\u00a0La conferencia de prensa se realiz\u00f3 en el Hotel CasaPueblo y cont\u00f3 con la presencia de la actriz espa\u00f1ola Maribel Verd\u00fa y el director de cine y productor madrile\u00f1o Gerardo Herrero.<\/h3>\n<p>La 23\u00ba edici\u00f3n que se desarrolla entre el 15 y el 21 de febrero de 2020 re\u00fane en la pen\u00ednsula lo mejor del panorama cinematogr\u00e1fico. Este a\u00f1o el jurado de la Competencia Iberoamericana decidir\u00e1 qui\u00e9n se llevar\u00e1 el <strong>Premio Litman<\/strong> a Mejor Pel\u00edcula, Mejor Director, Mejor Actor y Mejor Actriz. Los diez trabajos seleccionados de Argentina, Brasil,Chile, Espa\u00f1a, Guatemala, M\u00e9xico, Paraguay, Per\u00fa y Uruguay.\u00a0Asimismo el p\u00fablico tambi\u00e9n puede votar por el mejor film. La pel\u00edcula elegida se llevar\u00e1 la estatuilla de <strong>Octavio Podest\u00e1<\/strong>.<\/p>\n<p>&nbsp;<\/p>\n<p>[justified_image_grid ng_gallery=25]<\/p>\n<p>&nbsp;<\/p>\n<p>M\u00e1s informaci\u00f3n:<span style=\"color: #99cc00\"><a href=\"http:\/\/cinepunta.uy\"><span style=\"color: #99cc00\"> cinepunta.uy<\/span><\/a><\/span><\/p>\n<p>Video de portada: Pel\u00edculas en Competencia. Fotograf\u00edas:\u00a023\u00ba Festival Internacional de Cine de Punta del Este,Hotel CasaPueblo, Uruguay.*Fotograf\u00edas:<i>\u00a9<\/i>Cobertura @netmediaAr- Fotos por Enrique Abal Oli\u00fa.\u00a0<i>*Todos los derechos reservados.<\/i><\/p>\n<p>&nbsp;<\/p>\n<p>&nbsp;<\/p>\n","protected":false},"excerpt":{"rendered":"<p>@Desde Punta del Este. La edici\u00f3n n\u00famero 23\u00b0 \u00a0del \u00a0Festival de Cine de Punta del Este\u00a0\u00a0abri\u00f3 con el thriller \u00a0\u201cEl asesino de los caprichos\u201d.\u00a0La conferencia de prensa se realiz\u00f3 en el Hotel CasaPueblo y cont\u00f3 con la presencia de la actriz espa\u00f1ola Maribel Verd\u00fa y el director de cine y productor madrile\u00f1o Gerardo Herrero. La [&hellip;]<\/p>\n","protected":false},"author":134,"featured_media":58029,"comment_status":"closed","ping_status":"closed","sticky":false,"template":"","format":"video","meta":{"om_disable_all_campaigns":false,"ngg_post_thumbnail":0,"jnews-multi-image_gallery":[],"jnews_single_post":[],"jnews_primary_category":[],"jnews_social_meta":[],"jnews_override_counter":[],"footnotes":""},"categories":[72],"tags":[10852,10854,10851],"class_list":["post-57767","post","type-post","status-publish","format-video","has-post-thumbnail","hentry","category-cine","tag-festival-internacional-de-cine-de-punta-del-este","tag-gerardo-herrero","tag-maribel-verdu","post_format-post-format-video"],"yoast_head":"<!-- This site is optimized with the Yoast SEO plugin v27.5 - https:\/\/yoast.com\/product\/yoast-seo-wordpress\/ -->\n<title>23\u00b0 Festival Internacional de Cine de Punta del Este - Cooltivarte Portal<\/title>\n<meta name=\"description\" content=\"COOLTIVARTE.COM es un portal digital colaborativo de actualizaci\u00f3n permanente dedicado a difundir el acontecer art\u00edstico y cultural, entrevista artistas, gestores y productores de las diferentes disciplinas del arte, y publicando art\u00edculos de reflexi\u00f3n de producci\u00f3n propia sobre los elementos culturales.\" \/>\n<meta name=\"robots\" content=\"index, follow, max-snippet:-1, max-image-preview:large, max-video-preview:-1\" \/>\n<link rel=\"canonical\" href=\"https:\/\/cooltivarte.com\/portal\/23-festival-internacional-de-cine-de-punta-del-este\/\" \/>\n<meta property=\"og:locale\" content=\"es_ES\" \/>\n<meta property=\"og:type\" content=\"article\" \/>\n<meta property=\"og:title\" content=\"23\u00b0 Festival Internacional de Cine de Punta del Este - Cooltivarte Portal\" \/>\n<meta property=\"og:description\" content=\"COOLTIVARTE.COM es un portal digital colaborativo de actualizaci\u00f3n permanente dedicado a difundir el acontecer art\u00edstico y cultural, entrevista artistas, gestores y productores de las diferentes disciplinas del arte, y publicando art\u00edculos de reflexi\u00f3n de producci\u00f3n propia sobre los elementos culturales.\" \/>\n<meta property=\"og:url\" content=\"https:\/\/cooltivarte.com\/portal\/23-festival-internacional-de-cine-de-punta-del-este\/\" \/>\n<meta property=\"og:site_name\" content=\"Cooltivarte Portal\" \/>\n<meta property=\"article:publisher\" content=\"https:\/\/www.facebook.com\/cooltivartecom\/\" \/>\n<meta property=\"article:author\" content=\"https:\/\/www.facebook.com\/pato.bue?ref=br_rs\" \/>\n<meta property=\"article:published_time\" content=\"2020-02-20T16:56:54+00:00\" \/>\n<meta property=\"article:modified_time\" content=\"2020-02-20T17:14:22+00:00\" \/>\n<meta property=\"og:image\" content=\"https:\/\/cooltivarte.com\/portal\/wp-content\/uploads\/2020\/02\/hqdefault-30.jpg\" \/>\n\t<meta property=\"og:image:width\" content=\"480\" \/>\n\t<meta property=\"og:image:height\" content=\"360\" \/>\n\t<meta property=\"og:image:type\" content=\"image\/jpeg\" \/>\n<meta name=\"author\" content=\"Patricia Ianniruberto\" \/>\n<meta name=\"twitter:card\" content=\"summary_large_image\" \/>\n<meta name=\"twitter:creator\" content=\"@https:\/\/x.com\/obolocultural\" \/>\n<meta name=\"twitter:site\" content=\"@obolocultural\" \/>\n<meta name=\"twitter:label1\" content=\"Escrito por\" \/>\n\t<meta name=\"twitter:data1\" content=\"Patricia Ianniruberto\" \/>\n\t<meta name=\"twitter:label2\" content=\"Tiempo de lectura\" \/>\n\t<meta name=\"twitter:data2\" content=\"1 minuto\" \/>\n<!-- \/ Yoast SEO plugin. -->","yoast_head_json":{"title":"23\u00b0 Festival Internacional de Cine de Punta del Este - Cooltivarte Portal","description":"COOLTIVARTE.COM es un portal digital colaborativo de actualizaci\u00f3n permanente dedicado a difundir el acontecer art\u00edstico y cultural, entrevista artistas, gestores y productores de las diferentes disciplinas del arte, y publicando art\u00edculos de reflexi\u00f3n de producci\u00f3n propia sobre los elementos culturales.","robots":{"index":"index","follow":"follow","max-snippet":"max-snippet:-1","max-image-preview":"max-image-preview:large","max-video-preview":"max-video-preview:-1"},"canonical":"https:\/\/cooltivarte.com\/portal\/23-festival-internacional-de-cine-de-punta-del-este\/","og_locale":"es_ES","og_type":"article","og_title":"23\u00b0 Festival Internacional de Cine de Punta del Este - Cooltivarte Portal","og_description":"COOLTIVARTE.COM es un portal digital colaborativo de actualizaci\u00f3n permanente dedicado a difundir el acontecer art\u00edstico y cultural, entrevista artistas, gestores y productores de las diferentes disciplinas del arte, y publicando art\u00edculos de reflexi\u00f3n de producci\u00f3n propia sobre los elementos culturales.","og_url":"https:\/\/cooltivarte.com\/portal\/23-festival-internacional-de-cine-de-punta-del-este\/","og_site_name":"Cooltivarte Portal","article_publisher":"https:\/\/www.facebook.com\/cooltivartecom\/","article_author":"https:\/\/www.facebook.com\/pato.bue?ref=br_rs","article_published_time":"2020-02-20T16:56:54+00:00","article_modified_time":"2020-02-20T17:14:22+00:00","og_image":[{"width":480,"height":360,"url":"https:\/\/cooltivarte.com\/portal\/wp-content\/uploads\/2020\/02\/hqdefault-30.jpg","type":"image\/jpeg"}],"author":"Patricia Ianniruberto","twitter_card":"summary_large_image","twitter_creator":"@https:\/\/x.com\/obolocultural","twitter_site":"@obolocultural","twitter_misc":{"Escrito por":"Patricia Ianniruberto","Tiempo de lectura":"1 minuto"},"schema":{"@context":"https:\/\/schema.org","@graph":[{"@type":"NewsArticle","@id":"https:\/\/cooltivarte.com\/portal\/23-festival-internacional-de-cine-de-punta-del-este\/#article","isPartOf":{"@id":"https:\/\/cooltivarte.com\/portal\/23-festival-internacional-de-cine-de-punta-del-este\/"},"author":{"name":"Patricia Ianniruberto","@id":"https:\/\/cooltivarte.com\/portal\/#\/schema\/person\/efd7b91a624d2d005d1571effe8c04b9"},"headline":"23\u00b0 Festival Internacional de Cine de Punta del Este","datePublished":"2020-02-20T16:56:54+00:00","dateModified":"2020-02-20T17:14:22+00:00","mainEntityOfPage":{"@id":"https:\/\/cooltivarte.com\/portal\/23-festival-internacional-de-cine-de-punta-del-este\/"},"wordCount":208,"publisher":{"@id":"https:\/\/cooltivarte.com\/portal\/#organization"},"image":{"@id":"https:\/\/cooltivarte.com\/portal\/23-festival-internacional-de-cine-de-punta-del-este\/#primaryimage"},"thumbnailUrl":"https:\/\/cooltivarte.com\/portal\/wp-content\/uploads\/2020\/02\/hqdefault-30.jpg","keywords":["Festival Internacional de Cine de Punta del Este","Gerardo Herrero","Maribel Verd\u00fa"],"articleSection":["Cine y TV"],"inLanguage":"es-AR"},{"@type":"WebPage","@id":"https:\/\/cooltivarte.com\/portal\/23-festival-internacional-de-cine-de-punta-del-este\/","url":"https:\/\/cooltivarte.com\/portal\/23-festival-internacional-de-cine-de-punta-del-este\/","name":"23\u00b0 Festival Internacional de Cine de Punta del Este - Cooltivarte Portal","isPartOf":{"@id":"https:\/\/cooltivarte.com\/portal\/#website"},"primaryImageOfPage":{"@id":"https:\/\/cooltivarte.com\/portal\/23-festival-internacional-de-cine-de-punta-del-este\/#primaryimage"},"image":{"@id":"https:\/\/cooltivarte.com\/portal\/23-festival-internacional-de-cine-de-punta-del-este\/#primaryimage"},"thumbnailUrl":"https:\/\/cooltivarte.com\/portal\/wp-content\/uploads\/2020\/02\/hqdefault-30.jpg","datePublished":"2020-02-20T16:56:54+00:00","dateModified":"2020-02-20T17:14:22+00:00","description":"COOLTIVARTE.COM es un portal digital colaborativo de actualizaci\u00f3n permanente dedicado a difundir el acontecer art\u00edstico y cultural, entrevista artistas, gestores y productores de las diferentes disciplinas del arte, y publicando art\u00edculos de reflexi\u00f3n de producci\u00f3n propia sobre los elementos culturales.","breadcrumb":{"@id":"https:\/\/cooltivarte.com\/portal\/23-festival-internacional-de-cine-de-punta-del-este\/#breadcrumb"},"inLanguage":"es-AR","potentialAction":[{"@type":"ReadAction","target":["https:\/\/cooltivarte.com\/portal\/23-festival-internacional-de-cine-de-punta-del-este\/"]}]},{"@type":"ImageObject","inLanguage":"es-AR","@id":"https:\/\/cooltivarte.com\/portal\/23-festival-internacional-de-cine-de-punta-del-este\/#primaryimage","url":"https:\/\/cooltivarte.com\/portal\/wp-content\/uploads\/2020\/02\/hqdefault-30.jpg","contentUrl":"https:\/\/cooltivarte.com\/portal\/wp-content\/uploads\/2020\/02\/hqdefault-30.jpg","width":480,"height":360},{"@type":"BreadcrumbList","@id":"https:\/\/cooltivarte.com\/portal\/23-festival-internacional-de-cine-de-punta-del-este\/#breadcrumb","itemListElement":[{"@type":"ListItem","position":1,"name":"Portada","item":"https:\/\/cooltivarte.com\/portal\/"},{"@type":"ListItem","position":2,"name":"23\u00b0 Festival Internacional de Cine de Punta del Este"}]},{"@type":"WebSite","@id":"https:\/\/cooltivarte.com\/portal\/#website","url":"https:\/\/cooltivarte.com\/portal\/","name":"Cooltivarte Portal","description":"Arte, cultura y turismo para el mundo ...","publisher":{"@id":"https:\/\/cooltivarte.com\/portal\/#organization"},"potentialAction":[{"@type":"SearchAction","target":{"@type":"EntryPoint","urlTemplate":"https:\/\/cooltivarte.com\/portal\/?s={search_term_string}"},"query-input":{"@type":"PropertyValueSpecification","valueRequired":true,"valueName":"search_term_string"}}],"inLanguage":"es-AR"},{"@type":"Organization","@id":"https:\/\/cooltivarte.com\/portal\/#organization","name":"cooltivarte","url":"https:\/\/cooltivarte.com\/portal\/","logo":{"@type":"ImageObject","inLanguage":"es-AR","@id":"https:\/\/cooltivarte.com\/portal\/#\/schema\/logo\/image\/","url":"https:\/\/cooltivarte.com\/portal\/wp-content\/uploads\/2020\/04\/logo-cooltivarte-v2.png","contentUrl":"https:\/\/cooltivarte.com\/portal\/wp-content\/uploads\/2020\/04\/logo-cooltivarte-v2.png","width":851,"height":243,"caption":"cooltivarte"},"image":{"@id":"https:\/\/cooltivarte.com\/portal\/#\/schema\/logo\/image\/"},"sameAs":["https:\/\/www.facebook.com\/cooltivartecom\/","https:\/\/x.com\/obolocultural","https:\/\/www.instagram.com\/_cooltivarte_\/","https:\/\/www.linkedin.com\/company\/-bolocultural?reportsuccess=8zaNG1HwhPbAR9iQhZ5rfGeqz_vQFftHun0ZWU0Wy9vNemRJ8vtcKdJvzQfW8XagyOJSKg0XvfJ1dp","https:\/\/www.pinterest.com\/cooltivarte\/","https:\/\/cooltivarte.tumblr.com\/","https:\/\/www.tiktok.com\/@cooltivarte","https:\/\/www.youtube.com\/@PrensaCooltivarte"]},{"@type":"Person","@id":"https:\/\/cooltivarte.com\/portal\/#\/schema\/person\/efd7b91a624d2d005d1571effe8c04b9","name":"Patricia Ianniruberto","image":{"@type":"ImageObject","inLanguage":"es-AR","@id":"https:\/\/cooltivarte.com\/portal\/wp-content\/uploads\/2018\/04\/patricia-ianniruberto-120x120.jpg","url":"https:\/\/cooltivarte.com\/portal\/wp-content\/uploads\/2018\/04\/patricia-ianniruberto-120x120.jpg","contentUrl":"https:\/\/cooltivarte.com\/portal\/wp-content\/uploads\/2018\/04\/patricia-ianniruberto-120x120.jpg","caption":"Patricia Ianniruberto"},"description":"Patricia Ianniruberto. Egresada de Bellas Artes (Inst. Beato Ang\u00e9lico). Curs\u00f3 Dise\u00f1o Gr\u00e1fico y Comunicaci\u00f3n Visual (UBA) y producci\u00f3n de cine (SICA). Ejerci\u00f3 como docente de Bellas Artes y de Dise\u00f1o I y II (UBA). Freelance de agencias de publicidad y cineanimaci\u00f3n. Como dise\u00f1adora independiente se especializ\u00f3 en comunicaci\u00f3n visual, prensa y producci\u00f3n, asesorando a empresas en imagen corporativa, producci\u00f3n integral de contenidos y piezas de comunicaci\u00f3n: folletos, cat\u00e1logos, revistas, stands, web, tv, v\u00eda p\u00fablica, asesoramiento en derechos de autor, marcas y dominios junto al Estudio Lauritsen. Desarroll\u00f3 proyectos pioneros de tecnolog\u00eda en Internet y aplicaciones interactivas (netmedia). Locaciones: cine y medios. En Uruguay: seleccionada: Taller de promoci\u00f3n y distribuci\u00f3n Mercosur: nuevas herramientas multiplataforma\/Mercosur Audiovisual (Programa de Cooperaci\u00f3n con la Comunidad Europea). Representaci\u00f3n y gesti\u00f3n de notas en instituciones p\u00fablicas y privadas vinculadas al arte y la cultura. Corresponsal de revistas de cultura y colaboradora de medios gr\u00e1ficos y digitales. Edici\u00f3n y producci\u00f3n de contenidos multiplataforma. Gesti\u00f3n cultural y de prensa-Corresponsal en Buenos Aires: Argentina\/Uruguay.","sameAs":["https:\/\/www.facebook.com\/pato.bue?ref=br_rs","https:\/\/www.instagram.com\/_cooltivarte_\/","https:\/\/www.linkedin.com\/company\/-bolocultural\/","https:\/\/www.pinterest.com\/cooltivarte\/","https:\/\/x.com\/https:\/\/x.com\/obolocultural","https:\/\/www.youtube.com\/@PrensaCooltivarte","https:\/\/cooltivarte.tumblr.com\/"],"url":"https:\/\/cooltivarte.com\/portal\/author\/patricia-ianniruberto\/"}]}},"_links":{"self":[{"href":"https:\/\/cooltivarte.com\/portal\/wp-json\/wp\/v2\/posts\/57767","targetHints":{"allow":["GET"]}}],"collection":[{"href":"https:\/\/cooltivarte.com\/portal\/wp-json\/wp\/v2\/posts"}],"about":[{"href":"https:\/\/cooltivarte.com\/portal\/wp-json\/wp\/v2\/types\/post"}],"author":[{"embeddable":true,"href":"https:\/\/cooltivarte.com\/portal\/wp-json\/wp\/v2\/users\/134"}],"replies":[{"embeddable":true,"href":"https:\/\/cooltivarte.com\/portal\/wp-json\/wp\/v2\/comments?post=57767"}],"version-history":[{"count":19,"href":"https:\/\/cooltivarte.com\/portal\/wp-json\/wp\/v2\/posts\/57767\/revisions"}],"predecessor-version":[{"id":58063,"href":"https:\/\/cooltivarte.com\/portal\/wp-json\/wp\/v2\/posts\/57767\/revisions\/58063"}],"wp:featuredmedia":[{"embeddable":true,"href":"https:\/\/cooltivarte.com\/portal\/wp-json\/wp\/v2\/media\/58029"}],"wp:attachment":[{"href":"https:\/\/cooltivarte.com\/portal\/wp-json\/wp\/v2\/media?parent=57767"}],"wp:term":[{"taxonomy":"category","embeddable":true,"href":"https:\/\/cooltivarte.com\/portal\/wp-json\/wp\/v2\/categories?post=57767"},{"taxonomy":"post_tag","embeddable":true,"href":"https:\/\/cooltivarte.com\/portal\/wp-json\/wp\/v2\/tags?post=57767"}],"curies":[{"name":"wp","href":"https:\/\/api.w.org\/{rel}","templated":true}]}}