{"id":57258,"date":"2020-01-14T21:02:18","date_gmt":"2020-01-15T00:02:18","guid":{"rendered":"http:\/\/cooltivarte.com\/portal\/?p=57258"},"modified":"2020-01-15T10:20:09","modified_gmt":"2020-01-15T13:20:09","slug":"24-festival-internacional-de-punta-del-este","status":"publish","type":"post","link":"https:\/\/cooltivarte.com\/portal\/24-festival-internacional-de-punta-del-este\/","title":{"rendered":"24\u00b0 Festival Internacional de Punta del Este"},"content":{"rendered":"<p><strong><a href=\"https:\/\/cooltivarte.com\/portal\/?s=Festival+Internacional+de+Jazz+de+Punta+del+Este\">24\u00b0 Festival Internacional de Jazz de Punta del Este<\/a> &#8220;Jazz bajo las estrellas&#8221; Finca El Sosiego<\/strong><br \/>\nDel 3 al 6 de Enero de 2020<\/p>\n<p>&nbsp;<\/p>\n<p>Se trata de un evento tradicional en la temporada estival este\u00f1a la cual fomenta el turismo cultural y rural.<\/p>\n<p>Anualmente cuenta con la presencia de importantes artistas nacionales e internacionales.<\/p>\n<p>&nbsp;<\/p>\n<h3><a href=\"https:\/\/www.facebook.com\/pg\/cooltivartecom\/photos\/?tab=album&amp;album_id=2705952542784975\" target=\"_blank\" rel=\"noopener\">Ver fotogaler\u00eda<\/a><\/h3>\n<p>&nbsp;<\/p>\n<p><iframe style=\"border: none; overflow: hidden;\" src=\"https:\/\/www.facebook.com\/plugins\/post.php?href=https%3A%2F%2Fwww.facebook.com%2Fmedia%2Fset%2F%3Fset%3Da.2705952542784975%26type%3D3&amp;width=100%\" scrolling=\"no\" width=\"100%\" height=\"669\" frameborder=\"0\"><\/iframe><\/p>\n<p>Playlist videos<\/p>\n<p>[justified_image_grid mouse_disable=yes link_target=video rss_url=https:\/\/www.youtube.com\/playlist?list=PL_h0ESXVFwPIJpnV7Vl8WlUirhVNBLzaG]<\/p>\n<p>&nbsp;<\/p>\n<p>&nbsp;<\/p>\n<p><strong>Una calle de un solo sentido<\/strong><br \/>\nMientras caminaba por el campo de El Sosiego y pensaba en el pr\u00f3ximo Festival -a realizarse la primera semana de 2020- sent\u00eda una gran emoci\u00f3n de saber que, una vez m\u00e1s, llegar\u00eda a Punta Ballena un contingente de grandes talentos del jazz casi imposible de ver en vivo por estas latitudes. Y en un momento, me asalt\u00f3 el asombro del paso del tiempo: nuestro Festival n\u00famero 20 (una cifra redonda a la que nunca pensamos llegar\u00edamos cuando arrancamos en 1996) iba quedando lejano, a la vez que el n\u00famero 25, \u00a1un cuarto de siglo!, se acerca \u201csin prisa pero sin pausa\u201d.<\/p>\n<p>Como ya lo he dicho en otras oportunidades desde esta carta dirigida a los habituales seguidores y a los nuevos visitantes del Festival Internacional de Jazz de Punta del Este, esta propuesta cultural -que rinde homenaje a ese arte invisible que es la m\u00fasica- constituye una parte esencial de mi propia existencia. Y tambi\u00e9n una de mis mayores satisfacciones: sobre todo en el sentido de tener el privilegio de poder hacerlo.<\/p>\n<p>Por supuesto que habr\u00eda muchos argumentos racionales (b\u00e1sicamente de car\u00e1cter material) como para poner en duda la pertinencia de continuar haci\u00e9ndolo, o de hacerlo incluyendo propuestas m\u00e1s taquilleras, como ha sucedido con la mayor\u00eda de los m\u00e1s renombrados festivales de jazz del mundo. Pero no. Resulta que hace mucho tiempo hemos tomado la determinaci\u00f3n de seguir navegando por un rumbo que nos deja conformes con nosotros mismos.<br \/>\nNo en vano este Festival se ha ganado la reputaci\u00f3n que tiene entre los jazzistas de elite y la prensa especializada. De ah\u00ed que nos sintamos transitando por una calle de un solo sentido, es decir que no tiene marcha atr\u00e1s. Entre otras cosas porque les queremos brindar a ustedes lo mejor de esta m\u00fasica nacida hace m\u00e1s de un siglo, un lenguaje universal que seguramente sobrevivir\u00e1 y ser\u00e1 honrado por las futuras generaciones. No solo por su calidad intr\u00ednseca sino tambi\u00e9n como un s\u00edmbolo de paz y unidad entre los hombres.<\/p>\n<p><strong>Francisco Yobino<\/strong><br \/>\nCreador, Productor y Director General del Festival Internacional de Jazz de Punta del Este<\/p>\n<p>&nbsp;<\/p>\n<p>Fuente texto:&nbsp;<a href=\"http:\/\/festival.com.uy\/\" target=\"_blank\" rel=\"noopener\">festival.com.uy<\/a><\/p>\n<p>&nbsp;<\/p>\n","protected":false},"excerpt":{"rendered":"<p>24\u00b0 Festival Internacional de Jazz de Punta del Este &#8220;Jazz bajo las estrellas&#8221; Finca El Sosiego Del 3 al 6 de Enero de 2020 &nbsp; Se trata de un evento tradicional en la temporada estival este\u00f1a la cual fomenta el turismo cultural y rural. Anualmente cuenta con la presencia de importantes artistas nacionales e internacionales. [&hellip;]<\/p>\n","protected":false},"author":41,"featured_media":57259,"comment_status":"closed","ping_status":"closed","sticky":false,"template":"","format":"standard","meta":{"om_disable_all_campaigns":false,"ngg_post_thumbnail":0,"jnews-multi-image_gallery":[],"jnews_single_post":[],"jnews_primary_category":[],"jnews_social_meta":[],"jnews_override_counter":[],"footnotes":""},"categories":[50],"tags":[10627,8419,1752,195,1717,1194],"class_list":["post-57258","post","type-post","status-publish","format-standard","has-post-thumbnail","hentry","category-coberturas","tag-festival-internacional","tag-finca-el-sosiego","tag-francisco-yobino","tag-jazz","tag-paquito-drivera","tag-punta-del-este"],"yoast_head":"<!-- This site is optimized with the Yoast SEO plugin v27.4 - https:\/\/yoast.com\/product\/yoast-seo-wordpress\/ -->\n<title>24\u00b0 Festival Internacional de Punta del Este - Cooltivarte Portal<\/title>\n<meta name=\"description\" content=\"COOLTIVARTE.COM es un portal digital colaborativo de actualizaci\u00f3n permanente dedicado a difundir el acontecer art\u00edstico y cultural, entrevista artistas, gestores y productores de las diferentes disciplinas del arte, y publicando art\u00edculos de reflexi\u00f3n de producci\u00f3n propia sobre los elementos culturales.\" \/>\n<meta name=\"robots\" content=\"index, follow, max-snippet:-1, max-image-preview:large, max-video-preview:-1\" \/>\n<link rel=\"canonical\" href=\"https:\/\/cooltivarte.com\/portal\/24-festival-internacional-de-punta-del-este\/\" \/>\n<meta property=\"og:locale\" content=\"es_ES\" \/>\n<meta property=\"og:type\" content=\"article\" \/>\n<meta property=\"og:title\" content=\"24\u00b0 Festival Internacional de Punta del Este - Cooltivarte Portal\" \/>\n<meta property=\"og:description\" content=\"COOLTIVARTE.COM es un portal digital colaborativo de actualizaci\u00f3n permanente dedicado a difundir el acontecer art\u00edstico y cultural, entrevista artistas, gestores y productores de las diferentes disciplinas del arte, y publicando art\u00edculos de reflexi\u00f3n de producci\u00f3n propia sobre los elementos culturales.\" \/>\n<meta property=\"og:url\" content=\"https:\/\/cooltivarte.com\/portal\/24-festival-internacional-de-punta-del-este\/\" \/>\n<meta property=\"og:site_name\" content=\"Cooltivarte Portal\" \/>\n<meta property=\"article:publisher\" content=\"https:\/\/www.facebook.com\/cooltivartecom\/\" \/>\n<meta property=\"article:author\" content=\"https:\/\/www.facebook.com\/servando.valero?fref=ts\" \/>\n<meta property=\"article:published_time\" content=\"2020-01-15T00:02:18+00:00\" \/>\n<meta property=\"article:modified_time\" content=\"2020-01-15T13:20:09+00:00\" \/>\n<meta property=\"og:image\" content=\"https:\/\/cooltivarte.com\/portal\/wp-content\/uploads\/2020\/01\/24-Festival-Internacional-de-Jazz-de-Punta-del-Este-Finca-El-Sosiego-Enero-2020-Foto-Servando-Valero-www-cooltivarte-com.jpg\" \/>\n\t<meta property=\"og:image:width\" content=\"900\" \/>\n\t<meta property=\"og:image:height\" content=\"606\" \/>\n\t<meta property=\"og:image:type\" content=\"image\/jpeg\" \/>\n<meta name=\"author\" content=\"Servando Valero\" \/>\n<meta name=\"twitter:card\" content=\"summary_large_image\" \/>\n<meta name=\"twitter:creator\" content=\"@https:\/\/x.com\/obolocultural\" \/>\n<meta name=\"twitter:site\" content=\"@obolocultural\" \/>\n<meta name=\"twitter:label1\" content=\"Escrito por\" \/>\n\t<meta name=\"twitter:data1\" content=\"Servando Valero\" \/>\n\t<meta name=\"twitter:label2\" content=\"Tiempo de lectura\" \/>\n\t<meta name=\"twitter:data2\" content=\"2 minutos\" \/>\n<!-- \/ Yoast SEO plugin. -->","yoast_head_json":{"title":"24\u00b0 Festival Internacional de Punta del Este - Cooltivarte Portal","description":"COOLTIVARTE.COM es un portal digital colaborativo de actualizaci\u00f3n permanente dedicado a difundir el acontecer art\u00edstico y cultural, entrevista artistas, gestores y productores de las diferentes disciplinas del arte, y publicando art\u00edculos de reflexi\u00f3n de producci\u00f3n propia sobre los elementos culturales.","robots":{"index":"index","follow":"follow","max-snippet":"max-snippet:-1","max-image-preview":"max-image-preview:large","max-video-preview":"max-video-preview:-1"},"canonical":"https:\/\/cooltivarte.com\/portal\/24-festival-internacional-de-punta-del-este\/","og_locale":"es_ES","og_type":"article","og_title":"24\u00b0 Festival Internacional de Punta del Este - Cooltivarte Portal","og_description":"COOLTIVARTE.COM es un portal digital colaborativo de actualizaci\u00f3n permanente dedicado a difundir el acontecer art\u00edstico y cultural, entrevista artistas, gestores y productores de las diferentes disciplinas del arte, y publicando art\u00edculos de reflexi\u00f3n de producci\u00f3n propia sobre los elementos culturales.","og_url":"https:\/\/cooltivarte.com\/portal\/24-festival-internacional-de-punta-del-este\/","og_site_name":"Cooltivarte Portal","article_publisher":"https:\/\/www.facebook.com\/cooltivartecom\/","article_author":"https:\/\/www.facebook.com\/servando.valero?fref=ts","article_published_time":"2020-01-15T00:02:18+00:00","article_modified_time":"2020-01-15T13:20:09+00:00","og_image":[{"width":900,"height":606,"url":"https:\/\/cooltivarte.com\/portal\/wp-content\/uploads\/2020\/01\/24-Festival-Internacional-de-Jazz-de-Punta-del-Este-Finca-El-Sosiego-Enero-2020-Foto-Servando-Valero-www-cooltivarte-com.jpg","type":"image\/jpeg"}],"author":"Servando Valero","twitter_card":"summary_large_image","twitter_creator":"@https:\/\/x.com\/obolocultural","twitter_site":"@obolocultural","twitter_misc":{"Escrito por":"Servando Valero","Tiempo de lectura":"2 minutos"},"schema":{"@context":"https:\/\/schema.org","@graph":[{"@type":"NewsArticle","@id":"https:\/\/cooltivarte.com\/portal\/24-festival-internacional-de-punta-del-este\/#article","isPartOf":{"@id":"https:\/\/cooltivarte.com\/portal\/24-festival-internacional-de-punta-del-este\/"},"author":{"name":"Servando Valero","@id":"https:\/\/cooltivarte.com\/portal\/#\/schema\/person\/a9c901ded8b890fe72d6c94e6e144121"},"headline":"24\u00b0 Festival Internacional de Punta del Este","datePublished":"2020-01-15T00:02:18+00:00","dateModified":"2020-01-15T13:20:09+00:00","mainEntityOfPage":{"@id":"https:\/\/cooltivarte.com\/portal\/24-festival-internacional-de-punta-del-este\/"},"wordCount":472,"publisher":{"@id":"https:\/\/cooltivarte.com\/portal\/#organization"},"image":{"@id":"https:\/\/cooltivarte.com\/portal\/24-festival-internacional-de-punta-del-este\/#primaryimage"},"thumbnailUrl":"https:\/\/cooltivarte.com\/portal\/wp-content\/uploads\/2020\/01\/24-Festival-Internacional-de-Jazz-de-Punta-del-Este-Finca-El-Sosiego-Enero-2020-Foto-Servando-Valero-www-cooltivarte-com.jpg","keywords":["Festival Internacional","Finca El Sosiego","Francisco Yobino","Jazz","Paquito D\u00b4Rivera","Punta del Este"],"articleSection":["Coberturas"],"inLanguage":"es-AR"},{"@type":"WebPage","@id":"https:\/\/cooltivarte.com\/portal\/24-festival-internacional-de-punta-del-este\/","url":"https:\/\/cooltivarte.com\/portal\/24-festival-internacional-de-punta-del-este\/","name":"24\u00b0 Festival Internacional de Punta del Este - Cooltivarte Portal","isPartOf":{"@id":"https:\/\/cooltivarte.com\/portal\/#website"},"primaryImageOfPage":{"@id":"https:\/\/cooltivarte.com\/portal\/24-festival-internacional-de-punta-del-este\/#primaryimage"},"image":{"@id":"https:\/\/cooltivarte.com\/portal\/24-festival-internacional-de-punta-del-este\/#primaryimage"},"thumbnailUrl":"https:\/\/cooltivarte.com\/portal\/wp-content\/uploads\/2020\/01\/24-Festival-Internacional-de-Jazz-de-Punta-del-Este-Finca-El-Sosiego-Enero-2020-Foto-Servando-Valero-www-cooltivarte-com.jpg","datePublished":"2020-01-15T00:02:18+00:00","dateModified":"2020-01-15T13:20:09+00:00","description":"COOLTIVARTE.COM es un portal digital colaborativo de actualizaci\u00f3n permanente dedicado a difundir el acontecer art\u00edstico y cultural, entrevista artistas, gestores y productores de las diferentes disciplinas del arte, y publicando art\u00edculos de reflexi\u00f3n de producci\u00f3n propia sobre los elementos culturales.","breadcrumb":{"@id":"https:\/\/cooltivarte.com\/portal\/24-festival-internacional-de-punta-del-este\/#breadcrumb"},"inLanguage":"es-AR","potentialAction":[{"@type":"ReadAction","target":["https:\/\/cooltivarte.com\/portal\/24-festival-internacional-de-punta-del-este\/"]}]},{"@type":"ImageObject","inLanguage":"es-AR","@id":"https:\/\/cooltivarte.com\/portal\/24-festival-internacional-de-punta-del-este\/#primaryimage","url":"https:\/\/cooltivarte.com\/portal\/wp-content\/uploads\/2020\/01\/24-Festival-Internacional-de-Jazz-de-Punta-del-Este-Finca-El-Sosiego-Enero-2020-Foto-Servando-Valero-www-cooltivarte-com.jpg","contentUrl":"https:\/\/cooltivarte.com\/portal\/wp-content\/uploads\/2020\/01\/24-Festival-Internacional-de-Jazz-de-Punta-del-Este-Finca-El-Sosiego-Enero-2020-Foto-Servando-Valero-www-cooltivarte-com.jpg","width":900,"height":606,"caption":"24\u00b0 Festival Internacional de Jazz de Punta del Este \"Jazz bajo las estrellas\" Finca El Sosiego -Del 3 al 6 de Enero de 2020 - Foto \u00a9 Servando Valero - www.cooltivarte.com"},{"@type":"BreadcrumbList","@id":"https:\/\/cooltivarte.com\/portal\/24-festival-internacional-de-punta-del-este\/#breadcrumb","itemListElement":[{"@type":"ListItem","position":1,"name":"Portada","item":"https:\/\/cooltivarte.com\/portal\/"},{"@type":"ListItem","position":2,"name":"24\u00b0 Festival Internacional de Punta del Este"}]},{"@type":"WebSite","@id":"https:\/\/cooltivarte.com\/portal\/#website","url":"https:\/\/cooltivarte.com\/portal\/","name":"Cooltivarte Portal","description":"Arte, cultura y turismo para el mundo ...","publisher":{"@id":"https:\/\/cooltivarte.com\/portal\/#organization"},"potentialAction":[{"@type":"SearchAction","target":{"@type":"EntryPoint","urlTemplate":"https:\/\/cooltivarte.com\/portal\/?s={search_term_string}"},"query-input":{"@type":"PropertyValueSpecification","valueRequired":true,"valueName":"search_term_string"}}],"inLanguage":"es-AR"},{"@type":"Organization","@id":"https:\/\/cooltivarte.com\/portal\/#organization","name":"cooltivarte","url":"https:\/\/cooltivarte.com\/portal\/","logo":{"@type":"ImageObject","inLanguage":"es-AR","@id":"https:\/\/cooltivarte.com\/portal\/#\/schema\/logo\/image\/","url":"https:\/\/cooltivarte.com\/portal\/wp-content\/uploads\/2020\/04\/logo-cooltivarte-v2.png","contentUrl":"https:\/\/cooltivarte.com\/portal\/wp-content\/uploads\/2020\/04\/logo-cooltivarte-v2.png","width":851,"height":243,"caption":"cooltivarte"},"image":{"@id":"https:\/\/cooltivarte.com\/portal\/#\/schema\/logo\/image\/"},"sameAs":["https:\/\/www.facebook.com\/cooltivartecom\/","https:\/\/x.com\/obolocultural","https:\/\/www.instagram.com\/_cooltivarte_\/","https:\/\/www.linkedin.com\/company\/-bolocultural?reportsuccess=8zaNG1HwhPbAR9iQhZ5rfGeqz_vQFftHun0ZWU0Wy9vNemRJ8vtcKdJvzQfW8XagyOJSKg0XvfJ1dp","https:\/\/www.pinterest.com\/cooltivarte\/","https:\/\/cooltivarte.tumblr.com\/","https:\/\/www.tiktok.com\/@cooltivarte","https:\/\/www.youtube.com\/@PrensaCooltivarte"]},{"@type":"Person","@id":"https:\/\/cooltivarte.com\/portal\/#\/schema\/person\/a9c901ded8b890fe72d6c94e6e144121","name":"Servando Valero","image":{"@type":"ImageObject","inLanguage":"es-AR","@id":"https:\/\/cooltivarte.com\/portal\/wp-content\/uploads\/2015\/01\/servando-valero-120x120.jpg","url":"https:\/\/cooltivarte.com\/portal\/wp-content\/uploads\/2015\/01\/servando-valero-120x120.jpg","contentUrl":"https:\/\/cooltivarte.com\/portal\/wp-content\/uploads\/2015\/01\/servando-valero-120x120.jpg","caption":"Servando Valero"},"description":"Nacido en 1979 Servando Valero ha trabajado en Maldonado en el diario Estediario y en la revista cultural Iscariote. Tambi\u00e9n colabor\u00f3 en el semanario Brecha de Montevideo. En el a\u00f1o 2000 realiz\u00f3 el curso b\u00e1sico de Fotograf\u00eda en el Foto Club Uruguayo (FCU) y en 2004 concurri\u00f3 al Taller de Fotorreportaje con el Prof. Daniel Caselli. En 2005 realiza una exposici\u00f3n individual en Casa de la Cultura de Maldonado. En 2007 participa de la exposici\u00f3n colectiva en el Museo Mazzoni (Maldonado). En 2008 tambi\u00e9n es part\u00edcipe de una exposici\u00f3n mixta junto al artista pl\u00e1stico Dar\u00edo Parissi en el XIII\u00ba Festival Internacional de Jazz de Punta del Este. En 2009 y 2010 expuso individualmente en el Museo Mazzoni de Maldonado.","sameAs":["http:\/\/uy.linkedin.com\/pub\/servando-valero\/50\/b19\/74","https:\/\/www.facebook.com\/servando.valero?fref=ts","https:\/\/www.instagram.com\/_cooltivarte_\/","https:\/\/www.linkedin.com\/company\/-bolocultural","https:\/\/www.pinterest.com\/cooltivarte","https:\/\/x.com\/https:\/\/x.com\/obolocultural","https:\/\/www.youtube.com\/channel\/UCnWqVnH5F8gszscFI0Fy1RA","https:\/\/www.tumblr.com\/blog\/cooltivarte"],"url":"https:\/\/cooltivarte.com\/portal\/author\/servando\/"}]}},"_links":{"self":[{"href":"https:\/\/cooltivarte.com\/portal\/wp-json\/wp\/v2\/posts\/57258","targetHints":{"allow":["GET"]}}],"collection":[{"href":"https:\/\/cooltivarte.com\/portal\/wp-json\/wp\/v2\/posts"}],"about":[{"href":"https:\/\/cooltivarte.com\/portal\/wp-json\/wp\/v2\/types\/post"}],"author":[{"embeddable":true,"href":"https:\/\/cooltivarte.com\/portal\/wp-json\/wp\/v2\/users\/41"}],"replies":[{"embeddable":true,"href":"https:\/\/cooltivarte.com\/portal\/wp-json\/wp\/v2\/comments?post=57258"}],"version-history":[{"count":5,"href":"https:\/\/cooltivarte.com\/portal\/wp-json\/wp\/v2\/posts\/57258\/revisions"}],"predecessor-version":[{"id":57272,"href":"https:\/\/cooltivarte.com\/portal\/wp-json\/wp\/v2\/posts\/57258\/revisions\/57272"}],"wp:featuredmedia":[{"embeddable":true,"href":"https:\/\/cooltivarte.com\/portal\/wp-json\/wp\/v2\/media\/57259"}],"wp:attachment":[{"href":"https:\/\/cooltivarte.com\/portal\/wp-json\/wp\/v2\/media?parent=57258"}],"wp:term":[{"taxonomy":"category","embeddable":true,"href":"https:\/\/cooltivarte.com\/portal\/wp-json\/wp\/v2\/categories?post=57258"},{"taxonomy":"post_tag","embeddable":true,"href":"https:\/\/cooltivarte.com\/portal\/wp-json\/wp\/v2\/tags?post=57258"}],"curies":[{"name":"wp","href":"https:\/\/api.w.org\/{rel}","templated":true}]}}