{"id":56744,"date":"2019-12-23T13:40:13","date_gmt":"2019-12-23T16:40:13","guid":{"rendered":"http:\/\/cooltivarte.com\/portal\/?p=56744"},"modified":"2021-04-29T17:41:33","modified_gmt":"2021-04-29T20:41:33","slug":"charlamos-con-fabricio-guaragna","status":"publish","type":"post","link":"https:\/\/cooltivarte.com\/portal\/charlamos-con-fabricio-guaragna\/","title":{"rendered":"Charlamos con Fabricio Guaragna"},"content":{"rendered":"<p>Charlamos con <a href=\"https:\/\/cooltivarte.com\/portal\/?s=Fabricio+Guaragna\"><strong>Fabricio Guaragna<\/strong><\/a> sobre su obra m\u00e1s reciente, sus procesos y proyectos.<\/p>\n<p><strong>Fabricio Guaragna Silva<\/strong><br \/>\nEstudia pintura desde los 17 a\u00f1os. Conoce a la artista <strong>Alicia Asconeguy<\/strong> en el 2005 y comienza a trabajar en diversas tem\u00e1ticas y t\u00e9cnicas relacionadas al plano en su taller.<\/p>\n<p>En 2007 ingresa al <strong>Museo Nacional de Artes Visuales<\/strong> como educador.<\/p>\n<p>En el 2008 desarrolla el proyecto Curatorial \u201cEspacio Cultural Chueca\u201d con una mirada friendly, poco convencional del arte Uruguayo, acompa\u00f1ado por los artistas <strong>Mauricio Pizard<\/strong>, <strong>Claudia Mera<\/strong>, <strong>Viviana Guridi<\/strong>.<\/p>\n<p>En el 2009 ingresa como alumno a la <strong>Fundaci\u00f3n de Arte Contempor\u00e1neo del Uruguay<\/strong> con la direcci\u00f3n de <strong>Fernando L\u00f3pez Lage<\/strong>, donde incursiona por diversos caminos art\u00edsticos, generando proyectos curatoriales y escribiendo sobre arte.<\/p>\n<p>Fue seleccionado con el texto \u201cEl Hombre cebra\u201d en el concurso de la <strong>Revista Dossier<\/strong> en su quinto aniversario. Seleccionado para formar parte de la muestra \u201cuna muestra sobre nada\u201d, 35 artistas j\u00f3venes contempor\u00e1neos, <strong>Fundaci\u00f3n Atchugarry<\/strong>.<\/p>\n<p><a href=\"http:\/\/fabricioguaragnasilva.blogspot.com\/\" target=\"_blank\" rel=\"noopener\">http:\/\/fabricioguaragnasilva.blogspot.com\/<\/a><\/p>\n<p>&nbsp;<\/p>\n<p>&nbsp;<\/p>\n","protected":false},"excerpt":{"rendered":"<p>Charlamos con Fabricio Guaragna sobre su obra m\u00e1s reciente, sus procesos y proyectos. Fabricio Guaragna Silva Estudia pintura desde los 17 a\u00f1os. Conoce a la artista Alicia Asconeguy en el 2005 y comienza a trabajar en diversas tem\u00e1ticas y t\u00e9cnicas relacionadas al plano en su taller. En 2007 ingresa al Museo Nacional de Artes Visuales [&hellip;]<\/p>\n","protected":false},"author":151,"featured_media":56747,"comment_status":"closed","ping_status":"closed","sticky":false,"template":"","format":"video","meta":{"om_disable_all_campaigns":false,"ngg_post_thumbnail":0,"jnews-multi-image_gallery":[],"jnews_single_post":[],"jnews_primary_category":[],"jnews_social_meta":[],"jnews_override_counter":[],"footnotes":""},"categories":[13335],"tags":[84,260,1466],"class_list":["post-56744","post","type-post","status-publish","format-video","has-post-thumbnail","hentry","category-tienen-la-palabra","tag-arte","tag-artista","tag-fabricio-guaragna","post_format-post-format-video"],"yoast_head":"<!-- This site is optimized with the Yoast SEO plugin v27.5 - https:\/\/yoast.com\/product\/yoast-seo-wordpress\/ -->\n<title>Charlamos con Fabricio Guaragna - Cooltivarte Portal<\/title>\n<meta name=\"description\" content=\"Charlamos con Fabricio Guaragna sobre su obra m\u00e1s reciente, sus procesos y proyectos.Fabricio Guaragna Silva Estudia pintura desde los 17 a\u00f1os. Conoce a la artista Alicia Asconeguy en el 2005 y comienza a trabajar en diversas tem\u00e1ticas y t\u00e9cnicas relacionadas al plano en su taller.\" \/>\n<meta name=\"robots\" content=\"index, follow, max-snippet:-1, max-image-preview:large, max-video-preview:-1\" \/>\n<link rel=\"canonical\" href=\"https:\/\/cooltivarte.com\/portal\/charlamos-con-fabricio-guaragna\/\" \/>\n<meta property=\"og:locale\" content=\"es_ES\" \/>\n<meta property=\"og:type\" content=\"article\" \/>\n<meta property=\"og:title\" content=\"Charlamos con Fabricio Guaragna - Cooltivarte Portal\" \/>\n<meta property=\"og:description\" content=\"Charlamos con Fabricio Guaragna sobre su obra m\u00e1s reciente, sus procesos y proyectos.Fabricio Guaragna Silva Estudia pintura desde los 17 a\u00f1os. Conoce a la artista Alicia Asconeguy en el 2005 y comienza a trabajar en diversas tem\u00e1ticas y t\u00e9cnicas relacionadas al plano en su taller.\" \/>\n<meta property=\"og:url\" content=\"https:\/\/cooltivarte.com\/portal\/charlamos-con-fabricio-guaragna\/\" \/>\n<meta property=\"og:site_name\" content=\"Cooltivarte Portal\" \/>\n<meta property=\"article:publisher\" content=\"https:\/\/www.facebook.com\/cooltivartecom\/\" \/>\n<meta property=\"article:author\" content=\"https:\/\/www.facebook.com\/anastraussfrias\" \/>\n<meta property=\"article:published_time\" content=\"2019-12-23T16:40:13+00:00\" \/>\n<meta property=\"article:modified_time\" content=\"2021-04-29T20:41:33+00:00\" \/>\n<meta property=\"og:image\" content=\"https:\/\/cooltivarte.com\/portal\/wp-content\/uploads\/2019\/12\/hqdefault-36.jpg\" \/>\n\t<meta property=\"og:image:width\" content=\"480\" \/>\n\t<meta property=\"og:image:height\" content=\"360\" \/>\n\t<meta property=\"og:image:type\" content=\"image\/jpeg\" \/>\n<meta name=\"author\" content=\"Ana Strauss\" \/>\n<meta name=\"twitter:card\" content=\"summary_large_image\" \/>\n<meta name=\"twitter:title\" content=\"Charlamos con Fabricio Guaragna\" \/>\n<meta name=\"twitter:description\" content=\"Charlamos con Fabricio Guaragna sobre su obra m\u00e1s reciente, sus procesos y proyectos.Fabricio Guaragna SilvaEstudia pintura desde los 17 a\u00f1os. Conoce a la artista Alicia Asconeguy en el 2005 y comienza a trabajar en diversas tem\u00e1ticas y t\u00e9cnicas relacionadas al plano en su taller.\" \/>\n<meta name=\"twitter:image\" content=\"https:\/\/cooltivarte.com\/portal\/wp-content\/uploads\/2019\/03\/drag-foto3.jpg\" \/>\n<meta name=\"twitter:creator\" content=\"@https:\/\/x.com\/obolocultural\" \/>\n<meta name=\"twitter:site\" content=\"@obolocultural\" \/>\n<meta name=\"twitter:label1\" content=\"Escrito por\" \/>\n\t<meta name=\"twitter:data1\" content=\"Ana Strauss\" \/>\n\t<meta name=\"twitter:label2\" content=\"Tiempo de lectura\" \/>\n\t<meta name=\"twitter:data2\" content=\"1 minuto\" \/>\n<!-- \/ Yoast SEO plugin. -->","yoast_head_json":{"title":"Charlamos con Fabricio Guaragna - Cooltivarte Portal","description":"Charlamos con Fabricio Guaragna sobre su obra m\u00e1s reciente, sus procesos y proyectos.Fabricio Guaragna Silva Estudia pintura desde los 17 a\u00f1os. Conoce a la artista Alicia Asconeguy en el 2005 y comienza a trabajar en diversas tem\u00e1ticas y t\u00e9cnicas relacionadas al plano en su taller.","robots":{"index":"index","follow":"follow","max-snippet":"max-snippet:-1","max-image-preview":"max-image-preview:large","max-video-preview":"max-video-preview:-1"},"canonical":"https:\/\/cooltivarte.com\/portal\/charlamos-con-fabricio-guaragna\/","og_locale":"es_ES","og_type":"article","og_title":"Charlamos con Fabricio Guaragna - Cooltivarte Portal","og_description":"Charlamos con Fabricio Guaragna sobre su obra m\u00e1s reciente, sus procesos y proyectos.Fabricio Guaragna Silva Estudia pintura desde los 17 a\u00f1os. Conoce a la artista Alicia Asconeguy en el 2005 y comienza a trabajar en diversas tem\u00e1ticas y t\u00e9cnicas relacionadas al plano en su taller.","og_url":"https:\/\/cooltivarte.com\/portal\/charlamos-con-fabricio-guaragna\/","og_site_name":"Cooltivarte Portal","article_publisher":"https:\/\/www.facebook.com\/cooltivartecom\/","article_author":"https:\/\/www.facebook.com\/anastraussfrias","article_published_time":"2019-12-23T16:40:13+00:00","article_modified_time":"2021-04-29T20:41:33+00:00","og_image":[{"width":480,"height":360,"url":"https:\/\/cooltivarte.com\/portal\/wp-content\/uploads\/2019\/12\/hqdefault-36.jpg","type":"image\/jpeg"}],"author":"Ana Strauss","twitter_card":"summary_large_image","twitter_title":"Charlamos con Fabricio Guaragna","twitter_description":"Charlamos con Fabricio Guaragna sobre su obra m\u00e1s reciente, sus procesos y proyectos.Fabricio Guaragna SilvaEstudia pintura desde los 17 a\u00f1os. Conoce a la artista Alicia Asconeguy en el 2005 y comienza a trabajar en diversas tem\u00e1ticas y t\u00e9cnicas relacionadas al plano en su taller.","twitter_image":"https:\/\/cooltivarte.com\/portal\/wp-content\/uploads\/2019\/03\/drag-foto3.jpg","twitter_creator":"@https:\/\/x.com\/obolocultural","twitter_site":"@obolocultural","twitter_misc":{"Escrito por":"Ana Strauss","Tiempo de lectura":"1 minuto"},"schema":{"@context":"https:\/\/schema.org","@graph":[{"@type":"NewsArticle","@id":"https:\/\/cooltivarte.com\/portal\/charlamos-con-fabricio-guaragna\/#article","isPartOf":{"@id":"https:\/\/cooltivarte.com\/portal\/charlamos-con-fabricio-guaragna\/"},"author":{"name":"Ana Strauss","@id":"https:\/\/cooltivarte.com\/portal\/#\/schema\/person\/1e5f197e494baed303d48621c8c761c3"},"headline":"Charlamos con Fabricio Guaragna","datePublished":"2019-12-23T16:40:13+00:00","dateModified":"2021-04-29T20:41:33+00:00","mainEntityOfPage":{"@id":"https:\/\/cooltivarte.com\/portal\/charlamos-con-fabricio-guaragna\/"},"wordCount":173,"publisher":{"@id":"https:\/\/cooltivarte.com\/portal\/#organization"},"image":{"@id":"https:\/\/cooltivarte.com\/portal\/charlamos-con-fabricio-guaragna\/#primaryimage"},"thumbnailUrl":"https:\/\/cooltivarte.com\/portal\/wp-content\/uploads\/2019\/12\/hqdefault-36.jpg","keywords":["Arte","Artista","Fabricio Guaragna"],"articleSection":["Tienen la Palabra"],"inLanguage":"es-AR"},{"@type":"WebPage","@id":"https:\/\/cooltivarte.com\/portal\/charlamos-con-fabricio-guaragna\/","url":"https:\/\/cooltivarte.com\/portal\/charlamos-con-fabricio-guaragna\/","name":"Charlamos con Fabricio Guaragna - Cooltivarte Portal","isPartOf":{"@id":"https:\/\/cooltivarte.com\/portal\/#website"},"primaryImageOfPage":{"@id":"https:\/\/cooltivarte.com\/portal\/charlamos-con-fabricio-guaragna\/#primaryimage"},"image":{"@id":"https:\/\/cooltivarte.com\/portal\/charlamos-con-fabricio-guaragna\/#primaryimage"},"thumbnailUrl":"https:\/\/cooltivarte.com\/portal\/wp-content\/uploads\/2019\/12\/hqdefault-36.jpg","datePublished":"2019-12-23T16:40:13+00:00","dateModified":"2021-04-29T20:41:33+00:00","description":"Charlamos con Fabricio Guaragna sobre su obra m\u00e1s reciente, sus procesos y proyectos.Fabricio Guaragna Silva Estudia pintura desde los 17 a\u00f1os. Conoce a la artista Alicia Asconeguy en el 2005 y comienza a trabajar en diversas tem\u00e1ticas y t\u00e9cnicas relacionadas al plano en su taller.","breadcrumb":{"@id":"https:\/\/cooltivarte.com\/portal\/charlamos-con-fabricio-guaragna\/#breadcrumb"},"inLanguage":"es-AR","potentialAction":[{"@type":"ReadAction","target":["https:\/\/cooltivarte.com\/portal\/charlamos-con-fabricio-guaragna\/"]}]},{"@type":"ImageObject","inLanguage":"es-AR","@id":"https:\/\/cooltivarte.com\/portal\/charlamos-con-fabricio-guaragna\/#primaryimage","url":"https:\/\/cooltivarte.com\/portal\/wp-content\/uploads\/2019\/12\/hqdefault-36.jpg","contentUrl":"https:\/\/cooltivarte.com\/portal\/wp-content\/uploads\/2019\/12\/hqdefault-36.jpg","width":480,"height":360,"caption":"Charlamos con Fabricio Guaragna sobre su obra m\u00e1s reciente, sus procesos y proyectos."},{"@type":"BreadcrumbList","@id":"https:\/\/cooltivarte.com\/portal\/charlamos-con-fabricio-guaragna\/#breadcrumb","itemListElement":[{"@type":"ListItem","position":1,"name":"Portada","item":"https:\/\/cooltivarte.com\/portal\/"},{"@type":"ListItem","position":2,"name":"Charlamos con Fabricio Guaragna"}]},{"@type":"WebSite","@id":"https:\/\/cooltivarte.com\/portal\/#website","url":"https:\/\/cooltivarte.com\/portal\/","name":"Cooltivarte Portal","description":"Arte, cultura y turismo para el mundo ...","publisher":{"@id":"https:\/\/cooltivarte.com\/portal\/#organization"},"potentialAction":[{"@type":"SearchAction","target":{"@type":"EntryPoint","urlTemplate":"https:\/\/cooltivarte.com\/portal\/?s={search_term_string}"},"query-input":{"@type":"PropertyValueSpecification","valueRequired":true,"valueName":"search_term_string"}}],"inLanguage":"es-AR"},{"@type":"Organization","@id":"https:\/\/cooltivarte.com\/portal\/#organization","name":"cooltivarte","url":"https:\/\/cooltivarte.com\/portal\/","logo":{"@type":"ImageObject","inLanguage":"es-AR","@id":"https:\/\/cooltivarte.com\/portal\/#\/schema\/logo\/image\/","url":"https:\/\/cooltivarte.com\/portal\/wp-content\/uploads\/2020\/04\/logo-cooltivarte-v2.png","contentUrl":"https:\/\/cooltivarte.com\/portal\/wp-content\/uploads\/2020\/04\/logo-cooltivarte-v2.png","width":851,"height":243,"caption":"cooltivarte"},"image":{"@id":"https:\/\/cooltivarte.com\/portal\/#\/schema\/logo\/image\/"},"sameAs":["https:\/\/www.facebook.com\/cooltivartecom\/","https:\/\/x.com\/obolocultural","https:\/\/www.instagram.com\/_cooltivarte_\/","https:\/\/www.linkedin.com\/company\/-bolocultural?reportsuccess=8zaNG1HwhPbAR9iQhZ5rfGeqz_vQFftHun0ZWU0Wy9vNemRJ8vtcKdJvzQfW8XagyOJSKg0XvfJ1dp","https:\/\/www.pinterest.com\/cooltivarte\/","https:\/\/cooltivarte.tumblr.com\/","https:\/\/www.tiktok.com\/@cooltivarte","https:\/\/www.youtube.com\/@PrensaCooltivarte"]},{"@type":"Person","@id":"https:\/\/cooltivarte.com\/portal\/#\/schema\/person\/1e5f197e494baed303d48621c8c761c3","name":"Ana Strauss","image":{"@type":"ImageObject","inLanguage":"es-AR","@id":"https:\/\/cooltivarte.com\/portal\/wp-content\/uploads\/2019\/08\/ana-strauss-120x120.jpg","url":"https:\/\/cooltivarte.com\/portal\/wp-content\/uploads\/2019\/08\/ana-strauss-120x120.jpg","contentUrl":"https:\/\/cooltivarte.com\/portal\/wp-content\/uploads\/2019\/08\/ana-strauss-120x120.jpg","caption":"Ana Strauss"},"description":"Public\u00f3 con la editorial Yaugur\u00fa: no s\u00e9 qu\u00e9 hago en Inglaterra (2013) oror\u00f3 canci\u00f3n para un p\u00e1rpado (2017). Integra varias muestras de poes\u00eda contempor\u00e1nea uruguaya. Ha participado en muestras colectivas y acciones perform\u00e1ticas. Pensi\u00f3n Mil\u00e1n, Subte, Casa Mario (entre otros).","sameAs":["https:\/\/www.facebook.com\/anastraussfrias","https:\/\/www.instagram.com\/_cooltivarte_\/","https:\/\/www.linkedin.com\/company\/-bolocultural","https:\/\/www.pinterest.com\/cooltivarte","https:\/\/x.com\/https:\/\/x.com\/obolocultural","https:\/\/www.youtube.com\/@PrensaCooltivarte","https:\/\/www.tumblr.com\/blog\/cooltivarte"],"url":"https:\/\/cooltivarte.com\/portal\/author\/ana-strauss\/"}]}},"_links":{"self":[{"href":"https:\/\/cooltivarte.com\/portal\/wp-json\/wp\/v2\/posts\/56744","targetHints":{"allow":["GET"]}}],"collection":[{"href":"https:\/\/cooltivarte.com\/portal\/wp-json\/wp\/v2\/posts"}],"about":[{"href":"https:\/\/cooltivarte.com\/portal\/wp-json\/wp\/v2\/types\/post"}],"author":[{"embeddable":true,"href":"https:\/\/cooltivarte.com\/portal\/wp-json\/wp\/v2\/users\/151"}],"replies":[{"embeddable":true,"href":"https:\/\/cooltivarte.com\/portal\/wp-json\/wp\/v2\/comments?post=56744"}],"version-history":[{"count":3,"href":"https:\/\/cooltivarte.com\/portal\/wp-json\/wp\/v2\/posts\/56744\/revisions"}],"predecessor-version":[{"id":56748,"href":"https:\/\/cooltivarte.com\/portal\/wp-json\/wp\/v2\/posts\/56744\/revisions\/56748"}],"wp:featuredmedia":[{"embeddable":true,"href":"https:\/\/cooltivarte.com\/portal\/wp-json\/wp\/v2\/media\/56747"}],"wp:attachment":[{"href":"https:\/\/cooltivarte.com\/portal\/wp-json\/wp\/v2\/media?parent=56744"}],"wp:term":[{"taxonomy":"category","embeddable":true,"href":"https:\/\/cooltivarte.com\/portal\/wp-json\/wp\/v2\/categories?post=56744"},{"taxonomy":"post_tag","embeddable":true,"href":"https:\/\/cooltivarte.com\/portal\/wp-json\/wp\/v2\/tags?post=56744"}],"curies":[{"name":"wp","href":"https:\/\/api.w.org\/{rel}","templated":true}]}}