{"id":5615,"date":"2011-09-23T22:49:35","date_gmt":"2011-09-23T22:49:35","guid":{"rendered":"http:\/\/cooltivarte.com\/portal\/?p=5615"},"modified":"2015-11-10T03:02:38","modified_gmt":"2015-11-10T03:02:38","slug":"magela-ferrero-fotografa","status":"publish","type":"post","link":"https:\/\/cooltivarte.com\/portal\/magela-ferrero-fotografa\/","title":{"rendered":"Magela Ferrero &#8211; Fot\u00f3grafa"},"content":{"rendered":"<p style=\"text-align: justify;\"><strong>1-\u00bfCU\u00c1L ES TU PRINCIPAL MOTIVACI\u00d3N ART\u00cdSTICA?<\/strong><\/p>\n<p style=\"text-align: justify;\">La existencia delante de un mundo del que la maravillosidad que conocemos constituye solamente una parte. Su sentido, la causa de mis pensamientos que su rotaci\u00f3n desprende, el lenguaje que hemos desarrollado para comunicarnos entre nosotros y con la naturaleza motivan mi voluntad de hacer.<\/p>\n<p style=\"text-align: justify;\">\n<p style=\"text-align: justify;\"><strong>2- NOMBRAME AL MENOS 3 REFERENTES ART\u00cdSTICOS INEVITABLES PARA TU CARRERA.<\/strong><\/p>\n<p style=\"text-align: justify;\">La noche, el borde del mar, el horizonte, los \u00e1rboles, las nubes. Me salieron cinco.<\/p>\n<p style=\"text-align: justify;\">\n<p style=\"text-align: justify;\"><strong>3- \u00bfC\u00d3MO SE MANEJA UN ARTISTA PARA NO REPETIRSE Y SIEMPRE IRSE RENOVANDO?<\/strong><\/p>\n<p style=\"text-align: justify;\">No me importa repetir. Me gusta. Todo lo que me causa placer o alegr\u00eda deseo repetirlo infinitamente. No trato de ser original, trato de ser feliz. La felicidad nos hace satisfechos con la vida y la vida es superior al arte. El arte existe porque la vida existe.<\/p>\n<p style=\"text-align: justify;\">\n<p style=\"text-align: justify;\"><strong>4- UNA MEDIDA CONCRETA QUE AL ESTADO LE FALTA PARA APOYAR LA CULTURA\u2026<\/strong><\/p>\n<p style=\"text-align: justify;\">El funcionamiento del Estado como el de nosotros mismos, es complejo. Conviven los aciertos con los errores y mi experiencia no puedo asegurar que sea representativa como para evaluar cual podr\u00eda ser una medida que falte tomar. Creo que todos tenemos que comprometernos con nuestra parte. Una medida concreta siempre puede ser, de nuestra parte y de la parte del Estado tomar con responsabilidad, humanidad y solidaridad las funciones de las que somos responsables.<\/p>\n<p style=\"text-align: justify;\">\n<p style=\"text-align: justify;\"><strong>5-\u00bfNOS RECOMEND\u00c1S UNA PEL\u00cdCULA, UN DISCO Y UN LIBRO?<\/strong><\/p>\n<p style=\"text-align: justify;\">Hiroshima, de Pablo Stoll.<\/p>\n<p style=\"text-align: justify;\">La vida \u00fatil, de Federico Veiroj.<\/p>\n<p style=\"text-align: justify;\">No me acord\u00e9 de mirar, de Laura Gutman.<\/p>\n<p style=\"text-align: justify;\">Tango oxidado, de Giovanna Facchinelli.<\/p>\n<p style=\"text-align: justify;\">Carlos, de Carlos Casacuberta.<\/p>\n<p style=\"text-align: justify;\">El libro de Job del Antiguo Testamento.<\/p>\n<p style=\"text-align: justify;\">Historia de la sensibilidad, de Jos\u00e9 Pedro Barr\u00e1n.<\/p>\n<p style=\"text-align: justify;\">Friedlander editado por el MoMA<\/p>\n<p style=\"text-align: justify;\">Poeta en Nueva York, de Garc\u00eda Lorca.<\/p>\n<p style=\"text-align: justify;\">El matrimonio del cielo y el infierno, de Blake.<\/p>\n<p style=\"text-align: justify;\">\n<p style=\"text-align: justify;\"><strong>6-\u00bfVOLV\u00c9S SOBRE TUS PROPIAS CREACIONES O PRESENTACIONES? TE INTERESA CORREGIRLAS? RECREARLAS?<\/strong><\/p>\n<p style=\"text-align: justify;\">Todo el tiempo hago el ejercicio de tener presente lo que hice. Me interesa corregirme a trav\u00e9s del trabajo realizado. Lo que uno hace es un espejo que tanto ense\u00f1a hacia ad\u00f3nde ir, como exige el no traicionar lo que un d\u00eda deseamos, o lo que un d\u00eda dijimos, sino a hacerlo crecer o disminuir seg\u00fan la experiencia que hayan originado.<\/p>\n<p style=\"text-align: justify;\">\n<p style=\"text-align: justify;\"><strong>7- EN URUGUAY \u00bfSOBRAN ARTISTAS O FALTA P\u00daBLICO?<\/strong><\/p>\n<p style=\"text-align: justify;\">Ni sobran artistas, ni falta p\u00fablico. \u00bfQui\u00e9n estar\u00eda en condiciones de decir qui\u00e9n se queda y qui\u00e9n se va? Hay lugar para todos. Por otro lado decir que falta p\u00fablico ser\u00eda como quejarnos del p\u00fablico que asiste a las exposiciones. Al p\u00fablico que asiste s\u00f3lo podemos agradecerle y al que no asiste s\u00f3lo podemos respetarlo.<\/p>\n<p style=\"text-align: justify;\">\n<p style=\"text-align: justify;\"><strong>8-\u00bfC\u00d3MO POTENCIAR\u00cdAS LA GESTI\u00d3N CULTURAL EN EL URUGUAY?<\/strong><\/p>\n<p style=\"text-align: justify;\">Haciendo yo misma cosas mejores, provocando las ganas a los otros de hacer algo juntos. No me gusta quejarme de los otros.<\/p>\n<p style=\"text-align: justify;\">\n<p style=\"text-align: justify;\"><strong>9-\u00bfCONSIDER\u00c1S QUE AC\u00c1 LA CULTURA EST\u00c1 ADECUADAMENTE DIFUNDIDA?<\/strong><\/p>\n<p style=\"text-align: justify;\">De lo que estoy segura es que tenemos muy difundida una fantas\u00eda general de que somos cultos. Como si hubi\u00e9ramos recibido una cultura infusa, incuestionable e imperecedera. En todo caso me gustar\u00eda que se difundiera el debate sobre qu\u00e9 es ser culto, qu\u00e9 es ser educado y en qu\u00e9 estado estamos en relaci\u00f3n a ello.<\/p>\n<p style=\"text-align: justify;\">\n<p style=\"text-align: justify;\"><strong>10-\u00bfQU\u00c9 LE AGREGAR\u00cdAS A LA MOVIDA CULTURAL URUGUAYA?<\/strong><\/p>\n<p style=\"text-align: justify;\">Generosidad y fraternidad.<\/p>\n<p style=\"text-align: justify;\">\n<p style=\"text-align: justify;\">\n<p style=\"text-align: justify;\">Magela Ferrero naci\u00f3 en Montevideo, en el invierno de 1966 y trabaja en fotograf\u00eda desde 1989. Su maestra en fotograf\u00eda es Diana Mines.<\/p>\n<p style=\"text-align: justify;\">Su trabajo fuera de Uruguay fue expuesto en 1997 en Buenos Aires, en la Galer\u00eda San Mart\u00edn y en \u00c1msterdam, en la Casa de Am\u00e9rica de esa ciudad (Retratos de Sobresalientes), en 1998 en Washington, en la Embajada Uruguaya, en 1999 en Nueva York, en el Centro de Cultura Uruguaya (Una mirada desde el sur) en 2001, en la tercera Bienal de Porto Alegre, en 2005, en \u00c1msterdam, en la ABC Tree House Gallery y en Utrecht (Uruguay Posible) y en Buenos Aires, en la galer\u00eda Arte x Arte (Fotograf\u00eda Uruguaya Contempor\u00e1nea), en 2007 en Venecia, en la galer\u00eda Spiazzi. En 2011 representa a Uruguay en la Bienal de Venecia y participa de una publicaci\u00f3n colectiva en Zaragoza.<\/p>\n<p style=\"text-align: justify;\">En Uruguay, su trabajo fue expuesto en el MNAV, en el Subte Municipal, en El Cabildo de Montevideo, en la Fundaci\u00f3n Buquebus, en el Foyer del Teatro Notariado, en el Atrio de la IMM, en FCU, en el Museo Blanes, en la colecci\u00f3n Engelman-Ost, en la Galer\u00eda MARTE UPMARKET, en el Instituto Goethe, en el Museo de Arte de Maldonado, en EAC, en Galer\u00eda Nova de Punta del Este, en la sala MEC de Montevideo y en todas las salas MEC del pa\u00eds. Ha trabajado en prensa, ilustrando libros, discos y haciendo el registro de en\u00e9simos eventos sociales. Ofreci\u00f3 conferencias en la Escuela Nacional de Bellas Artes y en la Facultad de Arquitectura de la UDEAR. Incursion\u00f3 en el registro audiovisual, ocupando la direcci\u00f3n de fotograf\u00eda de algunos cortos educativos para UNICEF y de algunos videoclips musicales.<\/p>\n<p style=\"text-align: justify;\">Vive en la luna y trabaja en Montevideo.<\/p>\n<p>&nbsp;<br \/>\n&nbsp;<\/p>\n<p style=\"text-align: justify;\">[sam id=&#8221;21&#8243; name=&#8221;notas y articulos&#8221; codes=&#8221;true&#8221;]<\/p>\n<p>&nbsp;<br \/>\n&nbsp;<\/p>\n","protected":false},"excerpt":{"rendered":"<p>1-\u00bfCU\u00c1L ES TU PRINCIPAL MOTIVACI\u00d3N ART\u00cdSTICA? La existencia delante de un mundo del que la maravillosidad que conocemos constituye solamente una parte. Su sentido, la causa de mis pensamientos que su rotaci\u00f3n desprende, el lenguaje que hemos desarrollado para comunicarnos entre nosotros y con la naturaleza motivan mi voluntad de hacer. 2- NOMBRAME AL MENOS [&hellip;]<\/p>\n","protected":false},"author":8,"featured_media":5616,"comment_status":"closed","ping_status":"closed","sticky":false,"template":"","format":"standard","meta":{"om_disable_all_campaigns":false,"ngg_post_thumbnail":0,"jnews-multi-image_gallery":[],"jnews_single_post":[],"jnews_primary_category":[],"jnews_social_meta":[],"jnews_override_counter":[],"footnotes":""},"categories":[58],"tags":[],"class_list":["post-5615","post","type-post","status-publish","format-standard","has-post-thumbnail","hentry","category-miscelanea"],"yoast_head":"<!-- This site is optimized with the Yoast SEO plugin v27.5 - https:\/\/yoast.com\/product\/yoast-seo-wordpress\/ -->\n<title>Magela Ferrero - Fot\u00f3grafa - Cooltivarte Portal<\/title>\n<meta name=\"description\" content=\"COOLTIVARTE.COM es un portal digital colaborativo de actualizaci\u00f3n permanente dedicado a difundir el acontecer art\u00edstico y cultural, entrevista artistas, gestores y productores de las diferentes disciplinas del arte, y publicando art\u00edculos de reflexi\u00f3n de producci\u00f3n propia sobre los elementos culturales.\" \/>\n<meta name=\"robots\" content=\"index, follow, max-snippet:-1, max-image-preview:large, max-video-preview:-1\" \/>\n<link rel=\"canonical\" href=\"https:\/\/cooltivarte.com\/portal\/magela-ferrero-fotografa\/\" \/>\n<meta property=\"og:locale\" content=\"es_ES\" \/>\n<meta property=\"og:type\" content=\"article\" \/>\n<meta property=\"og:title\" content=\"Magela Ferrero - Fot\u00f3grafa - Cooltivarte Portal\" \/>\n<meta property=\"og:description\" content=\"COOLTIVARTE.COM es un portal digital colaborativo de actualizaci\u00f3n permanente dedicado a difundir el acontecer art\u00edstico y cultural, entrevista artistas, gestores y productores de las diferentes disciplinas del arte, y publicando art\u00edculos de reflexi\u00f3n de producci\u00f3n propia sobre los elementos culturales.\" \/>\n<meta property=\"og:url\" content=\"https:\/\/cooltivarte.com\/portal\/magela-ferrero-fotografa\/\" \/>\n<meta property=\"og:site_name\" content=\"Cooltivarte Portal\" \/>\n<meta property=\"article:publisher\" content=\"https:\/\/www.facebook.com\/cooltivartecom\/\" \/>\n<meta property=\"article:author\" content=\"https:\/\/www.facebook.com\/cooltivartecom\" \/>\n<meta property=\"article:published_time\" content=\"2011-09-23T22:49:35+00:00\" \/>\n<meta property=\"article:modified_time\" content=\"2015-11-10T03:02:38+00:00\" \/>\n<meta property=\"og:image\" content=\"https:\/\/cooltivarte.com\/portal\/wp-content\/uploads\/2014\/07\/Magela_Ferrero_Fotografa.jpg\" \/>\n\t<meta property=\"og:image:width\" content=\"400\" \/>\n\t<meta property=\"og:image:height\" content=\"265\" \/>\n\t<meta property=\"og:image:type\" content=\"image\/jpeg\" \/>\n<meta name=\"author\" content=\"Cooltivarte\" \/>\n<meta name=\"twitter:card\" content=\"summary_large_image\" \/>\n<meta name=\"twitter:creator\" content=\"@https:\/\/x.com\/obolocultural\" \/>\n<meta name=\"twitter:site\" content=\"@obolocultural\" \/>\n<meta name=\"twitter:label1\" content=\"Escrito por\" \/>\n\t<meta name=\"twitter:data1\" content=\"Cooltivarte\" \/>\n\t<meta name=\"twitter:label2\" content=\"Tiempo de lectura\" \/>\n\t<meta name=\"twitter:data2\" content=\"4 minutos\" \/>\n<!-- \/ Yoast SEO plugin. -->","yoast_head_json":{"title":"Magela Ferrero - Fot\u00f3grafa - Cooltivarte Portal","description":"COOLTIVARTE.COM es un portal digital colaborativo de actualizaci\u00f3n permanente dedicado a difundir el acontecer art\u00edstico y cultural, entrevista artistas, gestores y productores de las diferentes disciplinas del arte, y publicando art\u00edculos de reflexi\u00f3n de producci\u00f3n propia sobre los elementos culturales.","robots":{"index":"index","follow":"follow","max-snippet":"max-snippet:-1","max-image-preview":"max-image-preview:large","max-video-preview":"max-video-preview:-1"},"canonical":"https:\/\/cooltivarte.com\/portal\/magela-ferrero-fotografa\/","og_locale":"es_ES","og_type":"article","og_title":"Magela Ferrero - Fot\u00f3grafa - Cooltivarte Portal","og_description":"COOLTIVARTE.COM es un portal digital colaborativo de actualizaci\u00f3n permanente dedicado a difundir el acontecer art\u00edstico y cultural, entrevista artistas, gestores y productores de las diferentes disciplinas del arte, y publicando art\u00edculos de reflexi\u00f3n de producci\u00f3n propia sobre los elementos culturales.","og_url":"https:\/\/cooltivarte.com\/portal\/magela-ferrero-fotografa\/","og_site_name":"Cooltivarte Portal","article_publisher":"https:\/\/www.facebook.com\/cooltivartecom\/","article_author":"https:\/\/www.facebook.com\/cooltivartecom","article_published_time":"2011-09-23T22:49:35+00:00","article_modified_time":"2015-11-10T03:02:38+00:00","og_image":[{"width":400,"height":265,"url":"https:\/\/cooltivarte.com\/portal\/wp-content\/uploads\/2014\/07\/Magela_Ferrero_Fotografa.jpg","type":"image\/jpeg"}],"author":"Cooltivarte","twitter_card":"summary_large_image","twitter_creator":"@https:\/\/x.com\/obolocultural","twitter_site":"@obolocultural","twitter_misc":{"Escrito por":"Cooltivarte","Tiempo de lectura":"4 minutos"},"schema":{"@context":"https:\/\/schema.org","@graph":[{"@type":"NewsArticle","@id":"https:\/\/cooltivarte.com\/portal\/magela-ferrero-fotografa\/#article","isPartOf":{"@id":"https:\/\/cooltivarte.com\/portal\/magela-ferrero-fotografa\/"},"author":{"name":"Cooltivarte","@id":"https:\/\/cooltivarte.com\/portal\/#\/schema\/person\/ec2a4f4e71b740d0c559c0ab9a157e19"},"headline":"Magela Ferrero &#8211; Fot\u00f3grafa","datePublished":"2011-09-23T22:49:35+00:00","dateModified":"2015-11-10T03:02:38+00:00","mainEntityOfPage":{"@id":"https:\/\/cooltivarte.com\/portal\/magela-ferrero-fotografa\/"},"wordCount":893,"publisher":{"@id":"https:\/\/cooltivarte.com\/portal\/#organization"},"image":{"@id":"https:\/\/cooltivarte.com\/portal\/magela-ferrero-fotografa\/#primaryimage"},"thumbnailUrl":"https:\/\/cooltivarte.com\/portal\/wp-content\/uploads\/2014\/07\/Magela_Ferrero_Fotografa.jpg","articleSection":["Miscel\u00e1nea"],"inLanguage":"es-AR"},{"@type":"WebPage","@id":"https:\/\/cooltivarte.com\/portal\/magela-ferrero-fotografa\/","url":"https:\/\/cooltivarte.com\/portal\/magela-ferrero-fotografa\/","name":"Magela Ferrero - Fot\u00f3grafa - Cooltivarte Portal","isPartOf":{"@id":"https:\/\/cooltivarte.com\/portal\/#website"},"primaryImageOfPage":{"@id":"https:\/\/cooltivarte.com\/portal\/magela-ferrero-fotografa\/#primaryimage"},"image":{"@id":"https:\/\/cooltivarte.com\/portal\/magela-ferrero-fotografa\/#primaryimage"},"thumbnailUrl":"https:\/\/cooltivarte.com\/portal\/wp-content\/uploads\/2014\/07\/Magela_Ferrero_Fotografa.jpg","datePublished":"2011-09-23T22:49:35+00:00","dateModified":"2015-11-10T03:02:38+00:00","description":"COOLTIVARTE.COM es un portal digital colaborativo de actualizaci\u00f3n permanente dedicado a difundir el acontecer art\u00edstico y cultural, entrevista artistas, gestores y productores de las diferentes disciplinas del arte, y publicando art\u00edculos de reflexi\u00f3n de producci\u00f3n propia sobre los elementos culturales.","breadcrumb":{"@id":"https:\/\/cooltivarte.com\/portal\/magela-ferrero-fotografa\/#breadcrumb"},"inLanguage":"es-AR","potentialAction":[{"@type":"ReadAction","target":["https:\/\/cooltivarte.com\/portal\/magela-ferrero-fotografa\/"]}]},{"@type":"ImageObject","inLanguage":"es-AR","@id":"https:\/\/cooltivarte.com\/portal\/magela-ferrero-fotografa\/#primaryimage","url":"https:\/\/cooltivarte.com\/portal\/wp-content\/uploads\/2014\/07\/Magela_Ferrero_Fotografa.jpg","contentUrl":"https:\/\/cooltivarte.com\/portal\/wp-content\/uploads\/2014\/07\/Magela_Ferrero_Fotografa.jpg","width":400,"height":265,"caption":"Foto: http:\/\/blogcouture.info\/"},{"@type":"BreadcrumbList","@id":"https:\/\/cooltivarte.com\/portal\/magela-ferrero-fotografa\/#breadcrumb","itemListElement":[{"@type":"ListItem","position":1,"name":"Portada","item":"https:\/\/cooltivarte.com\/portal\/"},{"@type":"ListItem","position":2,"name":"Magela Ferrero &#8211; Fot\u00f3grafa"}]},{"@type":"WebSite","@id":"https:\/\/cooltivarte.com\/portal\/#website","url":"https:\/\/cooltivarte.com\/portal\/","name":"Cooltivarte Portal","description":"Arte, cultura y turismo para el mundo ...","publisher":{"@id":"https:\/\/cooltivarte.com\/portal\/#organization"},"potentialAction":[{"@type":"SearchAction","target":{"@type":"EntryPoint","urlTemplate":"https:\/\/cooltivarte.com\/portal\/?s={search_term_string}"},"query-input":{"@type":"PropertyValueSpecification","valueRequired":true,"valueName":"search_term_string"}}],"inLanguage":"es-AR"},{"@type":"Organization","@id":"https:\/\/cooltivarte.com\/portal\/#organization","name":"cooltivarte","url":"https:\/\/cooltivarte.com\/portal\/","logo":{"@type":"ImageObject","inLanguage":"es-AR","@id":"https:\/\/cooltivarte.com\/portal\/#\/schema\/logo\/image\/","url":"https:\/\/cooltivarte.com\/portal\/wp-content\/uploads\/2020\/04\/logo-cooltivarte-v2.png","contentUrl":"https:\/\/cooltivarte.com\/portal\/wp-content\/uploads\/2020\/04\/logo-cooltivarte-v2.png","width":851,"height":243,"caption":"cooltivarte"},"image":{"@id":"https:\/\/cooltivarte.com\/portal\/#\/schema\/logo\/image\/"},"sameAs":["https:\/\/www.facebook.com\/cooltivartecom\/","https:\/\/x.com\/obolocultural","https:\/\/www.instagram.com\/_cooltivarte_\/","https:\/\/www.linkedin.com\/company\/-bolocultural?reportsuccess=8zaNG1HwhPbAR9iQhZ5rfGeqz_vQFftHun0ZWU0Wy9vNemRJ8vtcKdJvzQfW8XagyOJSKg0XvfJ1dp","https:\/\/www.pinterest.com\/cooltivarte\/","https:\/\/cooltivarte.tumblr.com\/","https:\/\/www.tiktok.com\/@cooltivarte","https:\/\/www.youtube.com\/@PrensaCooltivarte"]},{"@type":"Person","@id":"https:\/\/cooltivarte.com\/portal\/#\/schema\/person\/ec2a4f4e71b740d0c559c0ab9a157e19","name":"Cooltivarte","image":{"@type":"ImageObject","inLanguage":"es-AR","@id":"https:\/\/cooltivarte.com\/portal\/wp-content\/uploads\/2014\/05\/logo-cooltivarte-120x120.jpg","url":"https:\/\/cooltivarte.com\/portal\/wp-content\/uploads\/2014\/05\/logo-cooltivarte-120x120.jpg","contentUrl":"https:\/\/cooltivarte.com\/portal\/wp-content\/uploads\/2014\/05\/logo-cooltivarte-120x120.jpg","caption":"Cooltivarte"},"description":"Somos COOLTIVARTE.COM. Un portal digital dedicado a difundir el acontecer art\u00edstico y cultural del Uruguay. Estamos en la vuelta desde el a\u00f1o 2003, y como evoluci\u00f3n del bolet\u00edn Obolo Cultural, nos encontramos abocados a apoyar a los artistas nacionales brind\u00e1ndoles un espacio de difusi\u00f3n. Creemos en la idea de utilizar la potencialidad que hoy d\u00eda nos otorga la web, para que la cultura uruguaya y sus creadores dispongan de una din\u00e1mica ventana, que los ponga en contacto entre s\u00ed y con el mundo. Somos COOLTIVARTE.COM y pretendemos configurarnos como un portal din\u00e1mico, entretenido y atento a los nuevos emprendimientos, que busque siempre la interacci\u00f3n con los artistas.","sameAs":["http:\/\/www.cooltivarte.com","https:\/\/www.facebook.com\/cooltivartecom","https:\/\/www.instagram.com\/_cooltivarte_\/","https:\/\/www.linkedin.com\/company\/-bolocultural","https:\/\/www.pinterest.com\/cooltivarte\/","https:\/\/x.com\/https:\/\/x.com\/obolocultural","https:\/\/www.youtube.com\/@PrensaCooltivarte","https:\/\/www.tumblr.com\/blog\/cooltivarte"],"url":"https:\/\/cooltivarte.com\/portal\/author\/cooltivarte\/"}]}},"_links":{"self":[{"href":"https:\/\/cooltivarte.com\/portal\/wp-json\/wp\/v2\/posts\/5615","targetHints":{"allow":["GET"]}}],"collection":[{"href":"https:\/\/cooltivarte.com\/portal\/wp-json\/wp\/v2\/posts"}],"about":[{"href":"https:\/\/cooltivarte.com\/portal\/wp-json\/wp\/v2\/types\/post"}],"author":[{"embeddable":true,"href":"https:\/\/cooltivarte.com\/portal\/wp-json\/wp\/v2\/users\/8"}],"replies":[{"embeddable":true,"href":"https:\/\/cooltivarte.com\/portal\/wp-json\/wp\/v2\/comments?post=5615"}],"version-history":[{"count":2,"href":"https:\/\/cooltivarte.com\/portal\/wp-json\/wp\/v2\/posts\/5615\/revisions"}],"predecessor-version":[{"id":16873,"href":"https:\/\/cooltivarte.com\/portal\/wp-json\/wp\/v2\/posts\/5615\/revisions\/16873"}],"wp:featuredmedia":[{"embeddable":true,"href":"https:\/\/cooltivarte.com\/portal\/wp-json\/wp\/v2\/media\/5616"}],"wp:attachment":[{"href":"https:\/\/cooltivarte.com\/portal\/wp-json\/wp\/v2\/media?parent=5615"}],"wp:term":[{"taxonomy":"category","embeddable":true,"href":"https:\/\/cooltivarte.com\/portal\/wp-json\/wp\/v2\/categories?post=5615"},{"taxonomy":"post_tag","embeddable":true,"href":"https:\/\/cooltivarte.com\/portal\/wp-json\/wp\/v2\/tags?post=5615"}],"curies":[{"name":"wp","href":"https:\/\/api.w.org\/{rel}","templated":true}]}}