{"id":56023,"date":"2019-11-30T18:26:24","date_gmt":"2019-11-30T21:26:24","guid":{"rendered":"http:\/\/cooltivarte.com\/portal\/?p=56023"},"modified":"2024-06-10T19:53:59","modified_gmt":"2024-06-10T22:53:59","slug":"viviendas-cortizo-podesta-y-diaz-en-teatro-ducon","status":"publish","type":"post","link":"https:\/\/cooltivarte.com\/portal\/viviendas-cortizo-podesta-y-diaz-en-teatro-ducon\/","title":{"rendered":"Viviendas &#8211; Cortizo, Podest\u00e1 y D\u00edaz en Teatro Ducon"},"content":{"rendered":"<p><a href=\"https:\/\/cooltivarte.com\/portal\/?s=Fernando+Cortizo\" target=\"_blank\" rel=\"noopener\"><strong>Fernando Cortizo<\/strong><\/a> &#8211; Guitarra<br \/>\n<a href=\"https:\/\/cooltivarte.com\/portal\/?s=Alessandro+Podest%C3%A1\" target=\"_blank\" rel=\"noopener\"><strong>Alessandro Podest\u00e1<\/strong><\/a> &#8211; Voz<br \/>\n<a href=\"https:\/\/cooltivarte.com\/portal\/?s=Ernesto+D%C3%ADaz\" target=\"_blank\" rel=\"noopener\"><strong>Ernesto D\u00edaz<\/strong><\/a> &#8211; Percusi\u00f3n<\/p>\n<p><strong>Teatro Ducon<\/strong> de Montevideo<br \/>\n29 de noviembre de 2019<\/p>\n<p>&nbsp;<\/p>\n<p>&nbsp;<\/p>\n","protected":false},"excerpt":{"rendered":"<p>Fernando Cortizo &#8211; Guitarra<br \/>\nAlessandro Podest\u00e1 &#8211; Voz<br \/>\nErnesto D\u00edaz &#8211; Percusi\u00f3n<\/p>\n<p>Teatro Ducon de Montevideo<br \/>\n29 de noviembre de 2019<\/p>\n","protected":false},"author":41,"featured_media":56025,"comment_status":"closed","ping_status":"closed","sticky":false,"template":"","format":"video","meta":{"om_disable_all_campaigns":false,"ngg_post_thumbnail":0,"jnews-multi-image_gallery":[],"jnews_single_post":{"subtitle":"","format":"video","video":"https:\/\/youtu.be\/LvXgnx-PuXg?si=q8RZzextpqY8Hdb3","gallery":"","source_name":"","source_url":"","via_name":"","via_url":"","override_template":"0","override":[{"template":"4","single_blog_custom":"","parallax":"1","fullscreen":"0","layout":"right-sidebar","sidebar":"default-sidebar","second_sidebar":"default-sidebar","sticky_sidebar":"1","share_position":"bottom","share_float_style":"share-monocrhome","show_share_counter":"1","show_view_counter":"1","show_featured":"1","show_post_meta":"1","show_post_author":"1","show_post_author_image":"1","show_post_date":"1","post_date_format":"default","post_date_format_custom":"Y\/m\/d","show_post_category":"1","show_post_reading_time":"0","post_reading_time_wpm":"300","show_zoom_button":"0","zoom_button_out_step":"2","zoom_button_in_step":"3","show_post_tag":"1","show_prev_next_post":"1","show_popup_post":"1","number_popup_post":"1","show_author_box":"1","show_post_related":"0","show_inline_post_related":"0"}],"override_image_size":"0","image_override":[{"single_post_thumbnail_size":"no-crop","single_post_gallery_size":"crop-500"}],"trending_post":"0","trending_post_position":"meta","trending_post_label":"Trending","sponsored_post":"0","sponsored_post_label":"Sponsored by","sponsored_post_name":"","sponsored_post_url":"","sponsored_post_logo_enable":"0","sponsored_post_logo":"","sponsored_post_desc":"","disable_ad":"0"},"jnews_primary_category":{"id":"","hide":""},"jnews_social_meta":{"fb_title":"","fb_description":"","fb_image":"","twitter_title":"","twitter_description":"","twitter_image":""},"jnews_override_counter":{"override_view_counter":"0","view_counter_number":"0","override_share_counter":"0","share_counter_number":"0","override_like_counter":"0","like_counter_number":"0","override_dislike_counter":"0","dislike_counter_number":"0"},"footnotes":""},"categories":[14772],"tags":[10295,4455,1831,7813],"class_list":["post-56023","post","type-post","status-publish","format-video","has-post-thumbnail","hentry","category-video","tag-alessandro-podesta","tag-ernesto-diaz","tag-fernando-cortizo","tag-teatro-ducon","post_format-post-format-video"],"yoast_head":"<!-- This site is optimized with the Yoast SEO plugin v27.5 - https:\/\/yoast.com\/product\/yoast-seo-wordpress\/ -->\n<title>Viviendas - Cortizo, Podest\u00e1 y D\u00edaz en Teatro Ducon - Cooltivarte Portal<\/title>\n<meta name=\"description\" content=\"Fernando Cortizo - Guitarra Alessandro Podest\u00e1 - Voz Ernesto D\u00edaz - Percusi\u00f3n Teatro Ducon de Montevideo 29 de noviembre de 2019\" \/>\n<meta name=\"robots\" content=\"index, follow, max-snippet:-1, max-image-preview:large, max-video-preview:-1\" \/>\n<link rel=\"canonical\" href=\"https:\/\/cooltivarte.com\/portal\/viviendas-cortizo-podesta-y-diaz-en-teatro-ducon\/\" \/>\n<meta property=\"og:locale\" content=\"es_ES\" \/>\n<meta property=\"og:type\" content=\"article\" \/>\n<meta property=\"og:title\" content=\"Viviendas - Cortizo, Podest\u00e1 y D\u00edaz en Teatro Ducon - Cooltivarte Portal\" \/>\n<meta property=\"og:description\" content=\"Fernando Cortizo - Guitarra Alessandro Podest\u00e1 - Voz Ernesto D\u00edaz - Percusi\u00f3n Teatro Ducon de Montevideo 29 de noviembre de 2019\" \/>\n<meta property=\"og:url\" content=\"https:\/\/cooltivarte.com\/portal\/viviendas-cortizo-podesta-y-diaz-en-teatro-ducon\/\" \/>\n<meta property=\"og:site_name\" content=\"Cooltivarte Portal\" \/>\n<meta property=\"article:publisher\" content=\"https:\/\/www.facebook.com\/cooltivartecom\/\" \/>\n<meta property=\"article:author\" content=\"https:\/\/www.facebook.com\/servando.valero?fref=ts\" \/>\n<meta property=\"article:published_time\" content=\"2019-11-30T21:26:24+00:00\" \/>\n<meta property=\"article:modified_time\" content=\"2024-06-10T22:53:59+00:00\" \/>\n<meta property=\"og:image\" content=\"https:\/\/cooltivarte.com\/portal\/wp-content\/uploads\/2019\/11\/hqdefault-36.jpg\" \/>\n\t<meta property=\"og:image:width\" content=\"480\" \/>\n\t<meta property=\"og:image:height\" content=\"360\" \/>\n\t<meta property=\"og:image:type\" content=\"image\/jpeg\" \/>\n<meta name=\"author\" content=\"Servando Valero\" \/>\n<meta name=\"twitter:card\" content=\"summary_large_image\" \/>\n<meta name=\"twitter:creator\" content=\"@https:\/\/x.com\/obolocultural\" \/>\n<meta name=\"twitter:site\" content=\"@obolocultural\" \/>\n<meta name=\"twitter:label1\" content=\"Escrito por\" \/>\n\t<meta name=\"twitter:data1\" content=\"Servando Valero\" \/>\n\t<meta name=\"twitter:label2\" content=\"Tiempo de lectura\" \/>\n\t<meta name=\"twitter:data2\" content=\"1 minuto\" \/>\n<!-- \/ Yoast SEO plugin. -->","yoast_head_json":{"title":"Viviendas - Cortizo, Podest\u00e1 y D\u00edaz en Teatro Ducon - Cooltivarte Portal","description":"Fernando Cortizo - Guitarra Alessandro Podest\u00e1 - Voz Ernesto D\u00edaz - Percusi\u00f3n Teatro Ducon de Montevideo 29 de noviembre de 2019","robots":{"index":"index","follow":"follow","max-snippet":"max-snippet:-1","max-image-preview":"max-image-preview:large","max-video-preview":"max-video-preview:-1"},"canonical":"https:\/\/cooltivarte.com\/portal\/viviendas-cortizo-podesta-y-diaz-en-teatro-ducon\/","og_locale":"es_ES","og_type":"article","og_title":"Viviendas - Cortizo, Podest\u00e1 y D\u00edaz en Teatro Ducon - Cooltivarte Portal","og_description":"Fernando Cortizo - Guitarra Alessandro Podest\u00e1 - Voz Ernesto D\u00edaz - Percusi\u00f3n Teatro Ducon de Montevideo 29 de noviembre de 2019","og_url":"https:\/\/cooltivarte.com\/portal\/viviendas-cortizo-podesta-y-diaz-en-teatro-ducon\/","og_site_name":"Cooltivarte Portal","article_publisher":"https:\/\/www.facebook.com\/cooltivartecom\/","article_author":"https:\/\/www.facebook.com\/servando.valero?fref=ts","article_published_time":"2019-11-30T21:26:24+00:00","article_modified_time":"2024-06-10T22:53:59+00:00","og_image":[{"width":480,"height":360,"url":"https:\/\/cooltivarte.com\/portal\/wp-content\/uploads\/2019\/11\/hqdefault-36.jpg","type":"image\/jpeg"}],"author":"Servando Valero","twitter_card":"summary_large_image","twitter_creator":"@https:\/\/x.com\/obolocultural","twitter_site":"@obolocultural","twitter_misc":{"Escrito por":"Servando Valero","Tiempo de lectura":"1 minuto"},"schema":{"@context":"https:\/\/schema.org","@graph":[{"@type":"NewsArticle","@id":"https:\/\/cooltivarte.com\/portal\/viviendas-cortizo-podesta-y-diaz-en-teatro-ducon\/#article","isPartOf":{"@id":"https:\/\/cooltivarte.com\/portal\/viviendas-cortizo-podesta-y-diaz-en-teatro-ducon\/"},"author":{"name":"Servando Valero","@id":"https:\/\/cooltivarte.com\/portal\/#\/schema\/person\/a9c901ded8b890fe72d6c94e6e144121"},"headline":"Viviendas &#8211; Cortizo, Podest\u00e1 y D\u00edaz en Teatro Ducon","datePublished":"2019-11-30T21:26:24+00:00","dateModified":"2024-06-10T22:53:59+00:00","mainEntityOfPage":{"@id":"https:\/\/cooltivarte.com\/portal\/viviendas-cortizo-podesta-y-diaz-en-teatro-ducon\/"},"wordCount":33,"publisher":{"@id":"https:\/\/cooltivarte.com\/portal\/#organization"},"image":{"@id":"https:\/\/cooltivarte.com\/portal\/viviendas-cortizo-podesta-y-diaz-en-teatro-ducon\/#primaryimage"},"thumbnailUrl":"https:\/\/cooltivarte.com\/portal\/wp-content\/uploads\/2019\/11\/hqdefault-36.jpg","keywords":["Alessandro Podest\u00e1","Ernesto D\u00edaz","Fernando Cortizo","teatro DUCON"],"articleSection":["Video"],"inLanguage":"es-AR"},{"@type":"WebPage","@id":"https:\/\/cooltivarte.com\/portal\/viviendas-cortizo-podesta-y-diaz-en-teatro-ducon\/","url":"https:\/\/cooltivarte.com\/portal\/viviendas-cortizo-podesta-y-diaz-en-teatro-ducon\/","name":"Viviendas - Cortizo, Podest\u00e1 y D\u00edaz en Teatro Ducon - Cooltivarte Portal","isPartOf":{"@id":"https:\/\/cooltivarte.com\/portal\/#website"},"primaryImageOfPage":{"@id":"https:\/\/cooltivarte.com\/portal\/viviendas-cortizo-podesta-y-diaz-en-teatro-ducon\/#primaryimage"},"image":{"@id":"https:\/\/cooltivarte.com\/portal\/viviendas-cortizo-podesta-y-diaz-en-teatro-ducon\/#primaryimage"},"thumbnailUrl":"https:\/\/cooltivarte.com\/portal\/wp-content\/uploads\/2019\/11\/hqdefault-36.jpg","datePublished":"2019-11-30T21:26:24+00:00","dateModified":"2024-06-10T22:53:59+00:00","description":"Fernando Cortizo - Guitarra Alessandro Podest\u00e1 - Voz Ernesto D\u00edaz - Percusi\u00f3n Teatro Ducon de Montevideo 29 de noviembre de 2019","breadcrumb":{"@id":"https:\/\/cooltivarte.com\/portal\/viviendas-cortizo-podesta-y-diaz-en-teatro-ducon\/#breadcrumb"},"inLanguage":"es-AR","potentialAction":[{"@type":"ReadAction","target":["https:\/\/cooltivarte.com\/portal\/viviendas-cortizo-podesta-y-diaz-en-teatro-ducon\/"]}]},{"@type":"ImageObject","inLanguage":"es-AR","@id":"https:\/\/cooltivarte.com\/portal\/viviendas-cortizo-podesta-y-diaz-en-teatro-ducon\/#primaryimage","url":"https:\/\/cooltivarte.com\/portal\/wp-content\/uploads\/2019\/11\/hqdefault-36.jpg","contentUrl":"https:\/\/cooltivarte.com\/portal\/wp-content\/uploads\/2019\/11\/hqdefault-36.jpg","width":480,"height":360,"caption":"Fernando Cortizo - Guitarra Alessandro Podest\u00e1 - Voz Ernesto D\u00edaz - Percusi\u00f3n Teatro Ducon de Montevideo 29 de noviembre de 2019"},{"@type":"BreadcrumbList","@id":"https:\/\/cooltivarte.com\/portal\/viviendas-cortizo-podesta-y-diaz-en-teatro-ducon\/#breadcrumb","itemListElement":[{"@type":"ListItem","position":1,"name":"Portada","item":"https:\/\/cooltivarte.com\/portal\/"},{"@type":"ListItem","position":2,"name":"Viviendas &#8211; Cortizo, Podest\u00e1 y D\u00edaz en Teatro Ducon"}]},{"@type":"WebSite","@id":"https:\/\/cooltivarte.com\/portal\/#website","url":"https:\/\/cooltivarte.com\/portal\/","name":"Cooltivarte Portal","description":"Arte, cultura y turismo para el mundo ...","publisher":{"@id":"https:\/\/cooltivarte.com\/portal\/#organization"},"potentialAction":[{"@type":"SearchAction","target":{"@type":"EntryPoint","urlTemplate":"https:\/\/cooltivarte.com\/portal\/?s={search_term_string}"},"query-input":{"@type":"PropertyValueSpecification","valueRequired":true,"valueName":"search_term_string"}}],"inLanguage":"es-AR"},{"@type":"Organization","@id":"https:\/\/cooltivarte.com\/portal\/#organization","name":"cooltivarte","url":"https:\/\/cooltivarte.com\/portal\/","logo":{"@type":"ImageObject","inLanguage":"es-AR","@id":"https:\/\/cooltivarte.com\/portal\/#\/schema\/logo\/image\/","url":"https:\/\/cooltivarte.com\/portal\/wp-content\/uploads\/2020\/04\/logo-cooltivarte-v2.png","contentUrl":"https:\/\/cooltivarte.com\/portal\/wp-content\/uploads\/2020\/04\/logo-cooltivarte-v2.png","width":851,"height":243,"caption":"cooltivarte"},"image":{"@id":"https:\/\/cooltivarte.com\/portal\/#\/schema\/logo\/image\/"},"sameAs":["https:\/\/www.facebook.com\/cooltivartecom\/","https:\/\/x.com\/obolocultural","https:\/\/www.instagram.com\/_cooltivarte_\/","https:\/\/www.linkedin.com\/company\/-bolocultural?reportsuccess=8zaNG1HwhPbAR9iQhZ5rfGeqz_vQFftHun0ZWU0Wy9vNemRJ8vtcKdJvzQfW8XagyOJSKg0XvfJ1dp","https:\/\/www.pinterest.com\/cooltivarte\/","https:\/\/cooltivarte.tumblr.com\/","https:\/\/www.tiktok.com\/@cooltivarte","https:\/\/www.youtube.com\/@PrensaCooltivarte"]},{"@type":"Person","@id":"https:\/\/cooltivarte.com\/portal\/#\/schema\/person\/a9c901ded8b890fe72d6c94e6e144121","name":"Servando Valero","image":{"@type":"ImageObject","inLanguage":"es-AR","@id":"https:\/\/cooltivarte.com\/portal\/wp-content\/uploads\/2015\/01\/servando-valero-120x120.jpg","url":"https:\/\/cooltivarte.com\/portal\/wp-content\/uploads\/2015\/01\/servando-valero-120x120.jpg","contentUrl":"https:\/\/cooltivarte.com\/portal\/wp-content\/uploads\/2015\/01\/servando-valero-120x120.jpg","caption":"Servando Valero"},"description":"Nacido en 1979 Servando Valero ha trabajado en Maldonado en el diario Estediario y en la revista cultural Iscariote. Tambi\u00e9n colabor\u00f3 en el semanario Brecha de Montevideo. En el a\u00f1o 2000 realiz\u00f3 el curso b\u00e1sico de Fotograf\u00eda en el Foto Club Uruguayo (FCU) y en 2004 concurri\u00f3 al Taller de Fotorreportaje con el Prof. Daniel Caselli. En 2005 realiza una exposici\u00f3n individual en Casa de la Cultura de Maldonado. En 2007 participa de la exposici\u00f3n colectiva en el Museo Mazzoni (Maldonado). En 2008 tambi\u00e9n es part\u00edcipe de una exposici\u00f3n mixta junto al artista pl\u00e1stico Dar\u00edo Parissi en el XIII\u00ba Festival Internacional de Jazz de Punta del Este. En 2009 y 2010 expuso individualmente en el Museo Mazzoni de Maldonado.","sameAs":["http:\/\/uy.linkedin.com\/pub\/servando-valero\/50\/b19\/74","https:\/\/www.facebook.com\/servando.valero?fref=ts","https:\/\/www.instagram.com\/_cooltivarte_\/","https:\/\/www.linkedin.com\/company\/-bolocultural","https:\/\/www.pinterest.com\/cooltivarte","https:\/\/x.com\/https:\/\/x.com\/obolocultural","https:\/\/www.youtube.com\/channel\/UCnWqVnH5F8gszscFI0Fy1RA","https:\/\/www.tumblr.com\/blog\/cooltivarte"],"url":"https:\/\/cooltivarte.com\/portal\/author\/servando\/"}]}},"_links":{"self":[{"href":"https:\/\/cooltivarte.com\/portal\/wp-json\/wp\/v2\/posts\/56023","targetHints":{"allow":["GET"]}}],"collection":[{"href":"https:\/\/cooltivarte.com\/portal\/wp-json\/wp\/v2\/posts"}],"about":[{"href":"https:\/\/cooltivarte.com\/portal\/wp-json\/wp\/v2\/types\/post"}],"author":[{"embeddable":true,"href":"https:\/\/cooltivarte.com\/portal\/wp-json\/wp\/v2\/users\/41"}],"replies":[{"embeddable":true,"href":"https:\/\/cooltivarte.com\/portal\/wp-json\/wp\/v2\/comments?post=56023"}],"version-history":[{"count":3,"href":"https:\/\/cooltivarte.com\/portal\/wp-json\/wp\/v2\/posts\/56023\/revisions"}],"predecessor-version":[{"id":103651,"href":"https:\/\/cooltivarte.com\/portal\/wp-json\/wp\/v2\/posts\/56023\/revisions\/103651"}],"wp:featuredmedia":[{"embeddable":true,"href":"https:\/\/cooltivarte.com\/portal\/wp-json\/wp\/v2\/media\/56025"}],"wp:attachment":[{"href":"https:\/\/cooltivarte.com\/portal\/wp-json\/wp\/v2\/media?parent=56023"}],"wp:term":[{"taxonomy":"category","embeddable":true,"href":"https:\/\/cooltivarte.com\/portal\/wp-json\/wp\/v2\/categories?post=56023"},{"taxonomy":"post_tag","embeddable":true,"href":"https:\/\/cooltivarte.com\/portal\/wp-json\/wp\/v2\/tags?post=56023"}],"curies":[{"name":"wp","href":"https:\/\/api.w.org\/{rel}","templated":true}]}}