{"id":55692,"date":"2019-11-22T01:07:14","date_gmt":"2019-11-22T04:07:14","guid":{"rendered":"http:\/\/cooltivarte.com\/portal\/?p=55692"},"modified":"2023-10-28T14:15:43","modified_gmt":"2023-10-28T17:15:43","slug":"los-palos-x-hora-x-dia-x-mes-en-teatro-ducon","status":"publish","type":"post","link":"https:\/\/cooltivarte.com\/portal\/los-palos-x-hora-x-dia-x-mes-en-teatro-ducon\/","title":{"rendered":"LOS PALOS + X HORA X DIA X MES en Teatro Ducon"},"content":{"rendered":"<figure id=\"attachment_55693\" aria-describedby=\"caption-attachment-55693\" style=\"width: 1024px\" class=\"wp-caption aligncenter\"><img fetchpriority=\"high\" decoding=\"async\" class=\"wp-image-55693 size-full\" title=\"LOS PALOS + X HORA X DIA X MES en Teatro Ducon - Noviembre 2019 - Foto \u00a9 Federico Meneses www.cooltivarte.com\" src=\"https:\/\/cooltivarte.com\/portal\/wp-content\/uploads\/2019\/11\/LOS-PALOS-X-HORA-X-DIA-X-MES-en-Teatro-Ducon-Noviembre-2019-Foto-Federico-Meneses-www-cooltivarte-com.jpg\" alt=\"LOS PALOS + X HORA X DIA X MES en Teatro Ducon - Noviembre 2019 - Foto \u00a9 Federico Meneses www.cooltivarte.com\" width=\"1024\" height=\"684\" srcset=\"https:\/\/cooltivarte.com\/portal\/wp-content\/uploads\/2019\/11\/LOS-PALOS-X-HORA-X-DIA-X-MES-en-Teatro-Ducon-Noviembre-2019-Foto-Federico-Meneses-www-cooltivarte-com.jpg 1024w, https:\/\/cooltivarte.com\/portal\/wp-content\/uploads\/2019\/11\/LOS-PALOS-X-HORA-X-DIA-X-MES-en-Teatro-Ducon-Noviembre-2019-Foto-Federico-Meneses-www-cooltivarte-com-300x200.jpg 300w, https:\/\/cooltivarte.com\/portal\/wp-content\/uploads\/2019\/11\/LOS-PALOS-X-HORA-X-DIA-X-MES-en-Teatro-Ducon-Noviembre-2019-Foto-Federico-Meneses-www-cooltivarte-com-768x513.jpg 768w\" sizes=\"(max-width: 1024px) 100vw, 1024px\" \/><figcaption id=\"caption-attachment-55693\" class=\"wp-caption-text\">LOS PALOS + X HORA X DIA X MES en Teatro Ducon &#8211; Noviembre 2019 &#8211; Foto \u00a9 Federico Meneses www.cooltivarte.com<\/figcaption><\/figure>\n<p>&nbsp;<\/p>\n<p><a href=\"https:\/\/cooltivarte.com\/portal\/?s=LOS+PALOS\"><strong>LOS PALOS<\/strong><\/a>&nbsp;es el nuevo proyecto po\u00e9tico musical de&nbsp;<a href=\"https:\/\/cooltivarte.com\/portal\/?s=Nelson+Traba\"><strong>Nelson Traba<\/strong><\/a>&nbsp;(Campod\u00f3nico, I967) junto al guitarrista <strong>Juan Manuel Silva<\/strong>. El repertorio basado en el libro \u201c<em>Cuando est\u00e9 muerto<\/em>\u201d (editorial mental, 20I4) se completa en su decir con el pulsar de Silva entre citas a <strong>Nick Drake<\/strong>, vientos de frontera y golpes en la madera. <strong>LOS PALOS<\/strong> sucede a Los espectros, primer proyecto esc\u00e9nico de <strong>Nelson Traba<\/strong> con el que editaron el disco hom\u00f3nimo por editorial Yaugur\u00fa en 20I6.<\/p>\n<p>&nbsp;<\/p>\n<p><a href=\"https:\/\/cooltivarte.com\/portal\/?s=X+HORA+X+DIA+X+MES\"><strong>X HORA X DIA X MES<\/strong><\/a>&nbsp;es el viejo proyecto poema-canci\u00f3n de&nbsp;<a href=\"https:\/\/martinbareamattos.wixsite.com\/mbm-poeta\" target=\"_blank\" rel=\"noopener\"><strong>Mart\u00edn Barea Mattos<\/strong><\/a>&nbsp;(Montevideo, I978) junto al guitarrista <a href=\"https:\/\/cooltivarte.com\/portal\/?s=Facundo+Fern%C3%A1ndez+Luna\"><strong>Facundo Fern\u00e1ndez Luna<\/strong><\/a>. El repertorio basado en los libros \u201c<em>Por hora por d\u00eda por mes<\/em>\u201d (Estuario, 2008) y \u201c<a href=\"https:\/\/cooltivarte.com\/portal\/?s=Made+in+China\"><em>Made in China<\/em><\/a>\u201d (Estuario, 20I6) fresa con la guitarra espa\u00f1ola de Fern\u00e1ndez Luna, los paisajes urbanos entre milonga, tango, bossa y rock, pelando la calavera donde: \u201ctu sonrisa es la m\u00eda\u201d.<br \/>\n<strong>X HORA X DIA X MES<\/strong> en d\u00fao retorna sin presentaciones desde 20I7.<\/p>\n<p>&nbsp;<\/p>\n<h3><a href=\"https:\/\/www.facebook.com\/media\/set\/?set=a.2583036025076628&amp;type=3\" target=\"_blank\" rel=\"noopener\">Ir a la fotogaler\u00eda<\/a><\/h3>\n<p><iframe style=\"border: none; overflow: hidden;\" src=\"https:\/\/www.facebook.com\/plugins\/post.php?href=https%3A%2F%2Fwww.facebook.com%2Fmedia%2Fset%2F%3Fset%3Da.2583036025076628%26type%3D3&amp;width=100%\" width=\"100%\" height=\"669\" frameborder=\"0\" scrolling=\"no\"><\/iframe><br \/>\n&nbsp;<br \/>\n&nbsp;<br \/>\n&nbsp;<\/p>\n<p>&nbsp;<\/p>\n<p>&nbsp;<\/p>\n<p><strong>LOS PALOS + X HORA X DIA X MES<\/strong><br \/>\n<strong>JUEVES 2I noviembre de 2019<\/strong><br \/>\nCruce de poetas y guitarras<br \/>\nacorde alambrado,<br \/>\nparking a cielo abierto<\/p>\n<p>&nbsp;<\/p>\n<p>&nbsp;<\/p>\n<p>&nbsp;<\/p>\n","protected":false},"excerpt":{"rendered":"<p>&nbsp; LOS PALOS&nbsp;es el nuevo proyecto po\u00e9tico musical de&nbsp;Nelson Traba&nbsp;(Campod\u00f3nico, I967) junto al guitarrista Juan Manuel Silva. El repertorio basado en el libro \u201cCuando est\u00e9 muerto\u201d (editorial mental, 20I4) se completa en su decir con el pulsar de Silva entre citas a Nick Drake, vientos de frontera y golpes en la madera. LOS PALOS sucede [&hellip;]<\/p>\n","protected":false},"author":2,"featured_media":55693,"comment_status":"closed","ping_status":"closed","sticky":false,"template":"","format":"standard","meta":{"om_disable_all_campaigns":false,"ngg_post_thumbnail":0,"jnews-multi-image_gallery":[],"jnews_single_post":{"subtitle":"Nelson Traba - Mart\u00edn Barea Mattos","format":"standard","video":"","gallery":"","source_name":"","source_url":"","via_name":"","via_url":"","override_template":"0","override":[{"template":"4","single_blog_custom":"","parallax":"1","fullscreen":"0","layout":"right-sidebar","sidebar":"default-sidebar","second_sidebar":"default-sidebar","sticky_sidebar":"1","share_position":"bottom","share_float_style":"share-monocrhome","show_share_counter":"1","show_view_counter":"1","show_featured":"1","show_post_meta":"1","show_post_author":"1","show_post_author_image":"1","show_post_date":"1","post_date_format":"default","post_date_format_custom":"Y\/m\/d","show_post_category":"1","show_post_reading_time":"0","post_reading_time_wpm":"300","show_zoom_button":"0","zoom_button_out_step":"2","zoom_button_in_step":"3","show_post_tag":"1","show_prev_next_post":"1","show_popup_post":"1","number_popup_post":"1","show_author_box":"1","show_post_related":"0","show_inline_post_related":"0"}],"override_image_size":"0","image_override":[{"single_post_thumbnail_size":"no-crop","single_post_gallery_size":"crop-500"}],"trending_post":"0","trending_post_position":"meta","trending_post_label":"Trending","sponsored_post":"0","sponsored_post_label":"Sponsored by","sponsored_post_name":"","sponsored_post_url":"","sponsored_post_logo_enable":"0","sponsored_post_logo":"","sponsored_post_desc":"","disable_ad":"0"},"jnews_primary_category":{"id":"","hide":""},"jnews_social_meta":{"fb_title":"","fb_description":"","fb_image":"","twitter_title":"","twitter_description":"","twitter_image":""},"jnews_override_counter":{"override_view_counter":"0","view_counter_number":"0","override_share_counter":"0","share_counter_number":"0","override_like_counter":"0","like_counter_number":"0","override_dislike_counter":"0","dislike_counter_number":"0"},"footnotes":""},"categories":[4573],"tags":[6851,5474,10145,1591,2921,8490],"class_list":["post-55692","post","type-post","status-publish","format-standard","has-post-thumbnail","hentry","category-cobertura-sensible","tag-facundo-fernandez-luna","tag-juan-manuel-silva","tag-los-palos","tag-martin-barea-mattos","tag-nelson-traba","tag-x-hora-x-dia-x-mes"],"yoast_head":"<!-- This site is optimized with the Yoast SEO plugin v27.5 - https:\/\/yoast.com\/product\/yoast-seo-wordpress\/ -->\n<title>LOS PALOS + X HORA X DIA X MES en Teatro Ducon - Cooltivarte Portal<\/title>\n<meta name=\"description\" content=\"LOS PALOS\u00a0es el nuevo proyecto po\u00e9tico musical de\u00a0Nelson Traba\u00a0(Campod\u00f3nico, I967) junto al guitarrista Juan Manuel Silva. X HORA X DIA X MES\u00a0es el viejo proyecto poema-canci\u00f3n de\u00a0Mart\u00edn Barea Mattos\u00a0(Montevideo, I978) junto al guitarrista Facundo Fern\u00e1ndez Luna.\" \/>\n<meta name=\"robots\" content=\"index, follow, max-snippet:-1, max-image-preview:large, max-video-preview:-1\" \/>\n<link rel=\"canonical\" href=\"https:\/\/cooltivarte.com\/portal\/los-palos-x-hora-x-dia-x-mes-en-teatro-ducon\/\" \/>\n<meta property=\"og:locale\" content=\"es_ES\" \/>\n<meta property=\"og:type\" content=\"article\" \/>\n<meta property=\"og:title\" content=\"LOS PALOS + X HORA X DIA X MES en Teatro Ducon - Nelson Traba - Mart\u00edn Barea Mattos\" \/>\n<meta property=\"og:description\" content=\"LOS PALOS\u00a0es el nuevo proyecto po\u00e9tico musical de\u00a0Nelson Traba\u00a0(Campod\u00f3nico, I967) junto al guitarrista Juan Manuel Silva. X HORA X DIA X MES\u00a0es el viejo proyecto poema-canci\u00f3n de\u00a0Mart\u00edn Barea Mattos\u00a0(Montevideo, I978) junto al guitarrista Facundo Fern\u00e1ndez Luna.\" \/>\n<meta property=\"og:url\" content=\"https:\/\/cooltivarte.com\/portal\/los-palos-x-hora-x-dia-x-mes-en-teatro-ducon\/\" \/>\n<meta property=\"og:site_name\" content=\"Cooltivarte Portal\" \/>\n<meta property=\"article:publisher\" content=\"https:\/\/www.facebook.com\/cooltivartecom\/\" \/>\n<meta property=\"article:author\" content=\"https:\/\/www.facebook.com\/cooltivartecom\" \/>\n<meta property=\"article:published_time\" content=\"2019-11-22T04:07:14+00:00\" \/>\n<meta property=\"article:modified_time\" content=\"2023-10-28T17:15:43+00:00\" \/>\n<meta property=\"og:image\" content=\"https:\/\/cooltivarte.com\/portal\/wp-content\/uploads\/2019\/11\/LOS-PALOS-X-HORA-X-DIA-X-MES-en-Teatro-Ducon-Noviembre-2019-Foto-Federico-Meneses-www-cooltivarte-com.jpg\" \/>\n\t<meta property=\"og:image:width\" content=\"1024\" \/>\n\t<meta property=\"og:image:height\" content=\"684\" \/>\n\t<meta property=\"og:image:type\" content=\"image\/jpeg\" \/>\n<meta name=\"author\" content=\"Federico Meneses\" \/>\n<meta name=\"twitter:card\" content=\"summary_large_image\" \/>\n<meta name=\"twitter:title\" content=\"LOS PALOS + X HORA X DIA X MES en Teatro Ducon - Nelson Traba - Mart\u00edn Barea Mattos\" \/>\n<meta name=\"twitter:description\" content=\"LOS PALOS\u00a0es el nuevo proyecto po\u00e9tico musical de\u00a0Nelson Traba\u00a0(Campod\u00f3nico, I967) junto al guitarrista Juan Manuel Silva. X HORA X DIA X MES\u00a0es el viejo proyecto poema-canci\u00f3n de\u00a0Mart\u00edn Barea Mattos\u00a0(Montevideo, I978) junto al guitarrista Facundo Fern\u00e1ndez Luna.\" \/>\n<meta name=\"twitter:image\" content=\"https:\/\/cooltivarte.com\/portal\/wp-content\/uploads\/2019\/11\/LOS-PALOS-X-HORA-X-DIA-X-MES-en-Teatro-Ducon-Noviembre-2019-Foto-Federico-Meneses-www-cooltivarte-com.jpg\" \/>\n<meta name=\"twitter:creator\" content=\"@https:\/\/x.com\/obolocultural\" \/>\n<meta name=\"twitter:site\" content=\"@obolocultural\" \/>\n<meta name=\"twitter:label1\" content=\"Escrito por\" \/>\n\t<meta name=\"twitter:data1\" content=\"Federico Meneses\" \/>\n\t<meta name=\"twitter:label2\" content=\"Tiempo de lectura\" \/>\n\t<meta name=\"twitter:data2\" content=\"1 minuto\" \/>\n<!-- \/ Yoast SEO plugin. -->","yoast_head_json":{"title":"LOS PALOS + X HORA X DIA X MES en Teatro Ducon - Cooltivarte Portal","description":"LOS PALOS\u00a0es el nuevo proyecto po\u00e9tico musical de\u00a0Nelson Traba\u00a0(Campod\u00f3nico, I967) junto al guitarrista Juan Manuel Silva. X HORA X DIA X MES\u00a0es el viejo proyecto poema-canci\u00f3n de\u00a0Mart\u00edn Barea Mattos\u00a0(Montevideo, I978) junto al guitarrista Facundo Fern\u00e1ndez Luna.","robots":{"index":"index","follow":"follow","max-snippet":"max-snippet:-1","max-image-preview":"max-image-preview:large","max-video-preview":"max-video-preview:-1"},"canonical":"https:\/\/cooltivarte.com\/portal\/los-palos-x-hora-x-dia-x-mes-en-teatro-ducon\/","og_locale":"es_ES","og_type":"article","og_title":"LOS PALOS + X HORA X DIA X MES en Teatro Ducon - Nelson Traba - Mart\u00edn Barea Mattos","og_description":"LOS PALOS\u00a0es el nuevo proyecto po\u00e9tico musical de\u00a0Nelson Traba\u00a0(Campod\u00f3nico, I967) junto al guitarrista Juan Manuel Silva. X HORA X DIA X MES\u00a0es el viejo proyecto poema-canci\u00f3n de\u00a0Mart\u00edn Barea Mattos\u00a0(Montevideo, I978) junto al guitarrista Facundo Fern\u00e1ndez Luna.","og_url":"https:\/\/cooltivarte.com\/portal\/los-palos-x-hora-x-dia-x-mes-en-teatro-ducon\/","og_site_name":"Cooltivarte Portal","article_publisher":"https:\/\/www.facebook.com\/cooltivartecom\/","article_author":"https:\/\/www.facebook.com\/cooltivartecom","article_published_time":"2019-11-22T04:07:14+00:00","article_modified_time":"2023-10-28T17:15:43+00:00","og_image":[{"width":1024,"height":684,"url":"https:\/\/cooltivarte.com\/portal\/wp-content\/uploads\/2019\/11\/LOS-PALOS-X-HORA-X-DIA-X-MES-en-Teatro-Ducon-Noviembre-2019-Foto-Federico-Meneses-www-cooltivarte-com.jpg","type":"image\/jpeg"}],"author":"Federico Meneses","twitter_card":"summary_large_image","twitter_title":"LOS PALOS + X HORA X DIA X MES en Teatro Ducon - Nelson Traba - Mart\u00edn Barea Mattos","twitter_description":"LOS PALOS\u00a0es el nuevo proyecto po\u00e9tico musical de\u00a0Nelson Traba\u00a0(Campod\u00f3nico, I967) junto al guitarrista Juan Manuel Silva. X HORA X DIA X MES\u00a0es el viejo proyecto poema-canci\u00f3n de\u00a0Mart\u00edn Barea Mattos\u00a0(Montevideo, I978) junto al guitarrista Facundo Fern\u00e1ndez Luna.","twitter_image":"https:\/\/cooltivarte.com\/portal\/wp-content\/uploads\/2019\/11\/LOS-PALOS-X-HORA-X-DIA-X-MES-en-Teatro-Ducon-Noviembre-2019-Foto-Federico-Meneses-www-cooltivarte-com.jpg","twitter_creator":"@https:\/\/x.com\/obolocultural","twitter_site":"@obolocultural","twitter_misc":{"Escrito por":"Federico Meneses","Tiempo de lectura":"1 minuto"},"schema":{"@context":"https:\/\/schema.org","@graph":[{"@type":"NewsArticle","@id":"https:\/\/cooltivarte.com\/portal\/los-palos-x-hora-x-dia-x-mes-en-teatro-ducon\/#article","isPartOf":{"@id":"https:\/\/cooltivarte.com\/portal\/los-palos-x-hora-x-dia-x-mes-en-teatro-ducon\/"},"author":{"name":"Federico Meneses","@id":"https:\/\/cooltivarte.com\/portal\/#\/schema\/person\/595d82e8e62fb72a20bd97959bd7d18f"},"headline":"LOS PALOS + X HORA X DIA X MES en Teatro Ducon","datePublished":"2019-11-22T04:07:14+00:00","dateModified":"2023-10-28T17:15:43+00:00","mainEntityOfPage":{"@id":"https:\/\/cooltivarte.com\/portal\/los-palos-x-hora-x-dia-x-mes-en-teatro-ducon\/"},"wordCount":254,"publisher":{"@id":"https:\/\/cooltivarte.com\/portal\/#organization"},"image":{"@id":"https:\/\/cooltivarte.com\/portal\/los-palos-x-hora-x-dia-x-mes-en-teatro-ducon\/#primaryimage"},"thumbnailUrl":"https:\/\/cooltivarte.com\/portal\/wp-content\/uploads\/2019\/11\/LOS-PALOS-X-HORA-X-DIA-X-MES-en-Teatro-Ducon-Noviembre-2019-Foto-Federico-Meneses-www-cooltivarte-com.jpg","keywords":["Facundo Fern\u00e1ndez Luna","Juan Manuel Silva","LOS PALOS","Mart\u00cdn Barea Mattos","NELSON TRABA","X HORA X DIA X MES"],"articleSection":["Muestra Sensible"],"inLanguage":"es-AR"},{"@type":"WebPage","@id":"https:\/\/cooltivarte.com\/portal\/los-palos-x-hora-x-dia-x-mes-en-teatro-ducon\/","url":"https:\/\/cooltivarte.com\/portal\/los-palos-x-hora-x-dia-x-mes-en-teatro-ducon\/","name":"LOS PALOS + X HORA X DIA X MES en Teatro Ducon - Cooltivarte Portal","isPartOf":{"@id":"https:\/\/cooltivarte.com\/portal\/#website"},"primaryImageOfPage":{"@id":"https:\/\/cooltivarte.com\/portal\/los-palos-x-hora-x-dia-x-mes-en-teatro-ducon\/#primaryimage"},"image":{"@id":"https:\/\/cooltivarte.com\/portal\/los-palos-x-hora-x-dia-x-mes-en-teatro-ducon\/#primaryimage"},"thumbnailUrl":"https:\/\/cooltivarte.com\/portal\/wp-content\/uploads\/2019\/11\/LOS-PALOS-X-HORA-X-DIA-X-MES-en-Teatro-Ducon-Noviembre-2019-Foto-Federico-Meneses-www-cooltivarte-com.jpg","datePublished":"2019-11-22T04:07:14+00:00","dateModified":"2023-10-28T17:15:43+00:00","description":"LOS PALOS\u00a0es el nuevo proyecto po\u00e9tico musical de\u00a0Nelson Traba\u00a0(Campod\u00f3nico, I967) junto al guitarrista Juan Manuel Silva. X HORA X DIA X MES\u00a0es el viejo proyecto poema-canci\u00f3n de\u00a0Mart\u00edn Barea Mattos\u00a0(Montevideo, I978) junto al guitarrista Facundo Fern\u00e1ndez Luna.","breadcrumb":{"@id":"https:\/\/cooltivarte.com\/portal\/los-palos-x-hora-x-dia-x-mes-en-teatro-ducon\/#breadcrumb"},"inLanguage":"es-AR","potentialAction":[{"@type":"ReadAction","target":["https:\/\/cooltivarte.com\/portal\/los-palos-x-hora-x-dia-x-mes-en-teatro-ducon\/"]}]},{"@type":"ImageObject","inLanguage":"es-AR","@id":"https:\/\/cooltivarte.com\/portal\/los-palos-x-hora-x-dia-x-mes-en-teatro-ducon\/#primaryimage","url":"https:\/\/cooltivarte.com\/portal\/wp-content\/uploads\/2019\/11\/LOS-PALOS-X-HORA-X-DIA-X-MES-en-Teatro-Ducon-Noviembre-2019-Foto-Federico-Meneses-www-cooltivarte-com.jpg","contentUrl":"https:\/\/cooltivarte.com\/portal\/wp-content\/uploads\/2019\/11\/LOS-PALOS-X-HORA-X-DIA-X-MES-en-Teatro-Ducon-Noviembre-2019-Foto-Federico-Meneses-www-cooltivarte-com.jpg","width":1024,"height":684,"caption":"LOS PALOS + X HORA X DIA X MES en Teatro Ducon - Noviembre 2019 - Foto \u00a9 Federico Meneses www.cooltivarte.com"},{"@type":"BreadcrumbList","@id":"https:\/\/cooltivarte.com\/portal\/los-palos-x-hora-x-dia-x-mes-en-teatro-ducon\/#breadcrumb","itemListElement":[{"@type":"ListItem","position":1,"name":"Portada","item":"https:\/\/cooltivarte.com\/portal\/"},{"@type":"ListItem","position":2,"name":"LOS PALOS + X HORA X DIA X MES en Teatro Ducon"}]},{"@type":"WebSite","@id":"https:\/\/cooltivarte.com\/portal\/#website","url":"https:\/\/cooltivarte.com\/portal\/","name":"Cooltivarte Portal","description":"Arte, cultura y turismo para el mundo ...","publisher":{"@id":"https:\/\/cooltivarte.com\/portal\/#organization"},"potentialAction":[{"@type":"SearchAction","target":{"@type":"EntryPoint","urlTemplate":"https:\/\/cooltivarte.com\/portal\/?s={search_term_string}"},"query-input":{"@type":"PropertyValueSpecification","valueRequired":true,"valueName":"search_term_string"}}],"inLanguage":"es-AR"},{"@type":"Organization","@id":"https:\/\/cooltivarte.com\/portal\/#organization","name":"cooltivarte","url":"https:\/\/cooltivarte.com\/portal\/","logo":{"@type":"ImageObject","inLanguage":"es-AR","@id":"https:\/\/cooltivarte.com\/portal\/#\/schema\/logo\/image\/","url":"https:\/\/cooltivarte.com\/portal\/wp-content\/uploads\/2020\/04\/logo-cooltivarte-v2.png","contentUrl":"https:\/\/cooltivarte.com\/portal\/wp-content\/uploads\/2020\/04\/logo-cooltivarte-v2.png","width":851,"height":243,"caption":"cooltivarte"},"image":{"@id":"https:\/\/cooltivarte.com\/portal\/#\/schema\/logo\/image\/"},"sameAs":["https:\/\/www.facebook.com\/cooltivartecom\/","https:\/\/x.com\/obolocultural","https:\/\/www.instagram.com\/_cooltivarte_\/","https:\/\/www.linkedin.com\/company\/-bolocultural?reportsuccess=8zaNG1HwhPbAR9iQhZ5rfGeqz_vQFftHun0ZWU0Wy9vNemRJ8vtcKdJvzQfW8XagyOJSKg0XvfJ1dp","https:\/\/www.pinterest.com\/cooltivarte\/","https:\/\/cooltivarte.tumblr.com\/","https:\/\/www.tiktok.com\/@cooltivarte","https:\/\/www.youtube.com\/@PrensaCooltivarte"]},{"@type":"Person","@id":"https:\/\/cooltivarte.com\/portal\/#\/schema\/person\/595d82e8e62fb72a20bd97959bd7d18f","name":"Federico Meneses","image":{"@type":"ImageObject","inLanguage":"es-AR","@id":"https:\/\/cooltivarte.com\/portal\/wp-content\/uploads\/2019\/08\/FEDERICO-120x120.jpg","url":"https:\/\/cooltivarte.com\/portal\/wp-content\/uploads\/2019\/08\/FEDERICO-120x120.jpg","contentUrl":"https:\/\/cooltivarte.com\/portal\/wp-content\/uploads\/2019\/08\/FEDERICO-120x120.jpg","caption":"Federico Meneses"},"description":"Por el 2003 surge la idea de armar un bolet\u00edn electr\u00f3nico \"\u00f3bolo cultural\" para difundir eventos que poco se sab\u00edan. Con el surgimiento de las redes sociales el bolet\u00edn deja de tener su efecto y nace www.cooltivarte.com A fines del 2010 invito asociarse como co-director a Mauricio Conde, junto a todos los amigos colaboradores que se sumaron a la idea de aportar un granito de arena a nuestra cultura potenciando los eventos y dando m\u00e1s valor al conocer a los artistas mediante entrevistas, art\u00edculos de opini\u00f3n, an\u00e1lisis, reflexi\u00f3n y cr\u00edtica. Cooltivarte est\u00e1 presente en el medio local comunicando las noticias, cr\u00edticas, opiniones y entrevistas, tratando de generar un valor cultural conociendo de cerca a los protagonistas, generando una conciencia colectiva y sensibilidad para este r\u00e1pido diario vivir.","sameAs":["https:\/\/www.cooltivarte.com","https:\/\/www.facebook.com\/cooltivartecom","https:\/\/www.instagram.com\/_cooltivarte_\/","https:\/\/www.linkedin.com\/in\/federicomeneses\/","https:\/\/www.pinterest.com\/cooltivarte\/","https:\/\/x.com\/https:\/\/x.com\/obolocultural","https:\/\/www.youtube.com\/@PrensaCooltivarte","https:\/\/www.tumblr.com\/blog\/cooltivarte"],"url":"https:\/\/cooltivarte.com\/portal\/author\/federico\/"}]}},"_links":{"self":[{"href":"https:\/\/cooltivarte.com\/portal\/wp-json\/wp\/v2\/posts\/55692","targetHints":{"allow":["GET"]}}],"collection":[{"href":"https:\/\/cooltivarte.com\/portal\/wp-json\/wp\/v2\/posts"}],"about":[{"href":"https:\/\/cooltivarte.com\/portal\/wp-json\/wp\/v2\/types\/post"}],"author":[{"embeddable":true,"href":"https:\/\/cooltivarte.com\/portal\/wp-json\/wp\/v2\/users\/2"}],"replies":[{"embeddable":true,"href":"https:\/\/cooltivarte.com\/portal\/wp-json\/wp\/v2\/comments?post=55692"}],"version-history":[{"count":4,"href":"https:\/\/cooltivarte.com\/portal\/wp-json\/wp\/v2\/posts\/55692\/revisions"}],"predecessor-version":[{"id":94868,"href":"https:\/\/cooltivarte.com\/portal\/wp-json\/wp\/v2\/posts\/55692\/revisions\/94868"}],"wp:featuredmedia":[{"embeddable":true,"href":"https:\/\/cooltivarte.com\/portal\/wp-json\/wp\/v2\/media\/55693"}],"wp:attachment":[{"href":"https:\/\/cooltivarte.com\/portal\/wp-json\/wp\/v2\/media?parent=55692"}],"wp:term":[{"taxonomy":"category","embeddable":true,"href":"https:\/\/cooltivarte.com\/portal\/wp-json\/wp\/v2\/categories?post=55692"},{"taxonomy":"post_tag","embeddable":true,"href":"https:\/\/cooltivarte.com\/portal\/wp-json\/wp\/v2\/tags?post=55692"}],"curies":[{"name":"wp","href":"https:\/\/api.w.org\/{rel}","templated":true}]}}