{"id":55447,"date":"2019-11-19T03:33:27","date_gmt":"2019-11-19T06:33:27","guid":{"rendered":"http:\/\/cooltivarte.com\/portal\/?p=55447"},"modified":"2019-11-19T03:39:19","modified_gmt":"2019-11-19T06:39:19","slug":"bruto-dan-en-la-balzo-el-2711","status":"publish","type":"post","link":"https:\/\/cooltivarte.com\/portal\/bruto-dan-en-la-balzo-el-2711\/","title":{"rendered":"Bruto Dan en la Balzo el 27\/11."},"content":{"rendered":"<p>Lleg\u00f3 la hora. Desp\u00faes de tanto esperar, tenemos la oportunidad de escuchar en vivo, el nuevo material Bruto Dan.<\/p>\n<p>A puro rock and roll este power trio tiene su fecha esperada. Se presentan en una sala divina como es la Hugo Balzo del auditorio del Sodre.La cita es el pr\u00f3ximo 27 de noviembre a las 20:30. La banda integrada por<strong>: <\/strong>Diego Cusano (bajo y voz) &#8211; Mato Bello (guitarra y coros) &#8211; Diego Fischer (bater\u00eda y coros) tienen pronto su material. Luego de varios Ep, de pelearla durante seis a\u00f1os a base de distorci\u00f2n y tocando por toda la ciudad, llegan a buen puerto con un nuevo disco, &#8220;Bruto Dan&#8221; 2019. Las entradas por Tickantel y en la sala, a 250$. Rock en su estado natural, duro, guitarrero y de base potente. Un oportunidad para no perderse. Busquen en las redes el nuevo video y los EP anteriores. Para ir haciendo boca. Nos vemos el 27\/11 en la Balzo.<\/p>\n<p>&nbsp;<\/p>\n<p>Bruto Dan- Sala Hugo Balzo &#8211; Montevideo 27 de noviembre 2019 &#8211; Foto : Afiche promocional.<\/p>\n<p>&nbsp;<\/p>\n<p>&nbsp;<\/p>\n<p>&nbsp;<\/p>\n<p>A<\/p>\n","protected":false},"excerpt":{"rendered":"<p>Lleg\u00f3 la hora. Desp\u00faes de tanto esperar, tenemos la oportunidad de escuchar en vivo, el nuevo material Bruto Dan. A puro rock and roll este power trio tiene su fecha esperada. Se presentan en una sala divina como es la Hugo Balzo del auditorio del Sodre.La cita es el pr\u00f3ximo 27 de noviembre a las [&hellip;]<\/p>\n","protected":false},"author":55,"featured_media":55448,"comment_status":"closed","ping_status":"closed","sticky":false,"template":"","format":"standard","meta":{"om_disable_all_campaigns":false,"ngg_post_thumbnail":0,"jnews-multi-image_gallery":[],"jnews_single_post":[],"jnews_primary_category":[],"jnews_social_meta":[],"jnews_override_counter":[],"footnotes":""},"categories":[3394],"tags":[],"class_list":["post-55447","post","type-post","status-publish","format-standard","has-post-thumbnail","hentry","category-eventos"],"yoast_head":"<!-- This site is optimized with the Yoast SEO plugin v27.5 - https:\/\/yoast.com\/product\/yoast-seo-wordpress\/ -->\n<title>Bruto Dan en la Balzo el 27\/11. - Cooltivarte Portal<\/title>\n<meta name=\"description\" content=\"COOLTIVARTE.COM es un portal digital colaborativo de actualizaci\u00f3n permanente dedicado a difundir el acontecer art\u00edstico y cultural, entrevista artistas, gestores y productores de las diferentes disciplinas del arte, y publicando art\u00edculos de reflexi\u00f3n de producci\u00f3n propia sobre los elementos culturales.\" \/>\n<meta name=\"robots\" content=\"index, follow, max-snippet:-1, max-image-preview:large, max-video-preview:-1\" \/>\n<link rel=\"canonical\" href=\"https:\/\/cooltivarte.com\/portal\/bruto-dan-en-la-balzo-el-2711\/\" \/>\n<meta property=\"og:locale\" content=\"es_ES\" \/>\n<meta property=\"og:type\" content=\"article\" \/>\n<meta property=\"og:title\" content=\"Bruto Dan en la Balzo el 27\/11. - Cooltivarte Portal\" \/>\n<meta property=\"og:description\" content=\"COOLTIVARTE.COM es un portal digital colaborativo de actualizaci\u00f3n permanente dedicado a difundir el acontecer art\u00edstico y cultural, entrevista artistas, gestores y productores de las diferentes disciplinas del arte, y publicando art\u00edculos de reflexi\u00f3n de producci\u00f3n propia sobre los elementos culturales.\" \/>\n<meta property=\"og:url\" content=\"https:\/\/cooltivarte.com\/portal\/bruto-dan-en-la-balzo-el-2711\/\" \/>\n<meta property=\"og:site_name\" content=\"Cooltivarte Portal\" \/>\n<meta property=\"article:publisher\" content=\"https:\/\/www.facebook.com\/cooltivartecom\/\" \/>\n<meta property=\"article:author\" content=\"https:\/\/www.facebook.com\/cooltivartecom\" \/>\n<meta property=\"article:published_time\" content=\"2019-11-19T06:33:27+00:00\" \/>\n<meta property=\"article:modified_time\" content=\"2019-11-19T06:39:19+00:00\" \/>\n<meta property=\"og:image\" content=\"https:\/\/cooltivarte.com\/portal\/wp-content\/uploads\/2019\/11\/Bruto-DAn.jpg\" \/>\n\t<meta property=\"og:image:width\" content=\"1270\" \/>\n\t<meta property=\"og:image:height\" content=\"1604\" \/>\n\t<meta property=\"og:image:type\" content=\"image\/jpeg\" \/>\n<meta name=\"author\" content=\"Fino Sosa\" \/>\n<meta name=\"twitter:card\" content=\"summary_large_image\" \/>\n<meta name=\"twitter:creator\" content=\"@https:\/\/x.com\/obolocultural\" \/>\n<meta name=\"twitter:site\" content=\"@obolocultural\" \/>\n<meta name=\"twitter:label1\" content=\"Escrito por\" \/>\n\t<meta name=\"twitter:data1\" content=\"Fino Sosa\" \/>\n\t<meta name=\"twitter:label2\" content=\"Tiempo de lectura\" \/>\n\t<meta name=\"twitter:data2\" content=\"1 minuto\" \/>\n<!-- \/ Yoast SEO plugin. -->","yoast_head_json":{"title":"Bruto Dan en la Balzo el 27\/11. - Cooltivarte Portal","description":"COOLTIVARTE.COM es un portal digital colaborativo de actualizaci\u00f3n permanente dedicado a difundir el acontecer art\u00edstico y cultural, entrevista artistas, gestores y productores de las diferentes disciplinas del arte, y publicando art\u00edculos de reflexi\u00f3n de producci\u00f3n propia sobre los elementos culturales.","robots":{"index":"index","follow":"follow","max-snippet":"max-snippet:-1","max-image-preview":"max-image-preview:large","max-video-preview":"max-video-preview:-1"},"canonical":"https:\/\/cooltivarte.com\/portal\/bruto-dan-en-la-balzo-el-2711\/","og_locale":"es_ES","og_type":"article","og_title":"Bruto Dan en la Balzo el 27\/11. - Cooltivarte Portal","og_description":"COOLTIVARTE.COM es un portal digital colaborativo de actualizaci\u00f3n permanente dedicado a difundir el acontecer art\u00edstico y cultural, entrevista artistas, gestores y productores de las diferentes disciplinas del arte, y publicando art\u00edculos de reflexi\u00f3n de producci\u00f3n propia sobre los elementos culturales.","og_url":"https:\/\/cooltivarte.com\/portal\/bruto-dan-en-la-balzo-el-2711\/","og_site_name":"Cooltivarte Portal","article_publisher":"https:\/\/www.facebook.com\/cooltivartecom\/","article_author":"https:\/\/www.facebook.com\/cooltivartecom","article_published_time":"2019-11-19T06:33:27+00:00","article_modified_time":"2019-11-19T06:39:19+00:00","og_image":[{"width":1270,"height":1604,"url":"https:\/\/cooltivarte.com\/portal\/wp-content\/uploads\/2019\/11\/Bruto-DAn.jpg","type":"image\/jpeg"}],"author":"Fino Sosa","twitter_card":"summary_large_image","twitter_creator":"@https:\/\/x.com\/obolocultural","twitter_site":"@obolocultural","twitter_misc":{"Escrito por":"Fino Sosa","Tiempo de lectura":"1 minuto"},"schema":{"@context":"https:\/\/schema.org","@graph":[{"@type":"NewsArticle","@id":"https:\/\/cooltivarte.com\/portal\/bruto-dan-en-la-balzo-el-2711\/#article","isPartOf":{"@id":"https:\/\/cooltivarte.com\/portal\/bruto-dan-en-la-balzo-el-2711\/"},"author":{"name":"Fino Sosa","@id":"https:\/\/cooltivarte.com\/portal\/#\/schema\/person\/8ff2065e9734771828981dd329720f29"},"headline":"Bruto Dan en la Balzo el 27\/11.","datePublished":"2019-11-19T06:33:27+00:00","dateModified":"2019-11-19T06:39:19+00:00","mainEntityOfPage":{"@id":"https:\/\/cooltivarte.com\/portal\/bruto-dan-en-la-balzo-el-2711\/"},"wordCount":184,"publisher":{"@id":"https:\/\/cooltivarte.com\/portal\/#organization"},"image":{"@id":"https:\/\/cooltivarte.com\/portal\/bruto-dan-en-la-balzo-el-2711\/#primaryimage"},"thumbnailUrl":"https:\/\/cooltivarte.com\/portal\/wp-content\/uploads\/2019\/11\/Bruto-DAn.jpg","articleSection":["Eventos"],"inLanguage":"es-AR"},{"@type":"WebPage","@id":"https:\/\/cooltivarte.com\/portal\/bruto-dan-en-la-balzo-el-2711\/","url":"https:\/\/cooltivarte.com\/portal\/bruto-dan-en-la-balzo-el-2711\/","name":"Bruto Dan en la Balzo el 27\/11. - Cooltivarte Portal","isPartOf":{"@id":"https:\/\/cooltivarte.com\/portal\/#website"},"primaryImageOfPage":{"@id":"https:\/\/cooltivarte.com\/portal\/bruto-dan-en-la-balzo-el-2711\/#primaryimage"},"image":{"@id":"https:\/\/cooltivarte.com\/portal\/bruto-dan-en-la-balzo-el-2711\/#primaryimage"},"thumbnailUrl":"https:\/\/cooltivarte.com\/portal\/wp-content\/uploads\/2019\/11\/Bruto-DAn.jpg","datePublished":"2019-11-19T06:33:27+00:00","dateModified":"2019-11-19T06:39:19+00:00","description":"COOLTIVARTE.COM es un portal digital colaborativo de actualizaci\u00f3n permanente dedicado a difundir el acontecer art\u00edstico y cultural, entrevista artistas, gestores y productores de las diferentes disciplinas del arte, y publicando art\u00edculos de reflexi\u00f3n de producci\u00f3n propia sobre los elementos culturales.","breadcrumb":{"@id":"https:\/\/cooltivarte.com\/portal\/bruto-dan-en-la-balzo-el-2711\/#breadcrumb"},"inLanguage":"es-AR","potentialAction":[{"@type":"ReadAction","target":["https:\/\/cooltivarte.com\/portal\/bruto-dan-en-la-balzo-el-2711\/"]}]},{"@type":"ImageObject","inLanguage":"es-AR","@id":"https:\/\/cooltivarte.com\/portal\/bruto-dan-en-la-balzo-el-2711\/#primaryimage","url":"https:\/\/cooltivarte.com\/portal\/wp-content\/uploads\/2019\/11\/Bruto-DAn.jpg","contentUrl":"https:\/\/cooltivarte.com\/portal\/wp-content\/uploads\/2019\/11\/Bruto-DAn.jpg","width":1270,"height":1604},{"@type":"BreadcrumbList","@id":"https:\/\/cooltivarte.com\/portal\/bruto-dan-en-la-balzo-el-2711\/#breadcrumb","itemListElement":[{"@type":"ListItem","position":1,"name":"Portada","item":"https:\/\/cooltivarte.com\/portal\/"},{"@type":"ListItem","position":2,"name":"Bruto Dan en la Balzo el 27\/11."}]},{"@type":"WebSite","@id":"https:\/\/cooltivarte.com\/portal\/#website","url":"https:\/\/cooltivarte.com\/portal\/","name":"Cooltivarte Portal","description":"Arte, cultura y turismo para el mundo ...","publisher":{"@id":"https:\/\/cooltivarte.com\/portal\/#organization"},"potentialAction":[{"@type":"SearchAction","target":{"@type":"EntryPoint","urlTemplate":"https:\/\/cooltivarte.com\/portal\/?s={search_term_string}"},"query-input":{"@type":"PropertyValueSpecification","valueRequired":true,"valueName":"search_term_string"}}],"inLanguage":"es-AR"},{"@type":"Organization","@id":"https:\/\/cooltivarte.com\/portal\/#organization","name":"cooltivarte","url":"https:\/\/cooltivarte.com\/portal\/","logo":{"@type":"ImageObject","inLanguage":"es-AR","@id":"https:\/\/cooltivarte.com\/portal\/#\/schema\/logo\/image\/","url":"https:\/\/cooltivarte.com\/portal\/wp-content\/uploads\/2020\/04\/logo-cooltivarte-v2.png","contentUrl":"https:\/\/cooltivarte.com\/portal\/wp-content\/uploads\/2020\/04\/logo-cooltivarte-v2.png","width":851,"height":243,"caption":"cooltivarte"},"image":{"@id":"https:\/\/cooltivarte.com\/portal\/#\/schema\/logo\/image\/"},"sameAs":["https:\/\/www.facebook.com\/cooltivartecom\/","https:\/\/x.com\/obolocultural","https:\/\/www.instagram.com\/_cooltivarte_\/","https:\/\/www.linkedin.com\/company\/-bolocultural?reportsuccess=8zaNG1HwhPbAR9iQhZ5rfGeqz_vQFftHun0ZWU0Wy9vNemRJ8vtcKdJvzQfW8XagyOJSKg0XvfJ1dp","https:\/\/www.pinterest.com\/cooltivarte\/","https:\/\/cooltivarte.tumblr.com\/","https:\/\/www.tiktok.com\/@cooltivarte","https:\/\/www.youtube.com\/@PrensaCooltivarte"]},{"@type":"Person","@id":"https:\/\/cooltivarte.com\/portal\/#\/schema\/person\/8ff2065e9734771828981dd329720f29","name":"Fino Sosa","image":{"@type":"ImageObject","inLanguage":"es-AR","@id":"https:\/\/cooltivarte.com\/portal\/wp-content\/uploads\/2024\/06\/Screenshot_2024-04-13-00-31-57-150_com.whatsapp2-120x120.jpg","url":"https:\/\/cooltivarte.com\/portal\/wp-content\/uploads\/2024\/06\/Screenshot_2024-04-13-00-31-57-150_com.whatsapp2-120x120.jpg","contentUrl":"https:\/\/cooltivarte.com\/portal\/wp-content\/uploads\/2024\/06\/Screenshot_2024-04-13-00-31-57-150_com.whatsapp2-120x120.jpg","caption":"Fino Sosa"},"description":"Adri\u00e1n \"fino\" Sosa: Montevideano. Lector, mel\u00f3mano, \"escribidor\". Desde 1985 a 1991 coordino-edit\u00f3 diversas revistas alternativas y artesanales: Atr\u00e1s de todo, Culos de botellas y Perro Andaluz, donde se divulgaba poes\u00eda, dibujos, arte callejero y m\u00fasica: el nervio bajo la aparente inactividad de esos a\u00f1os. Public\u00f2, tambi\u00e9n, de forma artesanal libros de muy mala poes\u00eda y de distribuci\u00f3n gratuita: \"El Grito\", \"Lobos en la Buhardilla\", \"Lo que qued\u00f3 all\u00e1 arriba \" y \" Cuadernos Mojados\". Edit\u00f3 en coautoria el libro de relatos \"El Gen de la Bestia\". En el 2024 edit\u00f3 \"Mil Bares\" libro de cuentos cortos. Lleva adelante el blog \"Papeles Mojados\".","sameAs":["https:\/\/lucesdelacity.blogspot.com\/","https:\/\/www.facebook.com\/cooltivartecom","https:\/\/www.instagram.com\/_cooltivarte_\/","https:\/\/www.linkedin.com\/company\/-bolocultural","https:\/\/www.pinterest.com\/cooltivarte","https:\/\/x.com\/https:\/\/x.com\/obolocultural","https:\/\/www.youtube.com\/@PrensaCooltivarte","https:\/\/www.tumblr.com\/blog\/cooltivarte"],"url":"https:\/\/cooltivarte.com\/portal\/author\/fino-sosa\/"}]}},"_links":{"self":[{"href":"https:\/\/cooltivarte.com\/portal\/wp-json\/wp\/v2\/posts\/55447","targetHints":{"allow":["GET"]}}],"collection":[{"href":"https:\/\/cooltivarte.com\/portal\/wp-json\/wp\/v2\/posts"}],"about":[{"href":"https:\/\/cooltivarte.com\/portal\/wp-json\/wp\/v2\/types\/post"}],"author":[{"embeddable":true,"href":"https:\/\/cooltivarte.com\/portal\/wp-json\/wp\/v2\/users\/55"}],"replies":[{"embeddable":true,"href":"https:\/\/cooltivarte.com\/portal\/wp-json\/wp\/v2\/comments?post=55447"}],"version-history":[{"count":6,"href":"https:\/\/cooltivarte.com\/portal\/wp-json\/wp\/v2\/posts\/55447\/revisions"}],"predecessor-version":[{"id":55454,"href":"https:\/\/cooltivarte.com\/portal\/wp-json\/wp\/v2\/posts\/55447\/revisions\/55454"}],"wp:featuredmedia":[{"embeddable":true,"href":"https:\/\/cooltivarte.com\/portal\/wp-json\/wp\/v2\/media\/55448"}],"wp:attachment":[{"href":"https:\/\/cooltivarte.com\/portal\/wp-json\/wp\/v2\/media?parent=55447"}],"wp:term":[{"taxonomy":"category","embeddable":true,"href":"https:\/\/cooltivarte.com\/portal\/wp-json\/wp\/v2\/categories?post=55447"},{"taxonomy":"post_tag","embeddable":true,"href":"https:\/\/cooltivarte.com\/portal\/wp-json\/wp\/v2\/tags?post=55447"}],"curies":[{"name":"wp","href":"https:\/\/api.w.org\/{rel}","templated":true}]}}