{"id":55254,"date":"2019-11-12T09:07:52","date_gmt":"2019-11-12T12:07:52","guid":{"rendered":"http:\/\/cooltivarte.com\/portal\/?p=55254"},"modified":"2019-11-22T09:26:06","modified_gmt":"2019-11-22T12:26:06","slug":"los-palos-x-hora-x-dia-x-mes","status":"publish","type":"post","link":"https:\/\/cooltivarte.com\/portal\/los-palos-x-hora-x-dia-x-mes\/","title":{"rendered":"LOS PALOS + X HORA X DIA X MES"},"content":{"rendered":"<p><strong>LOS PALOS + X HORA X DIA X MES<\/strong><br \/>\n<strong> JUEVES 2I de noviembre, 2I horas<\/strong><br \/>\n<strong> en Teatro DUCON (Durazno y Convenci\u00f3n)<\/strong><br \/>\n<strong> Entradas $300<\/strong><\/p>\n<p>&nbsp;<\/p>\n<div class=\"jeg_video_container jeg_video_content\"><iframe title=\"Los Palos - Cuando est\u00e9 muerto\" width=\"500\" height=\"375\" src=\"https:\/\/www.youtube.com\/embed\/C3YwblmBlVc?feature=oembed\" frameborder=\"0\" allow=\"accelerometer; autoplay; clipboard-write; encrypted-media; gyroscope; picture-in-picture; web-share\" referrerpolicy=\"strict-origin-when-cross-origin\" allowfullscreen><\/iframe><\/div>\n<p><strong>LOS PALOS<\/strong> es el nuevo proyecto po\u00e9tico musical de <strong>Nelson Traba<\/strong> (Campod\u00f3nico, I967) junto al guitarrista Juan Manuel Silva. El repertorio basado en el libro \u201cCuando est\u00e9 muerto\u201d (editorial mental, 20I4) se completa en su decir con el pulsar de Silva entre citas a Nick Drake, vientos de frontera y golpes en la madera. LOS PALOS sucede a Los espectros, primer proyecto esc\u00e9nico de Nelson Traba con el que editaron el disco hom\u00f3nimo por editorial Yaugur\u00fa en 20I6.<\/p>\n<p>&nbsp;<\/p>\n<p><iframe src=\"https:\/\/www.youtube.com\/embed\/zbQcaRVFk8A\" allowfullscreen=\"allowfullscreen\" width=\"560\" height=\"315\" frameborder=\"0\"><\/iframe><\/p>\n<p>&nbsp;<\/p>\n<p><strong>X HORA X DIA X MES<\/strong> es el viejo proyecto poema-canci\u00f3n de <a href=\"https:\/\/martinbareamattos.wixsite.com\/mbm-poeta\" target=\"_blank\" rel=\"noopener\"><strong>Mart\u00edn Barea Mattos<\/strong><\/a> (Montevideo, I978) junto al guitarrista Facundo Fern\u00e1ndez Luna. El repertorio basado en los libros \u201cPor hora por d\u00eda por mes\u201d (Estuario, 2008) y \u201cMade in China\u201d (Estuario, 20I6) fresa con la guitarra espa\u00f1ola de Fern\u00e1ndez Luna, los paisajes urbanos entre milonga, tango, bossa y rock, pelando la calavera donde: \u201ctu sonrisa es la m\u00eda\u201d.<br \/>\nX HORA X DIA X MES en d\u00fao retorna sin presentaciones desde 20I7.<\/p>\n<p><strong>LOS PALOS + X HORA X DIA X MES<\/strong><br \/>\n<strong> JUEVES 2I nov 2I horas<\/strong><br \/>\nCruce de poetas y guitarras<br \/>\nacorde alambrado,<br \/>\nparking a cielo abierto<\/p>\n<p>Fotos: Ary Bromiguer &amp; Dani<\/p>\n<p>&nbsp;<\/p>\n<p>&nbsp;<\/p>\n","protected":false},"excerpt":{"rendered":"<p>LOS PALOS + X HORA X DIA X MES JUEVES 2I de noviembre, 2I horas en Teatro DUCON (Durazno y Convenci\u00f3n) Entradas $300 &nbsp; LOS PALOS es el nuevo proyecto po\u00e9tico musical de Nelson Traba (Campod\u00f3nico, I967) junto al guitarrista Juan Manuel Silva. El repertorio basado en el libro \u201cCuando est\u00e9 muerto\u201d (editorial mental, 20I4) [&hellip;]<\/p>\n","protected":false},"author":8,"featured_media":55255,"comment_status":"closed","ping_status":"closed","sticky":false,"template":"","format":"standard","meta":{"om_disable_all_campaigns":false,"ngg_post_thumbnail":0,"jnews-multi-image_gallery":[],"jnews_single_post":[],"jnews_primary_category":[],"jnews_social_meta":[],"jnews_override_counter":[],"footnotes":""},"categories":[3394],"tags":[10145,1591,2921,8490],"class_list":["post-55254","post","type-post","status-publish","format-standard","has-post-thumbnail","hentry","category-eventos","tag-los-palos","tag-martin-barea-mattos","tag-nelson-traba","tag-x-hora-x-dia-x-mes"],"yoast_head":"<!-- This site is optimized with the Yoast SEO plugin v27.5 - https:\/\/yoast.com\/product\/yoast-seo-wordpress\/ -->\n<title>LOS PALOS + X HORA X DIA X MES - Cooltivarte Portal<\/title>\n<meta name=\"description\" content=\"COOLTIVARTE.COM es un portal digital colaborativo de actualizaci\u00f3n permanente dedicado a difundir el acontecer art\u00edstico y cultural, entrevista artistas, gestores y productores de las diferentes disciplinas del arte, y publicando art\u00edculos de reflexi\u00f3n de producci\u00f3n propia sobre los elementos culturales.\" \/>\n<meta name=\"robots\" content=\"index, follow, max-snippet:-1, max-image-preview:large, max-video-preview:-1\" \/>\n<link rel=\"canonical\" href=\"https:\/\/cooltivarte.com\/portal\/los-palos-x-hora-x-dia-x-mes\/\" \/>\n<meta property=\"og:locale\" content=\"es_ES\" \/>\n<meta property=\"og:type\" content=\"article\" \/>\n<meta property=\"og:title\" content=\"LOS PALOS + X HORA X DIA X MES - Cooltivarte Portal\" \/>\n<meta property=\"og:description\" content=\"COOLTIVARTE.COM es un portal digital colaborativo de actualizaci\u00f3n permanente dedicado a difundir el acontecer art\u00edstico y cultural, entrevista artistas, gestores y productores de las diferentes disciplinas del arte, y publicando art\u00edculos de reflexi\u00f3n de producci\u00f3n propia sobre los elementos culturales.\" \/>\n<meta property=\"og:url\" content=\"https:\/\/cooltivarte.com\/portal\/los-palos-x-hora-x-dia-x-mes\/\" \/>\n<meta property=\"og:site_name\" content=\"Cooltivarte Portal\" \/>\n<meta property=\"article:publisher\" content=\"https:\/\/www.facebook.com\/cooltivartecom\/\" \/>\n<meta property=\"article:author\" content=\"https:\/\/www.facebook.com\/cooltivartecom\" \/>\n<meta property=\"article:published_time\" content=\"2019-11-12T12:07:52+00:00\" \/>\n<meta property=\"article:modified_time\" content=\"2019-11-22T12:26:06+00:00\" \/>\n<meta property=\"og:image\" content=\"https:\/\/cooltivarte.com\/portal\/wp-content\/uploads\/2019\/11\/lospalosxhora.jpg\" \/>\n\t<meta property=\"og:image:width\" content=\"1024\" \/>\n\t<meta property=\"og:image:height\" content=\"1023\" \/>\n\t<meta property=\"og:image:type\" content=\"image\/jpeg\" \/>\n<meta name=\"author\" content=\"Cooltivarte\" \/>\n<meta name=\"twitter:card\" content=\"summary_large_image\" \/>\n<meta name=\"twitter:creator\" content=\"@https:\/\/x.com\/obolocultural\" \/>\n<meta name=\"twitter:site\" content=\"@obolocultural\" \/>\n<meta name=\"twitter:label1\" content=\"Escrito por\" \/>\n\t<meta name=\"twitter:data1\" content=\"Cooltivarte\" \/>\n\t<meta name=\"twitter:label2\" content=\"Tiempo de lectura\" \/>\n\t<meta name=\"twitter:data2\" content=\"1 minuto\" \/>\n<!-- \/ Yoast SEO plugin. -->","yoast_head_json":{"title":"LOS PALOS + X HORA X DIA X MES - Cooltivarte Portal","description":"COOLTIVARTE.COM es un portal digital colaborativo de actualizaci\u00f3n permanente dedicado a difundir el acontecer art\u00edstico y cultural, entrevista artistas, gestores y productores de las diferentes disciplinas del arte, y publicando art\u00edculos de reflexi\u00f3n de producci\u00f3n propia sobre los elementos culturales.","robots":{"index":"index","follow":"follow","max-snippet":"max-snippet:-1","max-image-preview":"max-image-preview:large","max-video-preview":"max-video-preview:-1"},"canonical":"https:\/\/cooltivarte.com\/portal\/los-palos-x-hora-x-dia-x-mes\/","og_locale":"es_ES","og_type":"article","og_title":"LOS PALOS + X HORA X DIA X MES - Cooltivarte Portal","og_description":"COOLTIVARTE.COM es un portal digital colaborativo de actualizaci\u00f3n permanente dedicado a difundir el acontecer art\u00edstico y cultural, entrevista artistas, gestores y productores de las diferentes disciplinas del arte, y publicando art\u00edculos de reflexi\u00f3n de producci\u00f3n propia sobre los elementos culturales.","og_url":"https:\/\/cooltivarte.com\/portal\/los-palos-x-hora-x-dia-x-mes\/","og_site_name":"Cooltivarte Portal","article_publisher":"https:\/\/www.facebook.com\/cooltivartecom\/","article_author":"https:\/\/www.facebook.com\/cooltivartecom","article_published_time":"2019-11-12T12:07:52+00:00","article_modified_time":"2019-11-22T12:26:06+00:00","og_image":[{"width":1024,"height":1023,"url":"https:\/\/cooltivarte.com\/portal\/wp-content\/uploads\/2019\/11\/lospalosxhora.jpg","type":"image\/jpeg"}],"author":"Cooltivarte","twitter_card":"summary_large_image","twitter_creator":"@https:\/\/x.com\/obolocultural","twitter_site":"@obolocultural","twitter_misc":{"Escrito por":"Cooltivarte","Tiempo de lectura":"1 minuto"},"schema":{"@context":"https:\/\/schema.org","@graph":[{"@type":"NewsArticle","@id":"https:\/\/cooltivarte.com\/portal\/los-palos-x-hora-x-dia-x-mes\/#article","isPartOf":{"@id":"https:\/\/cooltivarte.com\/portal\/los-palos-x-hora-x-dia-x-mes\/"},"author":{"name":"Cooltivarte","@id":"https:\/\/cooltivarte.com\/portal\/#\/schema\/person\/ec2a4f4e71b740d0c559c0ab9a157e19"},"headline":"LOS PALOS + X HORA X DIA X MES","datePublished":"2019-11-12T12:07:52+00:00","dateModified":"2019-11-22T12:26:06+00:00","mainEntityOfPage":{"@id":"https:\/\/cooltivarte.com\/portal\/los-palos-x-hora-x-dia-x-mes\/"},"wordCount":240,"publisher":{"@id":"https:\/\/cooltivarte.com\/portal\/#organization"},"image":{"@id":"https:\/\/cooltivarte.com\/portal\/los-palos-x-hora-x-dia-x-mes\/#primaryimage"},"thumbnailUrl":"https:\/\/cooltivarte.com\/portal\/wp-content\/uploads\/2019\/11\/lospalosxhora.jpg","keywords":["LOS PALOS","Mart\u00cdn Barea Mattos","NELSON TRABA","X HORA X DIA X MES"],"articleSection":["Eventos"],"inLanguage":"es-AR"},{"@type":"WebPage","@id":"https:\/\/cooltivarte.com\/portal\/los-palos-x-hora-x-dia-x-mes\/","url":"https:\/\/cooltivarte.com\/portal\/los-palos-x-hora-x-dia-x-mes\/","name":"LOS PALOS + X HORA X DIA X MES - Cooltivarte Portal","isPartOf":{"@id":"https:\/\/cooltivarte.com\/portal\/#website"},"primaryImageOfPage":{"@id":"https:\/\/cooltivarte.com\/portal\/los-palos-x-hora-x-dia-x-mes\/#primaryimage"},"image":{"@id":"https:\/\/cooltivarte.com\/portal\/los-palos-x-hora-x-dia-x-mes\/#primaryimage"},"thumbnailUrl":"https:\/\/cooltivarte.com\/portal\/wp-content\/uploads\/2019\/11\/lospalosxhora.jpg","datePublished":"2019-11-12T12:07:52+00:00","dateModified":"2019-11-22T12:26:06+00:00","description":"COOLTIVARTE.COM es un portal digital colaborativo de actualizaci\u00f3n permanente dedicado a difundir el acontecer art\u00edstico y cultural, entrevista artistas, gestores y productores de las diferentes disciplinas del arte, y publicando art\u00edculos de reflexi\u00f3n de producci\u00f3n propia sobre los elementos culturales.","breadcrumb":{"@id":"https:\/\/cooltivarte.com\/portal\/los-palos-x-hora-x-dia-x-mes\/#breadcrumb"},"inLanguage":"es-AR","potentialAction":[{"@type":"ReadAction","target":["https:\/\/cooltivarte.com\/portal\/los-palos-x-hora-x-dia-x-mes\/"]}]},{"@type":"ImageObject","inLanguage":"es-AR","@id":"https:\/\/cooltivarte.com\/portal\/los-palos-x-hora-x-dia-x-mes\/#primaryimage","url":"https:\/\/cooltivarte.com\/portal\/wp-content\/uploads\/2019\/11\/lospalosxhora.jpg","contentUrl":"https:\/\/cooltivarte.com\/portal\/wp-content\/uploads\/2019\/11\/lospalosxhora.jpg","width":1024,"height":1023,"caption":"LOS PALOS + X HORA X DIA X MES"},{"@type":"BreadcrumbList","@id":"https:\/\/cooltivarte.com\/portal\/los-palos-x-hora-x-dia-x-mes\/#breadcrumb","itemListElement":[{"@type":"ListItem","position":1,"name":"Portada","item":"https:\/\/cooltivarte.com\/portal\/"},{"@type":"ListItem","position":2,"name":"LOS PALOS + X HORA X DIA X MES"}]},{"@type":"WebSite","@id":"https:\/\/cooltivarte.com\/portal\/#website","url":"https:\/\/cooltivarte.com\/portal\/","name":"Cooltivarte Portal","description":"Arte, cultura y turismo para el mundo ...","publisher":{"@id":"https:\/\/cooltivarte.com\/portal\/#organization"},"potentialAction":[{"@type":"SearchAction","target":{"@type":"EntryPoint","urlTemplate":"https:\/\/cooltivarte.com\/portal\/?s={search_term_string}"},"query-input":{"@type":"PropertyValueSpecification","valueRequired":true,"valueName":"search_term_string"}}],"inLanguage":"es-AR"},{"@type":"Organization","@id":"https:\/\/cooltivarte.com\/portal\/#organization","name":"cooltivarte","url":"https:\/\/cooltivarte.com\/portal\/","logo":{"@type":"ImageObject","inLanguage":"es-AR","@id":"https:\/\/cooltivarte.com\/portal\/#\/schema\/logo\/image\/","url":"https:\/\/cooltivarte.com\/portal\/wp-content\/uploads\/2020\/04\/logo-cooltivarte-v2.png","contentUrl":"https:\/\/cooltivarte.com\/portal\/wp-content\/uploads\/2020\/04\/logo-cooltivarte-v2.png","width":851,"height":243,"caption":"cooltivarte"},"image":{"@id":"https:\/\/cooltivarte.com\/portal\/#\/schema\/logo\/image\/"},"sameAs":["https:\/\/www.facebook.com\/cooltivartecom\/","https:\/\/x.com\/obolocultural","https:\/\/www.instagram.com\/_cooltivarte_\/","https:\/\/www.linkedin.com\/company\/-bolocultural?reportsuccess=8zaNG1HwhPbAR9iQhZ5rfGeqz_vQFftHun0ZWU0Wy9vNemRJ8vtcKdJvzQfW8XagyOJSKg0XvfJ1dp","https:\/\/www.pinterest.com\/cooltivarte\/","https:\/\/cooltivarte.tumblr.com\/","https:\/\/www.tiktok.com\/@cooltivarte","https:\/\/www.youtube.com\/@PrensaCooltivarte"]},{"@type":"Person","@id":"https:\/\/cooltivarte.com\/portal\/#\/schema\/person\/ec2a4f4e71b740d0c559c0ab9a157e19","name":"Cooltivarte","image":{"@type":"ImageObject","inLanguage":"es-AR","@id":"https:\/\/cooltivarte.com\/portal\/wp-content\/uploads\/2014\/05\/logo-cooltivarte-120x120.jpg","url":"https:\/\/cooltivarte.com\/portal\/wp-content\/uploads\/2014\/05\/logo-cooltivarte-120x120.jpg","contentUrl":"https:\/\/cooltivarte.com\/portal\/wp-content\/uploads\/2014\/05\/logo-cooltivarte-120x120.jpg","caption":"Cooltivarte"},"description":"Somos COOLTIVARTE.COM. Un portal digital dedicado a difundir el acontecer art\u00edstico y cultural del Uruguay. Estamos en la vuelta desde el a\u00f1o 2003, y como evoluci\u00f3n del bolet\u00edn Obolo Cultural, nos encontramos abocados a apoyar a los artistas nacionales brind\u00e1ndoles un espacio de difusi\u00f3n. Creemos en la idea de utilizar la potencialidad que hoy d\u00eda nos otorga la web, para que la cultura uruguaya y sus creadores dispongan de una din\u00e1mica ventana, que los ponga en contacto entre s\u00ed y con el mundo. Somos COOLTIVARTE.COM y pretendemos configurarnos como un portal din\u00e1mico, entretenido y atento a los nuevos emprendimientos, que busque siempre la interacci\u00f3n con los artistas.","sameAs":["http:\/\/www.cooltivarte.com","https:\/\/www.facebook.com\/cooltivartecom","https:\/\/www.instagram.com\/_cooltivarte_\/","https:\/\/www.linkedin.com\/company\/-bolocultural","https:\/\/www.pinterest.com\/cooltivarte\/","https:\/\/x.com\/https:\/\/x.com\/obolocultural","https:\/\/www.youtube.com\/@PrensaCooltivarte","https:\/\/www.tumblr.com\/blog\/cooltivarte"],"url":"https:\/\/cooltivarte.com\/portal\/author\/cooltivarte\/"}]}},"_links":{"self":[{"href":"https:\/\/cooltivarte.com\/portal\/wp-json\/wp\/v2\/posts\/55254","targetHints":{"allow":["GET"]}}],"collection":[{"href":"https:\/\/cooltivarte.com\/portal\/wp-json\/wp\/v2\/posts"}],"about":[{"href":"https:\/\/cooltivarte.com\/portal\/wp-json\/wp\/v2\/types\/post"}],"author":[{"embeddable":true,"href":"https:\/\/cooltivarte.com\/portal\/wp-json\/wp\/v2\/users\/8"}],"replies":[{"embeddable":true,"href":"https:\/\/cooltivarte.com\/portal\/wp-json\/wp\/v2\/comments?post=55254"}],"version-history":[{"count":2,"href":"https:\/\/cooltivarte.com\/portal\/wp-json\/wp\/v2\/posts\/55254\/revisions"}],"predecessor-version":[{"id":55257,"href":"https:\/\/cooltivarte.com\/portal\/wp-json\/wp\/v2\/posts\/55254\/revisions\/55257"}],"wp:featuredmedia":[{"embeddable":true,"href":"https:\/\/cooltivarte.com\/portal\/wp-json\/wp\/v2\/media\/55255"}],"wp:attachment":[{"href":"https:\/\/cooltivarte.com\/portal\/wp-json\/wp\/v2\/media?parent=55254"}],"wp:term":[{"taxonomy":"category","embeddable":true,"href":"https:\/\/cooltivarte.com\/portal\/wp-json\/wp\/v2\/categories?post=55254"},{"taxonomy":"post_tag","embeddable":true,"href":"https:\/\/cooltivarte.com\/portal\/wp-json\/wp\/v2\/tags?post=55254"}],"curies":[{"name":"wp","href":"https:\/\/api.w.org\/{rel}","templated":true}]}}