{"id":54994,"date":"2019-11-01T11:39:58","date_gmt":"2019-11-01T14:39:58","guid":{"rendered":"http:\/\/cooltivarte.com\/portal\/?p=54994"},"modified":"2023-08-30T11:00:51","modified_gmt":"2023-08-30T14:00:51","slug":"romina-pintura-muralismo-social","status":"publish","type":"post","link":"https:\/\/cooltivarte.com\/portal\/romina-pintura-muralismo-social\/","title":{"rendered":"ROMINA + PINTURA + MURALISMO SOCIAL"},"content":{"rendered":"<figure id=\"attachment_55005\" aria-describedby=\"caption-attachment-55005\" style=\"width: 650px\" class=\"wp-caption aligncenter\"><img fetchpriority=\"high\" decoding=\"async\" class=\"wp-image-55005 size-full\" title=\"Romina Romanelli\" src=\"https:\/\/cooltivarte.com\/portal\/wp-content\/uploads\/2019\/11\/Romina-Romanelli.jpeg\" alt=\"Romina Romanelli\" width=\"650\" height=\"974\" srcset=\"https:\/\/cooltivarte.com\/portal\/wp-content\/uploads\/2019\/11\/Romina-Romanelli.jpeg 650w, https:\/\/cooltivarte.com\/portal\/wp-content\/uploads\/2019\/11\/Romina-Romanelli-200x300.jpeg 200w\" sizes=\"(max-width: 650px) 100vw, 650px\" \/><figcaption id=\"caption-attachment-55005\" class=\"wp-caption-text\">Romina Romanelli<\/figcaption><\/figure>\r\n<p>&nbsp;<\/p>\r\n<p>Noviembre 2019<\/p>\r\n<h2>&#8220;Me motiva la misi\u00f3n que uno tiene&#8230; me motiva descubrir esa misi\u00f3n y entregarme a ella, saber que somos una herramienta para algo m\u00e1s grande, que va m\u00e1s all\u00e1 de uno mismo y sus intereses personales. Me motiva ayudar, hacer el cambio que pueda en el mundo y encontrar a otros en el mismo camino.&#8221;<\/h2>\r\n<p><a href=\"https:\/\/www.instagram.com\/rom_rominaromanelli\/\" target=\"_blank\" rel=\"noopener\"><strong>Romina Romanelli <\/strong><\/a><span style=\"font-family: Arial, sans-serif;\"><span style=\"font-size: medium;\">es una artista uruguaya que ha vivido unos a\u00f1os en M\u00e9xico. Su obra consiste principalmente en pintura y mural, pero se ha animado a desarrollarse en otras artes como escultura, m\u00fasica, instalaci\u00f3n, performance, narrativa y poes\u00eda. Desde chica descubri\u00f3 su inter\u00e9s por la pintura pero m\u00e1s all\u00e1 de ser una vocaci\u00f3n personal \u201csent\u00ed que era una herramienta que no solamente es hacer algo lindo sino que es \u00fatil para sacar algo de adentro y mandar mensajes a los dem\u00e1s, hacia uno mismo, y exteriorizar muchas cosas a trav\u00e9s de eso. Y quer\u00eda conectarme con m\u00e1s gente que estuviera haciendo lo mismo. Entr\u00e9 a Bellas Artes con esa intenci\u00f3n.\u201d<\/span><\/span><\/p>\r\n<p><span style=\"font-family: Arial, sans-serif;\"><span style=\"font-size: medium;\">Si bien su trabajo con enfoque social comenz\u00f3 en eventos peque\u00f1os en plazas y barrios perif\u00e9ricos de Montevideo como La Teja, Pe\u00f1arol y El Cerro, fue en Dolores, ciudad uruguaya azotada por dos tornados en 2016 cuando el muralismo social pas\u00f3 a una escala mayor, en el evento \u00a8Pint\u00f3 Dolores\u201d. \u201cMe invitaron a una convocatoria durante los tornados con cerca de 80 artistas, hubo que poner m\u00e1s transporte por toda la gente que quer\u00eda ir e incluso no dieron abasto y pintamos todo el pueblo: m\u00e1s de 60 murales, la gente muy conmovida, muy agradecida, nos hicieron un concierto al final con sus propios m\u00fasicos. Yo termin\u00e9 haciendo la m\u00fasica para el video de ese evento. Sab\u00eda que iban a recibirlo bien, pero no sab\u00eda que as\u00ed. Nos ven\u00edan a buscar, nos dec\u00edan cosas hermosas, nos llevaban a pasear, nos tra\u00edan caf\u00e9, no era la organizaci\u00f3n sino la gente, muy generosa. Nos daban de comer. Realmente tuvo mucho sentido para m\u00ed.\u201d<\/span><\/span><\/p>\r\n<p><span style=\"font-family: Arial, sans-serif;\"><span style=\"font-size: medium;\">Tiempo despu\u00e9s se repiti\u00f3 en La Teja, barrio perif\u00e9rico de Montevideo que cuenta con una poblaci\u00f3n muchas veces vulnerada. \u201cPintamos un barrio que estaba s\u00faper gris, una f\u00e1brica de jab\u00f3n abandonada&#8230; no hab\u00edan parques lindos en la zona. El barrio qued\u00f3 transformado. La gente pasaba y dec\u00eda \u201cnunca vimos el barrio tan lindo\u201d: realmente te dan ganas de no dejar de hacerlo. Yo no estaba en la organizaci\u00f3n y supe que hubo cierta problem\u00e1tica con el otro festival a la hora de aceptar o no recursos de la intendencia y darle un tinte pol\u00edtico. Ese grupo, que se llamaba Pint\u00f3, termin\u00f3 por disolverse\u201d.<\/span><\/span><\/p>\r\n<p><span style=\"font-family: Arial, sans-serif;\"><span style=\"font-size: medium;\">Tambi\u00e9n en 2015 mientras cursaba Bellas Artes crea e imparte un curso anual sin recibir pago, de Artes, T\u00e9cnicas, Estampado e Historia del Arte en La ONG La Pascua en Carrasco Norte, Montevideo, para ni\u00f1os y adolescentes de contexto cr\u00edtico, con problemas psiqui\u00e1tricos o situaciones de violencia dom\u00e9stica entre otros; un proyecto con muchos retos pero con resultados muy positivos.<\/span><\/span><\/p>\r\n<p><span style=\"font-family: Arial, sans-serif;\"><span style=\"font-size: medium;\">Entusiasmada por el efecto generado en varias intervenciones, establece un plan para pintar Castillos, un pueblo uruguayo con la tasa m\u00e1s alta de suicidios a nivel nacional, pero fue pospuesto por su ida a M\u00e9xico, donde tambi\u00e9n se interioriz\u00f3 en la pintura social, un viaje externo e interno que la llev\u00f3 incluso a la India tiempo despu\u00e9s.<\/span><\/span><\/p>\r\n<p>\u201c<span style=\"font-family: Arial, sans-serif;\"><span style=\"font-size: medium;\">En M\u00e9xico conoc\u00ed a otro artista llamado Curiot y empezamos a pintar en un festival: \u00e9ramos cerca de 10 artistas y pintamos una cuadra entera, se arreglaron las casas, se sac\u00f3 basura, hicimos varios murales&#8230; Cuando te junt\u00e1s por una causa com\u00fan sab\u00e9s qui\u00e9nes son los que est\u00e1n ah\u00ed, es desde un lugar desinteresado, es un gran filtro, se agrupan personas muy valiosas y humildes, que saben que pueden transformar mucho con el arte, que no s\u00f3lo es el arte, sino cambiar las cosas con una intenci\u00f3n. A Curiot lo invitaron a un festival en la India llamado St+art India, que tiene un concepto revolucionario, \u201cArte para todos\u201d: llevar el arte a las castas m\u00e1s bajas que no suelen recibir invitaciones ni regalos. Era trasgresor pero desde el amor. Ah\u00ed la gente sigue sus tradiciones, no hay mucha libertad para expresarse, los artistas tradicionales no eligen serlo sino que les toca por linaje, y no eligen qu\u00e9 pintar. Hicimos toda una instalaci\u00f3n en el puerto de Mumbai y ven\u00edan 1000 personas por d\u00eda aproximadamente, gente del barrio, pescadores, las mujeres pescadoras a hacernos sus danzas tradicionales. Dur\u00f3 tres meses. Quer\u00edamos trabajar materiales y t\u00e9cnicas locales e hicimos una escultura enorme de un drag\u00f3n y mandamos a los gitanos a tejer canastas para el cuerpo. Fue muy m\u00e1gico. Nos pidieron usar la mitolog\u00eda mar\u00edtima local y le dimos nuestro giro a la historia de Lord Varuna. Hicimos un museo\/ templo \u201cfalso\u201d con un drag\u00f3n marino volador, \u00a8Shunya\u00a8 (que significa el vac\u00edo metaf\u00edsico en s\u00e1nscrito y Cero en indi), que era quien cuidaba del mar. Diarios de distintas \u00e9pocas, de navegantes y de una ni\u00f1a, con relatos sobre avistamientos de este Dios Drag\u00f3n y la historia de los objetos del museo, que los hicimos con libros antiguos de hasta 90 a\u00f1os, en las p\u00e1ginas en blanco escribiendo con pluma y tinta&#8230; Un huevo de drag\u00f3n, un diente, una l\u00e1grima hecha cristal, murales. Pusimos telas, l\u00e1mparas, plantas, pintamos las paredes, el piso; creamos un mundo, te met\u00edas en \u00e9l, no era s\u00f3lo verlo de frente. Pusimos hasta un guardia de seguridad falso en la puerta. Se llamaba:\u00a8Museo Ensue\u00f1o presenta: Criaturas Olvidadas: Shunya\u201d. Y muchos pensaron que era real, preguntando c\u00f3mo hab\u00edamos conseguido esos objetos tan preciados. Fue una vez m\u00e1s ver c\u00f3mo se puede hacer magia con el arte o con la herramienta que uno tiene en las manos. Pensamos que s\u00f3lo le gustar\u00eda a cierto tipo de gente pero tuvo mucho alcance: fue invitar a la gente a so\u00f1ar otra vez, a meterse en ese mundo imaginario que quiz\u00e1s es tambi\u00e9n real. La ilusi\u00f3n, lo m\u00e1gico, lo m\u00edstico. Generar ese espacio, contar una historia. Pintamos luego en otro festival tambi\u00e9n, en Goa, que es una colonia portuguesa. Esta vez se trataba de que la gente recuerde sus or\u00edgenes: la gente no conoce su historia y hab\u00eda escasez de informaci\u00f3n. Pintamos cosas transgresoras pero queriendo nuevamente mostrar lo bello. La piel, la etnia, la conexi\u00f3n con la naturaleza, la dualidad, pintamos a un hombre y una mujer negros-ind\u00edgenas hermosos con ropas tradicionales y con el Dios de la naturaleza; se llam\u00f3 \u00a8Memorias internas de nuestras ra\u00edces\u201d. Hay demasiados problemas de racismo y clasismo all\u00ed, de contaminaci\u00f3n, desconexi\u00f3n, la gente s\u00f3lo sabe la historia conveniente para algunos, que fue la que les contaron. Reconectar con esas personas, y a ellas con su valor.\u201d<\/span><\/span><\/p>\r\n<p>\u201c<span style=\"font-family: Arial, sans-serif;\"><span style=\"font-size: medium;\">Diez meses despu\u00e9s de irme a M\u00e9xico e India, en abril de 2018 volv\u00ed a Uruguay con la misi\u00f3n de pintar Castillos, sin dinero ni publicidad: las marcas no quer\u00edan donar, y no ten\u00edamos nada, pero yo quer\u00eda hacerlo. Los artistas ya estaban convocados y entusiasmados. Las psic\u00f3logas de Castillos de la Mesa de Salud Comunitaria estaban muy ilusionadas tambi\u00e9n, trabajando por fuera de su horario y sin ganar dinero: nadie gan\u00f3 nada monetario en ninguno de estos proyectos de Uruguay. La organizaci\u00f3n fue estresante, se ven\u00eda la fecha y entr\u00e9 en desesperaci\u00f3n porque nadie daba pintura ni dinero, todo se trancaba\u2026 &nbsp;\u00bfpor qu\u00e9? Pregunt\u00e9 al cielo, si estoy queriendo mover algo lindo desde el amor, la misi\u00f3n y el desinter\u00e9s, para ayudar, \u00bfpor qu\u00e9 se tranca? En ese momento son\u00f3 el tel\u00e9fono y me llama Rosario, una de las psic\u00f3logas diciendo que hab\u00edan $12000 en donaciones, se consigui\u00f3 transporte, la gente local nos prest\u00f3 el club para dormir, los pacientes de ellos nos cocinaban, com\u00edamos en el Comedor Municipal. El espacio cultural que usamos se llama \u201c2 de Mayo\u201d, la fecha de mi cumplea\u00f1os, mucha sincron\u00eda. Fue muy m\u00e1gico ponerse mucho sobre la espalda sabiendo que se puede, y que si nadie lo est\u00e1 haciendo hay que hacerlo. Pusimos rezos de tabaco cuando llegamos, en un c\u00edrculo y nos abrazamos todos en espiral y cuando nos soltamos salieron cientos de palomas volando del \u00e1rbol de encima. Y los rezos se cumplieron. Todo fue fluyendo, muy espont\u00e1neo: gente que llevaba el sonido, otros que hac\u00edan talleres\u2026 Hasta armamos talleres de plantas nativas, con degustaci\u00f3n de frutos, usos culinarios y medicinales. Talleres de tejido, de danza, seminarios de Reiki, toques en vivo en la plaza, malabares con fuego. Rap, breakdance. La gente al principio no entend\u00eda nada pero despu\u00e9s no quer\u00edan que nos fu\u00e9ramos. Pintamos en escuelas, Caifs, hospital, Secundaria, UTU, un hogar de ni\u00f1os con capacidades diferentes, mujeres v\u00edctimas de violencia dom\u00e9stica, algunos en la calle. Hicimos 48 murales en dos d\u00edas. Fue hermoso el compromiso de todos. Por las noche quer\u00edamos estar juntos, tocar m\u00fasica, nos acost\u00e1bamos tard\u00edsimo y al otro d\u00eda a las 7 u 8 est\u00e1bamos parados pintando a pesar de dormir muy poco. Incluso el Alcalde al principio no quer\u00eda que lo hagamos y luego quiso colaborar. Me dio un reconocimiento enmarcado. Despu\u00e9s me fui de Uruguay pero me enter\u00e9 que antes el tema de conversaci\u00f3n en Castillos eran los suicidios y ahora se hablaba de los murales y las cosas que se hab\u00edan hecho. El evento se llam\u00f3 &#8220;Castillos de Colores\u201d.<\/span><\/span><\/p>\r\n<p>\u201c<span style=\"font-family: Arial, sans-serif;\"><span style=\"font-size: medium;\">Despu\u00e9s de eso, en 2019 volv\u00ed a M\u00e9xico y me invitaron a pintar en un proyecto que se llama \u00a8Muralismo y Arte por Nuestrxs Desaparecidxs&#8221;, del colectivo de familiares &#8220;Hasta Encontrarlxs CDMX\u00a8, que se trata de hacer retratos de personas desaparecidas donde las vieron por \u00faltima vez, desde un lugar luminoso, de que la persona sigue presente, y en compa\u00f1\u00eda y por iniciativa tambi\u00e9n de sus familiares y otros artistas&#8230; son sobre todo ni\u00f1as y adolescentes, y algunos ni\u00f1os y adultos, por temas de trata de personas, secuestros, explotaci\u00f3n y otros temas muy complejos. Es muy fuerte y conmovedor, la \u00faltima vez termin\u00e9 llorando con la mam\u00e1 de la chica que hab\u00eda desaparecido, abraz\u00e1ndola.&nbsp;Ese proyecto sigue sucediendo, ahora un poco pausado por la situaci\u00f3n mundial. <br \/><br \/>Ese mismo a\u00f1o le coment\u00e9 a alguien lo que estaba haciendo y se le ocurri\u00f3 un proyecto de muralismo y charlas, que primero era sobre el embarazo no planeado en la adolescencia y sus tremendas repercusiones en el pa\u00eds y luego tom\u00f3 otros giros tambi\u00e9n ante otras situaciones graves que atravesaban los adolescentes de las zonas marginadas del pa\u00eds, as\u00ed que elaboramos \u201cPinta tu Escuela de Amor\u201d, en 11 bachilleratos del Estado de M\u00e9xico, donde trabaj\u00e9 con 5000 adolescentes, averiguando las problem\u00e1ticas de cada lugar y dando m\u00e1s de 50 charlas de consciencia sobre violencia, igualdad, sexualidad, medio ambiente, v\u00ednculos, sue\u00f1os y proyectos de vida. Tambi\u00e9n pint\u00e9 en los 11 liceos sobre los problemas de cada centro, ayudada por ellos, y ellos a su vez reflexionaron y llenaron las paredes con sus pinturas y frases de consciencia, se hicieron m\u00e1s de 100 murales en los 4 meses que dur\u00f3. Tambi\u00e9n cant\u00e9 en el cierre del proyecto. Fue impresionante el efecto, y la posibilidad de tener acceso a tantas personas tan dejadas a un lado y en otro pa\u00eds, en ese momento tan clave de la vida que es la adolescencia. Me di cuenta de que al final era ver a miles de personas que el contexto les dice \u201c No val\u00e9s, no import\u00e1s, no ten\u00e9s un lugar, no hay lugar para tus sue\u00f1os ni sentimientos\u201d, y decirles entre l\u00edneas: \u201cS\u00ed val\u00e9s, s\u00ed ten\u00e9s un lugar, yo creo en ti, tus emociones y sue\u00f1os importan, a m\u00ed me importan, y vamos a cumplirlos\u201d. Lo entendieron perfectamente. A veces pensamos que hay situaciones que son inabarcables, imposibles de resolver, y a veces cambiarlas es tan simple como eso. Darle un lugar al otro sin juicio, dar un poquito de amor. Saber escuchar y acompa\u00f1ar. Mueve monta\u00f1as. La falta de amor, contenci\u00f3n y buenos referentes nos deja locos, enfermos, autodestructivos, violentos. Pero seg\u00fan mi experiencia es reversible. <br \/><br \/>En 2020 volv\u00ed a Uruguay y le coment\u00e9 a un amigo de este proyecto en los liceos, que ya fue diferente a los otros porque \u00e9sta vez el contexto humano no s\u00f3lo recib\u00eda el arte sino que tambi\u00e9n lo creaba y pint\u00e1bamos a la par. Permiti\u00f3 otra cercan\u00eda m\u00e1s profunda e \u00edntima. \u00c9ste amigo que dirige una ONG, \u201cLa Pascua\u201d en Carrasco Norte, donde di el curso de arte en 2015, se vio muy interesado por el proyecto y resultados y se nos ocurri\u00f3 traducirlo a algo aplicable en la ONG, arm\u00e9 el proyecto, lo present\u00e9 a INAU y a las horas ya estaba aprobado y un par d d\u00edas despu\u00e9s ya ten\u00eda 7 grupos de ni\u00f1os y adolescentes a mi cargo para darles un taller de murales y que pintemos juntos. Con ni\u00f1os nunca hab\u00eda trabajado y fue muy f\u00e1cil, los adolescentes estaban m\u00e1s ap\u00e1ticos y vi c\u00f3mo nos vamos haciendo eso como sociedad, venimos llenos de ideas y expresividad y vamos creciendo y nos van llenando de miedos e inseguridades que nos traban. <\/span><\/span><\/p>\r\n<p><span style=\"font-family: Arial, sans-serif;\"><span style=\"font-size: medium;\">Trabaj\u00e9 con ellos casi todo el 2020, y tambi\u00e9n con los chiquititos del CAIF, pint\u00e9 murales junto a ni\u00f1os de 2 o 3 a\u00f1os, s\u00faper capaces, expresivos y seguros. Poco a poco los j\u00f3venes se fueron abriendo capa por capa, y ganando confianza, dej\u00e1ndose experimentar y mostrarse vulnerables, pintamos toda la plaza de la cruz de Carrasco, murales, bancos, mesas, columnas, limpiamos la basura, se empez\u00f3 a llenar de familias despu\u00e9s. Tambi\u00e9n pintamos adentro de la ONG, e invitaba a qui\u00e9n se acercara a mirar y pintaron varios ni\u00f1os del barrio, educadores, y hasta un d\u00eda vino uno que estaba s\u00faper adicto a la pasta base, le costaba hasta hablar, pero se puso a pintar un faro y una playa preciosos y fue como un hechizo, conectar con esa luz, esa inocencia, en medio de tanta oscuridad, estaba muy sorprendido de s\u00ed mismo y fue muy amoroso tambi\u00e9n. El arte tiene ese efecto, hace puentes entre unos y otros, entre el adentro y el afuera, el consciente e inconsciente, sortea obst\u00e1culos para unir.<br \/><br \/>Ahora estoy pintando un retrato de una persona desparecida en la dictadura uruguaya, que es parte del proyecto \u201cEncontrarte con ellos\u201d, de apoyo a los familiares de desaparecidos , con 200 artistas, uno por persona, para una muestra colectiva, luego le regalar\u00e9 el cuadro al hermano del retratado, a quien visit\u00e9 y me comparti\u00f3 historias y fotos, y tambi\u00e9n present\u00e9 un proyecto al municipio F y estamos pintando murales en Carrasco Norte con mis ex alumnos de la ONG y quien quiera participar.<\/span><\/span><\/p>\r\n<p><span style=\"font-family: Arial, sans-serif;\"><span style=\"font-size: medium;\">Sigo queriendo hacer cosas as\u00ed en todo el mundo y a todo quien sea artista lo invito a que se de cuenta de la herramienta que tiene en sus manos, una pared en blanco en la que uno puede intervenir. Es mucho poder en realidad, que usado de buena manera puede ser un gran aporte. Algo que puede cambiar el d\u00eda de alguien. Es tambi\u00e9n una gran responsabilidad. Cuando usamos la calle para expresar lo que queremos decir tenemos que tener cuidado, porque si estamos tristes o enojados tenemos que saber que esa imagen la van a ver miles de personas&#8230; al final somos an\u00f3nimos, no ven nuestras caras, s\u00f3lo lo que est\u00e1 pintado, nuestro mensaje, por eso, us\u00e9moslo bien\u201d.<\/span><\/span><\/p>\r\n\r\n<p>&nbsp;<\/p>\r\n","protected":false},"excerpt":{"rendered":"<p>&nbsp; Noviembre 2019 &#8220;Me motiva la misi\u00f3n que uno tiene&#8230; me motiva descubrir esa misi\u00f3n y entregarme a ella, saber que somos una herramienta para algo m\u00e1s grande, que va m\u00e1s all\u00e1 de uno mismo y sus intereses personales. Me motiva ayudar, hacer el cambio que pueda en el mundo y encontrar a otros en [&hellip;]<\/p>\n","protected":false},"author":156,"featured_media":55005,"comment_status":"closed","ping_status":"closed","sticky":false,"template":"","format":"standard","meta":{"om_disable_all_campaigns":false,"ngg_post_thumbnail":0,"jnews-multi-image_gallery":[],"jnews_single_post":{"subtitle":"Romanelli artista uruguaya","format":"standard","video":"","gallery":"","source_name":"","source_url":"","via_name":"","via_url":"","override_template":"0","override":[{"template":"4","single_blog_custom":"","parallax":"1","fullscreen":"0","layout":"right-sidebar","sidebar":"default-sidebar","second_sidebar":"default-sidebar","sticky_sidebar":"1","share_position":"bottom","share_float_style":"share-monocrhome","show_share_counter":"1","show_view_counter":"1","show_featured":"1","show_post_meta":"1","show_post_author":"1","show_post_author_image":"1","show_post_date":"1","post_date_format":"default","post_date_format_custom":"Y\/m\/d","show_post_category":"1","show_post_reading_time":"0","post_reading_time_wpm":"300","show_zoom_button":"0","zoom_button_out_step":"2","zoom_button_in_step":"3","show_post_tag":"1","show_prev_next_post":"1","show_popup_post":"1","number_popup_post":"1","show_author_box":"1","show_post_related":"0","show_inline_post_related":"0"}],"override_image_size":"0","image_override":[{"single_post_thumbnail_size":"no-crop","single_post_gallery_size":"crop-500"}],"trending_post":"0","trending_post_position":"meta","trending_post_label":"Trending","sponsored_post":"0","sponsored_post_label":"Sponsored by","sponsored_post_name":"","sponsored_post_url":"","sponsored_post_logo_enable":"0","sponsored_post_logo":"","sponsored_post_desc":"","disable_ad":"0"},"jnews_primary_category":{"id":"","hide":""},"jnews_social_meta":{"fb_title":"","fb_description":"","fb_image":"","twitter_title":"","twitter_description":"","twitter_image":""},"jnews_override_counter":{"override_view_counter":"0","view_counter_number":"0","override_share_counter":"0","share_counter_number":"0","override_like_counter":"0","like_counter_number":"0","override_dislike_counter":"0","dislike_counter_number":"0"},"footnotes":""},"categories":[10082],"tags":[84,260,10105,10104,10103,649,10108],"class_list":["post-54994","post","type-post","status-publish","format-standard","has-post-thumbnail","hentry","category-arte-que-motiva","tag-arte","tag-artista","tag-contribucion","tag-motivacion","tag-muralismo","tag-pintura","tag-romina-romanelli"],"yoast_head":"<!-- This site is optimized with the Yoast SEO plugin v27.5 - https:\/\/yoast.com\/product\/yoast-seo-wordpress\/ -->\n<title>ROMINA + PINTURA + MURALISMO SOCIAL - Cooltivarte Portal<\/title>\n<meta name=\"description\" content=\"Romina Romanelli es una artista uruguaya que ha vivido unos a\u00f1os en M\u00e9xico. Su obra consiste principalmente en pintura y mural, pero se ha animado a desarrollarse en otras artes como escultura, m\u00fasica, instalaci\u00f3n, performance, narrativa y poes\u00eda.\" \/>\n<meta name=\"robots\" content=\"index, follow, max-snippet:-1, max-image-preview:large, max-video-preview:-1\" \/>\n<link rel=\"canonical\" href=\"https:\/\/cooltivarte.com\/portal\/romina-pintura-muralismo-social\/\" \/>\n<meta property=\"og:locale\" content=\"es_ES\" \/>\n<meta property=\"og:type\" content=\"article\" \/>\n<meta property=\"og:title\" content=\"ROMINA + PINTURA + MURALISMO SOCIAL - Cooltivarte Portal\" \/>\n<meta property=\"og:description\" content=\"Romina Romanelli es una artista uruguaya que ha vivido unos a\u00f1os en M\u00e9xico. Su obra consiste principalmente en pintura y mural, pero se ha animado a desarrollarse en otras artes como escultura, m\u00fasica, instalaci\u00f3n, performance, narrativa y poes\u00eda.\" \/>\n<meta property=\"og:url\" content=\"https:\/\/cooltivarte.com\/portal\/romina-pintura-muralismo-social\/\" \/>\n<meta property=\"og:site_name\" content=\"Cooltivarte Portal\" \/>\n<meta property=\"article:publisher\" content=\"https:\/\/www.facebook.com\/cooltivartecom\/\" \/>\n<meta property=\"article:author\" content=\"https:\/\/www.facebook.com\/melaniapeese\" \/>\n<meta property=\"article:published_time\" content=\"2019-11-01T14:39:58+00:00\" \/>\n<meta property=\"article:modified_time\" content=\"2023-08-30T14:00:51+00:00\" \/>\n<meta property=\"og:image\" content=\"https:\/\/cooltivarte.com\/portal\/wp-content\/uploads\/2019\/11\/Romina-Romanelli.jpeg\" \/>\n\t<meta property=\"og:image:width\" content=\"650\" \/>\n\t<meta property=\"og:image:height\" content=\"974\" \/>\n\t<meta property=\"og:image:type\" content=\"image\/jpeg\" \/>\n<meta name=\"author\" content=\"Melania Geymonat\" \/>\n<meta name=\"twitter:card\" content=\"summary_large_image\" \/>\n<meta name=\"twitter:creator\" content=\"@https:\/\/x.com\/obolocultural\" \/>\n<meta name=\"twitter:site\" content=\"@obolocultural\" \/>\n<meta name=\"twitter:label1\" content=\"Escrito por\" \/>\n\t<meta name=\"twitter:data1\" content=\"Melania Geymonat\" \/>\n\t<meta name=\"twitter:label2\" content=\"Tiempo de lectura\" \/>\n\t<meta name=\"twitter:data2\" content=\"12 minutos\" \/>\n<!-- \/ Yoast SEO plugin. -->","yoast_head_json":{"title":"ROMINA + PINTURA + MURALISMO SOCIAL - Cooltivarte Portal","description":"Romina Romanelli es una artista uruguaya que ha vivido unos a\u00f1os en M\u00e9xico. Su obra consiste principalmente en pintura y mural, pero se ha animado a desarrollarse en otras artes como escultura, m\u00fasica, instalaci\u00f3n, performance, narrativa y poes\u00eda.","robots":{"index":"index","follow":"follow","max-snippet":"max-snippet:-1","max-image-preview":"max-image-preview:large","max-video-preview":"max-video-preview:-1"},"canonical":"https:\/\/cooltivarte.com\/portal\/romina-pintura-muralismo-social\/","og_locale":"es_ES","og_type":"article","og_title":"ROMINA + PINTURA + MURALISMO SOCIAL - Cooltivarte Portal","og_description":"Romina Romanelli es una artista uruguaya que ha vivido unos a\u00f1os en M\u00e9xico. Su obra consiste principalmente en pintura y mural, pero se ha animado a desarrollarse en otras artes como escultura, m\u00fasica, instalaci\u00f3n, performance, narrativa y poes\u00eda.","og_url":"https:\/\/cooltivarte.com\/portal\/romina-pintura-muralismo-social\/","og_site_name":"Cooltivarte Portal","article_publisher":"https:\/\/www.facebook.com\/cooltivartecom\/","article_author":"https:\/\/www.facebook.com\/melaniapeese","article_published_time":"2019-11-01T14:39:58+00:00","article_modified_time":"2023-08-30T14:00:51+00:00","og_image":[{"width":650,"height":974,"url":"https:\/\/cooltivarte.com\/portal\/wp-content\/uploads\/2019\/11\/Romina-Romanelli.jpeg","type":"image\/jpeg"}],"author":"Melania Geymonat","twitter_card":"summary_large_image","twitter_creator":"@https:\/\/x.com\/obolocultural","twitter_site":"@obolocultural","twitter_misc":{"Escrito por":"Melania Geymonat","Tiempo de lectura":"12 minutos"},"schema":{"@context":"https:\/\/schema.org","@graph":[{"@type":"NewsArticle","@id":"https:\/\/cooltivarte.com\/portal\/romina-pintura-muralismo-social\/#article","isPartOf":{"@id":"https:\/\/cooltivarte.com\/portal\/romina-pintura-muralismo-social\/"},"author":{"name":"Melania Geymonat","@id":"https:\/\/cooltivarte.com\/portal\/#\/schema\/person\/8165a5b80dd223df68c6273a8bd0e2e5"},"headline":"ROMINA + PINTURA + MURALISMO SOCIAL","datePublished":"2019-11-01T14:39:58+00:00","dateModified":"2023-08-30T14:00:51+00:00","mainEntityOfPage":{"@id":"https:\/\/cooltivarte.com\/portal\/romina-pintura-muralismo-social\/"},"wordCount":2732,"publisher":{"@id":"https:\/\/cooltivarte.com\/portal\/#organization"},"image":{"@id":"https:\/\/cooltivarte.com\/portal\/romina-pintura-muralismo-social\/#primaryimage"},"thumbnailUrl":"https:\/\/cooltivarte.com\/portal\/wp-content\/uploads\/2019\/11\/Romina-Romanelli.jpeg","keywords":["Arte","Artista","contribuci\u00f3n","motivaci\u00f3n","muralismo","pintura","Romina Romanelli"],"articleSection":["Arte que Motiva"],"inLanguage":"es-AR"},{"@type":"WebPage","@id":"https:\/\/cooltivarte.com\/portal\/romina-pintura-muralismo-social\/","url":"https:\/\/cooltivarte.com\/portal\/romina-pintura-muralismo-social\/","name":"ROMINA + PINTURA + MURALISMO SOCIAL - Cooltivarte Portal","isPartOf":{"@id":"https:\/\/cooltivarte.com\/portal\/#website"},"primaryImageOfPage":{"@id":"https:\/\/cooltivarte.com\/portal\/romina-pintura-muralismo-social\/#primaryimage"},"image":{"@id":"https:\/\/cooltivarte.com\/portal\/romina-pintura-muralismo-social\/#primaryimage"},"thumbnailUrl":"https:\/\/cooltivarte.com\/portal\/wp-content\/uploads\/2019\/11\/Romina-Romanelli.jpeg","datePublished":"2019-11-01T14:39:58+00:00","dateModified":"2023-08-30T14:00:51+00:00","description":"Romina Romanelli es una artista uruguaya que ha vivido unos a\u00f1os en M\u00e9xico. Su obra consiste principalmente en pintura y mural, pero se ha animado a desarrollarse en otras artes como escultura, m\u00fasica, instalaci\u00f3n, performance, narrativa y poes\u00eda.","breadcrumb":{"@id":"https:\/\/cooltivarte.com\/portal\/romina-pintura-muralismo-social\/#breadcrumb"},"inLanguage":"es-AR","potentialAction":[{"@type":"ReadAction","target":["https:\/\/cooltivarte.com\/portal\/romina-pintura-muralismo-social\/"]}]},{"@type":"ImageObject","inLanguage":"es-AR","@id":"https:\/\/cooltivarte.com\/portal\/romina-pintura-muralismo-social\/#primaryimage","url":"https:\/\/cooltivarte.com\/portal\/wp-content\/uploads\/2019\/11\/Romina-Romanelli.jpeg","contentUrl":"https:\/\/cooltivarte.com\/portal\/wp-content\/uploads\/2019\/11\/Romina-Romanelli.jpeg","width":650,"height":974,"caption":"Romina Romanelli"},{"@type":"BreadcrumbList","@id":"https:\/\/cooltivarte.com\/portal\/romina-pintura-muralismo-social\/#breadcrumb","itemListElement":[{"@type":"ListItem","position":1,"name":"Portada","item":"https:\/\/cooltivarte.com\/portal\/"},{"@type":"ListItem","position":2,"name":"ROMINA + PINTURA + MURALISMO SOCIAL"}]},{"@type":"WebSite","@id":"https:\/\/cooltivarte.com\/portal\/#website","url":"https:\/\/cooltivarte.com\/portal\/","name":"Cooltivarte Portal","description":"Arte, cultura y turismo para el mundo ...","publisher":{"@id":"https:\/\/cooltivarte.com\/portal\/#organization"},"potentialAction":[{"@type":"SearchAction","target":{"@type":"EntryPoint","urlTemplate":"https:\/\/cooltivarte.com\/portal\/?s={search_term_string}"},"query-input":{"@type":"PropertyValueSpecification","valueRequired":true,"valueName":"search_term_string"}}],"inLanguage":"es-AR"},{"@type":"Organization","@id":"https:\/\/cooltivarte.com\/portal\/#organization","name":"cooltivarte","url":"https:\/\/cooltivarte.com\/portal\/","logo":{"@type":"ImageObject","inLanguage":"es-AR","@id":"https:\/\/cooltivarte.com\/portal\/#\/schema\/logo\/image\/","url":"https:\/\/cooltivarte.com\/portal\/wp-content\/uploads\/2020\/04\/logo-cooltivarte-v2.png","contentUrl":"https:\/\/cooltivarte.com\/portal\/wp-content\/uploads\/2020\/04\/logo-cooltivarte-v2.png","width":851,"height":243,"caption":"cooltivarte"},"image":{"@id":"https:\/\/cooltivarte.com\/portal\/#\/schema\/logo\/image\/"},"sameAs":["https:\/\/www.facebook.com\/cooltivartecom\/","https:\/\/x.com\/obolocultural","https:\/\/www.instagram.com\/_cooltivarte_\/","https:\/\/www.linkedin.com\/company\/-bolocultural?reportsuccess=8zaNG1HwhPbAR9iQhZ5rfGeqz_vQFftHun0ZWU0Wy9vNemRJ8vtcKdJvzQfW8XagyOJSKg0XvfJ1dp","https:\/\/www.pinterest.com\/cooltivarte\/","https:\/\/cooltivarte.tumblr.com\/","https:\/\/www.tiktok.com\/@cooltivarte","https:\/\/www.youtube.com\/@PrensaCooltivarte"]},{"@type":"Person","@id":"https:\/\/cooltivarte.com\/portal\/#\/schema\/person\/8165a5b80dd223df68c6273a8bd0e2e5","name":"Melania Geymonat","image":{"@type":"ImageObject","inLanguage":"es-AR","@id":"https:\/\/cooltivarte.com\/portal\/wp-content\/uploads\/2019\/10\/melaniagr-120x120.jpg","url":"https:\/\/cooltivarte.com\/portal\/wp-content\/uploads\/2019\/10\/melaniagr-120x120.jpg","contentUrl":"https:\/\/cooltivarte.com\/portal\/wp-content\/uploads\/2019\/10\/melaniagr-120x120.jpg","caption":"Melania Geymonat"},"description":"Desde chica me he sentido motivada por contar historias, escribirlas, dise\u00f1arlas, actuarlas... \u00a1todo lo que pueda! Por ello en paralelo a mi carrera en Medicina he estudiado arte en diversas formas. Gracias al modo en que crec\u00ed tengo mucho aprecio por el valor de las peque\u00f1as cosas, de la simpleza, del valor humano. Es lo que busco en las historias: personas que llevan a cabo aquello que les motiva m\u00e1s all\u00e1 de las adversidades, \u00a1o con todo el viento a favor! Artistas que buscan la comprensi\u00f3n. La expresi\u00f3n. La comunicaci\u00f3n. La contribuci\u00f3n \u00faltima a una sociedad de la que somos parte. Sentir que el mensaje que agregamos a este mundo, tan colapsado de informaci\u00f3n, es necesario. Importa. Motiva. Contribuye.","sameAs":["https:\/\/reinquieta.com\/","https:\/\/www.facebook.com\/melaniapeese","https:\/\/www.instagram.com\/_cooltivarte_\/","https:\/\/www.linkedin.com\/company\/-bolocultural","https:\/\/www.pinterest.com\/cooltivarte","https:\/\/x.com\/https:\/\/x.com\/obolocultural","https:\/\/www.youtube.com\/@PrensaCooltivarte","https:\/\/www.tumblr.com\/blog\/cooltivarte"],"url":"https:\/\/cooltivarte.com\/portal\/author\/melaniagr\/"}]}},"_links":{"self":[{"href":"https:\/\/cooltivarte.com\/portal\/wp-json\/wp\/v2\/posts\/54994","targetHints":{"allow":["GET"]}}],"collection":[{"href":"https:\/\/cooltivarte.com\/portal\/wp-json\/wp\/v2\/posts"}],"about":[{"href":"https:\/\/cooltivarte.com\/portal\/wp-json\/wp\/v2\/types\/post"}],"author":[{"embeddable":true,"href":"https:\/\/cooltivarte.com\/portal\/wp-json\/wp\/v2\/users\/156"}],"replies":[{"embeddable":true,"href":"https:\/\/cooltivarte.com\/portal\/wp-json\/wp\/v2\/comments?post=54994"}],"version-history":[{"count":12,"href":"https:\/\/cooltivarte.com\/portal\/wp-json\/wp\/v2\/posts\/54994\/revisions"}],"predecessor-version":[{"id":92865,"href":"https:\/\/cooltivarte.com\/portal\/wp-json\/wp\/v2\/posts\/54994\/revisions\/92865"}],"wp:featuredmedia":[{"embeddable":true,"href":"https:\/\/cooltivarte.com\/portal\/wp-json\/wp\/v2\/media\/55005"}],"wp:attachment":[{"href":"https:\/\/cooltivarte.com\/portal\/wp-json\/wp\/v2\/media?parent=54994"}],"wp:term":[{"taxonomy":"category","embeddable":true,"href":"https:\/\/cooltivarte.com\/portal\/wp-json\/wp\/v2\/categories?post=54994"},{"taxonomy":"post_tag","embeddable":true,"href":"https:\/\/cooltivarte.com\/portal\/wp-json\/wp\/v2\/tags?post=54994"}],"curies":[{"name":"wp","href":"https:\/\/api.w.org\/{rel}","templated":true}]}}