{"id":54892,"date":"2019-10-29T19:42:38","date_gmt":"2019-10-29T22:42:38","guid":{"rendered":"http:\/\/cooltivarte.com\/portal\/?p=54892"},"modified":"2024-05-21T20:53:45","modified_gmt":"2024-05-21T23:53:45","slug":"conversacion-con-gustavo-tabares","status":"publish","type":"post","link":"https:\/\/cooltivarte.com\/portal\/conversacion-con-gustavo-tabares\/","title":{"rendered":"Conversaci\u00f3n con Gustavo Tabares"},"content":{"rendered":"<p><iframe title=\"YouTube video player\" src=\"https:\/\/www.youtube.com\/embed\/ay8cIUG6BYY?si=TqqKVjjX7tzZ4pSS\" width=\"100%\" height=\"515\" frameborder=\"0\" allowfullscreen=\"allowfullscreen\"><span data-mce-type=\"bookmark\" style=\"display: inline-block; width: 0px; overflow: hidden; line-height: 0;\" class=\"mce_SELRES_start\">\ufeff<\/span><\/iframe><\/p>\n<h2>&nbsp;<\/h2>\n<p>Octubre 2019<\/p>\n<h2>Esta es una conversaci\u00f3n que mantuve con <strong><a href=\"https:\/\/cooltivarte.com\/portal\/?s=Gustavo+Tabares\" target=\"_blank\" rel=\"noopener\">Gustavo Tabares<\/a><\/strong> a ra\u00edz de su \u00faltima exposici\u00f3n Tabares, <strong>30 a\u00f1os y una antolog\u00eda<\/strong>. Se puede visitar en el Museo Nacional de Artes Visuales hasta el 3 de noviembre. Esta muestra forma parte tambi\u00e9n de la 14 Bienal de Curitiba.<\/h2>\n<p>&nbsp;<\/p>\n<p><strong>Tabares, 30 a\u00f1os y una antolog\u00eda<\/strong> es una exposici\u00f3n que presenta a trav\u00e9s de m\u00e1s de 70 obras la trayectoria del artista uruguayo <strong>Gustavo Tabares<\/strong> (Montevideo, 1968).<\/p>\n<p>Surgido en la escena montevideana en las postrimer\u00edas de los ochenta, su obra plantea una reflexi\u00f3n sobre el arte contempor\u00e1neo en tanto necesidad de expresi\u00f3n pol\u00edtico-vital.<\/p>\n<p>En la primera d\u00e9cada de creaci\u00f3n, la obra del artista encarn\u00f3 la posibilidad de canalizar la urgencia de una expresi\u00f3n vital, donde se mezclaban una proyecci\u00f3n de la angustia existencial y una mirada mordaz hacia la cultura y las artes visuales vern\u00e1culas, entendidas como un reflejo de conservadurismo y control social.<\/p>\n<p>Luego esta fuerza expresionista dio lugar a proyectos art\u00edsticos m\u00e1s contenidos y reflexivos, donde se abordan aspectos de la cultura local en relaci\u00f3n con la globalizaci\u00f3n (como el c\u00f3mic) y tambi\u00e9n ciertos elementos ideol\u00f3gicos de la modernidad.<\/p>\n<p>En los \u00faltimos a\u00f1os, Tabares se interesa por la historia americana y su relaci\u00f3n subjetiva con su propia existencia.<\/p>\n<p>A pesar de pertenecer a la generaci\u00f3n que aborda la pintura como medio de expresi\u00f3n fundamental, la obra de Tabares se ha desarrollado en m\u00faltiples formatos y medios: la escultura, la instalaci\u00f3n, el video, la fotograf\u00eda, los libros de artista, la performance, la gr\u00e1fica, el arte sonoro entre otros.<\/p>\n<p>La exposici\u00f3n estar\u00e1 organizada museogr\u00e1ficamente en cuatro momentos diacr\u00f3nicos que no pretenden proyectar tanto la idea de una posible evoluci\u00f3n estil\u00edstica, entendida como el perfeccionamiento t\u00e9cnico y discursivo de su obra, sino por el contrario como la proyecci\u00f3n de un devenir existencial articulado por una intersubjetividad, (en sus definici\u00f3n filos\u00f3fica y psicol\u00f3gica) que conecta aspectos privados con contextos culturales, sociales y pol\u00edticos en donde el artista se encuentra.<\/p>\n<p>En ese sentido la expresi\u00f3n art\u00edstica ser\u00e1 el resultado de la dial\u00e9ctica entre supervivencia y comunicaci\u00f3n.<\/p>\n<p><i>Manuel Neves<br \/>\nCurador y dise\u00f1ador del montaje<\/i><\/p>\n<p>&nbsp;<\/p>\n<p>&nbsp;<\/p>\n<p><strong>Gustavo Tabares<\/strong>. 1968 &#8211; Montevideo, Uruguay.<\/p>\n<p>Artista visual, curador y docente en la Universidad Cat\u00f3lica del Uruguay y en su estudio.<\/p>\n<p>Expone en forma individual y colectiva en Uruguay y en el exterior desde 1990, destac\u00e1ndose: BIENAL DE VENECIA, Arsenale &#8211; IILAA, Venecia, Italia; 2015. BIENAL DO MERCOSUL, POA, Brasil; 2015. BIENAL DE CURITIBA, Brasil; 2015. I BIENAL DE ASUNCION, Paraguay; 2015. BIENAL DE ARTES MEDIALES, Santiago de Chile. 2015 y 2001. II BIENAL DE MONTEVIDEO, Uruguay; 2014. MONTEVIDEO-New Visions, COUTURIER GALLERY. LA, California. USA; 2012. MEDIATIONS BIENNALE, Poznan, Polonia; 2010. &#8220;REMIX&#8221;, Sala mayor del SUBTE; 2006. &#8220;La Cl\u00ednica&#8221;, Colecci\u00f3n Engelman-Ost; 2003 . &#8220;despu\u00e9s de la tormenta&#8221;, Cabildo Mvd; 2002. &#8220;destructivismo&#8230;&#8221; Museo J. M. Blanes; 1994; entre otras.<\/p>\n<p>Obras suyas se encuentran en colecciones p\u00fablicas y privadas en el Uruguay y en el exterior, destac\u00e1ndose: el MOLAA Museum of Latin American Art in LA, California; MARGS Museu do Rio Grande do Sul, MAC Museu de Arte Contempor\u00e1nea do Rio Grande do Sul en Porto Alegre, RS, Brasil; la Colecci\u00f3n Engelman-Ost, la Colecci\u00f3n La Compa\u00f1\u00eda del Oriente, Museo Juan Manuel Blanes, EAC Espacio de Arte Contempor\u00e1neo y el MNAV Museo Nacional de Artes Visuales de Uruguay, entre otros.<\/p>\n<p>Ha dirigido desde el 2005 al 2018 la galer\u00eda MARTE.<\/p>\n<p>Fue Coordinador del Dep. de Artes Visuales del MEC entre el 2006 y el 2012. Ha realizado m\u00e1s de 50 curadur\u00edas de Arte Contempor\u00e1neo de Uruguay.<\/p>\n<p>Vive y trabaja en Montevideo, Uruguay.<\/p>\n<p>&nbsp;<\/p>\n<p>&nbsp;<\/p>\n<p>&nbsp;<\/p>\n<p><strong>Tabares, 30 a\u00f1os y una antolog\u00eda<\/strong><br \/>\nDesde el jueves 29 de agosto al domingo 3 de noviembre de 2019<br \/>\nSala 5<\/p>\n<p><strong>Museo Nacional de Artes Visuales<\/strong><br \/>\nTom\u00e1s Giribaldi 2283 esq. Julio Herrera y Reissig<\/p>\n<p>&nbsp;<\/p>\n<p>Fuente textos:&nbsp;<a href=\"http:\/\/mnav.gub.uy\/cms.php?e=tabares2019\" target=\"_blank\" rel=\"noopener\">mnav.gub.uy<\/a><\/p>\n<p>&nbsp;<\/p>\n","protected":false},"excerpt":{"rendered":"<p>Esta es una conversaci\u00f3n que mantuve con Gustavo Tabares a ra\u00edz de su \u00faltima exposici\u00f3n Tabares, 30 a\u00f1os y una antolog\u00eda. Se puede visitar en el Museo Nacional de Artes Visuales hasta el 3 de noviembre. Esta muestra forma parte tambi\u00e9n de la 14 Bienal de Curitiba.<\/p>\n","protected":false},"author":151,"featured_media":54894,"comment_status":"closed","ping_status":"closed","sticky":false,"template":"","format":"standard","meta":{"om_disable_all_campaigns":false,"ngg_post_thumbnail":0,"jnews-multi-image_gallery":[],"jnews_single_post":{"subtitle":"","format":"standard","video":"https:\/\/youtu.be\/ay8cIUG6BYY","gallery":"","source_name":"","source_url":"","via_name":"","via_url":"","override_template":"0","override":[{"template":"1","single_blog_custom":"","parallax":"1","fullscreen":"1","layout":"right-sidebar","sidebar":"default-sidebar","second_sidebar":"default-sidebar","sticky_sidebar":"1","share_position":"top","share_float_style":"share-monocrhome","show_share_counter":"1","show_view_counter":"1","show_featured":"1","show_post_meta":"1","show_post_author":"1","show_post_author_image":"1","show_post_date":"1","post_date_format":"default","post_date_format_custom":"Y\/m\/d","show_post_category":"1","show_post_reading_time":"0","post_reading_time_wpm":"300","show_zoom_button":"0","zoom_button_out_step":"2","zoom_button_in_step":"3","show_post_tag":"1","show_prev_next_post":"1","show_popup_post":"1","number_popup_post":"1","show_author_box":"0","show_post_related":"0","show_inline_post_related":"0"}],"override_image_size":"0","image_override":[{"single_post_thumbnail_size":"crop-500","single_post_gallery_size":"crop-500"}],"trending_post":"0","trending_post_position":"meta","trending_post_label":"Trending","sponsored_post":"0","sponsored_post_label":"Sponsored by","sponsored_post_name":"","sponsored_post_url":"","sponsored_post_logo_enable":"0","sponsored_post_logo":"","sponsored_post_desc":"","disable_ad":"0"},"jnews_primary_category":{"id":"","hide":""},"jnews_social_meta":{"fb_title":"","fb_description":"","fb_image":"","twitter_title":"","twitter_description":"","twitter_image":""},"jnews_override_counter":{"override_view_counter":"0","view_counter_number":"0","override_share_counter":"0","share_counter_number":"0","override_like_counter":"0","like_counter_number":"0","override_dislike_counter":"0","dislike_counter_number":"0"},"footnotes":""},"categories":[13335],"tags":[6976,9796,5331,247],"class_list":["post-54892","post","type-post","status-publish","format-standard","has-post-thumbnail","hentry","category-tienen-la-palabra","tag-antologia","tag-gustavo-tabares","tag-manuel-neves","tag-museo-nacional-de-artes-visuales"],"yoast_head":"<!-- This site is optimized with the Yoast SEO plugin v27.5 - https:\/\/yoast.com\/product\/yoast-seo-wordpress\/ -->\n<title>Conversaci\u00f3n con Gustavo Tabares - Cooltivarte Portal<\/title>\n<meta name=\"description\" content=\"Esta es una conversaci\u00f3n que mantuve con Gustavo Tabares a ra\u00edz de su \u00faltima exposici\u00f3n Tabares, 30 a\u00f1os y una antolog\u00eda. Se puede visitar en el Museo Nacional de Artes Visuales hasta el 3 de noviembre. Esta muestra forma parte tambi\u00e9n de la 14 Bienal de Curitiba.\" \/>\n<meta name=\"robots\" content=\"index, follow, max-snippet:-1, max-image-preview:large, max-video-preview:-1\" \/>\n<link rel=\"canonical\" href=\"https:\/\/cooltivarte.com\/portal\/conversacion-con-gustavo-tabares\/\" \/>\n<meta property=\"og:locale\" content=\"es_ES\" \/>\n<meta property=\"og:type\" content=\"article\" \/>\n<meta property=\"og:title\" content=\"Conversaci\u00f3n con Gustavo Tabares - Cooltivarte Portal\" \/>\n<meta property=\"og:description\" content=\"Esta es una conversaci\u00f3n que mantuve con Gustavo Tabares a ra\u00edz de su \u00faltima exposici\u00f3n Tabares, 30 a\u00f1os y una antolog\u00eda. Se puede visitar en el Museo Nacional de Artes Visuales hasta el 3 de noviembre. Esta muestra forma parte tambi\u00e9n de la 14 Bienal de Curitiba.\" \/>\n<meta property=\"og:url\" content=\"https:\/\/cooltivarte.com\/portal\/conversacion-con-gustavo-tabares\/\" \/>\n<meta property=\"og:site_name\" content=\"Cooltivarte Portal\" \/>\n<meta property=\"article:publisher\" content=\"https:\/\/www.facebook.com\/cooltivartecom\/\" \/>\n<meta property=\"article:author\" content=\"https:\/\/www.facebook.com\/anastraussfrias\" \/>\n<meta property=\"article:published_time\" content=\"2019-10-29T22:42:38+00:00\" \/>\n<meta property=\"article:modified_time\" content=\"2024-05-21T23:53:45+00:00\" \/>\n<meta property=\"og:image\" content=\"https:\/\/cooltivarte.com\/portal\/wp-content\/uploads\/2019\/10\/hqdefault-25.jpg\" \/>\n\t<meta property=\"og:image:width\" content=\"480\" \/>\n\t<meta property=\"og:image:height\" content=\"360\" \/>\n\t<meta property=\"og:image:type\" content=\"image\/jpeg\" \/>\n<meta name=\"author\" content=\"Ana Strauss\" \/>\n<meta name=\"twitter:card\" content=\"summary_large_image\" \/>\n<meta name=\"twitter:title\" content=\"Conversaci\u00f3n con Gustavo Tabares\" \/>\n<meta name=\"twitter:description\" content=\"Esta es una conversaci\u00f3n que mantuve con Gustavo Tabares a ra\u00edz de su \u00faltima exposici\u00f3n Tabares, 30 a\u00f1os y una antolog\u00eda. Se puede visitar en el Museo Nacional de Artes Visuales hasta el 3 de noviembre. Esta muestra forma parte tambi\u00e9n de la 14 Bienal de Curitiba.\" \/>\n<meta name=\"twitter:image\" content=\"https:\/\/cooltivarte.com\/portal\/wp-content\/uploads\/2019\/10\/hqdefault-25.jpg\" \/>\n<meta name=\"twitter:creator\" content=\"@https:\/\/x.com\/obolocultural\" \/>\n<meta name=\"twitter:site\" content=\"@obolocultural\" \/>\n<meta name=\"twitter:label1\" content=\"Escrito por\" \/>\n\t<meta name=\"twitter:data1\" content=\"Ana Strauss\" \/>\n\t<meta name=\"twitter:label2\" content=\"Tiempo de lectura\" \/>\n\t<meta name=\"twitter:data2\" content=\"4 minutos\" \/>\n<!-- \/ Yoast SEO plugin. -->","yoast_head_json":{"title":"Conversaci\u00f3n con Gustavo Tabares - Cooltivarte Portal","description":"Esta es una conversaci\u00f3n que mantuve con Gustavo Tabares a ra\u00edz de su \u00faltima exposici\u00f3n Tabares, 30 a\u00f1os y una antolog\u00eda. Se puede visitar en el Museo Nacional de Artes Visuales hasta el 3 de noviembre. Esta muestra forma parte tambi\u00e9n de la 14 Bienal de Curitiba.","robots":{"index":"index","follow":"follow","max-snippet":"max-snippet:-1","max-image-preview":"max-image-preview:large","max-video-preview":"max-video-preview:-1"},"canonical":"https:\/\/cooltivarte.com\/portal\/conversacion-con-gustavo-tabares\/","og_locale":"es_ES","og_type":"article","og_title":"Conversaci\u00f3n con Gustavo Tabares - Cooltivarte Portal","og_description":"Esta es una conversaci\u00f3n que mantuve con Gustavo Tabares a ra\u00edz de su \u00faltima exposici\u00f3n Tabares, 30 a\u00f1os y una antolog\u00eda. Se puede visitar en el Museo Nacional de Artes Visuales hasta el 3 de noviembre. Esta muestra forma parte tambi\u00e9n de la 14 Bienal de Curitiba.","og_url":"https:\/\/cooltivarte.com\/portal\/conversacion-con-gustavo-tabares\/","og_site_name":"Cooltivarte Portal","article_publisher":"https:\/\/www.facebook.com\/cooltivartecom\/","article_author":"https:\/\/www.facebook.com\/anastraussfrias","article_published_time":"2019-10-29T22:42:38+00:00","article_modified_time":"2024-05-21T23:53:45+00:00","og_image":[{"width":480,"height":360,"url":"https:\/\/cooltivarte.com\/portal\/wp-content\/uploads\/2019\/10\/hqdefault-25.jpg","type":"image\/jpeg"}],"author":"Ana Strauss","twitter_card":"summary_large_image","twitter_title":"Conversaci\u00f3n con Gustavo Tabares","twitter_description":"Esta es una conversaci\u00f3n que mantuve con Gustavo Tabares a ra\u00edz de su \u00faltima exposici\u00f3n Tabares, 30 a\u00f1os y una antolog\u00eda. Se puede visitar en el Museo Nacional de Artes Visuales hasta el 3 de noviembre. Esta muestra forma parte tambi\u00e9n de la 14 Bienal de Curitiba.","twitter_image":"https:\/\/cooltivarte.com\/portal\/wp-content\/uploads\/2019\/10\/hqdefault-25.jpg","twitter_creator":"@https:\/\/x.com\/obolocultural","twitter_site":"@obolocultural","twitter_misc":{"Escrito por":"Ana Strauss","Tiempo de lectura":"4 minutos"},"schema":{"@context":"https:\/\/schema.org","@graph":[{"@type":"NewsArticle","@id":"https:\/\/cooltivarte.com\/portal\/conversacion-con-gustavo-tabares\/#article","isPartOf":{"@id":"https:\/\/cooltivarte.com\/portal\/conversacion-con-gustavo-tabares\/"},"author":{"name":"Ana Strauss","@id":"https:\/\/cooltivarte.com\/portal\/#\/schema\/person\/1e5f197e494baed303d48621c8c761c3"},"headline":"Conversaci\u00f3n con Gustavo Tabares","datePublished":"2019-10-29T22:42:38+00:00","dateModified":"2024-05-21T23:53:45+00:00","mainEntityOfPage":{"@id":"https:\/\/cooltivarte.com\/portal\/conversacion-con-gustavo-tabares\/"},"wordCount":679,"publisher":{"@id":"https:\/\/cooltivarte.com\/portal\/#organization"},"image":{"@id":"https:\/\/cooltivarte.com\/portal\/conversacion-con-gustavo-tabares\/#primaryimage"},"thumbnailUrl":"https:\/\/cooltivarte.com\/portal\/wp-content\/uploads\/2019\/10\/hqdefault-25.jpg","keywords":["Antolog\u00eda","Gustavo Tabares","Manuel Neves","Museo Nacional de Artes Visuales"],"articleSection":["Tienen la Palabra"],"inLanguage":"es-AR"},{"@type":"WebPage","@id":"https:\/\/cooltivarte.com\/portal\/conversacion-con-gustavo-tabares\/","url":"https:\/\/cooltivarte.com\/portal\/conversacion-con-gustavo-tabares\/","name":"Conversaci\u00f3n con Gustavo Tabares - Cooltivarte Portal","isPartOf":{"@id":"https:\/\/cooltivarte.com\/portal\/#website"},"primaryImageOfPage":{"@id":"https:\/\/cooltivarte.com\/portal\/conversacion-con-gustavo-tabares\/#primaryimage"},"image":{"@id":"https:\/\/cooltivarte.com\/portal\/conversacion-con-gustavo-tabares\/#primaryimage"},"thumbnailUrl":"https:\/\/cooltivarte.com\/portal\/wp-content\/uploads\/2019\/10\/hqdefault-25.jpg","datePublished":"2019-10-29T22:42:38+00:00","dateModified":"2024-05-21T23:53:45+00:00","description":"Esta es una conversaci\u00f3n que mantuve con Gustavo Tabares a ra\u00edz de su \u00faltima exposici\u00f3n Tabares, 30 a\u00f1os y una antolog\u00eda. Se puede visitar en el Museo Nacional de Artes Visuales hasta el 3 de noviembre. Esta muestra forma parte tambi\u00e9n de la 14 Bienal de Curitiba.","breadcrumb":{"@id":"https:\/\/cooltivarte.com\/portal\/conversacion-con-gustavo-tabares\/#breadcrumb"},"inLanguage":"es-AR","potentialAction":[{"@type":"ReadAction","target":["https:\/\/cooltivarte.com\/portal\/conversacion-con-gustavo-tabares\/"]}]},{"@type":"ImageObject","inLanguage":"es-AR","@id":"https:\/\/cooltivarte.com\/portal\/conversacion-con-gustavo-tabares\/#primaryimage","url":"https:\/\/cooltivarte.com\/portal\/wp-content\/uploads\/2019\/10\/hqdefault-25.jpg","contentUrl":"https:\/\/cooltivarte.com\/portal\/wp-content\/uploads\/2019\/10\/hqdefault-25.jpg","width":480,"height":360,"caption":"Esta es una conversaci\u00f3n que mantuve con Gustavo Tabares a ra\u00edz de su \u00faltima exposici\u00f3n Tabares, 30 a\u00f1os y una antolog\u00eda. Se puede visitar en el Museo Nacional de Artes Visuales hasta el 3 de noviembre. Esta muestra forma parte tambi\u00e9n de la 14 Bienal de Curitiba."},{"@type":"BreadcrumbList","@id":"https:\/\/cooltivarte.com\/portal\/conversacion-con-gustavo-tabares\/#breadcrumb","itemListElement":[{"@type":"ListItem","position":1,"name":"Portada","item":"https:\/\/cooltivarte.com\/portal\/"},{"@type":"ListItem","position":2,"name":"Conversaci\u00f3n con Gustavo Tabares"}]},{"@type":"WebSite","@id":"https:\/\/cooltivarte.com\/portal\/#website","url":"https:\/\/cooltivarte.com\/portal\/","name":"Cooltivarte Portal","description":"Arte, cultura y turismo para el mundo ...","publisher":{"@id":"https:\/\/cooltivarte.com\/portal\/#organization"},"potentialAction":[{"@type":"SearchAction","target":{"@type":"EntryPoint","urlTemplate":"https:\/\/cooltivarte.com\/portal\/?s={search_term_string}"},"query-input":{"@type":"PropertyValueSpecification","valueRequired":true,"valueName":"search_term_string"}}],"inLanguage":"es-AR"},{"@type":"Organization","@id":"https:\/\/cooltivarte.com\/portal\/#organization","name":"cooltivarte","url":"https:\/\/cooltivarte.com\/portal\/","logo":{"@type":"ImageObject","inLanguage":"es-AR","@id":"https:\/\/cooltivarte.com\/portal\/#\/schema\/logo\/image\/","url":"https:\/\/cooltivarte.com\/portal\/wp-content\/uploads\/2020\/04\/logo-cooltivarte-v2.png","contentUrl":"https:\/\/cooltivarte.com\/portal\/wp-content\/uploads\/2020\/04\/logo-cooltivarte-v2.png","width":851,"height":243,"caption":"cooltivarte"},"image":{"@id":"https:\/\/cooltivarte.com\/portal\/#\/schema\/logo\/image\/"},"sameAs":["https:\/\/www.facebook.com\/cooltivartecom\/","https:\/\/x.com\/obolocultural","https:\/\/www.instagram.com\/_cooltivarte_\/","https:\/\/www.linkedin.com\/company\/-bolocultural?reportsuccess=8zaNG1HwhPbAR9iQhZ5rfGeqz_vQFftHun0ZWU0Wy9vNemRJ8vtcKdJvzQfW8XagyOJSKg0XvfJ1dp","https:\/\/www.pinterest.com\/cooltivarte\/","https:\/\/cooltivarte.tumblr.com\/","https:\/\/www.tiktok.com\/@cooltivarte","https:\/\/www.youtube.com\/@PrensaCooltivarte"]},{"@type":"Person","@id":"https:\/\/cooltivarte.com\/portal\/#\/schema\/person\/1e5f197e494baed303d48621c8c761c3","name":"Ana Strauss","image":{"@type":"ImageObject","inLanguage":"es-AR","@id":"https:\/\/cooltivarte.com\/portal\/wp-content\/uploads\/2019\/08\/ana-strauss-120x120.jpg","url":"https:\/\/cooltivarte.com\/portal\/wp-content\/uploads\/2019\/08\/ana-strauss-120x120.jpg","contentUrl":"https:\/\/cooltivarte.com\/portal\/wp-content\/uploads\/2019\/08\/ana-strauss-120x120.jpg","caption":"Ana Strauss"},"description":"Public\u00f3 con la editorial Yaugur\u00fa: no s\u00e9 qu\u00e9 hago en Inglaterra (2013) oror\u00f3 canci\u00f3n para un p\u00e1rpado (2017). Integra varias muestras de poes\u00eda contempor\u00e1nea uruguaya. Ha participado en muestras colectivas y acciones perform\u00e1ticas. Pensi\u00f3n Mil\u00e1n, Subte, Casa Mario (entre otros).","sameAs":["https:\/\/www.facebook.com\/anastraussfrias","https:\/\/www.instagram.com\/_cooltivarte_\/","https:\/\/www.linkedin.com\/company\/-bolocultural","https:\/\/www.pinterest.com\/cooltivarte","https:\/\/x.com\/https:\/\/x.com\/obolocultural","https:\/\/www.youtube.com\/@PrensaCooltivarte","https:\/\/www.tumblr.com\/blog\/cooltivarte"],"url":"https:\/\/cooltivarte.com\/portal\/author\/ana-strauss\/"}]}},"_links":{"self":[{"href":"https:\/\/cooltivarte.com\/portal\/wp-json\/wp\/v2\/posts\/54892","targetHints":{"allow":["GET"]}}],"collection":[{"href":"https:\/\/cooltivarte.com\/portal\/wp-json\/wp\/v2\/posts"}],"about":[{"href":"https:\/\/cooltivarte.com\/portal\/wp-json\/wp\/v2\/types\/post"}],"author":[{"embeddable":true,"href":"https:\/\/cooltivarte.com\/portal\/wp-json\/wp\/v2\/users\/151"}],"replies":[{"embeddable":true,"href":"https:\/\/cooltivarte.com\/portal\/wp-json\/wp\/v2\/comments?post=54892"}],"version-history":[{"count":8,"href":"https:\/\/cooltivarte.com\/portal\/wp-json\/wp\/v2\/posts\/54892\/revisions"}],"predecessor-version":[{"id":102631,"href":"https:\/\/cooltivarte.com\/portal\/wp-json\/wp\/v2\/posts\/54892\/revisions\/102631"}],"wp:featuredmedia":[{"embeddable":true,"href":"https:\/\/cooltivarte.com\/portal\/wp-json\/wp\/v2\/media\/54894"}],"wp:attachment":[{"href":"https:\/\/cooltivarte.com\/portal\/wp-json\/wp\/v2\/media?parent=54892"}],"wp:term":[{"taxonomy":"category","embeddable":true,"href":"https:\/\/cooltivarte.com\/portal\/wp-json\/wp\/v2\/categories?post=54892"},{"taxonomy":"post_tag","embeddable":true,"href":"https:\/\/cooltivarte.com\/portal\/wp-json\/wp\/v2\/tags?post=54892"}],"curies":[{"name":"wp","href":"https:\/\/api.w.org\/{rel}","templated":true}]}}