{"id":54638,"date":"2019-10-22T09:55:52","date_gmt":"2019-10-22T12:55:52","guid":{"rendered":"http:\/\/cooltivarte.com\/portal\/?p=54638"},"modified":"2019-10-29T15:21:42","modified_gmt":"2019-10-29T18:21:42","slug":"convocatoria-feria-del-1er-festival-cielo-abierto-teatro-de-verano-ramon-collazo","status":"publish","type":"post","link":"https:\/\/cooltivarte.com\/portal\/convocatoria-feria-del-1er-festival-cielo-abierto-teatro-de-verano-ramon-collazo\/","title":{"rendered":"Convocatoria Feria del 1er Festival Cielo Abierto &#8211; Teatro de Verano Ram\u00f3n Collazo"},"content":{"rendered":"<h2>Invitamos a participar del 1er Festival Cielo Abierto \u2013 75 a\u00f1os Teatro de Verano Ram\u00f3n Collazo, a trav\u00e9s de una feria integrada por stands de organizaciones, asociaciones civiles sin fines de lucro y colectivos que promuevan la m\u00fasica.<\/h2>\n<p>Con motivo de la celebraci\u00f3n de sus 75 a\u00f1os, el Teatro de Verano Ram\u00f3n Collazo presenta el 1er Festival Cielo Abierto, a realizarse el pr\u00f3ximo jueves 5, viernes 6 y s\u00e1bado 7 de diciembre de 2019.<\/p>\n<p>Adem\u00e1s de espect\u00e1culos en el escenario, el Festival contar\u00e1 con un espacio de feria integrada por hasta 20 stands de organizaciones provenientes de todo el pa\u00eds y de la ciudad invitada (que en esta instancia se trata de Rosario, Argentina), que promuevan la m\u00fasica y, a trav\u00e9s de ella, su lugar de origen. Se trata de una plataforma de intercambio que permita difundir sus actividades, comercializar sus propuestas, conversar sobre sus saberes y experiencias e interactuar con el p\u00fablico.<\/p>\n<p>Se presentar\u00e1n ocho intervenciones art\u00edsticas cada d\u00eda: seis de ellas provenientes del interior del pa\u00eds, una de Montevideo y otra de la ciudad invitada del exterior, ofreciendo 24 espect\u00e1culos de diferentes estilos musicales.<\/p>\n<p>Las organizaciones seleccionadas participar\u00e1n durante los tres d\u00edas de Festival formando parte de esta feria y de actividades como encuentros de intercambio entre ellas y est\u00e1 previsto adem\u00e1s un taller sobre la perspectiva de g\u00e9nero en la gesti\u00f3n.<\/p>\n<p><strong>Esta convocatoria se extiende desde el lunes 26 de agosto hasta el lunes 28 de octubre. La inscripci\u00f3n se hace efectiva una vez completado el formulario y enviados los documentos requeridos en las bases a: festival.cieloabierto@imm.gub.uy<\/strong><\/p>\n<p>&nbsp;<\/p>\n<div class=\"field field-name-field-descargas field-type-file field-label-above\">\n<h2 class=\"label-above\">Descargas<\/h2>\n<ul>\n<li class=\"odd\"><span class=\"file\"><img decoding=\"async\" class=\"file-icon\" title=\"application\/pdf\" src=\"http:\/\/teatrodeverano.montevideo.gub.uy\/modules\/file\/icons\/application-pdf.png\" alt=\"PDF icon\"\/> <a title=\"bases_convocatoria_1er_festival_cielo_abierto.pdf\" href=\"http:\/\/teatrodeverano.montevideo.gub.uy\/sites\/teatrodeverano.montevideo.gub.uy\/files\/articulos\/descargas\/bases_convocatoria_1er_festival_cielo_abierto.pdf\" target=\"_blank\" rel=\"noopener\" type=\"application\/pdf; length=10338\">Bases de la convocatoria para participar en la feria <\/a><\/span><\/li>\n<\/ul>\n<\/div>\n<div class=\"field field-name-field-vinculos field-type-link-field field-label-above\">\n<h2 class=\"label-above\">V\u00ednculos<\/h2>\n<ul>\n<li class=\"odd\"><a href=\"http:\/\/montevideo.gub.uy\/formularios\/1er-festival-cielo-abierto-del-teatro-de-verano-ramon-collazo\" target=\"_blank\" rel=\"nofollow noopener\">Formulario de inscripci\u00f3n<\/a><\/li>\n<\/ul>\n<\/div>\n<p>&nbsp;<\/p>\n","protected":false},"excerpt":{"rendered":"<p>Invitamos a participar del 1er Festival Cielo Abierto \u2013 75 a\u00f1os Teatro de Verano Ram\u00f3n Collazo, a trav\u00e9s de una feria integrada por stands de organizaciones, asociaciones civiles sin fines de lucro y colectivos que promuevan la m\u00fasica. Con motivo de la celebraci\u00f3n de sus 75 a\u00f1os, el Teatro de Verano Ram\u00f3n Collazo presenta el [&hellip;]<\/p>\n","protected":false},"author":8,"featured_media":54639,"comment_status":"closed","ping_status":"closed","sticky":false,"template":"","format":"standard","meta":{"om_disable_all_campaigns":false,"ngg_post_thumbnail":0,"jnews-multi-image_gallery":[],"jnews_single_post":[],"jnews_primary_category":[],"jnews_social_meta":[],"jnews_override_counter":[],"footnotes":""},"categories":[3394],"tags":[5379],"class_list":["post-54638","post","type-post","status-publish","format-standard","has-post-thumbnail","hentry","category-eventos","tag-teatro-de-verano-ramon-collazo"],"yoast_head":"<!-- This site is optimized with the Yoast SEO plugin v27.5 - https:\/\/yoast.com\/product\/yoast-seo-wordpress\/ -->\n<title>Convocatoria Feria del 1er Festival Cielo Abierto - Teatro de Verano Ram\u00f3n Collazo - Cooltivarte Portal<\/title>\n<meta name=\"description\" content=\"COOLTIVARTE.COM es un portal digital colaborativo de actualizaci\u00f3n permanente dedicado a difundir el acontecer art\u00edstico y cultural, entrevista artistas, gestores y productores de las diferentes disciplinas del arte, y publicando art\u00edculos de reflexi\u00f3n de producci\u00f3n propia sobre los elementos culturales.\" \/>\n<meta name=\"robots\" content=\"index, follow, max-snippet:-1, max-image-preview:large, max-video-preview:-1\" \/>\n<link rel=\"canonical\" href=\"https:\/\/cooltivarte.com\/portal\/convocatoria-feria-del-1er-festival-cielo-abierto-teatro-de-verano-ramon-collazo\/\" \/>\n<meta property=\"og:locale\" content=\"es_ES\" \/>\n<meta property=\"og:type\" content=\"article\" \/>\n<meta property=\"og:title\" content=\"Convocatoria Feria del 1er Festival Cielo Abierto - Teatro de Verano Ram\u00f3n Collazo - Cooltivarte Portal\" \/>\n<meta property=\"og:description\" content=\"COOLTIVARTE.COM es un portal digital colaborativo de actualizaci\u00f3n permanente dedicado a difundir el acontecer art\u00edstico y cultural, entrevista artistas, gestores y productores de las diferentes disciplinas del arte, y publicando art\u00edculos de reflexi\u00f3n de producci\u00f3n propia sobre los elementos culturales.\" \/>\n<meta property=\"og:url\" content=\"https:\/\/cooltivarte.com\/portal\/convocatoria-feria-del-1er-festival-cielo-abierto-teatro-de-verano-ramon-collazo\/\" \/>\n<meta property=\"og:site_name\" content=\"Cooltivarte Portal\" \/>\n<meta property=\"article:publisher\" content=\"https:\/\/www.facebook.com\/cooltivartecom\/\" \/>\n<meta property=\"article:author\" content=\"https:\/\/www.facebook.com\/cooltivartecom\" \/>\n<meta property=\"article:published_time\" content=\"2019-10-22T12:55:52+00:00\" \/>\n<meta property=\"article:modified_time\" content=\"2019-10-29T18:21:42+00:00\" \/>\n<meta property=\"og:image\" content=\"https:\/\/cooltivarte.com\/portal\/wp-content\/uploads\/2019\/10\/Festival-Cielo-Abierto-Teatro-de-Verano-Ram\u00f3n-Collazo.jpg\" \/>\n\t<meta property=\"og:image:width\" content=\"600\" \/>\n\t<meta property=\"og:image:height\" content=\"450\" \/>\n\t<meta property=\"og:image:type\" content=\"image\/jpeg\" \/>\n<meta name=\"author\" content=\"Cooltivarte\" \/>\n<meta name=\"twitter:card\" content=\"summary_large_image\" \/>\n<meta name=\"twitter:creator\" content=\"@https:\/\/x.com\/obolocultural\" \/>\n<meta name=\"twitter:site\" content=\"@obolocultural\" \/>\n<meta name=\"twitter:label1\" content=\"Escrito por\" \/>\n\t<meta name=\"twitter:data1\" content=\"Cooltivarte\" \/>\n\t<meta name=\"twitter:label2\" content=\"Tiempo de lectura\" \/>\n\t<meta name=\"twitter:data2\" content=\"1 minuto\" \/>\n<!-- \/ Yoast SEO plugin. -->","yoast_head_json":{"title":"Convocatoria Feria del 1er Festival Cielo Abierto - Teatro de Verano Ram\u00f3n Collazo - Cooltivarte Portal","description":"COOLTIVARTE.COM es un portal digital colaborativo de actualizaci\u00f3n permanente dedicado a difundir el acontecer art\u00edstico y cultural, entrevista artistas, gestores y productores de las diferentes disciplinas del arte, y publicando art\u00edculos de reflexi\u00f3n de producci\u00f3n propia sobre los elementos culturales.","robots":{"index":"index","follow":"follow","max-snippet":"max-snippet:-1","max-image-preview":"max-image-preview:large","max-video-preview":"max-video-preview:-1"},"canonical":"https:\/\/cooltivarte.com\/portal\/convocatoria-feria-del-1er-festival-cielo-abierto-teatro-de-verano-ramon-collazo\/","og_locale":"es_ES","og_type":"article","og_title":"Convocatoria Feria del 1er Festival Cielo Abierto - Teatro de Verano Ram\u00f3n Collazo - Cooltivarte Portal","og_description":"COOLTIVARTE.COM es un portal digital colaborativo de actualizaci\u00f3n permanente dedicado a difundir el acontecer art\u00edstico y cultural, entrevista artistas, gestores y productores de las diferentes disciplinas del arte, y publicando art\u00edculos de reflexi\u00f3n de producci\u00f3n propia sobre los elementos culturales.","og_url":"https:\/\/cooltivarte.com\/portal\/convocatoria-feria-del-1er-festival-cielo-abierto-teatro-de-verano-ramon-collazo\/","og_site_name":"Cooltivarte Portal","article_publisher":"https:\/\/www.facebook.com\/cooltivartecom\/","article_author":"https:\/\/www.facebook.com\/cooltivartecom","article_published_time":"2019-10-22T12:55:52+00:00","article_modified_time":"2019-10-29T18:21:42+00:00","og_image":[{"width":600,"height":450,"url":"https:\/\/cooltivarte.com\/portal\/wp-content\/uploads\/2019\/10\/Festival-Cielo-Abierto-Teatro-de-Verano-Ram\u00f3n-Collazo.jpg","type":"image\/jpeg"}],"author":"Cooltivarte","twitter_card":"summary_large_image","twitter_creator":"@https:\/\/x.com\/obolocultural","twitter_site":"@obolocultural","twitter_misc":{"Escrito por":"Cooltivarte","Tiempo de lectura":"1 minuto"},"schema":{"@context":"https:\/\/schema.org","@graph":[{"@type":"NewsArticle","@id":"https:\/\/cooltivarte.com\/portal\/convocatoria-feria-del-1er-festival-cielo-abierto-teatro-de-verano-ramon-collazo\/#article","isPartOf":{"@id":"https:\/\/cooltivarte.com\/portal\/convocatoria-feria-del-1er-festival-cielo-abierto-teatro-de-verano-ramon-collazo\/"},"author":{"name":"Cooltivarte","@id":"https:\/\/cooltivarte.com\/portal\/#\/schema\/person\/ec2a4f4e71b740d0c559c0ab9a157e19"},"headline":"Convocatoria Feria del 1er Festival Cielo Abierto &#8211; Teatro de Verano Ram\u00f3n Collazo","datePublished":"2019-10-22T12:55:52+00:00","dateModified":"2019-10-29T18:21:42+00:00","mainEntityOfPage":{"@id":"https:\/\/cooltivarte.com\/portal\/convocatoria-feria-del-1er-festival-cielo-abierto-teatro-de-verano-ramon-collazo\/"},"wordCount":311,"publisher":{"@id":"https:\/\/cooltivarte.com\/portal\/#organization"},"image":{"@id":"https:\/\/cooltivarte.com\/portal\/convocatoria-feria-del-1er-festival-cielo-abierto-teatro-de-verano-ramon-collazo\/#primaryimage"},"thumbnailUrl":"https:\/\/cooltivarte.com\/portal\/wp-content\/uploads\/2019\/10\/Festival-Cielo-Abierto-Teatro-de-Verano-Ram\u00f3n-Collazo.jpg","keywords":["Teatro de Verano Ram\u00f3n Collazo"],"articleSection":["Eventos"],"inLanguage":"es-AR"},{"@type":"WebPage","@id":"https:\/\/cooltivarte.com\/portal\/convocatoria-feria-del-1er-festival-cielo-abierto-teatro-de-verano-ramon-collazo\/","url":"https:\/\/cooltivarte.com\/portal\/convocatoria-feria-del-1er-festival-cielo-abierto-teatro-de-verano-ramon-collazo\/","name":"Convocatoria Feria del 1er Festival Cielo Abierto - Teatro de Verano Ram\u00f3n Collazo - Cooltivarte Portal","isPartOf":{"@id":"https:\/\/cooltivarte.com\/portal\/#website"},"primaryImageOfPage":{"@id":"https:\/\/cooltivarte.com\/portal\/convocatoria-feria-del-1er-festival-cielo-abierto-teatro-de-verano-ramon-collazo\/#primaryimage"},"image":{"@id":"https:\/\/cooltivarte.com\/portal\/convocatoria-feria-del-1er-festival-cielo-abierto-teatro-de-verano-ramon-collazo\/#primaryimage"},"thumbnailUrl":"https:\/\/cooltivarte.com\/portal\/wp-content\/uploads\/2019\/10\/Festival-Cielo-Abierto-Teatro-de-Verano-Ram\u00f3n-Collazo.jpg","datePublished":"2019-10-22T12:55:52+00:00","dateModified":"2019-10-29T18:21:42+00:00","description":"COOLTIVARTE.COM es un portal digital colaborativo de actualizaci\u00f3n permanente dedicado a difundir el acontecer art\u00edstico y cultural, entrevista artistas, gestores y productores de las diferentes disciplinas del arte, y publicando art\u00edculos de reflexi\u00f3n de producci\u00f3n propia sobre los elementos culturales.","breadcrumb":{"@id":"https:\/\/cooltivarte.com\/portal\/convocatoria-feria-del-1er-festival-cielo-abierto-teatro-de-verano-ramon-collazo\/#breadcrumb"},"inLanguage":"es-AR","potentialAction":[{"@type":"ReadAction","target":["https:\/\/cooltivarte.com\/portal\/convocatoria-feria-del-1er-festival-cielo-abierto-teatro-de-verano-ramon-collazo\/"]}]},{"@type":"ImageObject","inLanguage":"es-AR","@id":"https:\/\/cooltivarte.com\/portal\/convocatoria-feria-del-1er-festival-cielo-abierto-teatro-de-verano-ramon-collazo\/#primaryimage","url":"https:\/\/cooltivarte.com\/portal\/wp-content\/uploads\/2019\/10\/Festival-Cielo-Abierto-Teatro-de-Verano-Ram\u00f3n-Collazo.jpg","contentUrl":"https:\/\/cooltivarte.com\/portal\/wp-content\/uploads\/2019\/10\/Festival-Cielo-Abierto-Teatro-de-Verano-Ram\u00f3n-Collazo.jpg","width":600,"height":450,"caption":"Festival Cielo Abierto - Teatro de Verano Ram\u00f3n Collazo"},{"@type":"BreadcrumbList","@id":"https:\/\/cooltivarte.com\/portal\/convocatoria-feria-del-1er-festival-cielo-abierto-teatro-de-verano-ramon-collazo\/#breadcrumb","itemListElement":[{"@type":"ListItem","position":1,"name":"Portada","item":"https:\/\/cooltivarte.com\/portal\/"},{"@type":"ListItem","position":2,"name":"Convocatoria Feria del 1er Festival Cielo Abierto &#8211; Teatro de Verano Ram\u00f3n Collazo"}]},{"@type":"WebSite","@id":"https:\/\/cooltivarte.com\/portal\/#website","url":"https:\/\/cooltivarte.com\/portal\/","name":"Cooltivarte Portal","description":"Arte, cultura y turismo para el mundo ...","publisher":{"@id":"https:\/\/cooltivarte.com\/portal\/#organization"},"potentialAction":[{"@type":"SearchAction","target":{"@type":"EntryPoint","urlTemplate":"https:\/\/cooltivarte.com\/portal\/?s={search_term_string}"},"query-input":{"@type":"PropertyValueSpecification","valueRequired":true,"valueName":"search_term_string"}}],"inLanguage":"es-AR"},{"@type":"Organization","@id":"https:\/\/cooltivarte.com\/portal\/#organization","name":"cooltivarte","url":"https:\/\/cooltivarte.com\/portal\/","logo":{"@type":"ImageObject","inLanguage":"es-AR","@id":"https:\/\/cooltivarte.com\/portal\/#\/schema\/logo\/image\/","url":"https:\/\/cooltivarte.com\/portal\/wp-content\/uploads\/2020\/04\/logo-cooltivarte-v2.png","contentUrl":"https:\/\/cooltivarte.com\/portal\/wp-content\/uploads\/2020\/04\/logo-cooltivarte-v2.png","width":851,"height":243,"caption":"cooltivarte"},"image":{"@id":"https:\/\/cooltivarte.com\/portal\/#\/schema\/logo\/image\/"},"sameAs":["https:\/\/www.facebook.com\/cooltivartecom\/","https:\/\/x.com\/obolocultural","https:\/\/www.instagram.com\/_cooltivarte_\/","https:\/\/www.linkedin.com\/company\/-bolocultural?reportsuccess=8zaNG1HwhPbAR9iQhZ5rfGeqz_vQFftHun0ZWU0Wy9vNemRJ8vtcKdJvzQfW8XagyOJSKg0XvfJ1dp","https:\/\/www.pinterest.com\/cooltivarte\/","https:\/\/cooltivarte.tumblr.com\/","https:\/\/www.tiktok.com\/@cooltivarte","https:\/\/www.youtube.com\/@PrensaCooltivarte"]},{"@type":"Person","@id":"https:\/\/cooltivarte.com\/portal\/#\/schema\/person\/ec2a4f4e71b740d0c559c0ab9a157e19","name":"Cooltivarte","image":{"@type":"ImageObject","inLanguage":"es-AR","@id":"https:\/\/cooltivarte.com\/portal\/wp-content\/uploads\/2014\/05\/logo-cooltivarte-120x120.jpg","url":"https:\/\/cooltivarte.com\/portal\/wp-content\/uploads\/2014\/05\/logo-cooltivarte-120x120.jpg","contentUrl":"https:\/\/cooltivarte.com\/portal\/wp-content\/uploads\/2014\/05\/logo-cooltivarte-120x120.jpg","caption":"Cooltivarte"},"description":"Somos COOLTIVARTE.COM. Un portal digital dedicado a difundir el acontecer art\u00edstico y cultural del Uruguay. Estamos en la vuelta desde el a\u00f1o 2003, y como evoluci\u00f3n del bolet\u00edn Obolo Cultural, nos encontramos abocados a apoyar a los artistas nacionales brind\u00e1ndoles un espacio de difusi\u00f3n. Creemos en la idea de utilizar la potencialidad que hoy d\u00eda nos otorga la web, para que la cultura uruguaya y sus creadores dispongan de una din\u00e1mica ventana, que los ponga en contacto entre s\u00ed y con el mundo. Somos COOLTIVARTE.COM y pretendemos configurarnos como un portal din\u00e1mico, entretenido y atento a los nuevos emprendimientos, que busque siempre la interacci\u00f3n con los artistas.","sameAs":["http:\/\/www.cooltivarte.com","https:\/\/www.facebook.com\/cooltivartecom","https:\/\/www.instagram.com\/_cooltivarte_\/","https:\/\/www.linkedin.com\/company\/-bolocultural","https:\/\/www.pinterest.com\/cooltivarte\/","https:\/\/x.com\/https:\/\/x.com\/obolocultural","https:\/\/www.youtube.com\/@PrensaCooltivarte","https:\/\/www.tumblr.com\/blog\/cooltivarte"],"url":"https:\/\/cooltivarte.com\/portal\/author\/cooltivarte\/"}]}},"_links":{"self":[{"href":"https:\/\/cooltivarte.com\/portal\/wp-json\/wp\/v2\/posts\/54638","targetHints":{"allow":["GET"]}}],"collection":[{"href":"https:\/\/cooltivarte.com\/portal\/wp-json\/wp\/v2\/posts"}],"about":[{"href":"https:\/\/cooltivarte.com\/portal\/wp-json\/wp\/v2\/types\/post"}],"author":[{"embeddable":true,"href":"https:\/\/cooltivarte.com\/portal\/wp-json\/wp\/v2\/users\/8"}],"replies":[{"embeddable":true,"href":"https:\/\/cooltivarte.com\/portal\/wp-json\/wp\/v2\/comments?post=54638"}],"version-history":[{"count":1,"href":"https:\/\/cooltivarte.com\/portal\/wp-json\/wp\/v2\/posts\/54638\/revisions"}],"predecessor-version":[{"id":54640,"href":"https:\/\/cooltivarte.com\/portal\/wp-json\/wp\/v2\/posts\/54638\/revisions\/54640"}],"wp:featuredmedia":[{"embeddable":true,"href":"https:\/\/cooltivarte.com\/portal\/wp-json\/wp\/v2\/media\/54639"}],"wp:attachment":[{"href":"https:\/\/cooltivarte.com\/portal\/wp-json\/wp\/v2\/media?parent=54638"}],"wp:term":[{"taxonomy":"category","embeddable":true,"href":"https:\/\/cooltivarte.com\/portal\/wp-json\/wp\/v2\/categories?post=54638"},{"taxonomy":"post_tag","embeddable":true,"href":"https:\/\/cooltivarte.com\/portal\/wp-json\/wp\/v2\/tags?post=54638"}],"curies":[{"name":"wp","href":"https:\/\/api.w.org\/{rel}","templated":true}]}}