{"id":54610,"date":"2019-10-21T18:20:14","date_gmt":"2019-10-21T21:20:14","guid":{"rendered":"http:\/\/cooltivarte.com\/portal\/?p=54610"},"modified":"2019-10-22T18:55:49","modified_gmt":"2019-10-22T21:55:49","slug":"campo-minado-temporada-internacional-reino-unido","status":"publish","type":"post","link":"https:\/\/cooltivarte.com\/portal\/campo-minado-temporada-internacional-reino-unido\/","title":{"rendered":"CAMPO MINADO-Temporada Internacional Reino Unido"},"content":{"rendered":"<h3>A partir del jueves 31 de octubre a las 20hs, se realizar\u00e1, en la Sala Mart\u00edn Coronado del Teatro San Mart\u00edn (Av. Corrientes 1530), Campo minado, un espect\u00e1culo escrito y dirigido por Lola Arias y traducido por Daniel Tunnard. <em>Campo minado<\/em> se estren\u00f3 en 2016 en el Royal Court Theatre de Londres, y ese mismo a\u00f1o, realiz\u00f3 una corta temporada en Buenos Aires a sala llena. Desde su estreno, fue presentada en 36 ciudades y en numerosos festivales internacionales.<\/h3>\n<p>Los performers del espect\u00e1culo son <strong>Lou Armour<\/strong>,<strong> David Jackson<\/strong>, <strong>Gabriel Sagastume<\/strong>, <strong>Ruben Otero<\/strong>, <strong>Sukrim Rai<\/strong> y <strong>Marcelo Vallejo<\/strong>. La investigacio\u0301n y producci\u00f3n es de <strong>Sofia Medici<\/strong> y <strong>Luz Algranti<\/strong>, la composici\u00f3n musical de <strong>Ulises Conti<\/strong>, el Video de IDV, el dise\u00f1o de sonido de <strong>Ernesto Fara<\/strong>, el dise\u00f1o de vestuario de <strong>Andy Piffer<\/strong>, el dise\u00f1o de escenograf\u00eda de <strong>Mariana Tirantte<\/strong>, el dise\u00f1o de luces y la direcci\u00f3n t\u00e9cnica de <strong>David Seldes<\/strong>. El asistente de iluminaci\u00f3n es <strong>Facundo David<\/strong>, el asistente de direcci\u00f3n t\u00e9cnica es <strong>Mart\u00edn Fern\u00e1ndez Paponi<\/strong>, la asistencia t\u00e9cnica es de <strong>Ezequiel Paredes<\/strong>, la asistencia de producci\u00f3n de <strong>Gabriela Sof\u00eda Britos<\/strong>, la asistencia de vestuario de <strong>Federico Castell\u00f3n Arrieta<\/strong>, la asistencia en Gran Breta\u00f1a de <strong>Kate O\u2019Connor<\/strong> y la productora asociada es Gema Films.<\/p>\n<p><strong><em>Campo minado<\/em><\/strong> es un proyecto que reu\u0301ne veteranos argentinos e ingleses de la guerra de Malvinas para explorar lo que quedo\u0301 en sus cabezas treinta y siete an\u0303os ma\u0301s tarde. En un set de filmacio\u0301n convertido en ma\u0301quina del tiempo, los que combatieron se teletransportan al pasado para reconstruir sus recuerdos de la guerra y su vida de posguerra. Lou Armour fue tapa de todos los diarios cuando los argentinos lo tomaron prisionero el dos de abril y hoy es profesor de nin\u0303os con problemas de aprendizaje. Rube\u0301n Otero sobrevivio\u0301 al hundimiento del Buque General Belgrano y ahora tiene una banda de tributo a los Beatles. David Jackson paso\u0301 la guerra escuchando y transcribiendo co\u0301digos por radio y hoy escucha a otros veteranos en su consultorio de psico\u0301logo. Gabriel Sagastume fue un soldado que nunca quiso disparar y hoy es abogado penalista. Sukrim Rai fue un Ghurka que supo usar su cuchillo y actualmente trabaja como guardia de seguridad. Marcelo Vallejo fue apuntador de mortero y ahora es campeo\u0301n de triatlo\u0301n. Lo u\u0301nico que tienen en comu\u0301n todos ellos es que son veteranos. Pero \u00bfque\u0301 es un veterano: un sobreviviente, un he\u0301roe, un loco? El proyecto confronta distintas visiones de la guerra, juntando a viejos enemigos para contar una misma historia. Campo minado indaga las marcas que deja la guerra, la relacio\u0301n entre experiencia y ficcio\u0301n, las mil formas de representacio\u0301n de la memoria.<\/p>\n<p><strong>Palabras de la autora.&nbsp;<\/strong><em>Me cri\u00e9 cantando las estrofas de la Marcha de las Malvinas en el colegio: \u201c\u00a1Las Malvinas, argentinas! \/ clama el viento y ruge el mar\u201d. Pero m\u00e1s all\u00e1 de este fervor nacionalista aprendido en la escuela, no sab\u00eda mucho de la guerra. Hace seis a\u00f1os, empez\u00f3 a perseguirme una pregunta: \u00bfqu\u00e9 queda en la memoria de alguien que fue la guerra a\u00f1os despu\u00e9s? Entonces realic\u00e9 una videoinstalaci\u00f3n llamada Veteranos, en la que cinco veteranos reconstru\u00edan un recuerdo de la guerra en los lugares donde viven y trabajan hoy. Al mostrar la instalaci\u00f3n en Londres en 2014, aparecieron nuevas preguntas: \u00bfqu\u00e9 qued\u00f3 en la memoria de los veteranos ingleses? \u00bfC\u00f3mo ser\u00eda reconstruir la guerra con antiguos enemigos? Y as\u00ed empec\u00e9 a buscar veteranos ingleses y argentinos para hacer una obra de teatro y una pel\u00edcula. Pasaron dos a\u00f1os de audiciones, workshops, ensayos, d\u00edas de rodaje. Y finalmente lleg\u00f3 el estreno en Londres y Buenos Aires en 2016, las giras y el estreno de la pel\u00edcula Teatro de Guerra en la Berlinale. Pero a\u00fan hoy esta obra no es algo terminado sino una criatura viva que se re-escribe con el tiempo. Este proyecto es una video instalaci\u00f3n, una obra de teatro, una pel\u00edcula y un libro biling\u00fce. Pero por sobre todo, es un ensayo sobre c\u00f3mo representar la guerra y c\u00f3mo crear en el disenso.<\/em><\/p>\n<p style=\"text-align: right;\"><strong>Lola Arias<\/strong><strong><br \/>\n<\/strong><\/p>\n<p><a href=\"https:\/\/cooltivarte.com\/portal\/wp-content\/uploads\/2019\/10\/Screen-shot-2019-10-21-at-18.06.32-1.png\"><img fetchpriority=\"high\" decoding=\"async\" class=\"aligncenter size-full wp-image-54632\" src=\"https:\/\/cooltivarte.com\/portal\/wp-content\/uploads\/2019\/10\/Screen-shot-2019-10-21-at-18.06.32-1.png\" alt=\"\" width=\"890\" height=\"544\" srcset=\"https:\/\/cooltivarte.com\/portal\/wp-content\/uploads\/2019\/10\/Screen-shot-2019-10-21-at-18.06.32-1.png 890w, https:\/\/cooltivarte.com\/portal\/wp-content\/uploads\/2019\/10\/Screen-shot-2019-10-21-at-18.06.32-1-300x183.png 300w, https:\/\/cooltivarte.com\/portal\/wp-content\/uploads\/2019\/10\/Screen-shot-2019-10-21-at-18.06.32-1-768x469.png 768w\" sizes=\"(max-width: 890px) 100vw, 890px\" \/><\/a><\/p>\n<p>Extracto gacetilla de prensa. Fotograf\u00edas cortes\u00eda CTBA. Fotos: Carlos Furman.<\/p>\n","protected":false},"excerpt":{"rendered":"<p>A partir del jueves 31 de octubre a las 20hs, se realizar\u00e1, en la Sala Mart\u00edn Coronado del Teatro San Mart\u00edn (Av. Corrientes 1530), Campo minado, un espect\u00e1culo escrito y dirigido por Lola Arias y traducido por Daniel Tunnard. Campo minado se estren\u00f3 en 2016 en el Royal Court Theatre de Londres, y ese mismo [&hellip;]<\/p>\n","protected":false},"author":134,"featured_media":54670,"comment_status":"closed","ping_status":"closed","sticky":false,"template":"","format":"standard","meta":{"om_disable_all_campaigns":false,"ngg_post_thumbnail":0,"jnews-multi-image_gallery":[],"jnews_single_post":[],"jnews_primary_category":[],"jnews_social_meta":[],"jnews_override_counter":[],"footnotes":""},"categories":[6008],"tags":[],"class_list":["post-54610","post","type-post","status-publish","format-standard","has-post-thumbnail","hentry","category-desde-buenos-aires"],"yoast_head":"<!-- This site is optimized with the Yoast SEO plugin v27.5 - https:\/\/yoast.com\/product\/yoast-seo-wordpress\/ -->\n<title>CAMPO MINADO-Temporada Internacional Reino Unido - Cooltivarte Portal<\/title>\n<meta name=\"description\" content=\"COOLTIVARTE.COM es un portal digital colaborativo de actualizaci\u00f3n permanente dedicado a difundir el acontecer art\u00edstico y cultural, entrevista artistas, gestores y productores de las diferentes disciplinas del arte, y publicando art\u00edculos de reflexi\u00f3n de producci\u00f3n propia sobre los elementos culturales.\" \/>\n<meta name=\"robots\" content=\"index, follow, max-snippet:-1, max-image-preview:large, max-video-preview:-1\" \/>\n<link rel=\"canonical\" href=\"https:\/\/cooltivarte.com\/portal\/campo-minado-temporada-internacional-reino-unido\/\" \/>\n<meta property=\"og:locale\" content=\"es_ES\" \/>\n<meta property=\"og:type\" content=\"article\" \/>\n<meta property=\"og:title\" content=\"CAMPO MINADO-Temporada Internacional Reino Unido - Cooltivarte Portal\" \/>\n<meta property=\"og:description\" content=\"COOLTIVARTE.COM es un portal digital colaborativo de actualizaci\u00f3n permanente dedicado a difundir el acontecer art\u00edstico y cultural, entrevista artistas, gestores y productores de las diferentes disciplinas del arte, y publicando art\u00edculos de reflexi\u00f3n de producci\u00f3n propia sobre los elementos culturales.\" \/>\n<meta property=\"og:url\" content=\"https:\/\/cooltivarte.com\/portal\/campo-minado-temporada-internacional-reino-unido\/\" \/>\n<meta property=\"og:site_name\" content=\"Cooltivarte Portal\" \/>\n<meta property=\"article:publisher\" content=\"https:\/\/www.facebook.com\/cooltivartecom\/\" \/>\n<meta property=\"article:author\" content=\"https:\/\/www.facebook.com\/pato.bue?ref=br_rs\" \/>\n<meta property=\"article:published_time\" content=\"2019-10-21T21:20:14+00:00\" \/>\n<meta property=\"article:modified_time\" content=\"2019-10-22T21:55:49+00:00\" \/>\n<meta property=\"og:image\" content=\"https:\/\/cooltivarte.com\/portal\/wp-content\/uploads\/2019\/10\/CAMPO-MINADO.jpg\" \/>\n\t<meta property=\"og:image:width\" content=\"768\" \/>\n\t<meta property=\"og:image:height\" content=\"508\" \/>\n\t<meta property=\"og:image:type\" content=\"image\/jpeg\" \/>\n<meta name=\"author\" content=\"Patricia Ianniruberto\" \/>\n<meta name=\"twitter:card\" content=\"summary_large_image\" \/>\n<meta name=\"twitter:creator\" content=\"@https:\/\/x.com\/obolocultural\" \/>\n<meta name=\"twitter:site\" content=\"@obolocultural\" \/>\n<meta name=\"twitter:label1\" content=\"Escrito por\" \/>\n\t<meta name=\"twitter:data1\" content=\"Patricia Ianniruberto\" \/>\n\t<meta name=\"twitter:label2\" content=\"Tiempo de lectura\" \/>\n\t<meta name=\"twitter:data2\" content=\"4 minutos\" \/>\n<!-- \/ Yoast SEO plugin. -->","yoast_head_json":{"title":"CAMPO MINADO-Temporada Internacional Reino Unido - Cooltivarte Portal","description":"COOLTIVARTE.COM es un portal digital colaborativo de actualizaci\u00f3n permanente dedicado a difundir el acontecer art\u00edstico y cultural, entrevista artistas, gestores y productores de las diferentes disciplinas del arte, y publicando art\u00edculos de reflexi\u00f3n de producci\u00f3n propia sobre los elementos culturales.","robots":{"index":"index","follow":"follow","max-snippet":"max-snippet:-1","max-image-preview":"max-image-preview:large","max-video-preview":"max-video-preview:-1"},"canonical":"https:\/\/cooltivarte.com\/portal\/campo-minado-temporada-internacional-reino-unido\/","og_locale":"es_ES","og_type":"article","og_title":"CAMPO MINADO-Temporada Internacional Reino Unido - Cooltivarte Portal","og_description":"COOLTIVARTE.COM es un portal digital colaborativo de actualizaci\u00f3n permanente dedicado a difundir el acontecer art\u00edstico y cultural, entrevista artistas, gestores y productores de las diferentes disciplinas del arte, y publicando art\u00edculos de reflexi\u00f3n de producci\u00f3n propia sobre los elementos culturales.","og_url":"https:\/\/cooltivarte.com\/portal\/campo-minado-temporada-internacional-reino-unido\/","og_site_name":"Cooltivarte Portal","article_publisher":"https:\/\/www.facebook.com\/cooltivartecom\/","article_author":"https:\/\/www.facebook.com\/pato.bue?ref=br_rs","article_published_time":"2019-10-21T21:20:14+00:00","article_modified_time":"2019-10-22T21:55:49+00:00","og_image":[{"width":768,"height":508,"url":"https:\/\/cooltivarte.com\/portal\/wp-content\/uploads\/2019\/10\/CAMPO-MINADO.jpg","type":"image\/jpeg"}],"author":"Patricia Ianniruberto","twitter_card":"summary_large_image","twitter_creator":"@https:\/\/x.com\/obolocultural","twitter_site":"@obolocultural","twitter_misc":{"Escrito por":"Patricia Ianniruberto","Tiempo de lectura":"4 minutos"},"schema":{"@context":"https:\/\/schema.org","@graph":[{"@type":"NewsArticle","@id":"https:\/\/cooltivarte.com\/portal\/campo-minado-temporada-internacional-reino-unido\/#article","isPartOf":{"@id":"https:\/\/cooltivarte.com\/portal\/campo-minado-temporada-internacional-reino-unido\/"},"author":{"name":"Patricia Ianniruberto","@id":"https:\/\/cooltivarte.com\/portal\/#\/schema\/person\/efd7b91a624d2d005d1571effe8c04b9"},"headline":"CAMPO MINADO-Temporada Internacional Reino Unido","datePublished":"2019-10-21T21:20:14+00:00","dateModified":"2019-10-22T21:55:49+00:00","mainEntityOfPage":{"@id":"https:\/\/cooltivarte.com\/portal\/campo-minado-temporada-internacional-reino-unido\/"},"wordCount":741,"publisher":{"@id":"https:\/\/cooltivarte.com\/portal\/#organization"},"image":{"@id":"https:\/\/cooltivarte.com\/portal\/campo-minado-temporada-internacional-reino-unido\/#primaryimage"},"thumbnailUrl":"https:\/\/cooltivarte.com\/portal\/wp-content\/uploads\/2019\/10\/CAMPO-MINADO.jpg","articleSection":["Desde Buenos Aires"],"inLanguage":"es-AR"},{"@type":"WebPage","@id":"https:\/\/cooltivarte.com\/portal\/campo-minado-temporada-internacional-reino-unido\/","url":"https:\/\/cooltivarte.com\/portal\/campo-minado-temporada-internacional-reino-unido\/","name":"CAMPO MINADO-Temporada Internacional Reino Unido - Cooltivarte Portal","isPartOf":{"@id":"https:\/\/cooltivarte.com\/portal\/#website"},"primaryImageOfPage":{"@id":"https:\/\/cooltivarte.com\/portal\/campo-minado-temporada-internacional-reino-unido\/#primaryimage"},"image":{"@id":"https:\/\/cooltivarte.com\/portal\/campo-minado-temporada-internacional-reino-unido\/#primaryimage"},"thumbnailUrl":"https:\/\/cooltivarte.com\/portal\/wp-content\/uploads\/2019\/10\/CAMPO-MINADO.jpg","datePublished":"2019-10-21T21:20:14+00:00","dateModified":"2019-10-22T21:55:49+00:00","description":"COOLTIVARTE.COM es un portal digital colaborativo de actualizaci\u00f3n permanente dedicado a difundir el acontecer art\u00edstico y cultural, entrevista artistas, gestores y productores de las diferentes disciplinas del arte, y publicando art\u00edculos de reflexi\u00f3n de producci\u00f3n propia sobre los elementos culturales.","breadcrumb":{"@id":"https:\/\/cooltivarte.com\/portal\/campo-minado-temporada-internacional-reino-unido\/#breadcrumb"},"inLanguage":"es-AR","potentialAction":[{"@type":"ReadAction","target":["https:\/\/cooltivarte.com\/portal\/campo-minado-temporada-internacional-reino-unido\/"]}]},{"@type":"ImageObject","inLanguage":"es-AR","@id":"https:\/\/cooltivarte.com\/portal\/campo-minado-temporada-internacional-reino-unido\/#primaryimage","url":"https:\/\/cooltivarte.com\/portal\/wp-content\/uploads\/2019\/10\/CAMPO-MINADO.jpg","contentUrl":"https:\/\/cooltivarte.com\/portal\/wp-content\/uploads\/2019\/10\/CAMPO-MINADO.jpg","width":768,"height":508,"caption":"A partir del jueves 31 de octubre a las 20hs, se realizar\u00e1, en la Sala Mart\u00edn Coronado del Teatro San Mart\u00edn (Av. Corrientes 1530), Campo minado, un espect\u00e1culo escrito y dirigido por Lola Arias y traducido por Daniel Tunnard. Campo minado se estren\u00f3 en 2016 en el Royal Court Theatre de Londres, y ese mismo a\u00f1o, realiz\u00f3 una corta temporada en Buenos Aires a sala llena. Desde su estreno, fue presentada en 36 ciudades y en numerosos festivales internacionales."},{"@type":"BreadcrumbList","@id":"https:\/\/cooltivarte.com\/portal\/campo-minado-temporada-internacional-reino-unido\/#breadcrumb","itemListElement":[{"@type":"ListItem","position":1,"name":"Portada","item":"https:\/\/cooltivarte.com\/portal\/"},{"@type":"ListItem","position":2,"name":"CAMPO MINADO-Temporada Internacional Reino Unido"}]},{"@type":"WebSite","@id":"https:\/\/cooltivarte.com\/portal\/#website","url":"https:\/\/cooltivarte.com\/portal\/","name":"Cooltivarte Portal","description":"Arte, cultura y turismo para el mundo ...","publisher":{"@id":"https:\/\/cooltivarte.com\/portal\/#organization"},"potentialAction":[{"@type":"SearchAction","target":{"@type":"EntryPoint","urlTemplate":"https:\/\/cooltivarte.com\/portal\/?s={search_term_string}"},"query-input":{"@type":"PropertyValueSpecification","valueRequired":true,"valueName":"search_term_string"}}],"inLanguage":"es-AR"},{"@type":"Organization","@id":"https:\/\/cooltivarte.com\/portal\/#organization","name":"cooltivarte","url":"https:\/\/cooltivarte.com\/portal\/","logo":{"@type":"ImageObject","inLanguage":"es-AR","@id":"https:\/\/cooltivarte.com\/portal\/#\/schema\/logo\/image\/","url":"https:\/\/cooltivarte.com\/portal\/wp-content\/uploads\/2020\/04\/logo-cooltivarte-v2.png","contentUrl":"https:\/\/cooltivarte.com\/portal\/wp-content\/uploads\/2020\/04\/logo-cooltivarte-v2.png","width":851,"height":243,"caption":"cooltivarte"},"image":{"@id":"https:\/\/cooltivarte.com\/portal\/#\/schema\/logo\/image\/"},"sameAs":["https:\/\/www.facebook.com\/cooltivartecom\/","https:\/\/x.com\/obolocultural","https:\/\/www.instagram.com\/_cooltivarte_\/","https:\/\/www.linkedin.com\/company\/-bolocultural?reportsuccess=8zaNG1HwhPbAR9iQhZ5rfGeqz_vQFftHun0ZWU0Wy9vNemRJ8vtcKdJvzQfW8XagyOJSKg0XvfJ1dp","https:\/\/www.pinterest.com\/cooltivarte\/","https:\/\/cooltivarte.tumblr.com\/","https:\/\/www.tiktok.com\/@cooltivarte","https:\/\/www.youtube.com\/@PrensaCooltivarte"]},{"@type":"Person","@id":"https:\/\/cooltivarte.com\/portal\/#\/schema\/person\/efd7b91a624d2d005d1571effe8c04b9","name":"Patricia Ianniruberto","image":{"@type":"ImageObject","inLanguage":"es-AR","@id":"https:\/\/cooltivarte.com\/portal\/wp-content\/uploads\/2018\/04\/patricia-ianniruberto-120x120.jpg","url":"https:\/\/cooltivarte.com\/portal\/wp-content\/uploads\/2018\/04\/patricia-ianniruberto-120x120.jpg","contentUrl":"https:\/\/cooltivarte.com\/portal\/wp-content\/uploads\/2018\/04\/patricia-ianniruberto-120x120.jpg","caption":"Patricia Ianniruberto"},"description":"Patricia Ianniruberto. Egresada de Bellas Artes (Inst. Beato Ang\u00e9lico). Curs\u00f3 Dise\u00f1o Gr\u00e1fico y Comunicaci\u00f3n Visual (UBA) y producci\u00f3n de cine (SICA). Ejerci\u00f3 como docente de Bellas Artes y de Dise\u00f1o I y II (UBA). Freelance de agencias de publicidad y cineanimaci\u00f3n. Como dise\u00f1adora independiente se especializ\u00f3 en comunicaci\u00f3n visual, prensa y producci\u00f3n, asesorando a empresas en imagen corporativa, producci\u00f3n integral de contenidos y piezas de comunicaci\u00f3n: folletos, cat\u00e1logos, revistas, stands, web, tv, v\u00eda p\u00fablica, asesoramiento en derechos de autor, marcas y dominios junto al Estudio Lauritsen. Desarroll\u00f3 proyectos pioneros de tecnolog\u00eda en Internet y aplicaciones interactivas (netmedia). Locaciones: cine y medios. En Uruguay: seleccionada: Taller de promoci\u00f3n y distribuci\u00f3n Mercosur: nuevas herramientas multiplataforma\/Mercosur Audiovisual (Programa de Cooperaci\u00f3n con la Comunidad Europea). Representaci\u00f3n y gesti\u00f3n de notas en instituciones p\u00fablicas y privadas vinculadas al arte y la cultura. Corresponsal de revistas de cultura y colaboradora de medios gr\u00e1ficos y digitales. Edici\u00f3n y producci\u00f3n de contenidos multiplataforma. Gesti\u00f3n cultural y de prensa-Corresponsal en Buenos Aires: Argentina\/Uruguay.","sameAs":["https:\/\/www.facebook.com\/pato.bue?ref=br_rs","https:\/\/www.instagram.com\/_cooltivarte_\/","https:\/\/www.linkedin.com\/company\/-bolocultural\/","https:\/\/www.pinterest.com\/cooltivarte\/","https:\/\/x.com\/https:\/\/x.com\/obolocultural","https:\/\/www.youtube.com\/@PrensaCooltivarte","https:\/\/cooltivarte.tumblr.com\/"],"url":"https:\/\/cooltivarte.com\/portal\/author\/patricia-ianniruberto\/"}]}},"_links":{"self":[{"href":"https:\/\/cooltivarte.com\/portal\/wp-json\/wp\/v2\/posts\/54610","targetHints":{"allow":["GET"]}}],"collection":[{"href":"https:\/\/cooltivarte.com\/portal\/wp-json\/wp\/v2\/posts"}],"about":[{"href":"https:\/\/cooltivarte.com\/portal\/wp-json\/wp\/v2\/types\/post"}],"author":[{"embeddable":true,"href":"https:\/\/cooltivarte.com\/portal\/wp-json\/wp\/v2\/users\/134"}],"replies":[{"embeddable":true,"href":"https:\/\/cooltivarte.com\/portal\/wp-json\/wp\/v2\/comments?post=54610"}],"version-history":[{"count":10,"href":"https:\/\/cooltivarte.com\/portal\/wp-json\/wp\/v2\/posts\/54610\/revisions"}],"predecessor-version":[{"id":54671,"href":"https:\/\/cooltivarte.com\/portal\/wp-json\/wp\/v2\/posts\/54610\/revisions\/54671"}],"wp:featuredmedia":[{"embeddable":true,"href":"https:\/\/cooltivarte.com\/portal\/wp-json\/wp\/v2\/media\/54670"}],"wp:attachment":[{"href":"https:\/\/cooltivarte.com\/portal\/wp-json\/wp\/v2\/media?parent=54610"}],"wp:term":[{"taxonomy":"category","embeddable":true,"href":"https:\/\/cooltivarte.com\/portal\/wp-json\/wp\/v2\/categories?post=54610"},{"taxonomy":"post_tag","embeddable":true,"href":"https:\/\/cooltivarte.com\/portal\/wp-json\/wp\/v2\/tags?post=54610"}],"curies":[{"name":"wp","href":"https:\/\/api.w.org\/{rel}","templated":true}]}}