{"id":54415,"date":"2019-10-19T10:00:13","date_gmt":"2019-10-19T13:00:13","guid":{"rendered":"http:\/\/cooltivarte.com\/portal\/?p=54415"},"modified":"2019-10-19T08:48:42","modified_gmt":"2019-10-19T11:48:42","slug":"yeny-delgado-dirigira-la-orquesta-filarmonica","status":"publish","type":"post","link":"https:\/\/cooltivarte.com\/portal\/yeny-delgado-dirigira-la-orquesta-filarmonica\/","title":{"rendered":"Yeny Delgado dirigir\u00e1 la Orquesta Filarm\u00f3nica"},"content":{"rendered":"<h3>De forma gratuita se presentar\u00e1 la Orquesta Filarm\u00f3nica de Buenos Aires en la Usina del Arte.\u00a0Con direcci\u00f3n musical de la maestra Yeny Delgado y la actuaci\u00f3n como solista del tubista Richard Alonso.<\/h3>\n<p>El pr\u00f3ximo <strong>jueves 24 de octubre a las 20:00 horas<\/strong>, en la <strong>Usina del Arte<\/strong>, la <strong>Orquesta Filarm\u00f3nica de Buenos Aires<\/strong> se presentar\u00e1 de forma gratuita con previo retiro de localidades, en el marco del ciclo <em>Divertimentos y pasiones<\/em>. La orquesta contar\u00e1 con la conducci\u00f3n de <strong>Yeny Delgado<\/strong>, mientras que el tubista <strong>Richard Alonso<\/strong> actuar\u00e1 como solista.<\/p>\n<p><a href=\"https:\/\/cooltivarte.com\/portal\/wp-content\/uploads\/2019\/10\/Foto-Richard-Alonso.jpg\"><img fetchpriority=\"high\" decoding=\"async\" class=\"aligncenter wp-image-54446\" src=\"https:\/\/cooltivarte.com\/portal\/wp-content\/uploads\/2019\/10\/Foto-Richard-Alonso-683x1024.jpg\" alt=\"\" width=\"482\" height=\"678\" \/><\/a><\/p>\n<p><strong style=\"line-height: inherit\">El programa estar\u00e1 conformado por obras de <\/strong><strong>Johannes Brahms<\/strong>, <strong>Ralph Vaughan Williams<\/strong> y<strong> Franz Liszt<\/strong>.<\/p>\n<p><strong style=\"line-height: inherit\"><br \/>\nSobre Yeny Delgado.<\/strong><span style=\"line-height: inherit\"> Licenciada con T\u00edtulo de Oro en Direcci\u00f3n Orquestal en la Universidad de las Artes de la Habana. Estudi\u00f3 con los maestros Jorge L\u00f3pez Mar\u00edn, Claudio Abbado, Gunther\u00a0Schuller, Francesco Belli, Luis Gorelik y Elena Herrera. Realiz\u00f3 varios cursos y posgrados en Chile, M\u00e9xico, Brasil y Argentina.En el 2003 fue nombrada Directora Titular de la Orquesta Sinf\u00f3nica de Matanzas, realizando siete temporadas. Como invitada ha dirigido la Orquesta Sinf\u00f3nica Nacional de Argentina, Filarm\u00f3nica de Mendoza, Filarm\u00f3nica de Montevideo, Sinf\u00f3nica Carlos Ch\u00e1vez, Sinf\u00f3nica Nacional de Cuba, Sinf\u00f3nica Universidad de Concepci\u00f3n, Sinf\u00f3nica de Antofagasta, Sinf\u00f3nica de Bah\u00eda Blanca, Sinf\u00f3nica de la Universidad de San Juan, Sinf\u00f3nica de Mar del Plata, Sinf\u00f3nica de Oriente, entre otras.Acompa\u00f1\u00f3 a reconocidos solistas como Iv\u00e1n Petruzziello, Eric Grossman, Veith Kloeters, Stephan Mollers, Sivan Rotem, Evelio Tieles, Juan Fal\u00fa, entre otros y colabor\u00f3 como preparadora con el maestro Claudio Abbado. Fund\u00f3 en el 2005 la Orquesta Sinf\u00f3nica Juvenil de Matanzas. \u00a0En Cuba ha recibido distinciones y reconocimientos a sus logros art\u00edsticos por parte del Ministerio de Cultura, y el Instituto Cubano de la M\u00fasica. Desde el a\u00f1o 2003 es miembro del Proyecto de Desarrollo de la M\u00fasica Sinf\u00f3nica, de la UNEAC y del Movimiento Internacional Women Conductors.La cr\u00edtica especializada ha elogiado su <\/span><em style=\"line-height: inherit\">direcci\u00f3n inteligente, llena de firmeza, pulcritud y sobriedad, as\u00ed como su trabajo profesional y capacidad de lograr la medida exacta en las sinfon\u00edas m\u00e1s complejas<\/em><span style=\"line-height: inherit\">. Actualmente se desempe\u00f1a como Directora Asistente de la Orquesta Sinf\u00f3nica de Salta.<\/span><\/p>\n<p><a href=\"https:\/\/cooltivarte.com\/portal\/wp-content\/uploads\/2019\/10\/Foto-Orquesta-Filarmo\u0301nica-de-Buenos-Aires-en-la-Usina-del-Arte.jpg\"><img decoding=\"async\" class=\"aligncenter size-large wp-image-54447\" src=\"https:\/\/cooltivarte.com\/portal\/wp-content\/uploads\/2019\/10\/Foto-Orquesta-Filarmo\u0301nica-de-Buenos-Aires-en-la-Usina-del-Arte-1024x603.jpg\" alt=\"\" width=\"1024\" height=\"603\" srcset=\"https:\/\/cooltivarte.com\/portal\/wp-content\/uploads\/2019\/10\/Foto-Orquesta-Filarmo\u0301nica-de-Buenos-Aires-en-la-Usina-del-Arte-1024x603.jpg 1024w, https:\/\/cooltivarte.com\/portal\/wp-content\/uploads\/2019\/10\/Foto-Orquesta-Filarmo\u0301nica-de-Buenos-Aires-en-la-Usina-del-Arte-300x177.jpg 300w, https:\/\/cooltivarte.com\/portal\/wp-content\/uploads\/2019\/10\/Foto-Orquesta-Filarmo\u0301nica-de-Buenos-Aires-en-la-Usina-del-Arte-768x452.jpg 768w, https:\/\/cooltivarte.com\/portal\/wp-content\/uploads\/2019\/10\/Foto-Orquesta-Filarmo\u0301nica-de-Buenos-Aires-en-la-Usina-del-Arte-1536x905.jpg 1536w, https:\/\/cooltivarte.com\/portal\/wp-content\/uploads\/2019\/10\/Foto-Orquesta-Filarmo\u0301nica-de-Buenos-Aires-en-la-Usina-del-Arte.jpg 1772w\" sizes=\"(max-width: 1024px) 100vw, 1024px\" \/><\/a><\/p>\n<p><strong>La Orquesta Filarm\u00f3nica de Buenos Aires obtuvo dos Premios Konex de Platino como la mejor orquesta argentina de las dos \u00faltimas d\u00e9cadas, en 1999 y en 2009. En 2017 la Asociaci\u00f3n de Cr\u00edticos Musicales de la Argentina la distingui\u00f3 con el Premio \u201cMejor Orquesta Sinf\u00f3nica Argentina\u201d de 2016, galard\u00f3n que tambi\u00e9n obtuvo en 2014 y 2012. Este a\u00f1o recibi\u00f3 el Diploma al M\u00e9rito de la Fundaci\u00f3n Konex en la categor\u00eda orquesta argentina.<\/strong><\/p>\n<p>Hasta agotar la capacidad de la sala, se podr\u00e1n retirar dos localidades por persona el mi\u00e9rcoles 23 de octubre de 9:00 a 20:00 horas en la boleter\u00eda del <strong>Teatro Col\u00f3n<\/strong>, Tucum\u00e1n 1171.\u00a0Las entradas sobrantes se retiran el mismo jueves 24 desde las 18:00 horas en la Usina del Arte (Agust\u00edn Caffarena 1, esquina Av. Don Pedro de Mendoza).<\/p>\n<p>Fotograf\u00edas cortes\u00eda\/ prensa Teatro Col\u00f3n.<\/p>\n","protected":false},"excerpt":{"rendered":"<p>De forma gratuita se presentar\u00e1 la Orquesta Filarm\u00f3nica de Buenos Aires en la Usina del Arte.\u00a0Con direcci\u00f3n musical de la maestra Yeny Delgado y la actuaci\u00f3n como solista del tubista Richard Alonso. El pr\u00f3ximo jueves 24 de octubre a las 20:00 horas, en la Usina del Arte, la Orquesta Filarm\u00f3nica de Buenos Aires se presentar\u00e1 [&hellip;]<\/p>\n","protected":false},"author":134,"featured_media":54445,"comment_status":"closed","ping_status":"closed","sticky":false,"template":"","format":"standard","meta":{"om_disable_all_campaigns":false,"ngg_post_thumbnail":0,"jnews-multi-image_gallery":[],"jnews_single_post":[],"jnews_primary_category":[],"jnews_social_meta":[],"jnews_override_counter":[],"footnotes":""},"categories":[6008],"tags":[6010,9974,6011,7723,9973],"class_list":["post-54415","post","type-post","status-publish","format-standard","has-post-thumbnail","hentry","category-desde-buenos-aires","tag-orquesta-filarmonica-de-buenos-aires","tag-richard-alonso","tag-teatro-colon","tag-usina-del-arte","tag-yeny-delgado"],"yoast_head":"<!-- This site is optimized with the Yoast SEO plugin v27.5 - https:\/\/yoast.com\/product\/yoast-seo-wordpress\/ -->\n<title>Yeny Delgado dirigir\u00e1 la Orquesta Filarm\u00f3nica - Cooltivarte Portal<\/title>\n<meta name=\"description\" content=\"COOLTIVARTE.COM es un portal digital colaborativo de actualizaci\u00f3n permanente dedicado a difundir el acontecer art\u00edstico y cultural, entrevista artistas, gestores y productores de las diferentes disciplinas del arte, y publicando art\u00edculos de reflexi\u00f3n de producci\u00f3n propia sobre los elementos culturales.\" \/>\n<meta name=\"robots\" content=\"index, follow, max-snippet:-1, max-image-preview:large, max-video-preview:-1\" \/>\n<link rel=\"canonical\" href=\"https:\/\/cooltivarte.com\/portal\/yeny-delgado-dirigira-la-orquesta-filarmonica\/\" \/>\n<meta property=\"og:locale\" content=\"es_ES\" \/>\n<meta property=\"og:type\" content=\"article\" \/>\n<meta property=\"og:title\" content=\"Yeny Delgado dirigir\u00e1 la Orquesta Filarm\u00f3nica - Cooltivarte Portal\" \/>\n<meta property=\"og:description\" content=\"COOLTIVARTE.COM es un portal digital colaborativo de actualizaci\u00f3n permanente dedicado a difundir el acontecer art\u00edstico y cultural, entrevista artistas, gestores y productores de las diferentes disciplinas del arte, y publicando art\u00edculos de reflexi\u00f3n de producci\u00f3n propia sobre los elementos culturales.\" \/>\n<meta property=\"og:url\" content=\"https:\/\/cooltivarte.com\/portal\/yeny-delgado-dirigira-la-orquesta-filarmonica\/\" \/>\n<meta property=\"og:site_name\" content=\"Cooltivarte Portal\" \/>\n<meta property=\"article:publisher\" content=\"https:\/\/www.facebook.com\/cooltivartecom\/\" \/>\n<meta property=\"article:author\" content=\"https:\/\/www.facebook.com\/pato.bue?ref=br_rs\" \/>\n<meta property=\"article:published_time\" content=\"2019-10-19T13:00:13+00:00\" \/>\n<meta property=\"og:image\" content=\"https:\/\/cooltivarte.com\/portal\/wp-content\/uploads\/2019\/10\/Foto-Yeny-Delgado-scaled.jpg\" \/>\n\t<meta property=\"og:image:width\" content=\"2560\" \/>\n\t<meta property=\"og:image:height\" content=\"1866\" \/>\n\t<meta property=\"og:image:type\" content=\"image\/jpeg\" \/>\n<meta name=\"author\" content=\"Patricia Ianniruberto\" \/>\n<meta name=\"twitter:card\" content=\"summary_large_image\" \/>\n<meta name=\"twitter:creator\" content=\"@https:\/\/x.com\/obolocultural\" \/>\n<meta name=\"twitter:site\" content=\"@obolocultural\" \/>\n<meta name=\"twitter:label1\" content=\"Escrito por\" \/>\n\t<meta name=\"twitter:data1\" content=\"Patricia Ianniruberto\" \/>\n\t<meta name=\"twitter:label2\" content=\"Tiempo de lectura\" \/>\n\t<meta name=\"twitter:data2\" content=\"3 minutos\" \/>\n<!-- \/ Yoast SEO plugin. -->","yoast_head_json":{"title":"Yeny Delgado dirigir\u00e1 la Orquesta Filarm\u00f3nica - Cooltivarte Portal","description":"COOLTIVARTE.COM es un portal digital colaborativo de actualizaci\u00f3n permanente dedicado a difundir el acontecer art\u00edstico y cultural, entrevista artistas, gestores y productores de las diferentes disciplinas del arte, y publicando art\u00edculos de reflexi\u00f3n de producci\u00f3n propia sobre los elementos culturales.","robots":{"index":"index","follow":"follow","max-snippet":"max-snippet:-1","max-image-preview":"max-image-preview:large","max-video-preview":"max-video-preview:-1"},"canonical":"https:\/\/cooltivarte.com\/portal\/yeny-delgado-dirigira-la-orquesta-filarmonica\/","og_locale":"es_ES","og_type":"article","og_title":"Yeny Delgado dirigir\u00e1 la Orquesta Filarm\u00f3nica - Cooltivarte Portal","og_description":"COOLTIVARTE.COM es un portal digital colaborativo de actualizaci\u00f3n permanente dedicado a difundir el acontecer art\u00edstico y cultural, entrevista artistas, gestores y productores de las diferentes disciplinas del arte, y publicando art\u00edculos de reflexi\u00f3n de producci\u00f3n propia sobre los elementos culturales.","og_url":"https:\/\/cooltivarte.com\/portal\/yeny-delgado-dirigira-la-orquesta-filarmonica\/","og_site_name":"Cooltivarte Portal","article_publisher":"https:\/\/www.facebook.com\/cooltivartecom\/","article_author":"https:\/\/www.facebook.com\/pato.bue?ref=br_rs","article_published_time":"2019-10-19T13:00:13+00:00","og_image":[{"width":2560,"height":1866,"url":"https:\/\/cooltivarte.com\/portal\/wp-content\/uploads\/2019\/10\/Foto-Yeny-Delgado-scaled.jpg","type":"image\/jpeg"}],"author":"Patricia Ianniruberto","twitter_card":"summary_large_image","twitter_creator":"@https:\/\/x.com\/obolocultural","twitter_site":"@obolocultural","twitter_misc":{"Escrito por":"Patricia Ianniruberto","Tiempo de lectura":"3 minutos"},"schema":{"@context":"https:\/\/schema.org","@graph":[{"@type":"NewsArticle","@id":"https:\/\/cooltivarte.com\/portal\/yeny-delgado-dirigira-la-orquesta-filarmonica\/#article","isPartOf":{"@id":"https:\/\/cooltivarte.com\/portal\/yeny-delgado-dirigira-la-orquesta-filarmonica\/"},"author":{"name":"Patricia Ianniruberto","@id":"https:\/\/cooltivarte.com\/portal\/#\/schema\/person\/efd7b91a624d2d005d1571effe8c04b9"},"headline":"Yeny Delgado dirigir\u00e1 la Orquesta Filarm\u00f3nica","datePublished":"2019-10-19T13:00:13+00:00","mainEntityOfPage":{"@id":"https:\/\/cooltivarte.com\/portal\/yeny-delgado-dirigira-la-orquesta-filarmonica\/"},"wordCount":535,"publisher":{"@id":"https:\/\/cooltivarte.com\/portal\/#organization"},"image":{"@id":"https:\/\/cooltivarte.com\/portal\/yeny-delgado-dirigira-la-orquesta-filarmonica\/#primaryimage"},"thumbnailUrl":"https:\/\/cooltivarte.com\/portal\/wp-content\/uploads\/2019\/10\/Foto-Yeny-Delgado-scaled.jpg","keywords":["Orquesta Filarm\u00f3nica de Buenos Aires","Richard Alonso","Teatro Col\u00f3n","Usina del Arte","Yeny Delgado"],"articleSection":["Desde Buenos Aires"],"inLanguage":"es-AR"},{"@type":"WebPage","@id":"https:\/\/cooltivarte.com\/portal\/yeny-delgado-dirigira-la-orquesta-filarmonica\/","url":"https:\/\/cooltivarte.com\/portal\/yeny-delgado-dirigira-la-orquesta-filarmonica\/","name":"Yeny Delgado dirigir\u00e1 la Orquesta Filarm\u00f3nica - Cooltivarte Portal","isPartOf":{"@id":"https:\/\/cooltivarte.com\/portal\/#website"},"primaryImageOfPage":{"@id":"https:\/\/cooltivarte.com\/portal\/yeny-delgado-dirigira-la-orquesta-filarmonica\/#primaryimage"},"image":{"@id":"https:\/\/cooltivarte.com\/portal\/yeny-delgado-dirigira-la-orquesta-filarmonica\/#primaryimage"},"thumbnailUrl":"https:\/\/cooltivarte.com\/portal\/wp-content\/uploads\/2019\/10\/Foto-Yeny-Delgado-scaled.jpg","datePublished":"2019-10-19T13:00:13+00:00","description":"COOLTIVARTE.COM es un portal digital colaborativo de actualizaci\u00f3n permanente dedicado a difundir el acontecer art\u00edstico y cultural, entrevista artistas, gestores y productores de las diferentes disciplinas del arte, y publicando art\u00edculos de reflexi\u00f3n de producci\u00f3n propia sobre los elementos culturales.","breadcrumb":{"@id":"https:\/\/cooltivarte.com\/portal\/yeny-delgado-dirigira-la-orquesta-filarmonica\/#breadcrumb"},"inLanguage":"es-AR","potentialAction":[{"@type":"ReadAction","target":["https:\/\/cooltivarte.com\/portal\/yeny-delgado-dirigira-la-orquesta-filarmonica\/"]}]},{"@type":"ImageObject","inLanguage":"es-AR","@id":"https:\/\/cooltivarte.com\/portal\/yeny-delgado-dirigira-la-orquesta-filarmonica\/#primaryimage","url":"https:\/\/cooltivarte.com\/portal\/wp-content\/uploads\/2019\/10\/Foto-Yeny-Delgado-scaled.jpg","contentUrl":"https:\/\/cooltivarte.com\/portal\/wp-content\/uploads\/2019\/10\/Foto-Yeny-Delgado-scaled.jpg","width":2560,"height":1866},{"@type":"BreadcrumbList","@id":"https:\/\/cooltivarte.com\/portal\/yeny-delgado-dirigira-la-orquesta-filarmonica\/#breadcrumb","itemListElement":[{"@type":"ListItem","position":1,"name":"Portada","item":"https:\/\/cooltivarte.com\/portal\/"},{"@type":"ListItem","position":2,"name":"Yeny Delgado dirigir\u00e1 la Orquesta Filarm\u00f3nica"}]},{"@type":"WebSite","@id":"https:\/\/cooltivarte.com\/portal\/#website","url":"https:\/\/cooltivarte.com\/portal\/","name":"Cooltivarte Portal","description":"Arte, cultura y turismo para el mundo ...","publisher":{"@id":"https:\/\/cooltivarte.com\/portal\/#organization"},"potentialAction":[{"@type":"SearchAction","target":{"@type":"EntryPoint","urlTemplate":"https:\/\/cooltivarte.com\/portal\/?s={search_term_string}"},"query-input":{"@type":"PropertyValueSpecification","valueRequired":true,"valueName":"search_term_string"}}],"inLanguage":"es-AR"},{"@type":"Organization","@id":"https:\/\/cooltivarte.com\/portal\/#organization","name":"cooltivarte","url":"https:\/\/cooltivarte.com\/portal\/","logo":{"@type":"ImageObject","inLanguage":"es-AR","@id":"https:\/\/cooltivarte.com\/portal\/#\/schema\/logo\/image\/","url":"https:\/\/cooltivarte.com\/portal\/wp-content\/uploads\/2020\/04\/logo-cooltivarte-v2.png","contentUrl":"https:\/\/cooltivarte.com\/portal\/wp-content\/uploads\/2020\/04\/logo-cooltivarte-v2.png","width":851,"height":243,"caption":"cooltivarte"},"image":{"@id":"https:\/\/cooltivarte.com\/portal\/#\/schema\/logo\/image\/"},"sameAs":["https:\/\/www.facebook.com\/cooltivartecom\/","https:\/\/x.com\/obolocultural","https:\/\/www.instagram.com\/_cooltivarte_\/","https:\/\/www.linkedin.com\/company\/-bolocultural?reportsuccess=8zaNG1HwhPbAR9iQhZ5rfGeqz_vQFftHun0ZWU0Wy9vNemRJ8vtcKdJvzQfW8XagyOJSKg0XvfJ1dp","https:\/\/www.pinterest.com\/cooltivarte\/","https:\/\/cooltivarte.tumblr.com\/","https:\/\/www.tiktok.com\/@cooltivarte","https:\/\/www.youtube.com\/@PrensaCooltivarte"]},{"@type":"Person","@id":"https:\/\/cooltivarte.com\/portal\/#\/schema\/person\/efd7b91a624d2d005d1571effe8c04b9","name":"Patricia Ianniruberto","image":{"@type":"ImageObject","inLanguage":"es-AR","@id":"https:\/\/cooltivarte.com\/portal\/wp-content\/uploads\/2018\/04\/patricia-ianniruberto-120x120.jpg","url":"https:\/\/cooltivarte.com\/portal\/wp-content\/uploads\/2018\/04\/patricia-ianniruberto-120x120.jpg","contentUrl":"https:\/\/cooltivarte.com\/portal\/wp-content\/uploads\/2018\/04\/patricia-ianniruberto-120x120.jpg","caption":"Patricia Ianniruberto"},"description":"Patricia Ianniruberto. Egresada de Bellas Artes (Inst. Beato Ang\u00e9lico). Curs\u00f3 Dise\u00f1o Gr\u00e1fico y Comunicaci\u00f3n Visual (UBA) y producci\u00f3n de cine (SICA). Ejerci\u00f3 como docente de Bellas Artes y de Dise\u00f1o I y II (UBA). Freelance de agencias de publicidad y cineanimaci\u00f3n. Como dise\u00f1adora independiente se especializ\u00f3 en comunicaci\u00f3n visual, prensa y producci\u00f3n, asesorando a empresas en imagen corporativa, producci\u00f3n integral de contenidos y piezas de comunicaci\u00f3n: folletos, cat\u00e1logos, revistas, stands, web, tv, v\u00eda p\u00fablica, asesoramiento en derechos de autor, marcas y dominios junto al Estudio Lauritsen. Desarroll\u00f3 proyectos pioneros de tecnolog\u00eda en Internet y aplicaciones interactivas (netmedia). Locaciones: cine y medios. En Uruguay: seleccionada: Taller de promoci\u00f3n y distribuci\u00f3n Mercosur: nuevas herramientas multiplataforma\/Mercosur Audiovisual (Programa de Cooperaci\u00f3n con la Comunidad Europea). Representaci\u00f3n y gesti\u00f3n de notas en instituciones p\u00fablicas y privadas vinculadas al arte y la cultura. Corresponsal de revistas de cultura y colaboradora de medios gr\u00e1ficos y digitales. Edici\u00f3n y producci\u00f3n de contenidos multiplataforma. Gesti\u00f3n cultural y de prensa-Corresponsal en Buenos Aires: Argentina\/Uruguay.","sameAs":["https:\/\/www.facebook.com\/pato.bue?ref=br_rs","https:\/\/www.instagram.com\/_cooltivarte_\/","https:\/\/www.linkedin.com\/company\/-bolocultural\/","https:\/\/www.pinterest.com\/cooltivarte\/","https:\/\/x.com\/https:\/\/x.com\/obolocultural","https:\/\/www.youtube.com\/@PrensaCooltivarte","https:\/\/cooltivarte.tumblr.com\/"],"url":"https:\/\/cooltivarte.com\/portal\/author\/patricia-ianniruberto\/"}]}},"_links":{"self":[{"href":"https:\/\/cooltivarte.com\/portal\/wp-json\/wp\/v2\/posts\/54415","targetHints":{"allow":["GET"]}}],"collection":[{"href":"https:\/\/cooltivarte.com\/portal\/wp-json\/wp\/v2\/posts"}],"about":[{"href":"https:\/\/cooltivarte.com\/portal\/wp-json\/wp\/v2\/types\/post"}],"author":[{"embeddable":true,"href":"https:\/\/cooltivarte.com\/portal\/wp-json\/wp\/v2\/users\/134"}],"replies":[{"embeddable":true,"href":"https:\/\/cooltivarte.com\/portal\/wp-json\/wp\/v2\/comments?post=54415"}],"version-history":[{"count":10,"href":"https:\/\/cooltivarte.com\/portal\/wp-json\/wp\/v2\/posts\/54415\/revisions"}],"predecessor-version":[{"id":54450,"href":"https:\/\/cooltivarte.com\/portal\/wp-json\/wp\/v2\/posts\/54415\/revisions\/54450"}],"wp:featuredmedia":[{"embeddable":true,"href":"https:\/\/cooltivarte.com\/portal\/wp-json\/wp\/v2\/media\/54445"}],"wp:attachment":[{"href":"https:\/\/cooltivarte.com\/portal\/wp-json\/wp\/v2\/media?parent=54415"}],"wp:term":[{"taxonomy":"category","embeddable":true,"href":"https:\/\/cooltivarte.com\/portal\/wp-json\/wp\/v2\/categories?post=54415"},{"taxonomy":"post_tag","embeddable":true,"href":"https:\/\/cooltivarte.com\/portal\/wp-json\/wp\/v2\/tags?post=54415"}],"curies":[{"name":"wp","href":"https:\/\/api.w.org\/{rel}","templated":true}]}}