{"id":53042,"date":"2019-09-19T22:05:34","date_gmt":"2019-09-20T01:05:34","guid":{"rendered":"http:\/\/cooltivarte.com\/portal\/?p=53042"},"modified":"2024-05-17T11:35:29","modified_gmt":"2024-05-17T14:35:29","slug":"subte-charla-con-artistas-del-49-premio-montevideo","status":"publish","type":"post","link":"https:\/\/cooltivarte.com\/portal\/subte-charla-con-artistas-del-49-premio-montevideo\/","title":{"rendered":"Subte Charla con artistas del 49 Premio Montevideo"},"content":{"rendered":"<figure id=\"attachment_53134\" aria-describedby=\"caption-attachment-53134\" style=\"width: 1024px\" class=\"wp-caption aligncenter\"><img fetchpriority=\"high\" decoding=\"async\" class=\"wp-image-53134 size-full\" title=\"Subte Charla con artistas del 49 Premio Montevideo - Charla con Fernando Foglino, Mart\u00edn Per\u00e9z y Agust\u00edn Sabella - Setiembre 2019 - Centro de exposiciones Subte - Foto \u00a9 Federico Meneses\" src=\"https:\/\/cooltivarte.com\/portal\/wp-content\/uploads\/2019\/09\/SUBTE-CHARLA-CON-ARTISTAS-DEL-49-PREMIO-MONTEVIDEO-2019-Fernando-Foglino-Mart\u00edn-Per\u00e9z-y-Agust\u00edn-Sabella-foto-federico-meneses-www-cooltivarte-com.jpg\" alt=\"Subte Charla con artistas del 49 Premio Montevideo - Charla con Fernando Foglino, Mart\u00edn Per\u00e9z y Agust\u00edn Sabella - Setiembre 2019 - Centro de exposiciones Subte - Foto \u00a9 Federico Meneses www.cooltivarte.com ..\" width=\"1024\" height=\"684\" srcset=\"https:\/\/cooltivarte.com\/portal\/wp-content\/uploads\/2019\/09\/SUBTE-CHARLA-CON-ARTISTAS-DEL-49-PREMIO-MONTEVIDEO-2019-Fernando-Foglino-Mart\u00edn-Per\u00e9z-y-Agust\u00edn-Sabella-foto-federico-meneses-www-cooltivarte-com.jpg 1024w, https:\/\/cooltivarte.com\/portal\/wp-content\/uploads\/2019\/09\/SUBTE-CHARLA-CON-ARTISTAS-DEL-49-PREMIO-MONTEVIDEO-2019-Fernando-Foglino-Mart\u00edn-Per\u00e9z-y-Agust\u00edn-Sabella-foto-federico-meneses-www-cooltivarte-com-300x200.jpg 300w, https:\/\/cooltivarte.com\/portal\/wp-content\/uploads\/2019\/09\/SUBTE-CHARLA-CON-ARTISTAS-DEL-49-PREMIO-MONTEVIDEO-2019-Fernando-Foglino-Mart\u00edn-Per\u00e9z-y-Agust\u00edn-Sabella-foto-federico-meneses-www-cooltivarte-com-768x513.jpg 768w\" sizes=\"(max-width: 1024px) 100vw, 1024px\" \/><figcaption id=\"caption-attachment-53134\" class=\"wp-caption-text\">Subte Charla con artistas del 49 Premio Montevideo &#8211; Charla con Fernando Foglino, Mart\u00edn Per\u00e9z y Agust\u00edn Sabella &#8211; Setiembre 2019 &#8211; Centro de exposiciones Subte &#8211; Foto \u00a9 Federico Meneses<\/figcaption><\/figure>\n<p>&nbsp;<\/p>\n<p>Charla con <strong><a href=\"https:\/\/cooltivarte.com\/portal\/?s=Fernando+Foglino\" target=\"_blank\" rel=\"noopener\">Fernando Foglino<\/a><\/strong>, <strong><a href=\"https:\/\/cooltivarte.com\/portal\/?s=Mart%C3%ADn+Per%C3%A9z\" target=\"_blank\" rel=\"noopener\">Mart\u00edn Per\u00e9z<\/a><\/strong> y <strong><a href=\"https:\/\/cooltivarte.com\/portal\/?s=Agust%C3%ADn+Sabella\" target=\"_blank\" rel=\"noopener\">Agust\u00edn Sabella<\/a><\/strong>.<br \/>\n<strong>jueves 19 de setiembre de 2019 <\/strong>.<\/p>\n<h3 class=\"jeg_post_title\"><a href=\"https:\/\/cooltivarte.com\/portal\/49-premio-montevideo-de-artes-visuales-2019\/\" target=\"_blank\" rel=\"noopener\">49\u00b0 Premio Montevideo de Artes Visuales 2019<\/a><\/h3>\n<p><strong><a href=\"https:\/\/cooltivarte.com\/portal\/?s=49+Premio+Montevideo\"><br \/>\n<\/a><\/strong><br \/>\n&nbsp;<\/p>\n<h3><a href=\"https:\/\/www.facebook.com\/media\/set\/?set=a.2452841234762775&amp;type=3\" target=\"_blank\" rel=\"noopener\">Ir a la fotogaler\u00eda<\/a><\/h3>\n<p><iframe style=\"border: none; overflow: hidden;\" src=\"https:\/\/www.facebook.com\/plugins\/post.php?href=https%3A%2F%2Fwww.facebook.com%2Fmedia%2Fset%2F%3Fset%3Da.2452841234762775%26type%3D3&amp;width=100%\" width=\"100%\" height=\"669\" frameborder=\"0\" scrolling=\"no\"><\/iframe><br \/>\n&nbsp;<br \/>\n&nbsp;<br \/>\n&nbsp;<\/p>\n<p><a href=\"http:\/\/subte.montevideo.gub.uy\/\" target=\"_blank\" rel=\"noopener\"><strong>Centro de Exposiciones Subte<\/strong><\/a><\/p>\n<p>Plaza Fabini s\/n<br \/>\nTel\u00e9fono: [598] 2908 7643<\/p>\n<p>&nbsp;<\/p>\n<p>&nbsp;<\/p>\n<p>&nbsp;<\/p>\n<p>&nbsp;<\/p>\n","protected":false},"excerpt":{"rendered":"<p>Charla con Fernando Foglino, Mart\u00edn Per\u00e9z y Agust\u00edn Sabella.<br \/>\njueves 19 de setiembre de 2019 .<\/p>\n<p>49\u00b0 Premio Montevideo de Artes Visuales 2019<\/p>\n","protected":false},"author":2,"featured_media":53134,"comment_status":"closed","ping_status":"closed","sticky":false,"template":"","format":"standard","meta":{"om_disable_all_campaigns":false,"ngg_post_thumbnail":0,"jnews-multi-image_gallery":[],"jnews_single_post":{"subtitle":"Centro de Exposiciones Subte - Artes Visuales 2019","format":"standard","video":"","gallery":"","source_name":"","source_url":"","via_name":"","via_url":"","override_template":"0","override":[{"template":"4","single_blog_custom":"","parallax":"1","fullscreen":"0","layout":"right-sidebar","sidebar":"default-sidebar","second_sidebar":"default-sidebar","sticky_sidebar":"1","share_position":"bottom","share_float_style":"share-monocrhome","show_share_counter":"1","show_view_counter":"1","show_featured":"1","show_post_meta":"1","show_post_author":"1","show_post_author_image":"1","show_post_date":"1","post_date_format":"default","post_date_format_custom":"Y\/m\/d","show_post_category":"1","show_post_reading_time":"0","post_reading_time_wpm":"300","show_zoom_button":"0","zoom_button_out_step":"2","zoom_button_in_step":"3","show_post_tag":"1","show_prev_next_post":"1","show_popup_post":"1","number_popup_post":"1","show_author_box":"1","show_post_related":"0","show_inline_post_related":"0"}],"override_image_size":"0","image_override":[{"single_post_thumbnail_size":"no-crop","single_post_gallery_size":"crop-500"}],"trending_post":"0","trending_post_position":"meta","trending_post_label":"Trending","sponsored_post":"0","sponsored_post_label":"Sponsored by","sponsored_post_name":"","sponsored_post_url":"","sponsored_post_logo_enable":"0","sponsored_post_logo":"","sponsored_post_desc":"","disable_ad":"0"},"jnews_primary_category":{"id":"","hide":""},"jnews_social_meta":{"fb_title":"","fb_description":"","fb_image":"","twitter_title":"","twitter_description":"","twitter_image":""},"jnews_override_counter":{"override_view_counter":"0","view_counter_number":"0","override_share_counter":"0","share_counter_number":"0","override_like_counter":"0","like_counter_number":"0","override_dislike_counter":"0","dislike_counter_number":"0"},"footnotes":""},"categories":[4573],"tags":[9713,20705,2316,1103,1367,9712],"class_list":["post-53042","post","type-post","status-publish","format-standard","has-post-thumbnail","hentry","category-cobertura-sensible","tag-49-premio-montevideo","tag-49-premio-montevideo-de-artes-visuales-2019","tag-agustin-sabella","tag-centro-de-exposiciones-subte","tag-fernando-foglino","tag-martin-perez"],"yoast_head":"<!-- This site is optimized with the Yoast SEO plugin v27.5 - https:\/\/yoast.com\/product\/yoast-seo-wordpress\/ -->\n<title>Subte Charla con artistas del 49 Premio Montevideo - Cooltivarte Portal<\/title>\n<meta name=\"description\" content=\"Subte Charla con artistas del 49 Premio Montevideo - Charla con Fernando Foglino, Mart\u00edn Per\u00e9z y Agust\u00edn Sabella - Setiembre 2019 - Centro de exposiciones Subte - Foto \u00a9 Federico Meneses\" \/>\n<meta name=\"robots\" content=\"index, follow, max-snippet:-1, max-image-preview:large, max-video-preview:-1\" \/>\n<link rel=\"canonical\" href=\"https:\/\/cooltivarte.com\/portal\/subte-charla-con-artistas-del-49-premio-montevideo\/\" \/>\n<meta property=\"og:locale\" content=\"es_ES\" \/>\n<meta property=\"og:type\" content=\"article\" \/>\n<meta property=\"og:title\" content=\"Subte Charla con artistas del 49 Premio Montevideo - Cooltivarte Portal\" \/>\n<meta property=\"og:description\" content=\"Subte Charla con artistas del 49 Premio Montevideo - Charla con Fernando Foglino, Mart\u00edn Per\u00e9z y Agust\u00edn Sabella - Setiembre 2019 - Centro de exposiciones Subte - Foto \u00a9 Federico Meneses\" \/>\n<meta property=\"og:url\" content=\"https:\/\/cooltivarte.com\/portal\/subte-charla-con-artistas-del-49-premio-montevideo\/\" \/>\n<meta property=\"og:site_name\" content=\"Cooltivarte Portal\" \/>\n<meta property=\"article:publisher\" content=\"https:\/\/www.facebook.com\/cooltivartecom\/\" \/>\n<meta property=\"article:author\" content=\"https:\/\/www.facebook.com\/cooltivartecom\" \/>\n<meta property=\"article:published_time\" content=\"2019-09-20T01:05:34+00:00\" \/>\n<meta property=\"article:modified_time\" content=\"2024-05-17T14:35:29+00:00\" \/>\n<meta property=\"og:image\" content=\"https:\/\/cooltivarte.com\/portal\/wp-content\/uploads\/2019\/09\/SUBTE-CHARLA-CON-ARTISTAS-DEL-49-PREMIO-MONTEVIDEO-2019-Fernando-Foglino-Mart\u00edn-Per\u00e9z-y-Agust\u00edn-Sabella-foto-federico-meneses-www-cooltivarte-com.jpg\" \/>\n\t<meta property=\"og:image:width\" content=\"1024\" \/>\n\t<meta property=\"og:image:height\" content=\"684\" \/>\n\t<meta property=\"og:image:type\" content=\"image\/jpeg\" \/>\n<meta name=\"author\" content=\"Federico Meneses\" \/>\n<meta name=\"twitter:card\" content=\"summary_large_image\" \/>\n<meta name=\"twitter:creator\" content=\"@https:\/\/x.com\/obolocultural\" \/>\n<meta name=\"twitter:site\" content=\"@obolocultural\" \/>\n<meta name=\"twitter:label1\" content=\"Escrito por\" \/>\n\t<meta name=\"twitter:data1\" content=\"Federico Meneses\" \/>\n\t<meta name=\"twitter:label2\" content=\"Tiempo de lectura\" \/>\n\t<meta name=\"twitter:data2\" content=\"1 minuto\" \/>\n<!-- \/ Yoast SEO plugin. -->","yoast_head_json":{"title":"Subte Charla con artistas del 49 Premio Montevideo - Cooltivarte Portal","description":"Subte Charla con artistas del 49 Premio Montevideo - Charla con Fernando Foglino, Mart\u00edn Per\u00e9z y Agust\u00edn Sabella - Setiembre 2019 - Centro de exposiciones Subte - Foto \u00a9 Federico Meneses","robots":{"index":"index","follow":"follow","max-snippet":"max-snippet:-1","max-image-preview":"max-image-preview:large","max-video-preview":"max-video-preview:-1"},"canonical":"https:\/\/cooltivarte.com\/portal\/subte-charla-con-artistas-del-49-premio-montevideo\/","og_locale":"es_ES","og_type":"article","og_title":"Subte Charla con artistas del 49 Premio Montevideo - Cooltivarte Portal","og_description":"Subte Charla con artistas del 49 Premio Montevideo - Charla con Fernando Foglino, Mart\u00edn Per\u00e9z y Agust\u00edn Sabella - Setiembre 2019 - Centro de exposiciones Subte - Foto \u00a9 Federico Meneses","og_url":"https:\/\/cooltivarte.com\/portal\/subte-charla-con-artistas-del-49-premio-montevideo\/","og_site_name":"Cooltivarte Portal","article_publisher":"https:\/\/www.facebook.com\/cooltivartecom\/","article_author":"https:\/\/www.facebook.com\/cooltivartecom","article_published_time":"2019-09-20T01:05:34+00:00","article_modified_time":"2024-05-17T14:35:29+00:00","og_image":[{"width":1024,"height":684,"url":"https:\/\/cooltivarte.com\/portal\/wp-content\/uploads\/2019\/09\/SUBTE-CHARLA-CON-ARTISTAS-DEL-49-PREMIO-MONTEVIDEO-2019-Fernando-Foglino-Mart\u00edn-Per\u00e9z-y-Agust\u00edn-Sabella-foto-federico-meneses-www-cooltivarte-com.jpg","type":"image\/jpeg"}],"author":"Federico Meneses","twitter_card":"summary_large_image","twitter_creator":"@https:\/\/x.com\/obolocultural","twitter_site":"@obolocultural","twitter_misc":{"Escrito por":"Federico Meneses","Tiempo de lectura":"1 minuto"},"schema":{"@context":"https:\/\/schema.org","@graph":[{"@type":"NewsArticle","@id":"https:\/\/cooltivarte.com\/portal\/subte-charla-con-artistas-del-49-premio-montevideo\/#article","isPartOf":{"@id":"https:\/\/cooltivarte.com\/portal\/subte-charla-con-artistas-del-49-premio-montevideo\/"},"author":{"name":"Federico Meneses","@id":"https:\/\/cooltivarte.com\/portal\/#\/schema\/person\/595d82e8e62fb72a20bd97959bd7d18f"},"headline":"Subte Charla con artistas del 49 Premio Montevideo","datePublished":"2019-09-20T01:05:34+00:00","dateModified":"2024-05-17T14:35:29+00:00","mainEntityOfPage":{"@id":"https:\/\/cooltivarte.com\/portal\/subte-charla-con-artistas-del-49-premio-montevideo\/"},"wordCount":90,"publisher":{"@id":"https:\/\/cooltivarte.com\/portal\/#organization"},"image":{"@id":"https:\/\/cooltivarte.com\/portal\/subte-charla-con-artistas-del-49-premio-montevideo\/#primaryimage"},"thumbnailUrl":"https:\/\/cooltivarte.com\/portal\/wp-content\/uploads\/2019\/09\/SUBTE-CHARLA-CON-ARTISTAS-DEL-49-PREMIO-MONTEVIDEO-2019-Fernando-Foglino-Mart\u00edn-Per\u00e9z-y-Agust\u00edn-Sabella-foto-federico-meneses-www-cooltivarte-com.jpg","keywords":["49 Premio Montevideo","49\u00b0 Premio Montevideo de Artes Visuales 2019","Agust\u00edn Sabella","Centro de Exposiciones SUBTE","Fernando Foglino","Mart\u00edn Per\u00e9z"],"articleSection":["Muestra Sensible"],"inLanguage":"es-AR"},{"@type":"WebPage","@id":"https:\/\/cooltivarte.com\/portal\/subte-charla-con-artistas-del-49-premio-montevideo\/","url":"https:\/\/cooltivarte.com\/portal\/subte-charla-con-artistas-del-49-premio-montevideo\/","name":"Subte Charla con artistas del 49 Premio Montevideo - Cooltivarte Portal","isPartOf":{"@id":"https:\/\/cooltivarte.com\/portal\/#website"},"primaryImageOfPage":{"@id":"https:\/\/cooltivarte.com\/portal\/subte-charla-con-artistas-del-49-premio-montevideo\/#primaryimage"},"image":{"@id":"https:\/\/cooltivarte.com\/portal\/subte-charla-con-artistas-del-49-premio-montevideo\/#primaryimage"},"thumbnailUrl":"https:\/\/cooltivarte.com\/portal\/wp-content\/uploads\/2019\/09\/SUBTE-CHARLA-CON-ARTISTAS-DEL-49-PREMIO-MONTEVIDEO-2019-Fernando-Foglino-Mart\u00edn-Per\u00e9z-y-Agust\u00edn-Sabella-foto-federico-meneses-www-cooltivarte-com.jpg","datePublished":"2019-09-20T01:05:34+00:00","dateModified":"2024-05-17T14:35:29+00:00","description":"Subte Charla con artistas del 49 Premio Montevideo - Charla con Fernando Foglino, Mart\u00edn Per\u00e9z y Agust\u00edn Sabella - Setiembre 2019 - Centro de exposiciones Subte - Foto \u00a9 Federico Meneses","breadcrumb":{"@id":"https:\/\/cooltivarte.com\/portal\/subte-charla-con-artistas-del-49-premio-montevideo\/#breadcrumb"},"inLanguage":"es-AR","potentialAction":[{"@type":"ReadAction","target":["https:\/\/cooltivarte.com\/portal\/subte-charla-con-artistas-del-49-premio-montevideo\/"]}]},{"@type":"ImageObject","inLanguage":"es-AR","@id":"https:\/\/cooltivarte.com\/portal\/subte-charla-con-artistas-del-49-premio-montevideo\/#primaryimage","url":"https:\/\/cooltivarte.com\/portal\/wp-content\/uploads\/2019\/09\/SUBTE-CHARLA-CON-ARTISTAS-DEL-49-PREMIO-MONTEVIDEO-2019-Fernando-Foglino-Mart\u00edn-Per\u00e9z-y-Agust\u00edn-Sabella-foto-federico-meneses-www-cooltivarte-com.jpg","contentUrl":"https:\/\/cooltivarte.com\/portal\/wp-content\/uploads\/2019\/09\/SUBTE-CHARLA-CON-ARTISTAS-DEL-49-PREMIO-MONTEVIDEO-2019-Fernando-Foglino-Mart\u00edn-Per\u00e9z-y-Agust\u00edn-Sabella-foto-federico-meneses-www-cooltivarte-com.jpg","width":1024,"height":684,"caption":"Subte Charla con artistas del 49 Premio Montevideo - Charla con Fernando Foglino, Mart\u00edn Per\u00e9z y Agust\u00edn Sabella - Setiembre 2019 - Centro de exposiciones Subte - Foto \u00a9 Federico Meneses"},{"@type":"BreadcrumbList","@id":"https:\/\/cooltivarte.com\/portal\/subte-charla-con-artistas-del-49-premio-montevideo\/#breadcrumb","itemListElement":[{"@type":"ListItem","position":1,"name":"Portada","item":"https:\/\/cooltivarte.com\/portal\/"},{"@type":"ListItem","position":2,"name":"Subte Charla con artistas del 49 Premio Montevideo"}]},{"@type":"WebSite","@id":"https:\/\/cooltivarte.com\/portal\/#website","url":"https:\/\/cooltivarte.com\/portal\/","name":"Cooltivarte Portal","description":"Arte, cultura y turismo para el mundo ...","publisher":{"@id":"https:\/\/cooltivarte.com\/portal\/#organization"},"potentialAction":[{"@type":"SearchAction","target":{"@type":"EntryPoint","urlTemplate":"https:\/\/cooltivarte.com\/portal\/?s={search_term_string}"},"query-input":{"@type":"PropertyValueSpecification","valueRequired":true,"valueName":"search_term_string"}}],"inLanguage":"es-AR"},{"@type":"Organization","@id":"https:\/\/cooltivarte.com\/portal\/#organization","name":"cooltivarte","url":"https:\/\/cooltivarte.com\/portal\/","logo":{"@type":"ImageObject","inLanguage":"es-AR","@id":"https:\/\/cooltivarte.com\/portal\/#\/schema\/logo\/image\/","url":"https:\/\/cooltivarte.com\/portal\/wp-content\/uploads\/2020\/04\/logo-cooltivarte-v2.png","contentUrl":"https:\/\/cooltivarte.com\/portal\/wp-content\/uploads\/2020\/04\/logo-cooltivarte-v2.png","width":851,"height":243,"caption":"cooltivarte"},"image":{"@id":"https:\/\/cooltivarte.com\/portal\/#\/schema\/logo\/image\/"},"sameAs":["https:\/\/www.facebook.com\/cooltivartecom\/","https:\/\/x.com\/obolocultural","https:\/\/www.instagram.com\/_cooltivarte_\/","https:\/\/www.linkedin.com\/company\/-bolocultural?reportsuccess=8zaNG1HwhPbAR9iQhZ5rfGeqz_vQFftHun0ZWU0Wy9vNemRJ8vtcKdJvzQfW8XagyOJSKg0XvfJ1dp","https:\/\/www.pinterest.com\/cooltivarte\/","https:\/\/cooltivarte.tumblr.com\/","https:\/\/www.tiktok.com\/@cooltivarte","https:\/\/www.youtube.com\/@PrensaCooltivarte"]},{"@type":"Person","@id":"https:\/\/cooltivarte.com\/portal\/#\/schema\/person\/595d82e8e62fb72a20bd97959bd7d18f","name":"Federico Meneses","image":{"@type":"ImageObject","inLanguage":"es-AR","@id":"https:\/\/cooltivarte.com\/portal\/wp-content\/uploads\/2019\/08\/FEDERICO-120x120.jpg","url":"https:\/\/cooltivarte.com\/portal\/wp-content\/uploads\/2019\/08\/FEDERICO-120x120.jpg","contentUrl":"https:\/\/cooltivarte.com\/portal\/wp-content\/uploads\/2019\/08\/FEDERICO-120x120.jpg","caption":"Federico Meneses"},"description":"Por el 2003 surge la idea de armar un bolet\u00edn electr\u00f3nico \"\u00f3bolo cultural\" para difundir eventos que poco se sab\u00edan. Con el surgimiento de las redes sociales el bolet\u00edn deja de tener su efecto y nace www.cooltivarte.com A fines del 2010 invito asociarse como co-director a Mauricio Conde, junto a todos los amigos colaboradores que se sumaron a la idea de aportar un granito de arena a nuestra cultura potenciando los eventos y dando m\u00e1s valor al conocer a los artistas mediante entrevistas, art\u00edculos de opini\u00f3n, an\u00e1lisis, reflexi\u00f3n y cr\u00edtica. Cooltivarte est\u00e1 presente en el medio local comunicando las noticias, cr\u00edticas, opiniones y entrevistas, tratando de generar un valor cultural conociendo de cerca a los protagonistas, generando una conciencia colectiva y sensibilidad para este r\u00e1pido diario vivir.","sameAs":["https:\/\/www.cooltivarte.com","https:\/\/www.facebook.com\/cooltivartecom","https:\/\/www.instagram.com\/_cooltivarte_\/","https:\/\/www.linkedin.com\/in\/federicomeneses\/","https:\/\/www.pinterest.com\/cooltivarte\/","https:\/\/x.com\/https:\/\/x.com\/obolocultural","https:\/\/www.youtube.com\/@PrensaCooltivarte","https:\/\/www.tumblr.com\/blog\/cooltivarte"],"url":"https:\/\/cooltivarte.com\/portal\/author\/federico\/"}]}},"_links":{"self":[{"href":"https:\/\/cooltivarte.com\/portal\/wp-json\/wp\/v2\/posts\/53042","targetHints":{"allow":["GET"]}}],"collection":[{"href":"https:\/\/cooltivarte.com\/portal\/wp-json\/wp\/v2\/posts"}],"about":[{"href":"https:\/\/cooltivarte.com\/portal\/wp-json\/wp\/v2\/types\/post"}],"author":[{"embeddable":true,"href":"https:\/\/cooltivarte.com\/portal\/wp-json\/wp\/v2\/users\/2"}],"replies":[{"embeddable":true,"href":"https:\/\/cooltivarte.com\/portal\/wp-json\/wp\/v2\/comments?post=53042"}],"version-history":[{"count":10,"href":"https:\/\/cooltivarte.com\/portal\/wp-json\/wp\/v2\/posts\/53042\/revisions"}],"predecessor-version":[{"id":102279,"href":"https:\/\/cooltivarte.com\/portal\/wp-json\/wp\/v2\/posts\/53042\/revisions\/102279"}],"wp:featuredmedia":[{"embeddable":true,"href":"https:\/\/cooltivarte.com\/portal\/wp-json\/wp\/v2\/media\/53134"}],"wp:attachment":[{"href":"https:\/\/cooltivarte.com\/portal\/wp-json\/wp\/v2\/media?parent=53042"}],"wp:term":[{"taxonomy":"category","embeddable":true,"href":"https:\/\/cooltivarte.com\/portal\/wp-json\/wp\/v2\/categories?post=53042"},{"taxonomy":"post_tag","embeddable":true,"href":"https:\/\/cooltivarte.com\/portal\/wp-json\/wp\/v2\/tags?post=53042"}],"curies":[{"name":"wp","href":"https:\/\/api.w.org\/{rel}","templated":true}]}}