{"id":52899,"date":"2019-09-10T13:34:45","date_gmt":"2019-09-10T16:34:45","guid":{"rendered":"http:\/\/cooltivarte.com\/portal\/?p=52899"},"modified":"2024-05-11T22:52:55","modified_gmt":"2024-05-12T01:52:55","slug":"pre-cosquin-rock-2019-1-parte","status":"publish","type":"post","link":"https:\/\/cooltivarte.com\/portal\/pre-cosquin-rock-2019-1-parte\/","title":{"rendered":"Pre Cosqu\u00edn Rock 2019 &#8211; 1 parte"},"content":{"rendered":"<figure id=\"attachment_52900\" aria-describedby=\"caption-attachment-52900\" style=\"width: 1024px\" class=\"wp-caption aligncenter\"><img fetchpriority=\"high\" decoding=\"async\" class=\"wp-image-52900 size-full\" title=\"Nueva fecha del festival Pre Cosquin Rock en esta oportunidad en Anfiteatro&quot;A don Jos\u00e9&quot; Las Piedras, Canelones. donde se presentaron las bandas La Bandonga - Doce Cuerdas - Origen Alternativo - Tapelao Foto \u00a9Hector A \" src=\"https:\/\/cooltivarte.com\/portal\/wp-content\/uploads\/2019\/09\/Festival-Pre-Cosquin-Rock-Las-Piedras-La-Bandonga-Doce-Cuerdas-Origen-Alternativo-Anfiteatro-A-don-Jos\u00e9-Tapelao-Foto-Hector-A-www-cooltivarte-com.jpg\" alt=\"Nueva fecha del festival Pre Cosquin Rock en esta oportunidad en Anfiteatro&quot;A don Jos\u00e9&quot; Las Piedras, Canelones. donde se presentaron las bandas La Bandonga - Doce Cuerdas - Origen Alternativo - Tapelao Foto \u00a9Hector A www.cooltivarte.com\" width=\"1024\" height=\"683\" srcset=\"https:\/\/cooltivarte.com\/portal\/wp-content\/uploads\/2019\/09\/Festival-Pre-Cosquin-Rock-Las-Piedras-La-Bandonga-Doce-Cuerdas-Origen-Alternativo-Anfiteatro-A-don-Jos\u00e9-Tapelao-Foto-Hector-A-www-cooltivarte-com.jpg 1024w, https:\/\/cooltivarte.com\/portal\/wp-content\/uploads\/2019\/09\/Festival-Pre-Cosquin-Rock-Las-Piedras-La-Bandonga-Doce-Cuerdas-Origen-Alternativo-Anfiteatro-A-don-Jos\u00e9-Tapelao-Foto-Hector-A-www-cooltivarte-com-300x200.jpg 300w, https:\/\/cooltivarte.com\/portal\/wp-content\/uploads\/2019\/09\/Festival-Pre-Cosquin-Rock-Las-Piedras-La-Bandonga-Doce-Cuerdas-Origen-Alternativo-Anfiteatro-A-don-Jos\u00e9-Tapelao-Foto-Hector-A-www-cooltivarte-com-768x512.jpg 768w\" sizes=\"(max-width: 1024px) 100vw, 1024px\" \/><figcaption id=\"caption-attachment-52900\" class=\"wp-caption-text\">Nueva fecha del festival Pre Cosquin Rock en esta oportunidad en Anfiteatro&#8221;A don Jos\u00e9&#8221; Las Piedras, Canelones. donde se presentaron las bandas La Bandonga &#8211; Doce Cuerdas &#8211; Origen Alternativo &#8211; Tapelao Foto \u00a9Hector A www.cooltivarte.com<\/figcaption><\/figure>\n<p>&nbsp;<\/p>\n<p>Nueva fecha del festival <strong>Pre <a href=\"https:\/\/cooltivarte.com\/portal\/?s=Cosquin+Rock\">Cosquin Rock<\/a><\/strong> en esta oportunidad en <strong>Las Piedras<\/strong> &#8211; <strong>Canelones<\/strong> donde se presentaron las bandas <a href=\"https:\/\/cooltivarte.com\/portal\/?s=La+Bandonga\"><strong>La Bandonga<\/strong><\/a> &#8211; <strong>Doce Cuerdas<\/strong> &#8211; <a href=\"https:\/\/cooltivarte.com\/portal\/?s=Origen+Alternativo\"><strong>Origen Alternativo<\/strong><\/a> &#8211; Tapelao<br \/>\n&nbsp;<\/p>\n<h3>&nbsp;<a href=\"https:\/\/www.facebook.com\/media\/set\/?set=a.2433904876656411&amp;type=3\" target=\"_blank\" rel=\"noopener\">Ir a la fotogaler\u00eda<\/a><\/h3>\n<p><iframe style=\"border: none; overflow: hidden;\" src=\"https:\/\/www.facebook.com\/plugins\/post.php?href=https%3A%2F%2Fwww.facebook.com%2Fmedia%2Fset%2F%3Fset%3Da.2433904876656411%26type%3D3&amp;width=100%\" width=\"100%\" height=\"669\" frameborder=\"0\" scrolling=\"no\"><\/iframe><br \/>\n&nbsp;<\/p>\n<p>&nbsp;<\/p>\n","protected":false},"excerpt":{"rendered":"<p>Nueva fecha del festival Pre Cosquin Rock en esta oportunidad en Anfiteatro&#8221;A don Jos\u00e9&#8221; Las Piedras, Canelones. donde se presentaron las bandas La Bandonga &#8211; Doce Cuerdas &#8211; Origen Alternativo &#8211; Tapelao Foto \u00a9Hector A <\/p>\n","protected":false},"author":110,"featured_media":52900,"comment_status":"closed","ping_status":"closed","sticky":false,"template":"","format":"standard","meta":{"om_disable_all_campaigns":false,"ngg_post_thumbnail":0,"jnews-multi-image_gallery":[],"jnews_single_post":{"subtitle":"","format":"standard","video":"","gallery":"","source_name":"","source_url":"","via_name":"","via_url":"","override_template":"0","override":[{"template":"4","single_blog_custom":"","parallax":"1","fullscreen":"0","layout":"right-sidebar","sidebar":"default-sidebar","second_sidebar":"default-sidebar","sticky_sidebar":"1","share_position":"bottom","share_float_style":"share-monocrhome","show_share_counter":"1","show_view_counter":"1","show_featured":"1","show_post_meta":"1","show_post_author":"1","show_post_author_image":"1","show_post_date":"1","post_date_format":"default","post_date_format_custom":"Y\/m\/d","show_post_category":"1","show_post_reading_time":"0","post_reading_time_wpm":"300","show_zoom_button":"0","zoom_button_out_step":"2","zoom_button_in_step":"3","show_post_tag":"1","show_prev_next_post":"1","show_popup_post":"1","number_popup_post":"1","show_author_box":"1","show_post_related":"0","show_inline_post_related":"0"}],"override_image_size":"0","image_override":[{"single_post_thumbnail_size":"no-crop","single_post_gallery_size":"crop-500"}],"trending_post":"0","trending_post_position":"meta","trending_post_label":"Trending","sponsored_post":"0","sponsored_post_label":"Sponsored by","sponsored_post_name":"","sponsored_post_url":"","sponsored_post_logo_enable":"0","sponsored_post_logo":"","sponsored_post_desc":"","disable_ad":"0"},"jnews_primary_category":{"id":"","hide":""},"jnews_social_meta":{"fb_title":"","fb_description":"","fb_image":"","twitter_title":"","twitter_description":"","twitter_image":""},"jnews_override_counter":{"override_view_counter":"0","view_counter_number":"0","override_share_counter":"0","share_counter_number":"0","override_like_counter":"0","like_counter_number":"0","override_dislike_counter":"0","dislike_counter_number":"0"},"footnotes":""},"categories":[50],"tags":[5906,9684,6201,5064,5465,5615],"class_list":["post-52899","post","type-post","status-publish","format-standard","has-post-thumbnail","hentry","category-coberturas","tag-cosquin-rock","tag-doce-cuerdas","tag-la-bandonga","tag-las-piedras","tag-origen-alternativo","tag-tapelao"],"yoast_head":"<!-- This site is optimized with the Yoast SEO plugin v27.5 - https:\/\/yoast.com\/product\/yoast-seo-wordpress\/ -->\n<title>Pre Cosqu\u00edn Rock 2019 - 1 parte - Cooltivarte Portal<\/title>\n<meta name=\"description\" content=\"Nueva fecha del festival Pre Cosquin Rock en esta oportunidad en Anfiteatro&quot;A don Jos\u00e9&quot; Las Piedras, Canelones. donde se presentaron las bandas La Bandonga - Doce Cuerdas - Origen Alternativo - Tapelao Foto \u00a9Hector A\" \/>\n<meta name=\"robots\" content=\"index, follow, max-snippet:-1, max-image-preview:large, max-video-preview:-1\" \/>\n<link rel=\"canonical\" href=\"https:\/\/cooltivarte.com\/portal\/pre-cosquin-rock-2019-1-parte\/\" \/>\n<meta property=\"og:locale\" content=\"es_ES\" \/>\n<meta property=\"og:type\" content=\"article\" \/>\n<meta property=\"og:title\" content=\"Pre Cosqu\u00edn Rock 2019 - 1 parte - Cooltivarte Portal\" \/>\n<meta property=\"og:description\" content=\"Nueva fecha del festival Pre Cosquin Rock en esta oportunidad en Anfiteatro&quot;A don Jos\u00e9&quot; Las Piedras, Canelones. donde se presentaron las bandas La Bandonga - Doce Cuerdas - Origen Alternativo - Tapelao Foto \u00a9Hector A\" \/>\n<meta property=\"og:url\" content=\"https:\/\/cooltivarte.com\/portal\/pre-cosquin-rock-2019-1-parte\/\" \/>\n<meta property=\"og:site_name\" content=\"Cooltivarte Portal\" \/>\n<meta property=\"article:publisher\" content=\"https:\/\/www.facebook.com\/cooltivartecom\/\" \/>\n<meta property=\"article:author\" content=\"https:\/\/www.facebook.com\/andres.fotografia.at\" \/>\n<meta property=\"article:published_time\" content=\"2019-09-10T16:34:45+00:00\" \/>\n<meta property=\"article:modified_time\" content=\"2024-05-12T01:52:55+00:00\" \/>\n<meta property=\"og:image\" content=\"https:\/\/cooltivarte.com\/portal\/wp-content\/uploads\/2019\/09\/Festival-Pre-Cosquin-Rock-Las-Piedras-La-Bandonga-Doce-Cuerdas-Origen-Alternativo-Anfiteatro-A-don-Jos\u00e9-Tapelao-Foto-Hector-A-www-cooltivarte-com.jpg\" \/>\n\t<meta property=\"og:image:width\" content=\"1024\" \/>\n\t<meta property=\"og:image:height\" content=\"683\" \/>\n\t<meta property=\"og:image:type\" content=\"image\/jpeg\" \/>\n<meta name=\"author\" content=\"Hector AT\" \/>\n<meta name=\"twitter:card\" content=\"summary_large_image\" \/>\n<meta name=\"twitter:creator\" content=\"@https:\/\/x.com\/obolocultural\" \/>\n<meta name=\"twitter:site\" content=\"@obolocultural\" \/>\n<meta name=\"twitter:label1\" content=\"Escrito por\" \/>\n\t<meta name=\"twitter:data1\" content=\"Hector AT\" \/>\n\t<meta name=\"twitter:label2\" content=\"Tiempo de lectura\" \/>\n\t<meta name=\"twitter:data2\" content=\"1 minuto\" \/>\n<!-- \/ Yoast SEO plugin. -->","yoast_head_json":{"title":"Pre Cosqu\u00edn Rock 2019 - 1 parte - Cooltivarte Portal","description":"Nueva fecha del festival Pre Cosquin Rock en esta oportunidad en Anfiteatro\"A don Jos\u00e9\" Las Piedras, Canelones. donde se presentaron las bandas La Bandonga - Doce Cuerdas - Origen Alternativo - Tapelao Foto \u00a9Hector A","robots":{"index":"index","follow":"follow","max-snippet":"max-snippet:-1","max-image-preview":"max-image-preview:large","max-video-preview":"max-video-preview:-1"},"canonical":"https:\/\/cooltivarte.com\/portal\/pre-cosquin-rock-2019-1-parte\/","og_locale":"es_ES","og_type":"article","og_title":"Pre Cosqu\u00edn Rock 2019 - 1 parte - Cooltivarte Portal","og_description":"Nueva fecha del festival Pre Cosquin Rock en esta oportunidad en Anfiteatro\"A don Jos\u00e9\" Las Piedras, Canelones. donde se presentaron las bandas La Bandonga - Doce Cuerdas - Origen Alternativo - Tapelao Foto \u00a9Hector A","og_url":"https:\/\/cooltivarte.com\/portal\/pre-cosquin-rock-2019-1-parte\/","og_site_name":"Cooltivarte Portal","article_publisher":"https:\/\/www.facebook.com\/cooltivartecom\/","article_author":"https:\/\/www.facebook.com\/andres.fotografia.at","article_published_time":"2019-09-10T16:34:45+00:00","article_modified_time":"2024-05-12T01:52:55+00:00","og_image":[{"width":1024,"height":683,"url":"https:\/\/cooltivarte.com\/portal\/wp-content\/uploads\/2019\/09\/Festival-Pre-Cosquin-Rock-Las-Piedras-La-Bandonga-Doce-Cuerdas-Origen-Alternativo-Anfiteatro-A-don-Jos\u00e9-Tapelao-Foto-Hector-A-www-cooltivarte-com.jpg","type":"image\/jpeg"}],"author":"Hector AT","twitter_card":"summary_large_image","twitter_creator":"@https:\/\/x.com\/obolocultural","twitter_site":"@obolocultural","twitter_misc":{"Escrito por":"Hector AT","Tiempo de lectura":"1 minuto"},"schema":{"@context":"https:\/\/schema.org","@graph":[{"@type":"NewsArticle","@id":"https:\/\/cooltivarte.com\/portal\/pre-cosquin-rock-2019-1-parte\/#article","isPartOf":{"@id":"https:\/\/cooltivarte.com\/portal\/pre-cosquin-rock-2019-1-parte\/"},"author":{"name":"Hector AT","@id":"https:\/\/cooltivarte.com\/portal\/#\/schema\/person\/af1c721841ccf08004a7757f974a3132"},"headline":"Pre Cosqu\u00edn Rock 2019 &#8211; 1 parte","datePublished":"2019-09-10T16:34:45+00:00","dateModified":"2024-05-12T01:52:55+00:00","mainEntityOfPage":{"@id":"https:\/\/cooltivarte.com\/portal\/pre-cosquin-rock-2019-1-parte\/"},"wordCount":92,"publisher":{"@id":"https:\/\/cooltivarte.com\/portal\/#organization"},"image":{"@id":"https:\/\/cooltivarte.com\/portal\/pre-cosquin-rock-2019-1-parte\/#primaryimage"},"thumbnailUrl":"https:\/\/cooltivarte.com\/portal\/wp-content\/uploads\/2019\/09\/Festival-Pre-Cosquin-Rock-Las-Piedras-La-Bandonga-Doce-Cuerdas-Origen-Alternativo-Anfiteatro-A-don-Jos\u00e9-Tapelao-Foto-Hector-A-www-cooltivarte-com.jpg","keywords":["Cosqu\u00edn Rock","Doce Cuerdas","La Bandonga","Las Piedras","Origen Alternativo","Tapelao"],"articleSection":["Coberturas"],"inLanguage":"es-AR"},{"@type":"WebPage","@id":"https:\/\/cooltivarte.com\/portal\/pre-cosquin-rock-2019-1-parte\/","url":"https:\/\/cooltivarte.com\/portal\/pre-cosquin-rock-2019-1-parte\/","name":"Pre Cosqu\u00edn Rock 2019 - 1 parte - Cooltivarte Portal","isPartOf":{"@id":"https:\/\/cooltivarte.com\/portal\/#website"},"primaryImageOfPage":{"@id":"https:\/\/cooltivarte.com\/portal\/pre-cosquin-rock-2019-1-parte\/#primaryimage"},"image":{"@id":"https:\/\/cooltivarte.com\/portal\/pre-cosquin-rock-2019-1-parte\/#primaryimage"},"thumbnailUrl":"https:\/\/cooltivarte.com\/portal\/wp-content\/uploads\/2019\/09\/Festival-Pre-Cosquin-Rock-Las-Piedras-La-Bandonga-Doce-Cuerdas-Origen-Alternativo-Anfiteatro-A-don-Jos\u00e9-Tapelao-Foto-Hector-A-www-cooltivarte-com.jpg","datePublished":"2019-09-10T16:34:45+00:00","dateModified":"2024-05-12T01:52:55+00:00","description":"Nueva fecha del festival Pre Cosquin Rock en esta oportunidad en Anfiteatro\"A don Jos\u00e9\" Las Piedras, Canelones. donde se presentaron las bandas La Bandonga - Doce Cuerdas - Origen Alternativo - Tapelao Foto \u00a9Hector A","breadcrumb":{"@id":"https:\/\/cooltivarte.com\/portal\/pre-cosquin-rock-2019-1-parte\/#breadcrumb"},"inLanguage":"es-AR","potentialAction":[{"@type":"ReadAction","target":["https:\/\/cooltivarte.com\/portal\/pre-cosquin-rock-2019-1-parte\/"]}]},{"@type":"ImageObject","inLanguage":"es-AR","@id":"https:\/\/cooltivarte.com\/portal\/pre-cosquin-rock-2019-1-parte\/#primaryimage","url":"https:\/\/cooltivarte.com\/portal\/wp-content\/uploads\/2019\/09\/Festival-Pre-Cosquin-Rock-Las-Piedras-La-Bandonga-Doce-Cuerdas-Origen-Alternativo-Anfiteatro-A-don-Jos\u00e9-Tapelao-Foto-Hector-A-www-cooltivarte-com.jpg","contentUrl":"https:\/\/cooltivarte.com\/portal\/wp-content\/uploads\/2019\/09\/Festival-Pre-Cosquin-Rock-Las-Piedras-La-Bandonga-Doce-Cuerdas-Origen-Alternativo-Anfiteatro-A-don-Jos\u00e9-Tapelao-Foto-Hector-A-www-cooltivarte-com.jpg","width":1024,"height":683,"caption":"Nueva fecha del festival Pre Cosquin Rock en esta oportunidad en Anfiteatro\"A don Jos\u00e9\" Las Piedras, Canelones. donde se presentaron las bandas La Bandonga - Doce Cuerdas - Origen Alternativo - Tapelao Foto \u00a9Hector A www.cooltivarte.com"},{"@type":"BreadcrumbList","@id":"https:\/\/cooltivarte.com\/portal\/pre-cosquin-rock-2019-1-parte\/#breadcrumb","itemListElement":[{"@type":"ListItem","position":1,"name":"Portada","item":"https:\/\/cooltivarte.com\/portal\/"},{"@type":"ListItem","position":2,"name":"Pre Cosqu\u00edn Rock 2019 &#8211; 1 parte"}]},{"@type":"WebSite","@id":"https:\/\/cooltivarte.com\/portal\/#website","url":"https:\/\/cooltivarte.com\/portal\/","name":"Cooltivarte Portal","description":"Arte, cultura y turismo para el mundo ...","publisher":{"@id":"https:\/\/cooltivarte.com\/portal\/#organization"},"potentialAction":[{"@type":"SearchAction","target":{"@type":"EntryPoint","urlTemplate":"https:\/\/cooltivarte.com\/portal\/?s={search_term_string}"},"query-input":{"@type":"PropertyValueSpecification","valueRequired":true,"valueName":"search_term_string"}}],"inLanguage":"es-AR"},{"@type":"Organization","@id":"https:\/\/cooltivarte.com\/portal\/#organization","name":"cooltivarte","url":"https:\/\/cooltivarte.com\/portal\/","logo":{"@type":"ImageObject","inLanguage":"es-AR","@id":"https:\/\/cooltivarte.com\/portal\/#\/schema\/logo\/image\/","url":"https:\/\/cooltivarte.com\/portal\/wp-content\/uploads\/2020\/04\/logo-cooltivarte-v2.png","contentUrl":"https:\/\/cooltivarte.com\/portal\/wp-content\/uploads\/2020\/04\/logo-cooltivarte-v2.png","width":851,"height":243,"caption":"cooltivarte"},"image":{"@id":"https:\/\/cooltivarte.com\/portal\/#\/schema\/logo\/image\/"},"sameAs":["https:\/\/www.facebook.com\/cooltivartecom\/","https:\/\/x.com\/obolocultural","https:\/\/www.instagram.com\/_cooltivarte_\/","https:\/\/www.linkedin.com\/company\/-bolocultural?reportsuccess=8zaNG1HwhPbAR9iQhZ5rfGeqz_vQFftHun0ZWU0Wy9vNemRJ8vtcKdJvzQfW8XagyOJSKg0XvfJ1dp","https:\/\/www.pinterest.com\/cooltivarte\/","https:\/\/cooltivarte.tumblr.com\/","https:\/\/www.tiktok.com\/@cooltivarte","https:\/\/www.youtube.com\/@PrensaCooltivarte"]},{"@type":"Person","@id":"https:\/\/cooltivarte.com\/portal\/#\/schema\/person\/af1c721841ccf08004a7757f974a3132","name":"Hector AT","image":{"@type":"ImageObject","inLanguage":"es-AR","@id":"https:\/\/cooltivarte.com\/portal\/wp-content\/uploads\/2017\/10\/contact-gigia-120x120.jpg","url":"https:\/\/cooltivarte.com\/portal\/wp-content\/uploads\/2017\/10\/contact-gigia-120x120.jpg","contentUrl":"https:\/\/cooltivarte.com\/portal\/wp-content\/uploads\/2017\/10\/contact-gigia-120x120.jpg","caption":"Hector AT"},"description":"Sagitariano y a causa de esto un gusto especial por la cultura y la historia adem\u00e1s con un toque de aventurero que lo lanza a la b\u00fasqueda de nuevas metas que alcanzar por eso es fot\u00f3grafo autodidacta desde ni\u00f1o, ahora en busca de nuevas miradas nuevos punto de vista de la cultura y por qu\u00e9 no de la vida. Colaborador fotogr\u00e1fico para una web de informaci\u00f3n para empleados de una firma importante del medio, adem\u00e1s colaborador para Caf\u00e9 del Barrio, fot\u00f3grafo deportivo, cuando me invitan fot\u00f3grafo de fiestas...y ahora con ustedes nutri\u00e9ndose de lo mejor de la cultura del momento.","sameAs":["https:\/\/www.facebook.com\/andres.fotografia.at","https:\/\/www.instagram.com\/_cooltivarte_\/","https:\/\/www.linkedin.com\/company\/-bolocultural","https:\/\/www.pinterest.com\/cooltivarte","https:\/\/x.com\/https:\/\/x.com\/obolocultural","https:\/\/www.youtube.com\/@PrensaCooltivarte","https:\/\/www.tumblr.com\/blog\/cooltivarte"],"url":"https:\/\/cooltivarte.com\/portal\/author\/hector-at\/"}]}},"_links":{"self":[{"href":"https:\/\/cooltivarte.com\/portal\/wp-json\/wp\/v2\/posts\/52899","targetHints":{"allow":["GET"]}}],"collection":[{"href":"https:\/\/cooltivarte.com\/portal\/wp-json\/wp\/v2\/posts"}],"about":[{"href":"https:\/\/cooltivarte.com\/portal\/wp-json\/wp\/v2\/types\/post"}],"author":[{"embeddable":true,"href":"https:\/\/cooltivarte.com\/portal\/wp-json\/wp\/v2\/users\/110"}],"replies":[{"embeddable":true,"href":"https:\/\/cooltivarte.com\/portal\/wp-json\/wp\/v2\/comments?post=52899"}],"version-history":[{"count":3,"href":"https:\/\/cooltivarte.com\/portal\/wp-json\/wp\/v2\/posts\/52899\/revisions"}],"predecessor-version":[{"id":101860,"href":"https:\/\/cooltivarte.com\/portal\/wp-json\/wp\/v2\/posts\/52899\/revisions\/101860"}],"wp:featuredmedia":[{"embeddable":true,"href":"https:\/\/cooltivarte.com\/portal\/wp-json\/wp\/v2\/media\/52900"}],"wp:attachment":[{"href":"https:\/\/cooltivarte.com\/portal\/wp-json\/wp\/v2\/media?parent=52899"}],"wp:term":[{"taxonomy":"category","embeddable":true,"href":"https:\/\/cooltivarte.com\/portal\/wp-json\/wp\/v2\/categories?post=52899"},{"taxonomy":"post_tag","embeddable":true,"href":"https:\/\/cooltivarte.com\/portal\/wp-json\/wp\/v2\/tags?post=52899"}],"curies":[{"name":"wp","href":"https:\/\/api.w.org\/{rel}","templated":true}]}}