{"id":52392,"date":"2019-08-24T19:53:47","date_gmt":"2019-08-24T22:53:47","guid":{"rendered":"http:\/\/cooltivarte.com\/portal\/?p=52392"},"modified":"2024-05-17T21:01:28","modified_gmt":"2024-05-18T00:01:28","slug":"artista-de-mierda-entrevista-a-fernando-barrios","status":"publish","type":"post","link":"https:\/\/cooltivarte.com\/portal\/artista-de-mierda-entrevista-a-fernando-barrios\/","title":{"rendered":"Artista de Mierda. Entrevista a Fernando Barrios"},"content":{"rendered":"<figure id=\"attachment_52393\" aria-describedby=\"caption-attachment-52393\" style=\"width: 1024px\" class=\"wp-caption aligncenter\"><img fetchpriority=\"high\" decoding=\"async\" class=\"wp-image-52393 size-large\" title=\"artista de mierda - fernando barrios - 49 premios nacional de artes visuales - uruguaya - centro de exposiciones subte - agosto 2019 - foto - federico meneses\" src=\"https:\/\/cooltivarte.com\/portal\/wp-content\/uploads\/2019\/08\/artista-de-mierda-fernando-barrios-49-premios-nacional-de-artes-visuale-uruguaya-centro-de-exposiciones-subte-agosto-2019-foto-federico-meneses-1024x1024.jpg\" alt=\"artista de mierda - fernando barrios - 49 premios nacional de artes visuales - uruguaya - centro de exposiciones subte - agosto 2019 - foto - federico meneses\" width=\"1024\" height=\"1024\" srcset=\"https:\/\/cooltivarte.com\/portal\/wp-content\/uploads\/2019\/08\/artista-de-mierda-fernando-barrios-49-premios-nacional-de-artes-visuale-uruguaya-centro-de-exposiciones-subte-agosto-2019-foto-federico-meneses-1024x1024.jpg 1024w, https:\/\/cooltivarte.com\/portal\/wp-content\/uploads\/2019\/08\/artista-de-mierda-fernando-barrios-49-premios-nacional-de-artes-visuale-uruguaya-centro-de-exposiciones-subte-agosto-2019-foto-federico-meneses-300x300.jpg 300w, https:\/\/cooltivarte.com\/portal\/wp-content\/uploads\/2019\/08\/artista-de-mierda-fernando-barrios-49-premios-nacional-de-artes-visuale-uruguaya-centro-de-exposiciones-subte-agosto-2019-foto-federico-meneses-150x150.jpg 150w, https:\/\/cooltivarte.com\/portal\/wp-content\/uploads\/2019\/08\/artista-de-mierda-fernando-barrios-49-premios-nacional-de-artes-visuale-uruguaya-centro-de-exposiciones-subte-agosto-2019-foto-federico-meneses-768x768.jpg 768w, https:\/\/cooltivarte.com\/portal\/wp-content\/uploads\/2019\/08\/artista-de-mierda-fernando-barrios-49-premios-nacional-de-artes-visuale-uruguaya-centro-de-exposiciones-subte-agosto-2019-foto-federico-meneses-120x120.jpg 120w, https:\/\/cooltivarte.com\/portal\/wp-content\/uploads\/2019\/08\/artista-de-mierda-fernando-barrios-49-premios-nacional-de-artes-visuale-uruguaya-centro-de-exposiciones-subte-agosto-2019-foto-federico-meneses-75x75.jpg 75w, https:\/\/cooltivarte.com\/portal\/wp-content\/uploads\/2019\/08\/artista-de-mierda-fernando-barrios-49-premios-nacional-de-artes-visuale-uruguaya-centro-de-exposiciones-subte-agosto-2019-foto-federico-meneses.jpg 1200w\" sizes=\"(max-width: 1024px) 100vw, 1024px\" \/><figcaption id=\"caption-attachment-52393\" class=\"wp-caption-text\">artista de mierda &#8211; fernando barrios &#8211; 49 premios nacional de artes visuales &#8211; uruguaya &#8211; centro de exposiciones subte &#8211; agosto 2019 &#8211; foto &#8211; federico meneses<\/figcaption><\/figure>\n<h2>&nbsp;<\/h2>\n<h2>Esta es una conversaci\u00f3n que mantuve con <strong><a href=\"https:\/\/cooltivarte.com\/portal\/?s=Fernando+Barrios\">Fernando Barrios<\/a><\/strong> a ra\u00edz de su obra<strong> Artista de Mierda<\/strong> expuesta en el <strong><a href=\"https:\/\/cooltivarte.com\/portal\/?s=49+Premio+Montevideo+de+Artes+Visuales\">49 Premio Montevideo de Artes Visuales<\/a><\/strong>.<\/h2>\n<p>Su obra me motiv\u00f3 a hacerle algunas preguntas. La grabaci\u00f3n se comparte en crudo (no soy periodista) y me pareci\u00f3 lo correcto en este caso.<\/p>\n<p>&nbsp;<\/p>\n<p><iframe src=\"https:\/\/www.youtube.com\/embed\/D0K-TlsAYt8\" width=\"100%\" height=\"515\" frameborder=\"0\" allowfullscreen=\"allowfullscreen\"><span data-mce-type=\"bookmark\" style=\"display: inline-block; width: 0px; overflow: hidden; line-height: 0;\" class=\"mce_SELRES_start\">\ufeff<\/span><\/iframe><\/p>\n<p>&nbsp;<\/p>\n<p><strong>Artista de mierda<\/strong> intenta visibilizar la colonialidad y los privilegios desde los que se produce la mayor parte de la creaci\u00f3n art\u00edstica- incluso aquella que cuestiona e impugna esos privilegios.<\/p>\n<p>Piero Manzoni, artista conceptual italiano, satiriz\u00f3 el mercado del arte y sus mercanc\u00edas al tiempo que sub- vert\u00eda la idea kantiana de lo sublime. Duchamp, desde su gesto inaugural, trafica un urinario al campo del arte.<\/p>\n<p>Ponerse en relaci\u00f3n a la noci\u00f3n europea-moderna- colonial del arte desde otra posici\u00f3n, a trav\u00e9s de excrementos, que no se eliminan sino que se ofrecen a la mirada, como producci\u00f3n de cuerpxs y como restos de consumo en esta fase del capitalismo, desde esta ubicaci\u00f3n geopol\u00edtica, podr\u00eda operar como apelaci\u00f3n cr\u00edtica.<\/p>\n<p>La modernidad colonial implic\u00f3 e implica procesos de blanqueamiento, pulcritud y ascesis de cuerpos y comportamientos, que ahondaron la diferencia civilizaci\u00f3n- barbarie. \u201c<em>La verdad es que somos hedientos y que lo disimulamos con una pulcritud demasiado ficticia<\/em>\u201d dir\u00e1 Rodolfo Kusch en El hedor de Am\u00e9rica.<\/p>\n<p>Los indios Yanomami, que habitan en la selva amaz\u00f3nica de Venezuela, poseen la colecci\u00f3n de bacterias m\u00e1s diversa jam\u00e1s hallada en un ser humano, algunas no se hab\u00edan detectado antes, seg\u00fan un estudio publicado en Science Advances. Biodiversidad microbi\u00f3tica y extinci\u00f3n se dan la mano.<\/p>\n<p>&nbsp;<\/p>\n<h3>ARTISTA DE MIERDA<\/h3>\n<p>&nbsp;<\/p>\n<p>La conexi\u00f3n excrementos-ano redobla la dimensi\u00f3n pol\u00edtica puesta en juego. Las asociaciones del goce anal como humillaci\u00f3n, sometimiento, degradaci\u00f3n ocultan y muestran, a la vez, la invenci\u00f3n pol\u00edtica de los cuerpos.<\/p>\n<p>A las disidencias sexo-gen\u00e9ricas, se suman advertencias interseccionales respecto de los sistemas de opresi\u00f3n. Raza y clase reaparecen luego de haber sido invisibilizadas, as\u00ed como disidencias corporales, funcionales y otras.<\/p>\n<p>Opresi\u00f3n y privilegios coexisten en artistas, aunque no se visibilicen.<\/p>\n<p>Artista de mierda soy tambi\u00e9n yo que trabajo con la mierda como material y materia; y que lo&nbsp;hago desde mis propios privilegios y subalternidades.<\/p>\n<p>La obra re\u00fane los excrementos de artistas, enlatados y fichados. En la pared, una frase pol\u00e9mica de Jos\u00e9 Mujica, antiguo dirigente tupamaro y ex \u2013 presidente, que alude a lo que entiende una soluci\u00f3n a la a\u00fan no resuelta cuesti\u00f3n del juicio a los militares de la dictadura: \u201ccuando estemos todos muertos\u201d.<\/p>\n<p>\u00bfC\u00f3mo se resuelven asuntos pol\u00edticos complejos, que hacen a la clase, el g\u00e9nero, la raza, lxs cuerpxs, el Es- tado, las identidades&#8230;? \u00bfEs probable que las nuevas generaciones dejen atr\u00e1s privilegios a trav\u00e9s de otras pr\u00e1cticas micropol\u00edticas?<\/p>\n<p>Algo de una ritualidad- a la vez antigua y posthumana se juega en este dep\u00f3sito de mierda que se ofrece al an\u00e1lisis.<\/p>\n<p>&nbsp;<\/p>\n<p>ARTISTAS<\/p>\n<p><a href=\"https:\/\/cooltivarte.com\/portal\/?s=Mayra+Da+Silva\"><strong>Mayra Da Silva<\/strong><\/a> 09\/07\/1983&nbsp;Artista y comunicadora interracial, trabaja para el estado, transfeminista<\/p>\n<p><a href=\"https:\/\/cooltivarte.com\/portal\/?s=Ana+Strauss\"><strong>Ana Strauss<\/strong><\/a> 20\/06\/1977&nbsp;Artista residente legal, estudiante, inmigrante<\/p>\n<p><a href=\"https:\/\/cooltivarte.com\/portal\/?s=Mar%C3%ADa+Mascar%C3%B3\"><strong>Mar\u00eda Mascar\u00f3<\/strong><\/a> 19\/05\/1971&nbsp;Artista blancx, cisg\u00e9nero, pansexual<\/p>\n<p><a href=\"https:\/\/cooltivarte.com\/portal\/?s=Eugenia+Gonz%C3%A1lez\"><strong>Eugenia Gonz\u00e1lez<\/strong><\/a> 25\/06\/1983&nbsp;Artista mujer, clase media, emigrante<\/p>\n<p><a href=\"https:\/\/cooltivarte.com\/portal\/?s=Luc%C3%ADa+Naser\"><strong>Luc\u00eda Naser<\/strong><\/a> 20\/03\/1983 Doctora, surfista, no soy nada de Jorge<\/p>\n<p><a href=\"https:\/\/cooltivarte.com\/portal\/?s=Luisho+D%C3%ADaz\"><strong>Luisho D\u00edaz<\/strong><\/a> artista 01\/02\/1991 Artista cisg\u00e9nero, universitario, xenofeminista<\/p>\n<p><a href=\"https:\/\/cooltivarte.com\/portal\/?s=Ana+Aristimu%C3%B1o\"><strong>Ana Aristimu\u00f1o<\/strong><\/a> 15\/04\/1969 Cisg\u00e9nero, performer, feminista<\/p>\n<p><a href=\"https:\/\/cooltivarte.com\/portal\/?s=Fabricio+Guaragna+Silva\"><strong>Fabricio Guaragna Silva<\/strong><\/a> 31\/10\/1984 Artista cisg\u00e9nero, gay, VIH positivo<\/p>\n<p><a href=\"https:\/\/cooltivarte.com\/portal\/?s=Agust%C3%ADn+Sabella\"><strong>Agust\u00edn Sabella<\/strong><\/a> 04\/11\/1977 Universitarix, hombre, heterosexual<\/p>\n<p><a href=\"https:\/\/cooltivarte.com\/portal\/?s=Ana+Rodr%C3%ADguez\"><strong>Ana Rodr\u00edguez<\/strong><\/a> 31\/05\/1980&nbsp;Artista queer, poliamorosa, clase media universitaria<\/p>\n<p><a href=\"https:\/\/cooltivarte.com\/portal\/?s=Agustina+Rodriguez\"><strong>Agustina Rodriguez<\/strong><\/a> 06\/01\/1984&nbsp; Mujer, universitaria, bisexual<\/p>\n<p><a href=\"https:\/\/cooltivarte.com\/portal\/?s=Fernando+Foglino\"><strong>Fernando Foglino<\/strong><\/a> 19\/02\/1976 Artista cisg\u00e9nero, blanco, universitario<\/p>\n<p><a href=\"https:\/\/cooltivarte.com\/portal\/?s=Luc%C3%ADa+Erlich\"><strong>Luc\u00eda Erlich<\/strong><\/a> 05\/12\/1989 Hombre, blanco, delgado<\/p>\n<p><a href=\"https:\/\/cooltivarte.com\/portal\/?s=Luciana+Damiani\"><strong>Luciana Damiani<\/strong><\/a> 16\/01\/1982 Artista cisg\u00e9nero, pansexual, sudaka<\/p>\n<p><a href=\"https:\/\/cooltivarte.com\/portal\/?s=Juan+Ibarlucea\"><strong>Juan Ibarlucea<\/strong><\/a> 26\/04\/1984 Ef\u00edmerx, colonizadx, artista gay<\/p>\n<p><a href=\"https:\/\/cooltivarte.com\/portal\/?s=Claudia+Mera\"><strong>Claudia Mera<\/strong><\/a> 21\/01\/1971&nbsp;Obra de arte, universitaria, no heterosexual<\/p>\n<p><strong><a href=\"https:\/\/cooltivarte.com\/portal\/?s=Laura+Falc%C3%B3n\">Laura Falc\u00f3n<\/a> <\/strong>26\/01\/1961&nbsp;Artista mujer, gorda, universitaria<\/p>\n<p><a href=\"https:\/\/cooltivarte.com\/portal\/?s=Valentina+Cardellino\"><strong>Valentina Cardellino<\/strong><\/a> 11\/07\/1985 Artista transfeminista, universitarix, poliamorosx&nbsp;<\/p>\n<p>&nbsp;<\/p>\n<p>Texto Cat\u00e1logo &#8211; Fernando Barrios<\/p>\n<p>&nbsp;<\/p>\n<h4><strong>Se puede visitar la exposici\u00f3n desde el 2 de agosto al 6 de octubre 2019.<\/strong><\/h4>\n<h4><strong>SUBTE &#8211; Centro de Exposiciones&nbsp;<\/strong><\/h4>\n<p>Plaza Fabini s\/n<br \/>\nTel\u00e9fono: [598] 2908 7643<br \/>\nContacto: subte@imm.gub.uy<br \/>\nHorario: martes a domingos de 12:00 a 18:45<\/p>\n<p>&nbsp;<\/p>\n","protected":false},"excerpt":{"rendered":"<p>Esta es una conversaci\u00f3n que mantuve con Fernando Barrios a ra\u00edz de su obra Artista de Mierda expuesta en el 49 Premio Montevideo de Artes Visuales.<\/p>\n<p>Su obra me motiv\u00f3 a hacerle algunas preguntas. La grabaci\u00f3n se comparte en crudo (no soy periodista) y me pareci\u00f3 lo correcto en este caso.<\/p>\n","protected":false},"author":151,"featured_media":52393,"comment_status":"closed","ping_status":"closed","sticky":false,"template":"","format":"standard","meta":{"om_disable_all_campaigns":false,"ngg_post_thumbnail":0,"jnews-multi-image_gallery":[],"jnews_single_post":{"subtitle":"","format":"standard","video":"","gallery":"","source_name":"","source_url":"","via_name":"","via_url":"","override_template":"0","override":[{"template":"4","single_blog_custom":"","parallax":"1","fullscreen":"0","layout":"right-sidebar","sidebar":"default-sidebar","second_sidebar":"default-sidebar","sticky_sidebar":"1","share_position":"bottom","share_float_style":"share-monocrhome","show_share_counter":"1","show_view_counter":"1","show_featured":"1","show_post_meta":"1","show_post_author":"1","show_post_author_image":"1","show_post_date":"1","post_date_format":"default","post_date_format_custom":"Y\/m\/d","show_post_category":"1","show_post_reading_time":"0","post_reading_time_wpm":"300","show_zoom_button":"0","zoom_button_out_step":"2","zoom_button_in_step":"3","show_post_tag":"1","show_prev_next_post":"1","show_popup_post":"1","number_popup_post":"1","show_author_box":"1","show_post_related":"0","show_inline_post_related":"0"}],"override_image_size":"0","image_override":[{"single_post_thumbnail_size":"no-crop","single_post_gallery_size":"crop-500"}],"trending_post":"0","trending_post_position":"meta","trending_post_label":"Trending","sponsored_post":"0","sponsored_post_label":"Sponsored by","sponsored_post_name":"","sponsored_post_url":"","sponsored_post_logo_enable":"0","sponsored_post_logo":"","sponsored_post_desc":"","disable_ad":"0"},"jnews_primary_category":{"id":"","hide":""},"jnews_social_meta":{"fb_title":"","fb_description":"","fb_image":"","twitter_title":"","twitter_description":"","twitter_image":""},"jnews_override_counter":{"override_view_counter":"0","view_counter_number":"0","override_share_counter":"0","share_counter_number":"0","override_like_counter":"0","like_counter_number":"0","override_dislike_counter":"0","dislike_counter_number":"0"},"footnotes":""},"categories":[13335],"tags":[9611,9610,9612,7247,2465,1478],"class_list":["post-52392","post","type-post","status-publish","format-standard","has-post-thumbnail","hentry","category-tienen-la-palabra","tag-49-premio-montevideo-de-artes-visuales","tag-artista-de-mierda","tag-centro-de-exposiciones","tag-fernando-barrios","tag-jose-mujica","tag-subte"],"yoast_head":"<!-- This site is optimized with the Yoast SEO plugin v27.5 - https:\/\/yoast.com\/product\/yoast-seo-wordpress\/ -->\n<title>Artista de Mierda. Entrevista a Fernando Barrios - Cooltivarte Portal<\/title>\n<meta name=\"description\" content=\"Esta es una conversaci\u00f3n que mantuve con Fernando Barrios a ra\u00edz de su obra Artista de Mierda expuesta en el 49 Premio Montevideo de Artes Visuales.\" \/>\n<meta name=\"robots\" content=\"index, follow, max-snippet:-1, max-image-preview:large, max-video-preview:-1\" \/>\n<link rel=\"canonical\" href=\"https:\/\/cooltivarte.com\/portal\/artista-de-mierda-entrevista-a-fernando-barrios\/\" \/>\n<meta property=\"og:locale\" content=\"es_ES\" \/>\n<meta property=\"og:type\" content=\"article\" \/>\n<meta property=\"og:title\" content=\"Artista de Mierda. Entrevista a Fernando Barrios - Cooltivarte Portal\" \/>\n<meta property=\"og:description\" content=\"Esta es una conversaci\u00f3n que mantuve con Fernando Barrios a ra\u00edz de su obra Artista de Mierda expuesta en el 49 Premio Montevideo de Artes Visuales.\" \/>\n<meta property=\"og:url\" content=\"https:\/\/cooltivarte.com\/portal\/artista-de-mierda-entrevista-a-fernando-barrios\/\" \/>\n<meta property=\"og:site_name\" content=\"Cooltivarte Portal\" \/>\n<meta property=\"article:publisher\" content=\"https:\/\/www.facebook.com\/cooltivartecom\/\" \/>\n<meta property=\"article:author\" content=\"https:\/\/www.facebook.com\/anastraussfrias\" \/>\n<meta property=\"article:published_time\" content=\"2019-08-24T22:53:47+00:00\" \/>\n<meta property=\"article:modified_time\" content=\"2024-05-18T00:01:28+00:00\" \/>\n<meta property=\"og:image\" content=\"https:\/\/cooltivarte.com\/portal\/wp-content\/uploads\/2019\/08\/artista-de-mierda-fernando-barrios-49-premios-nacional-de-artes-visuale-uruguaya-centro-de-exposiciones-subte-agosto-2019-foto-federico-meneses.jpg\" \/>\n\t<meta property=\"og:image:width\" content=\"1200\" \/>\n\t<meta property=\"og:image:height\" content=\"1200\" \/>\n\t<meta property=\"og:image:type\" content=\"image\/jpeg\" \/>\n<meta name=\"author\" content=\"Ana Strauss\" \/>\n<meta name=\"twitter:card\" content=\"summary_large_image\" \/>\n<meta name=\"twitter:title\" content=\"Artista de Mierda. Entrevista a Fernando Barrios\" \/>\n<meta name=\"twitter:description\" content=\"Esta es una conversaci\u00f3n que mantuve con Fernando Barrios a ra\u00edz de su obra Artista de Mierda expuesta en el 49 Premio Montevideo de Artes Visuales.\" \/>\n<meta name=\"twitter:image\" content=\"https:\/\/cooltivarte.com\/portal\/wp-content\/uploads\/2019\/08\/artista-de-mierda-fernando-barrios-49-premios-nacional-de-artes-visuale-uruguaya-centro-de-exposiciones-subte-agosto-2019-foto-federico-meneses.jpg\" \/>\n<meta name=\"twitter:creator\" content=\"@https:\/\/x.com\/obolocultural\" \/>\n<meta name=\"twitter:site\" content=\"@obolocultural\" \/>\n<meta name=\"twitter:label1\" content=\"Escrito por\" \/>\n\t<meta name=\"twitter:data1\" content=\"Ana Strauss\" \/>\n\t<meta name=\"twitter:label2\" content=\"Tiempo de lectura\" \/>\n\t<meta name=\"twitter:data2\" content=\"4 minutos\" \/>\n<!-- \/ Yoast SEO plugin. -->","yoast_head_json":{"title":"Artista de Mierda. Entrevista a Fernando Barrios - Cooltivarte Portal","description":"Esta es una conversaci\u00f3n que mantuve con Fernando Barrios a ra\u00edz de su obra Artista de Mierda expuesta en el 49 Premio Montevideo de Artes Visuales.","robots":{"index":"index","follow":"follow","max-snippet":"max-snippet:-1","max-image-preview":"max-image-preview:large","max-video-preview":"max-video-preview:-1"},"canonical":"https:\/\/cooltivarte.com\/portal\/artista-de-mierda-entrevista-a-fernando-barrios\/","og_locale":"es_ES","og_type":"article","og_title":"Artista de Mierda. Entrevista a Fernando Barrios - Cooltivarte Portal","og_description":"Esta es una conversaci\u00f3n que mantuve con Fernando Barrios a ra\u00edz de su obra Artista de Mierda expuesta en el 49 Premio Montevideo de Artes Visuales.","og_url":"https:\/\/cooltivarte.com\/portal\/artista-de-mierda-entrevista-a-fernando-barrios\/","og_site_name":"Cooltivarte Portal","article_publisher":"https:\/\/www.facebook.com\/cooltivartecom\/","article_author":"https:\/\/www.facebook.com\/anastraussfrias","article_published_time":"2019-08-24T22:53:47+00:00","article_modified_time":"2024-05-18T00:01:28+00:00","og_image":[{"width":1200,"height":1200,"url":"https:\/\/cooltivarte.com\/portal\/wp-content\/uploads\/2019\/08\/artista-de-mierda-fernando-barrios-49-premios-nacional-de-artes-visuale-uruguaya-centro-de-exposiciones-subte-agosto-2019-foto-federico-meneses.jpg","type":"image\/jpeg"}],"author":"Ana Strauss","twitter_card":"summary_large_image","twitter_title":"Artista de Mierda. Entrevista a Fernando Barrios","twitter_description":"Esta es una conversaci\u00f3n que mantuve con Fernando Barrios a ra\u00edz de su obra Artista de Mierda expuesta en el 49 Premio Montevideo de Artes Visuales.","twitter_image":"https:\/\/cooltivarte.com\/portal\/wp-content\/uploads\/2019\/08\/artista-de-mierda-fernando-barrios-49-premios-nacional-de-artes-visuale-uruguaya-centro-de-exposiciones-subte-agosto-2019-foto-federico-meneses.jpg","twitter_creator":"@https:\/\/x.com\/obolocultural","twitter_site":"@obolocultural","twitter_misc":{"Escrito por":"Ana Strauss","Tiempo de lectura":"4 minutos"},"schema":{"@context":"https:\/\/schema.org","@graph":[{"@type":"NewsArticle","@id":"https:\/\/cooltivarte.com\/portal\/artista-de-mierda-entrevista-a-fernando-barrios\/#article","isPartOf":{"@id":"https:\/\/cooltivarte.com\/portal\/artista-de-mierda-entrevista-a-fernando-barrios\/"},"author":{"name":"Ana Strauss","@id":"https:\/\/cooltivarte.com\/portal\/#\/schema\/person\/1e5f197e494baed303d48621c8c761c3"},"headline":"Artista de Mierda. Entrevista a Fernando Barrios","datePublished":"2019-08-24T22:53:47+00:00","dateModified":"2024-05-18T00:01:28+00:00","mainEntityOfPage":{"@id":"https:\/\/cooltivarte.com\/portal\/artista-de-mierda-entrevista-a-fernando-barrios\/"},"wordCount":758,"publisher":{"@id":"https:\/\/cooltivarte.com\/portal\/#organization"},"image":{"@id":"https:\/\/cooltivarte.com\/portal\/artista-de-mierda-entrevista-a-fernando-barrios\/#primaryimage"},"thumbnailUrl":"https:\/\/cooltivarte.com\/portal\/wp-content\/uploads\/2019\/08\/artista-de-mierda-fernando-barrios-49-premios-nacional-de-artes-visuale-uruguaya-centro-de-exposiciones-subte-agosto-2019-foto-federico-meneses.jpg","keywords":["49 Premio Montevideo de Artes Visuales","Artista de Mierda","Centro de Exposiciones","Fernando Barrios","Jos\u00e9 Mujica","Subte"],"articleSection":["Tienen la Palabra"],"inLanguage":"es-AR"},{"@type":"WebPage","@id":"https:\/\/cooltivarte.com\/portal\/artista-de-mierda-entrevista-a-fernando-barrios\/","url":"https:\/\/cooltivarte.com\/portal\/artista-de-mierda-entrevista-a-fernando-barrios\/","name":"Artista de Mierda. Entrevista a Fernando Barrios - Cooltivarte Portal","isPartOf":{"@id":"https:\/\/cooltivarte.com\/portal\/#website"},"primaryImageOfPage":{"@id":"https:\/\/cooltivarte.com\/portal\/artista-de-mierda-entrevista-a-fernando-barrios\/#primaryimage"},"image":{"@id":"https:\/\/cooltivarte.com\/portal\/artista-de-mierda-entrevista-a-fernando-barrios\/#primaryimage"},"thumbnailUrl":"https:\/\/cooltivarte.com\/portal\/wp-content\/uploads\/2019\/08\/artista-de-mierda-fernando-barrios-49-premios-nacional-de-artes-visuale-uruguaya-centro-de-exposiciones-subte-agosto-2019-foto-federico-meneses.jpg","datePublished":"2019-08-24T22:53:47+00:00","dateModified":"2024-05-18T00:01:28+00:00","description":"Esta es una conversaci\u00f3n que mantuve con Fernando Barrios a ra\u00edz de su obra Artista de Mierda expuesta en el 49 Premio Montevideo de Artes Visuales.","breadcrumb":{"@id":"https:\/\/cooltivarte.com\/portal\/artista-de-mierda-entrevista-a-fernando-barrios\/#breadcrumb"},"inLanguage":"es-AR","potentialAction":[{"@type":"ReadAction","target":["https:\/\/cooltivarte.com\/portal\/artista-de-mierda-entrevista-a-fernando-barrios\/"]}]},{"@type":"ImageObject","inLanguage":"es-AR","@id":"https:\/\/cooltivarte.com\/portal\/artista-de-mierda-entrevista-a-fernando-barrios\/#primaryimage","url":"https:\/\/cooltivarte.com\/portal\/wp-content\/uploads\/2019\/08\/artista-de-mierda-fernando-barrios-49-premios-nacional-de-artes-visuale-uruguaya-centro-de-exposiciones-subte-agosto-2019-foto-federico-meneses.jpg","contentUrl":"https:\/\/cooltivarte.com\/portal\/wp-content\/uploads\/2019\/08\/artista-de-mierda-fernando-barrios-49-premios-nacional-de-artes-visuale-uruguaya-centro-de-exposiciones-subte-agosto-2019-foto-federico-meneses.jpg","width":1200,"height":1200,"caption":"artista-de-mierda-fernando-barrios-49-premios-nacional-de-artes-visuale-uruguaya-centro-de-exposiciones-subte-agosto-2019-foto-federico-meneses"},{"@type":"BreadcrumbList","@id":"https:\/\/cooltivarte.com\/portal\/artista-de-mierda-entrevista-a-fernando-barrios\/#breadcrumb","itemListElement":[{"@type":"ListItem","position":1,"name":"Portada","item":"https:\/\/cooltivarte.com\/portal\/"},{"@type":"ListItem","position":2,"name":"Artista de Mierda. Entrevista a Fernando Barrios"}]},{"@type":"WebSite","@id":"https:\/\/cooltivarte.com\/portal\/#website","url":"https:\/\/cooltivarte.com\/portal\/","name":"Cooltivarte Portal","description":"Arte, cultura y turismo para el mundo ...","publisher":{"@id":"https:\/\/cooltivarte.com\/portal\/#organization"},"potentialAction":[{"@type":"SearchAction","target":{"@type":"EntryPoint","urlTemplate":"https:\/\/cooltivarte.com\/portal\/?s={search_term_string}"},"query-input":{"@type":"PropertyValueSpecification","valueRequired":true,"valueName":"search_term_string"}}],"inLanguage":"es-AR"},{"@type":"Organization","@id":"https:\/\/cooltivarte.com\/portal\/#organization","name":"cooltivarte","url":"https:\/\/cooltivarte.com\/portal\/","logo":{"@type":"ImageObject","inLanguage":"es-AR","@id":"https:\/\/cooltivarte.com\/portal\/#\/schema\/logo\/image\/","url":"https:\/\/cooltivarte.com\/portal\/wp-content\/uploads\/2020\/04\/logo-cooltivarte-v2.png","contentUrl":"https:\/\/cooltivarte.com\/portal\/wp-content\/uploads\/2020\/04\/logo-cooltivarte-v2.png","width":851,"height":243,"caption":"cooltivarte"},"image":{"@id":"https:\/\/cooltivarte.com\/portal\/#\/schema\/logo\/image\/"},"sameAs":["https:\/\/www.facebook.com\/cooltivartecom\/","https:\/\/x.com\/obolocultural","https:\/\/www.instagram.com\/_cooltivarte_\/","https:\/\/www.linkedin.com\/company\/-bolocultural?reportsuccess=8zaNG1HwhPbAR9iQhZ5rfGeqz_vQFftHun0ZWU0Wy9vNemRJ8vtcKdJvzQfW8XagyOJSKg0XvfJ1dp","https:\/\/www.pinterest.com\/cooltivarte\/","https:\/\/cooltivarte.tumblr.com\/","https:\/\/www.tiktok.com\/@cooltivarte","https:\/\/www.youtube.com\/@PrensaCooltivarte"]},{"@type":"Person","@id":"https:\/\/cooltivarte.com\/portal\/#\/schema\/person\/1e5f197e494baed303d48621c8c761c3","name":"Ana Strauss","image":{"@type":"ImageObject","inLanguage":"es-AR","@id":"https:\/\/cooltivarte.com\/portal\/wp-content\/uploads\/2019\/08\/ana-strauss-120x120.jpg","url":"https:\/\/cooltivarte.com\/portal\/wp-content\/uploads\/2019\/08\/ana-strauss-120x120.jpg","contentUrl":"https:\/\/cooltivarte.com\/portal\/wp-content\/uploads\/2019\/08\/ana-strauss-120x120.jpg","caption":"Ana Strauss"},"description":"Public\u00f3 con la editorial Yaugur\u00fa: no s\u00e9 qu\u00e9 hago en Inglaterra (2013) oror\u00f3 canci\u00f3n para un p\u00e1rpado (2017). Integra varias muestras de poes\u00eda contempor\u00e1nea uruguaya. Ha participado en muestras colectivas y acciones perform\u00e1ticas. Pensi\u00f3n Mil\u00e1n, Subte, Casa Mario (entre otros).","sameAs":["https:\/\/www.facebook.com\/anastraussfrias","https:\/\/www.instagram.com\/_cooltivarte_\/","https:\/\/www.linkedin.com\/company\/-bolocultural","https:\/\/www.pinterest.com\/cooltivarte","https:\/\/x.com\/https:\/\/x.com\/obolocultural","https:\/\/www.youtube.com\/@PrensaCooltivarte","https:\/\/www.tumblr.com\/blog\/cooltivarte"],"url":"https:\/\/cooltivarte.com\/portal\/author\/ana-strauss\/"}]}},"_links":{"self":[{"href":"https:\/\/cooltivarte.com\/portal\/wp-json\/wp\/v2\/posts\/52392","targetHints":{"allow":["GET"]}}],"collection":[{"href":"https:\/\/cooltivarte.com\/portal\/wp-json\/wp\/v2\/posts"}],"about":[{"href":"https:\/\/cooltivarte.com\/portal\/wp-json\/wp\/v2\/types\/post"}],"author":[{"embeddable":true,"href":"https:\/\/cooltivarte.com\/portal\/wp-json\/wp\/v2\/users\/151"}],"replies":[{"embeddable":true,"href":"https:\/\/cooltivarte.com\/portal\/wp-json\/wp\/v2\/comments?post=52392"}],"version-history":[{"count":13,"href":"https:\/\/cooltivarte.com\/portal\/wp-json\/wp\/v2\/posts\/52392\/revisions"}],"predecessor-version":[{"id":102301,"href":"https:\/\/cooltivarte.com\/portal\/wp-json\/wp\/v2\/posts\/52392\/revisions\/102301"}],"wp:featuredmedia":[{"embeddable":true,"href":"https:\/\/cooltivarte.com\/portal\/wp-json\/wp\/v2\/media\/52393"}],"wp:attachment":[{"href":"https:\/\/cooltivarte.com\/portal\/wp-json\/wp\/v2\/media?parent=52392"}],"wp:term":[{"taxonomy":"category","embeddable":true,"href":"https:\/\/cooltivarte.com\/portal\/wp-json\/wp\/v2\/categories?post=52392"},{"taxonomy":"post_tag","embeddable":true,"href":"https:\/\/cooltivarte.com\/portal\/wp-json\/wp\/v2\/tags?post=52392"}],"curies":[{"name":"wp","href":"https:\/\/api.w.org\/{rel}","templated":true}]}}