{"id":51830,"date":"2019-08-06T18:10:57","date_gmt":"2019-08-06T21:10:57","guid":{"rendered":"http:\/\/cooltivarte.com\/portal\/?p=51830"},"modified":"2021-09-28T18:14:24","modified_gmt":"2021-09-28T21:14:24","slug":"fredy-perez-y-fabian-laguna-en-teatro-ducon","status":"publish","type":"post","link":"https:\/\/cooltivarte.com\/portal\/fredy-perez-y-fabian-laguna-en-teatro-ducon\/","title":{"rendered":"Fredy P\u00e9rez y Fabi\u00e1n Laguna en Teatro Ducon"},"content":{"rendered":"<figure id=\"attachment_51833\" aria-describedby=\"caption-attachment-51833\" style=\"width: 640px\" class=\"wp-caption aligncenter\"><img fetchpriority=\"high\" decoding=\"async\" class=\"wp-image-51833\" title=\"Fredy P\u00e9rez y Fabi\u00e1n Laguna - Presentaci\u00f3n en Teatro Ducon el S\u00e1bado 3 de agosto de 2019. Fotos: Servando Valero www.cooltivarte.com\" src=\"https:\/\/cooltivarte.com\/portal\/wp-content\/uploads\/2019\/08\/Fredy-P\u00e9rez-y-Fabi\u00e1n-Laguna-Presentaci\u00f3n-en-Teatro-Ducon-el-S\u00e1bado-3-de-agosto-de-2019.-Fotos-Servando-Valero-www-cooltivarte-com-300x202.jpg\" alt=\"Fredy P\u00e9rez y Fabi\u00e1n Laguna - Presentaci\u00f3n en Teatro Ducon el S\u00e1bado 3 de agosto de 2019. Fotos: Servando Valero www.cooltivarte.com\" width=\"640\" height=\"431\" srcset=\"https:\/\/cooltivarte.com\/portal\/wp-content\/uploads\/2019\/08\/Fredy-P\u00e9rez-y-Fabi\u00e1n-Laguna-Presentaci\u00f3n-en-Teatro-Ducon-el-S\u00e1bado-3-de-agosto-de-2019.-Fotos-Servando-Valero-www-cooltivarte-com-300x202.jpg 300w, https:\/\/cooltivarte.com\/portal\/wp-content\/uploads\/2019\/08\/Fredy-P\u00e9rez-y-Fabi\u00e1n-Laguna-Presentaci\u00f3n-en-Teatro-Ducon-el-S\u00e1bado-3-de-agosto-de-2019.-Fotos-Servando-Valero-www-cooltivarte-com-768x517.jpg 768w, https:\/\/cooltivarte.com\/portal\/wp-content\/uploads\/2019\/08\/Fredy-P\u00e9rez-y-Fabi\u00e1n-Laguna-Presentaci\u00f3n-en-Teatro-Ducon-el-S\u00e1bado-3-de-agosto-de-2019.-Fotos-Servando-Valero-www-cooltivarte-com.jpg 900w\" sizes=\"(max-width: 640px) 100vw, 640px\" \/><figcaption id=\"caption-attachment-51833\" class=\"wp-caption-text\">Fredy P\u00e9rez y Fabi\u00e1n Laguna &#8211; Presentaci\u00f3n en Teatro Ducon el S\u00e1bado 3 de agosto de 2019. Fotos: Servando Valero www.cooltivarte.com<\/figcaption><\/figure>\n<p>Oriundo de Tacuaremb\u00f3, <strong>Fredy P\u00e9rez<\/strong> se ha situado como uno de los principales guitarristas del medio, siendo requerido por importantes grupos (&#8220;El Cuarteto&#8221;, entre otros) y destacados int\u00e9rpretes del medio (Malena Muyala, entre otros). Pero <strong>Fredy P\u00e9rez<\/strong> es tambi\u00e9n compositor (siendo sus canciones interpretadas por algunas de nuestras principales voces) y un refinado cantante con predilecci\u00f3n por el repertorio antiguo de estilos, canciones criollas y piezas instrumentales.<\/p>\n<p>En \u201cMe gusta lo desparejo\u201d (nominado a los <a href=\"https:\/\/cooltivarte.com\/portal\/?s=Premios+Graffiti\">Premios Graffiti<\/a>), grabado en vivo y su primer disco solista, <strong>Fredy P\u00e9rez<\/strong> re\u00fane composiciones propias y ajenas que cubren un espacio vac\u00edo en la m\u00fasica uruguaya: el del solista que con una visi\u00f3n contempor\u00e1nea recorre la particular zona en la que interactuaron lo tanguero y la canci\u00f3n criolla. Estamos ante un artista que en plena madurez nos brinda su musicalidad de enorme peso emocional.<\/p>\n<p>En mayo de 2019 <strong>Fredy P\u00e9rez<\/strong> viaj\u00f3 a Buenos Aires, Argentina, para realizar un concierto junto a<strong> Juan Fal\u00fa<\/strong>. Ahora se present\u00f3 en <strong>Teatro Ducon<\/strong> compartiendo escenario con <strong>Fabi\u00e1n Laguna<\/strong> que acaba de editar en forma independiente su disco<strong> RiooiR<\/strong>.<\/p>\n<p>Fuente texto:&nbsp;<a href=\"https:\/\/www.agadu.org\/agenda.php?ag=3638\" target=\"_blank\" rel=\"noopener\">agadu.org<\/a><\/p>\n<p>&nbsp;<\/p>\n<h4>&nbsp;<a href=\"https:\/\/www.facebook.com\/pg\/cooltivartecom\/photos\/?tab=album&amp;album_id=2371598909553675\" target=\"_blank\" rel=\"noopener\">Ver fotogaler\u00eda<\/a><\/h4>\n<p><iframe style=\"border: none; overflow: hidden;\" src=\"https:\/\/www.facebook.com\/plugins\/post.php?href=https%3A%2F%2Fwww.facebook.com%2Fmedia%2Fset%2F%3Fset%3Da.2371598909553675%26type%3D3&amp;width=500\" width=\"500\" height=\"669\" frameborder=\"0\" scrolling=\"no\"><\/iframe><br \/>\n&nbsp;<\/p>\n<p>&nbsp;<\/p>\n","protected":false},"excerpt":{"rendered":"<p>Oriundo de Tacuaremb\u00f3, Fredy P\u00e9rez se ha situado como uno de los principales guitarristas del medio, siendo requerido por importantes grupos (&#8220;El Cuarteto&#8221;, entre otros) y destacados int\u00e9rpretes del medio (Malena Muyala, entre otros). Pero Fredy P\u00e9rez es tambi\u00e9n compositor (siendo sus canciones interpretadas por algunas de nuestras principales voces) y un refinado cantante con [&hellip;]<\/p>\n","protected":false},"author":41,"featured_media":51833,"comment_status":"closed","ping_status":"closed","sticky":false,"template":"","format":"standard","meta":{"om_disable_all_campaigns":false,"ngg_post_thumbnail":0,"jnews-multi-image_gallery":[],"jnews_single_post":{"subtitle":"","format":"standard","video":"","gallery":"","source_name":"","source_url":"","via_name":"","via_url":"","override_template":"0","override":[{"template":"1","single_blog_custom":"","parallax":"1","fullscreen":"1","layout":"right-sidebar","sidebar":"default-sidebar","second_sidebar":"default-sidebar","sticky_sidebar":"1","share_position":"top","share_float_style":"share-monocrhome","show_share_counter":"1","show_view_counter":"1","show_featured":"1","show_post_meta":"1","show_post_author":"1","show_post_author_image":"1","show_post_date":"1","post_date_format":"default","post_date_format_custom":"Y\/m\/d","show_post_category":"1","show_post_reading_time":"0","post_reading_time_wpm":"300","show_zoom_button":"0","zoom_button_out_step":"2","zoom_button_in_step":"3","show_post_tag":"1","show_prev_next_post":"1","show_popup_post":"1","number_popup_post":"1","show_author_box":"0","show_post_related":"0","show_inline_post_related":"0"}],"override_image_size":"0","image_override":[{"single_post_thumbnail_size":"crop-500","single_post_gallery_size":"crop-500"}],"trending_post":"0","trending_post_position":"meta","trending_post_label":"Trending","sponsored_post":"0","sponsored_post_label":"Sponsored by","sponsored_post_name":"","sponsored_post_url":"","sponsored_post_logo_enable":"0","sponsored_post_logo":"","sponsored_post_desc":""},"jnews_primary_category":{"id":""},"jnews_social_meta":{"fb_title":"","fb_description":"","fb_image":"","twitter_title":"","twitter_description":"","twitter_image":""},"jnews_override_counter":{"override_view_counter":"0","view_counter_number":"0","override_share_counter":"0","share_counter_number":"0","override_like_counter":"0","like_counter_number":"0","override_dislike_counter":"0","dislike_counter_number":"0"},"footnotes":""},"categories":[50],"tags":[7814,9510,7812,7813],"class_list":["post-51830","post","type-post","status-publish","format-standard","has-post-thumbnail","hentry","category-coberturas","tag-fabian-laguna","tag-fredy-perez","tag-riooir","tag-teatro-ducon"],"yoast_head":"<!-- This site is optimized with the Yoast SEO plugin v27.5 - https:\/\/yoast.com\/product\/yoast-seo-wordpress\/ -->\n<title>Fredy P\u00e9rez y Fabi\u00e1n Laguna en Teatro Ducon - Cooltivarte Portal<\/title>\n<meta name=\"description\" content=\"COOLTIVARTE.COM es un portal digital colaborativo de actualizaci\u00f3n permanente dedicado a difundir el acontecer art\u00edstico y cultural, entrevista artistas, gestores y productores de las diferentes disciplinas del arte, y publicando art\u00edculos de reflexi\u00f3n de producci\u00f3n propia sobre los elementos culturales.\" \/>\n<meta name=\"robots\" content=\"index, follow, max-snippet:-1, max-image-preview:large, max-video-preview:-1\" \/>\n<link rel=\"canonical\" href=\"https:\/\/cooltivarte.com\/portal\/fredy-perez-y-fabian-laguna-en-teatro-ducon\/\" \/>\n<meta property=\"og:locale\" content=\"es_ES\" \/>\n<meta property=\"og:type\" content=\"article\" \/>\n<meta property=\"og:title\" content=\"Fredy P\u00e9rez y Fabi\u00e1n Laguna en Teatro Ducon - Cooltivarte Portal\" \/>\n<meta property=\"og:description\" content=\"COOLTIVARTE.COM es un portal digital colaborativo de actualizaci\u00f3n permanente dedicado a difundir el acontecer art\u00edstico y cultural, entrevista artistas, gestores y productores de las diferentes disciplinas del arte, y publicando art\u00edculos de reflexi\u00f3n de producci\u00f3n propia sobre los elementos culturales.\" \/>\n<meta property=\"og:url\" content=\"https:\/\/cooltivarte.com\/portal\/fredy-perez-y-fabian-laguna-en-teatro-ducon\/\" \/>\n<meta property=\"og:site_name\" content=\"Cooltivarte Portal\" \/>\n<meta property=\"article:publisher\" content=\"https:\/\/www.facebook.com\/cooltivartecom\/\" \/>\n<meta property=\"article:author\" content=\"https:\/\/www.facebook.com\/servando.valero?fref=ts\" \/>\n<meta property=\"article:published_time\" content=\"2019-08-06T21:10:57+00:00\" \/>\n<meta property=\"article:modified_time\" content=\"2021-09-28T21:14:24+00:00\" \/>\n<meta property=\"og:image\" content=\"https:\/\/cooltivarte.com\/portal\/wp-content\/uploads\/2019\/08\/Fredy-P\u00e9rez-y-Fabi\u00e1n-Laguna-Presentaci\u00f3n-en-Teatro-Ducon-el-S\u00e1bado-3-de-agosto-de-2019.-Fotos-Servando-Valero-www-cooltivarte-com.jpg\" \/>\n\t<meta property=\"og:image:width\" content=\"900\" \/>\n\t<meta property=\"og:image:height\" content=\"606\" \/>\n\t<meta property=\"og:image:type\" content=\"image\/jpeg\" \/>\n<meta name=\"author\" content=\"Servando Valero\" \/>\n<meta name=\"twitter:card\" content=\"summary_large_image\" \/>\n<meta name=\"twitter:creator\" content=\"@https:\/\/x.com\/obolocultural\" \/>\n<meta name=\"twitter:site\" content=\"@obolocultural\" \/>\n<meta name=\"twitter:label1\" content=\"Escrito por\" \/>\n\t<meta name=\"twitter:data1\" content=\"Servando Valero\" \/>\n\t<meta name=\"twitter:label2\" content=\"Tiempo de lectura\" \/>\n\t<meta name=\"twitter:data2\" content=\"1 minuto\" \/>\n<!-- \/ Yoast SEO plugin. -->","yoast_head_json":{"title":"Fredy P\u00e9rez y Fabi\u00e1n Laguna en Teatro Ducon - Cooltivarte Portal","description":"COOLTIVARTE.COM es un portal digital colaborativo de actualizaci\u00f3n permanente dedicado a difundir el acontecer art\u00edstico y cultural, entrevista artistas, gestores y productores de las diferentes disciplinas del arte, y publicando art\u00edculos de reflexi\u00f3n de producci\u00f3n propia sobre los elementos culturales.","robots":{"index":"index","follow":"follow","max-snippet":"max-snippet:-1","max-image-preview":"max-image-preview:large","max-video-preview":"max-video-preview:-1"},"canonical":"https:\/\/cooltivarte.com\/portal\/fredy-perez-y-fabian-laguna-en-teatro-ducon\/","og_locale":"es_ES","og_type":"article","og_title":"Fredy P\u00e9rez y Fabi\u00e1n Laguna en Teatro Ducon - Cooltivarte Portal","og_description":"COOLTIVARTE.COM es un portal digital colaborativo de actualizaci\u00f3n permanente dedicado a difundir el acontecer art\u00edstico y cultural, entrevista artistas, gestores y productores de las diferentes disciplinas del arte, y publicando art\u00edculos de reflexi\u00f3n de producci\u00f3n propia sobre los elementos culturales.","og_url":"https:\/\/cooltivarte.com\/portal\/fredy-perez-y-fabian-laguna-en-teatro-ducon\/","og_site_name":"Cooltivarte Portal","article_publisher":"https:\/\/www.facebook.com\/cooltivartecom\/","article_author":"https:\/\/www.facebook.com\/servando.valero?fref=ts","article_published_time":"2019-08-06T21:10:57+00:00","article_modified_time":"2021-09-28T21:14:24+00:00","og_image":[{"width":900,"height":606,"url":"https:\/\/cooltivarte.com\/portal\/wp-content\/uploads\/2019\/08\/Fredy-P\u00e9rez-y-Fabi\u00e1n-Laguna-Presentaci\u00f3n-en-Teatro-Ducon-el-S\u00e1bado-3-de-agosto-de-2019.-Fotos-Servando-Valero-www-cooltivarte-com.jpg","type":"image\/jpeg"}],"author":"Servando Valero","twitter_card":"summary_large_image","twitter_creator":"@https:\/\/x.com\/obolocultural","twitter_site":"@obolocultural","twitter_misc":{"Escrito por":"Servando Valero","Tiempo de lectura":"1 minuto"},"schema":{"@context":"https:\/\/schema.org","@graph":[{"@type":"NewsArticle","@id":"https:\/\/cooltivarte.com\/portal\/fredy-perez-y-fabian-laguna-en-teatro-ducon\/#article","isPartOf":{"@id":"https:\/\/cooltivarte.com\/portal\/fredy-perez-y-fabian-laguna-en-teatro-ducon\/"},"author":{"name":"Servando Valero","@id":"https:\/\/cooltivarte.com\/portal\/#\/schema\/person\/a9c901ded8b890fe72d6c94e6e144121"},"headline":"Fredy P\u00e9rez y Fabi\u00e1n Laguna en Teatro Ducon","datePublished":"2019-08-06T21:10:57+00:00","dateModified":"2021-09-28T21:14:24+00:00","mainEntityOfPage":{"@id":"https:\/\/cooltivarte.com\/portal\/fredy-perez-y-fabian-laguna-en-teatro-ducon\/"},"wordCount":246,"publisher":{"@id":"https:\/\/cooltivarte.com\/portal\/#organization"},"image":{"@id":"https:\/\/cooltivarte.com\/portal\/fredy-perez-y-fabian-laguna-en-teatro-ducon\/#primaryimage"},"thumbnailUrl":"https:\/\/cooltivarte.com\/portal\/wp-content\/uploads\/2019\/08\/Fredy-P\u00e9rez-y-Fabi\u00e1n-Laguna-Presentaci\u00f3n-en-Teatro-Ducon-el-S\u00e1bado-3-de-agosto-de-2019.-Fotos-Servando-Valero-www-cooltivarte-com.jpg","keywords":["Fabi\u00e1n Laguna","Fredy P\u00e9rez","R\u00edooiR","teatro DUCON"],"articleSection":["Coberturas"],"inLanguage":"es-AR"},{"@type":"WebPage","@id":"https:\/\/cooltivarte.com\/portal\/fredy-perez-y-fabian-laguna-en-teatro-ducon\/","url":"https:\/\/cooltivarte.com\/portal\/fredy-perez-y-fabian-laguna-en-teatro-ducon\/","name":"Fredy P\u00e9rez y Fabi\u00e1n Laguna en Teatro Ducon - Cooltivarte Portal","isPartOf":{"@id":"https:\/\/cooltivarte.com\/portal\/#website"},"primaryImageOfPage":{"@id":"https:\/\/cooltivarte.com\/portal\/fredy-perez-y-fabian-laguna-en-teatro-ducon\/#primaryimage"},"image":{"@id":"https:\/\/cooltivarte.com\/portal\/fredy-perez-y-fabian-laguna-en-teatro-ducon\/#primaryimage"},"thumbnailUrl":"https:\/\/cooltivarte.com\/portal\/wp-content\/uploads\/2019\/08\/Fredy-P\u00e9rez-y-Fabi\u00e1n-Laguna-Presentaci\u00f3n-en-Teatro-Ducon-el-S\u00e1bado-3-de-agosto-de-2019.-Fotos-Servando-Valero-www-cooltivarte-com.jpg","datePublished":"2019-08-06T21:10:57+00:00","dateModified":"2021-09-28T21:14:24+00:00","description":"COOLTIVARTE.COM es un portal digital colaborativo de actualizaci\u00f3n permanente dedicado a difundir el acontecer art\u00edstico y cultural, entrevista artistas, gestores y productores de las diferentes disciplinas del arte, y publicando art\u00edculos de reflexi\u00f3n de producci\u00f3n propia sobre los elementos culturales.","breadcrumb":{"@id":"https:\/\/cooltivarte.com\/portal\/fredy-perez-y-fabian-laguna-en-teatro-ducon\/#breadcrumb"},"inLanguage":"es-AR","potentialAction":[{"@type":"ReadAction","target":["https:\/\/cooltivarte.com\/portal\/fredy-perez-y-fabian-laguna-en-teatro-ducon\/"]}]},{"@type":"ImageObject","inLanguage":"es-AR","@id":"https:\/\/cooltivarte.com\/portal\/fredy-perez-y-fabian-laguna-en-teatro-ducon\/#primaryimage","url":"https:\/\/cooltivarte.com\/portal\/wp-content\/uploads\/2019\/08\/Fredy-P\u00e9rez-y-Fabi\u00e1n-Laguna-Presentaci\u00f3n-en-Teatro-Ducon-el-S\u00e1bado-3-de-agosto-de-2019.-Fotos-Servando-Valero-www-cooltivarte-com.jpg","contentUrl":"https:\/\/cooltivarte.com\/portal\/wp-content\/uploads\/2019\/08\/Fredy-P\u00e9rez-y-Fabi\u00e1n-Laguna-Presentaci\u00f3n-en-Teatro-Ducon-el-S\u00e1bado-3-de-agosto-de-2019.-Fotos-Servando-Valero-www-cooltivarte-com.jpg","width":900,"height":606,"caption":"Fredy P\u00e9rez y Fabi\u00e1n Laguna - Presentaci\u00f3n en Teatro Ducon el S\u00e1bado 3 de agosto de 2019. Fotos: Servando Valero www.cooltivarte.com"},{"@type":"BreadcrumbList","@id":"https:\/\/cooltivarte.com\/portal\/fredy-perez-y-fabian-laguna-en-teatro-ducon\/#breadcrumb","itemListElement":[{"@type":"ListItem","position":1,"name":"Portada","item":"https:\/\/cooltivarte.com\/portal\/"},{"@type":"ListItem","position":2,"name":"Fredy P\u00e9rez y Fabi\u00e1n Laguna en Teatro Ducon"}]},{"@type":"WebSite","@id":"https:\/\/cooltivarte.com\/portal\/#website","url":"https:\/\/cooltivarte.com\/portal\/","name":"Cooltivarte Portal","description":"Arte, cultura y turismo para el mundo ...","publisher":{"@id":"https:\/\/cooltivarte.com\/portal\/#organization"},"potentialAction":[{"@type":"SearchAction","target":{"@type":"EntryPoint","urlTemplate":"https:\/\/cooltivarte.com\/portal\/?s={search_term_string}"},"query-input":{"@type":"PropertyValueSpecification","valueRequired":true,"valueName":"search_term_string"}}],"inLanguage":"es-AR"},{"@type":"Organization","@id":"https:\/\/cooltivarte.com\/portal\/#organization","name":"cooltivarte","url":"https:\/\/cooltivarte.com\/portal\/","logo":{"@type":"ImageObject","inLanguage":"es-AR","@id":"https:\/\/cooltivarte.com\/portal\/#\/schema\/logo\/image\/","url":"https:\/\/cooltivarte.com\/portal\/wp-content\/uploads\/2020\/04\/logo-cooltivarte-v2.png","contentUrl":"https:\/\/cooltivarte.com\/portal\/wp-content\/uploads\/2020\/04\/logo-cooltivarte-v2.png","width":851,"height":243,"caption":"cooltivarte"},"image":{"@id":"https:\/\/cooltivarte.com\/portal\/#\/schema\/logo\/image\/"},"sameAs":["https:\/\/www.facebook.com\/cooltivartecom\/","https:\/\/x.com\/obolocultural","https:\/\/www.instagram.com\/_cooltivarte_\/","https:\/\/www.linkedin.com\/company\/-bolocultural?reportsuccess=8zaNG1HwhPbAR9iQhZ5rfGeqz_vQFftHun0ZWU0Wy9vNemRJ8vtcKdJvzQfW8XagyOJSKg0XvfJ1dp","https:\/\/www.pinterest.com\/cooltivarte\/","https:\/\/cooltivarte.tumblr.com\/","https:\/\/www.tiktok.com\/@cooltivarte","https:\/\/www.youtube.com\/@PrensaCooltivarte"]},{"@type":"Person","@id":"https:\/\/cooltivarte.com\/portal\/#\/schema\/person\/a9c901ded8b890fe72d6c94e6e144121","name":"Servando Valero","image":{"@type":"ImageObject","inLanguage":"es-AR","@id":"https:\/\/cooltivarte.com\/portal\/wp-content\/uploads\/2015\/01\/servando-valero-120x120.jpg","url":"https:\/\/cooltivarte.com\/portal\/wp-content\/uploads\/2015\/01\/servando-valero-120x120.jpg","contentUrl":"https:\/\/cooltivarte.com\/portal\/wp-content\/uploads\/2015\/01\/servando-valero-120x120.jpg","caption":"Servando Valero"},"description":"Nacido en 1979 Servando Valero ha trabajado en Maldonado en el diario Estediario y en la revista cultural Iscariote. Tambi\u00e9n colabor\u00f3 en el semanario Brecha de Montevideo. En el a\u00f1o 2000 realiz\u00f3 el curso b\u00e1sico de Fotograf\u00eda en el Foto Club Uruguayo (FCU) y en 2004 concurri\u00f3 al Taller de Fotorreportaje con el Prof. Daniel Caselli. En 2005 realiza una exposici\u00f3n individual en Casa de la Cultura de Maldonado. En 2007 participa de la exposici\u00f3n colectiva en el Museo Mazzoni (Maldonado). En 2008 tambi\u00e9n es part\u00edcipe de una exposici\u00f3n mixta junto al artista pl\u00e1stico Dar\u00edo Parissi en el XIII\u00ba Festival Internacional de Jazz de Punta del Este. En 2009 y 2010 expuso individualmente en el Museo Mazzoni de Maldonado.","sameAs":["http:\/\/uy.linkedin.com\/pub\/servando-valero\/50\/b19\/74","https:\/\/www.facebook.com\/servando.valero?fref=ts","https:\/\/www.instagram.com\/_cooltivarte_\/","https:\/\/www.linkedin.com\/company\/-bolocultural","https:\/\/www.pinterest.com\/cooltivarte","https:\/\/x.com\/https:\/\/x.com\/obolocultural","https:\/\/www.youtube.com\/channel\/UCnWqVnH5F8gszscFI0Fy1RA","https:\/\/www.tumblr.com\/blog\/cooltivarte"],"url":"https:\/\/cooltivarte.com\/portal\/author\/servando\/"}]}},"_links":{"self":[{"href":"https:\/\/cooltivarte.com\/portal\/wp-json\/wp\/v2\/posts\/51830","targetHints":{"allow":["GET"]}}],"collection":[{"href":"https:\/\/cooltivarte.com\/portal\/wp-json\/wp\/v2\/posts"}],"about":[{"href":"https:\/\/cooltivarte.com\/portal\/wp-json\/wp\/v2\/types\/post"}],"author":[{"embeddable":true,"href":"https:\/\/cooltivarte.com\/portal\/wp-json\/wp\/v2\/users\/41"}],"replies":[{"embeddable":true,"href":"https:\/\/cooltivarte.com\/portal\/wp-json\/wp\/v2\/comments?post=51830"}],"version-history":[{"count":4,"href":"https:\/\/cooltivarte.com\/portal\/wp-json\/wp\/v2\/posts\/51830\/revisions"}],"predecessor-version":[{"id":74443,"href":"https:\/\/cooltivarte.com\/portal\/wp-json\/wp\/v2\/posts\/51830\/revisions\/74443"}],"wp:featuredmedia":[{"embeddable":true,"href":"https:\/\/cooltivarte.com\/portal\/wp-json\/wp\/v2\/media\/51833"}],"wp:attachment":[{"href":"https:\/\/cooltivarte.com\/portal\/wp-json\/wp\/v2\/media?parent=51830"}],"wp:term":[{"taxonomy":"category","embeddable":true,"href":"https:\/\/cooltivarte.com\/portal\/wp-json\/wp\/v2\/categories?post=51830"},{"taxonomy":"post_tag","embeddable":true,"href":"https:\/\/cooltivarte.com\/portal\/wp-json\/wp\/v2\/tags?post=51830"}],"curies":[{"name":"wp","href":"https:\/\/api.w.org\/{rel}","templated":true}]}}