{"id":51074,"date":"2019-07-06T23:09:16","date_gmt":"2019-07-07T02:09:16","guid":{"rendered":"http:\/\/cooltivarte.com\/portal\/?p=51074"},"modified":"2019-07-06T23:23:08","modified_gmt":"2019-07-07T02:23:08","slug":"uruguai-na-vanguarda-documental-brasilero-de-marco-antonio-pereira","status":"publish","type":"post","link":"https:\/\/cooltivarte.com\/portal\/uruguai-na-vanguarda-documental-brasilero-de-marco-antonio-pereira\/","title":{"rendered":"URUGUAI NA VANGUARDA, documental brasilero de Marco Antonio Pereira"},"content":{"rendered":"<h2>Antes de su estreno en agosto en los cines de R\u00edo de Janeiro, el documental URUGUAI NA VANGUARDA,&nbsp;del realizador brasilero Marco Antonio Pereira, tendr\u00e1 su premiere mundial en Montevideo,&nbsp;el Jueves 11 de Julio a las 21 hs. en la Sala B Nelly Goiti\u00f1o del Auditorio del Sodre<\/h2>\n<h2>&nbsp;<\/h2>\n<h3>ESTRENO EN CINE<\/h3>\n<h3>JUEVES 11 DE JULIO \u2013 21 hs.<\/h3>\n<h3>SALA B AUDITORIO NELLY GOITI\u00d1O \u2013 SODRE<\/h3>\n<p>&nbsp;<\/p>\n<p><strong>SINOPSIS<\/strong><\/p>\n<p>Historia de c\u00f3mo los movimientos sociales en Uruguay colocaron en la agenda del&nbsp; ex-presidente <strong>Jos\u00e9 Mujica<\/strong>&nbsp;reivindicaciones como la <strong>legalizaci\u00f3n de la marihuana<\/strong>, el matrimonio igualitario, el <strong>aborto<\/strong> y la ley de cuotas para afrodescendientes, asuntos que posicionan al pa\u00eds a la vanguardia de la lucha por la <strong>justicia social<\/strong> del siglo XXI.<\/p>\n<p>&nbsp;<\/p>\n<p><strong>Ficha T\u00e9cnica<\/strong><\/p>\n<p>Productora: Urbano Filmes<\/p>\n<p>Direcci\u00f3n y Producci\u00f3n: Marco Antonio Pereira<\/p>\n<p>Direcci\u00f3n de Producci\u00f3n: M\u00f3nica Colista<\/p>\n<p>Producci\u00f3n Ejecutiva:&nbsp;Mar\u00eda Luz Ferrer (Brasil y Uruguay) Reinel Garc\u00eda\/Fernanda Lacerda (Brasil)<\/p>\n<p>Producci\u00f3n de Finalizaci\u00f3n: Felipe Brandao<\/p>\n<p>Guion: Mar\u00eda Paula Araujo\/M\u00f3nica Colista\/Marco Antonio Pereira<\/p>\n<p>Argumento: Marco Antonio Pereira \/ Silvia Palma<\/p>\n<p>Fotograf\u00eda: Diego Galarza\/Marco Antonio Pereira<\/p>\n<p>Audio: Braulio Burgue\u00f1o<\/p>\n<p>Montaje: Livia Goulart, edf.<\/p>\n<p>&nbsp;<\/p>\n<p><strong>Sobre el director<\/strong><\/p>\n<p><strong>Marco Antonio Pereira<\/strong> (R\u00edo de Janeiro, Brasil, 1962)<\/p>\n<p>Fundador y director de Urbano Filmes, productora audiovisual enfocada en los movimientos sociales en el mundo. Con m\u00e1s de 25 a\u00f1os de experiencia en producci\u00f3n cultural, comenz\u00f3 su carrera cinematogr\u00e1fica independiente hace seis a\u00f1os.<\/p>\n<p>Ha dirigido y producido documentales en R\u00edo de Janeiro, Portugal, Cuba, T\u00fanez, Uruguay y Costa Rica. Entre ellos, largometrajes como &#8220;Paisagem Carioca \u2013 Vista do Morro&#8221; (2013), que retrata el inicio del per\u00edodo de pacificaci\u00f3n en las favelas de R\u00edo y el consiguiente cambio en la relaci\u00f3n entre residentes y visitantes, que particip\u00f3 en festivales como AtlanticDoc (Uruguay), IDFA y FACA (Lisboa); \u201cCaminho das pedras&#8221; (2019), sobre la historia del adoqu\u00edn de piedras portuguesas en Lisboa y R\u00edo de Janeiro y &#8220;Uruguai na Vanguarda&#8221; (2019).<\/p>\n<p>En proceso de finalizaci\u00f3n: \u201dMinha Viagem a Cuba\u201d, Habana en Movimiento (Cuba, 2018), \u201cTunisia\u201d, La Revoluci\u00f3n contin\u00faa (T\u00fanez, 2019), &#8220;La Paz desarmada&#8221;(Costa Rica 2019)<\/p>\n<p>&nbsp;<\/p>\n<p><strong>ESTRENO JUEVES 11 DE JULIO<\/strong><\/p>\n<p><strong>Sala B &#8211; Auditorio Nelly Goiti\u00f1o &#8211; Sodre<\/strong><\/p>\n<p><strong>Funciones: Jueves 11 a Domingo 14 de Julio \u2013 21 hs.<\/strong><\/p>\n<p><a href=\"https:\/\/www.urbanofilmes.com\/\" target=\"_blank\" rel=\"noopener\">https:\/\/www.urbanofilmes.com\/<\/a><\/p>\n<p>&nbsp;<\/p>\n<p>&nbsp;<\/p>\n","protected":false},"excerpt":{"rendered":"<p>Antes de su estreno en agosto en los cines de R\u00edo de Janeiro, el documental URUGUAI NA VANGUARDA,&nbsp;del realizador brasilero Marco Antonio Pereira, tendr\u00e1 su premiere mundial en Montevideo,&nbsp;el Jueves 11 de Julio a las 21 hs. en la Sala B Nelly Goiti\u00f1o del Auditorio del Sodre &nbsp; ESTRENO EN CINE JUEVES 11 DE JULIO [&hellip;]<\/p>\n","protected":false},"author":8,"featured_media":51078,"comment_status":"closed","ping_status":"closed","sticky":false,"template":"","format":"video","meta":{"om_disable_all_campaigns":false,"ngg_post_thumbnail":0,"jnews-multi-image_gallery":[],"jnews_single_post":[],"jnews_primary_category":[],"jnews_social_meta":[],"jnews_override_counter":[],"footnotes":""},"categories":[72],"tags":[176,2465,9357,9358,235,88],"class_list":["post-51074","post","type-post","status-publish","format-video","has-post-thumbnail","hentry","category-cine","tag-brasil","tag-jose-mujica","tag-marco-antonio-pereira","tag-movimientos-sociales","tag-rio-de-janeiro","tag-uruguay","post_format-post-format-video"],"yoast_head":"<!-- This site is optimized with the Yoast SEO plugin v27.4 - https:\/\/yoast.com\/product\/yoast-seo-wordpress\/ -->\n<title>URUGUAI NA VANGUARDA, documental brasilero de Marco Antonio Pereira - Cooltivarte Portal<\/title>\n<meta name=\"description\" content=\"COOLTIVARTE.COM es un portal digital colaborativo de actualizaci\u00f3n permanente dedicado a difundir el acontecer art\u00edstico y cultural, entrevista artistas, gestores y productores de las diferentes disciplinas del arte, y publicando art\u00edculos de reflexi\u00f3n de producci\u00f3n propia sobre los elementos culturales.\" \/>\n<meta name=\"robots\" content=\"index, follow, max-snippet:-1, max-image-preview:large, max-video-preview:-1\" \/>\n<link rel=\"canonical\" href=\"https:\/\/cooltivarte.com\/portal\/uruguai-na-vanguarda-documental-brasilero-de-marco-antonio-pereira\/\" \/>\n<meta property=\"og:locale\" content=\"es_ES\" \/>\n<meta property=\"og:type\" content=\"article\" \/>\n<meta property=\"og:title\" content=\"URUGUAI NA VANGUARDA, documental brasilero de Marco Antonio Pereira - Cooltivarte Portal\" \/>\n<meta property=\"og:description\" content=\"COOLTIVARTE.COM es un portal digital colaborativo de actualizaci\u00f3n permanente dedicado a difundir el acontecer art\u00edstico y cultural, entrevista artistas, gestores y productores de las diferentes disciplinas del arte, y publicando art\u00edculos de reflexi\u00f3n de producci\u00f3n propia sobre los elementos culturales.\" \/>\n<meta property=\"og:url\" content=\"https:\/\/cooltivarte.com\/portal\/uruguai-na-vanguarda-documental-brasilero-de-marco-antonio-pereira\/\" \/>\n<meta property=\"og:site_name\" content=\"Cooltivarte Portal\" \/>\n<meta property=\"article:publisher\" content=\"https:\/\/www.facebook.com\/cooltivartecom\/\" \/>\n<meta property=\"article:author\" content=\"https:\/\/www.facebook.com\/cooltivartecom\" \/>\n<meta property=\"article:published_time\" content=\"2019-07-07T02:09:16+00:00\" \/>\n<meta property=\"article:modified_time\" content=\"2019-07-07T02:23:08+00:00\" \/>\n<meta property=\"og:image\" content=\"https:\/\/cooltivarte.com\/portal\/wp-content\/uploads\/2019\/07\/URUGUAI-NA-VANGUARDA-MARCO-ANTONIO-PEREIRA.jpg\" \/>\n\t<meta property=\"og:image:width\" content=\"815\" \/>\n\t<meta property=\"og:image:height\" content=\"315\" \/>\n\t<meta property=\"og:image:type\" content=\"image\/jpeg\" \/>\n<meta name=\"author\" content=\"Cooltivarte\" \/>\n<meta name=\"twitter:card\" content=\"summary_large_image\" \/>\n<meta name=\"twitter:creator\" content=\"@https:\/\/x.com\/obolocultural\" \/>\n<meta name=\"twitter:site\" content=\"@obolocultural\" \/>\n<meta name=\"twitter:label1\" content=\"Escrito por\" \/>\n\t<meta name=\"twitter:data1\" content=\"Cooltivarte\" \/>\n\t<meta name=\"twitter:label2\" content=\"Tiempo de lectura\" \/>\n\t<meta name=\"twitter:data2\" content=\"2 minutos\" \/>\n<!-- \/ Yoast SEO plugin. -->","yoast_head_json":{"title":"URUGUAI NA VANGUARDA, documental brasilero de Marco Antonio Pereira - Cooltivarte Portal","description":"COOLTIVARTE.COM es un portal digital colaborativo de actualizaci\u00f3n permanente dedicado a difundir el acontecer art\u00edstico y cultural, entrevista artistas, gestores y productores de las diferentes disciplinas del arte, y publicando art\u00edculos de reflexi\u00f3n de producci\u00f3n propia sobre los elementos culturales.","robots":{"index":"index","follow":"follow","max-snippet":"max-snippet:-1","max-image-preview":"max-image-preview:large","max-video-preview":"max-video-preview:-1"},"canonical":"https:\/\/cooltivarte.com\/portal\/uruguai-na-vanguarda-documental-brasilero-de-marco-antonio-pereira\/","og_locale":"es_ES","og_type":"article","og_title":"URUGUAI NA VANGUARDA, documental brasilero de Marco Antonio Pereira - Cooltivarte Portal","og_description":"COOLTIVARTE.COM es un portal digital colaborativo de actualizaci\u00f3n permanente dedicado a difundir el acontecer art\u00edstico y cultural, entrevista artistas, gestores y productores de las diferentes disciplinas del arte, y publicando art\u00edculos de reflexi\u00f3n de producci\u00f3n propia sobre los elementos culturales.","og_url":"https:\/\/cooltivarte.com\/portal\/uruguai-na-vanguarda-documental-brasilero-de-marco-antonio-pereira\/","og_site_name":"Cooltivarte Portal","article_publisher":"https:\/\/www.facebook.com\/cooltivartecom\/","article_author":"https:\/\/www.facebook.com\/cooltivartecom","article_published_time":"2019-07-07T02:09:16+00:00","article_modified_time":"2019-07-07T02:23:08+00:00","og_image":[{"width":815,"height":315,"url":"https:\/\/cooltivarte.com\/portal\/wp-content\/uploads\/2019\/07\/URUGUAI-NA-VANGUARDA-MARCO-ANTONIO-PEREIRA.jpg","type":"image\/jpeg"}],"author":"Cooltivarte","twitter_card":"summary_large_image","twitter_creator":"@https:\/\/x.com\/obolocultural","twitter_site":"@obolocultural","twitter_misc":{"Escrito por":"Cooltivarte","Tiempo de lectura":"2 minutos"},"schema":{"@context":"https:\/\/schema.org","@graph":[{"@type":"NewsArticle","@id":"https:\/\/cooltivarte.com\/portal\/uruguai-na-vanguarda-documental-brasilero-de-marco-antonio-pereira\/#article","isPartOf":{"@id":"https:\/\/cooltivarte.com\/portal\/uruguai-na-vanguarda-documental-brasilero-de-marco-antonio-pereira\/"},"author":{"name":"Cooltivarte","@id":"https:\/\/cooltivarte.com\/portal\/#\/schema\/person\/ec2a4f4e71b740d0c559c0ab9a157e19"},"headline":"URUGUAI NA VANGUARDA, documental brasilero de Marco Antonio Pereira","datePublished":"2019-07-07T02:09:16+00:00","dateModified":"2019-07-07T02:23:08+00:00","mainEntityOfPage":{"@id":"https:\/\/cooltivarte.com\/portal\/uruguai-na-vanguarda-documental-brasilero-de-marco-antonio-pereira\/"},"wordCount":406,"publisher":{"@id":"https:\/\/cooltivarte.com\/portal\/#organization"},"image":{"@id":"https:\/\/cooltivarte.com\/portal\/uruguai-na-vanguarda-documental-brasilero-de-marco-antonio-pereira\/#primaryimage"},"thumbnailUrl":"https:\/\/cooltivarte.com\/portal\/wp-content\/uploads\/2019\/07\/URUGUAI-NA-VANGUARDA-MARCO-ANTONIO-PEREIRA.jpg","keywords":["Brasil","Jos\u00e9 Mujica","Marco Antonio Pereira","movimientos sociales","r\u00edo de janeiro","Uruguay"],"articleSection":["Cine y TV"],"inLanguage":"es-AR"},{"@type":"WebPage","@id":"https:\/\/cooltivarte.com\/portal\/uruguai-na-vanguarda-documental-brasilero-de-marco-antonio-pereira\/","url":"https:\/\/cooltivarte.com\/portal\/uruguai-na-vanguarda-documental-brasilero-de-marco-antonio-pereira\/","name":"URUGUAI NA VANGUARDA, documental brasilero de Marco Antonio Pereira - Cooltivarte Portal","isPartOf":{"@id":"https:\/\/cooltivarte.com\/portal\/#website"},"primaryImageOfPage":{"@id":"https:\/\/cooltivarte.com\/portal\/uruguai-na-vanguarda-documental-brasilero-de-marco-antonio-pereira\/#primaryimage"},"image":{"@id":"https:\/\/cooltivarte.com\/portal\/uruguai-na-vanguarda-documental-brasilero-de-marco-antonio-pereira\/#primaryimage"},"thumbnailUrl":"https:\/\/cooltivarte.com\/portal\/wp-content\/uploads\/2019\/07\/URUGUAI-NA-VANGUARDA-MARCO-ANTONIO-PEREIRA.jpg","datePublished":"2019-07-07T02:09:16+00:00","dateModified":"2019-07-07T02:23:08+00:00","description":"COOLTIVARTE.COM es un portal digital colaborativo de actualizaci\u00f3n permanente dedicado a difundir el acontecer art\u00edstico y cultural, entrevista artistas, gestores y productores de las diferentes disciplinas del arte, y publicando art\u00edculos de reflexi\u00f3n de producci\u00f3n propia sobre los elementos culturales.","breadcrumb":{"@id":"https:\/\/cooltivarte.com\/portal\/uruguai-na-vanguarda-documental-brasilero-de-marco-antonio-pereira\/#breadcrumb"},"inLanguage":"es-AR","potentialAction":[{"@type":"ReadAction","target":["https:\/\/cooltivarte.com\/portal\/uruguai-na-vanguarda-documental-brasilero-de-marco-antonio-pereira\/"]}]},{"@type":"ImageObject","inLanguage":"es-AR","@id":"https:\/\/cooltivarte.com\/portal\/uruguai-na-vanguarda-documental-brasilero-de-marco-antonio-pereira\/#primaryimage","url":"https:\/\/cooltivarte.com\/portal\/wp-content\/uploads\/2019\/07\/URUGUAI-NA-VANGUARDA-MARCO-ANTONIO-PEREIRA.jpg","contentUrl":"https:\/\/cooltivarte.com\/portal\/wp-content\/uploads\/2019\/07\/URUGUAI-NA-VANGUARDA-MARCO-ANTONIO-PEREIRA.jpg","width":815,"height":315,"caption":"Antes de su estreno en agosto en los cines de R\u00edo de Janeiro, el documental URUGUAI NA VANGUARDA,\u00a0del realizador brasilero Marco Antonio Pereira, tendr\u00e1 su premiere mundial en Montevideo,\u00a0el Jueves 11 de Julio a las 21 hs. en la Sala B Nelly Goiti\u00f1o del Auditorio del Sodre"},{"@type":"BreadcrumbList","@id":"https:\/\/cooltivarte.com\/portal\/uruguai-na-vanguarda-documental-brasilero-de-marco-antonio-pereira\/#breadcrumb","itemListElement":[{"@type":"ListItem","position":1,"name":"Portada","item":"https:\/\/cooltivarte.com\/portal\/"},{"@type":"ListItem","position":2,"name":"URUGUAI NA VANGUARDA, documental brasilero de Marco Antonio Pereira"}]},{"@type":"WebSite","@id":"https:\/\/cooltivarte.com\/portal\/#website","url":"https:\/\/cooltivarte.com\/portal\/","name":"Cooltivarte Portal","description":"Arte, cultura y turismo para el mundo ...","publisher":{"@id":"https:\/\/cooltivarte.com\/portal\/#organization"},"potentialAction":[{"@type":"SearchAction","target":{"@type":"EntryPoint","urlTemplate":"https:\/\/cooltivarte.com\/portal\/?s={search_term_string}"},"query-input":{"@type":"PropertyValueSpecification","valueRequired":true,"valueName":"search_term_string"}}],"inLanguage":"es-AR"},{"@type":"Organization","@id":"https:\/\/cooltivarte.com\/portal\/#organization","name":"cooltivarte","url":"https:\/\/cooltivarte.com\/portal\/","logo":{"@type":"ImageObject","inLanguage":"es-AR","@id":"https:\/\/cooltivarte.com\/portal\/#\/schema\/logo\/image\/","url":"https:\/\/cooltivarte.com\/portal\/wp-content\/uploads\/2020\/04\/logo-cooltivarte-v2.png","contentUrl":"https:\/\/cooltivarte.com\/portal\/wp-content\/uploads\/2020\/04\/logo-cooltivarte-v2.png","width":851,"height":243,"caption":"cooltivarte"},"image":{"@id":"https:\/\/cooltivarte.com\/portal\/#\/schema\/logo\/image\/"},"sameAs":["https:\/\/www.facebook.com\/cooltivartecom\/","https:\/\/x.com\/obolocultural","https:\/\/www.instagram.com\/_cooltivarte_\/","https:\/\/www.linkedin.com\/company\/-bolocultural?reportsuccess=8zaNG1HwhPbAR9iQhZ5rfGeqz_vQFftHun0ZWU0Wy9vNemRJ8vtcKdJvzQfW8XagyOJSKg0XvfJ1dp","https:\/\/www.pinterest.com\/cooltivarte\/","https:\/\/cooltivarte.tumblr.com\/","https:\/\/www.tiktok.com\/@cooltivarte","https:\/\/www.youtube.com\/@PrensaCooltivarte"]},{"@type":"Person","@id":"https:\/\/cooltivarte.com\/portal\/#\/schema\/person\/ec2a4f4e71b740d0c559c0ab9a157e19","name":"Cooltivarte","image":{"@type":"ImageObject","inLanguage":"es-AR","@id":"https:\/\/cooltivarte.com\/portal\/wp-content\/uploads\/2014\/05\/logo-cooltivarte-120x120.jpg","url":"https:\/\/cooltivarte.com\/portal\/wp-content\/uploads\/2014\/05\/logo-cooltivarte-120x120.jpg","contentUrl":"https:\/\/cooltivarte.com\/portal\/wp-content\/uploads\/2014\/05\/logo-cooltivarte-120x120.jpg","caption":"Cooltivarte"},"description":"Somos COOLTIVARTE.COM. Un portal digital dedicado a difundir el acontecer art\u00edstico y cultural del Uruguay. Estamos en la vuelta desde el a\u00f1o 2003, y como evoluci\u00f3n del bolet\u00edn Obolo Cultural, nos encontramos abocados a apoyar a los artistas nacionales brind\u00e1ndoles un espacio de difusi\u00f3n. Creemos en la idea de utilizar la potencialidad que hoy d\u00eda nos otorga la web, para que la cultura uruguaya y sus creadores dispongan de una din\u00e1mica ventana, que los ponga en contacto entre s\u00ed y con el mundo. Somos COOLTIVARTE.COM y pretendemos configurarnos como un portal din\u00e1mico, entretenido y atento a los nuevos emprendimientos, que busque siempre la interacci\u00f3n con los artistas.","sameAs":["http:\/\/www.cooltivarte.com","https:\/\/www.facebook.com\/cooltivartecom","https:\/\/www.instagram.com\/_cooltivarte_\/","https:\/\/www.linkedin.com\/company\/-bolocultural","https:\/\/www.pinterest.com\/cooltivarte\/","https:\/\/x.com\/https:\/\/x.com\/obolocultural","https:\/\/www.youtube.com\/@PrensaCooltivarte","https:\/\/www.tumblr.com\/blog\/cooltivarte"],"url":"https:\/\/cooltivarte.com\/portal\/author\/cooltivarte\/"}]}},"_links":{"self":[{"href":"https:\/\/cooltivarte.com\/portal\/wp-json\/wp\/v2\/posts\/51074","targetHints":{"allow":["GET"]}}],"collection":[{"href":"https:\/\/cooltivarte.com\/portal\/wp-json\/wp\/v2\/posts"}],"about":[{"href":"https:\/\/cooltivarte.com\/portal\/wp-json\/wp\/v2\/types\/post"}],"author":[{"embeddable":true,"href":"https:\/\/cooltivarte.com\/portal\/wp-json\/wp\/v2\/users\/8"}],"replies":[{"embeddable":true,"href":"https:\/\/cooltivarte.com\/portal\/wp-json\/wp\/v2\/comments?post=51074"}],"version-history":[{"count":1,"href":"https:\/\/cooltivarte.com\/portal\/wp-json\/wp\/v2\/posts\/51074\/revisions"}],"predecessor-version":[{"id":51075,"href":"https:\/\/cooltivarte.com\/portal\/wp-json\/wp\/v2\/posts\/51074\/revisions\/51075"}],"wp:featuredmedia":[{"embeddable":true,"href":"https:\/\/cooltivarte.com\/portal\/wp-json\/wp\/v2\/media\/51078"}],"wp:attachment":[{"href":"https:\/\/cooltivarte.com\/portal\/wp-json\/wp\/v2\/media?parent=51074"}],"wp:term":[{"taxonomy":"category","embeddable":true,"href":"https:\/\/cooltivarte.com\/portal\/wp-json\/wp\/v2\/categories?post=51074"},{"taxonomy":"post_tag","embeddable":true,"href":"https:\/\/cooltivarte.com\/portal\/wp-json\/wp\/v2\/tags?post=51074"}],"curies":[{"name":"wp","href":"https:\/\/api.w.org\/{rel}","templated":true}]}}