{"id":50665,"date":"2019-06-28T12:00:25","date_gmt":"2019-06-28T15:00:25","guid":{"rendered":"http:\/\/cooltivarte.com\/portal\/?p=50665"},"modified":"2019-06-27T17:58:26","modified_gmt":"2019-06-27T20:58:26","slug":"tara-erraught-junto-a-la-orquesta-filarmonica","status":"publish","type":"post","link":"https:\/\/cooltivarte.com\/portal\/tara-erraught-junto-a-la-orquesta-filarmonica\/","title":{"rendered":"Tara Erraught junto a la Orquesta Filarm\u00f3nica"},"content":{"rendered":"<h2><strong>El programa musical del octavo concierto de abono incluye obras de Ravel, Berlioz y Schumann. La direcci\u00f3n musical estar\u00e1 a cargo de Manuel Hern\u00e1ndez-Silva quien, por cuestiones de salud, reemplazar\u00e1 al maestro Lionel Bringuier.<\/strong><\/h2>\n<p>El jueves <strong>4 de julio a las 20:00 horas<\/strong>, la <strong>Orquesta Filarm\u00f3nica de Buenos Aires<\/strong> realizar\u00e1 en el Teatro Col\u00f3n el octavo concierto del abono 2019, dirigida por el maestro venezolano <strong>Manuel<\/strong> <strong>Hern\u00e1ndez-Silva<\/strong> y con la actuaci\u00f3n de la mezzosoprano irlandesa <strong>Tara Erraught<\/strong> como solista. Integran el programa <em><strong>Ma m\u00e8re l\u2019oye de Maurice Ravel<\/strong><\/em> (1875-1937), <strong><em>Les nuits d\u2019\u00e9t\u00e9, Op. 7, H. 81<\/em><\/strong> de<strong> Hector Berlioz<\/strong> (1803-1869) y la <strong><em>Sinfon\u00eda N\u00b0 2 en Do mayor, Op. 61<\/em><\/strong> de <strong>Robert Schumann<\/strong> (1810-1856).<\/p>\n<p>La Orquesta Filarm\u00f3nica de Buenos Aires obtuvo dos Premios Konex de Platino como la mejor orquesta argentina de las dos \u00faltimas d\u00e9cadas, en 1999 y en 2009. Recientemente la Asociaci\u00f3n de Cr\u00edticos Musicales de la Argentina la distingui\u00f3 con el Premio \u201cMejor Orquesta Sinf\u00f3nica Argentina\u201d de 2018, galard\u00f3n que tambi\u00e9n obtuvo en 2016, 2014 y 2012.<\/p>\n<p><strong>Manuel Hern\u00e1ndez-Silva<\/strong> se gradu\u00f3 en el Conservatorio Superior de Viena con matr\u00edcula de honor. En el a\u00f1o de su diplomatura gan\u00f3 el Concurso Forum Junger K\u00fcnstler, organizado por la Orquesta de C\u00e1mara de Viena. Fue director titular y art\u00edstico de la Orquesta de C\u00f3rdoba (Espa\u00f1a) y director principal invitado de la Sinf\u00f3nica Sim\u00f3n Bol\u00edvar de Venezuela. En la actualidad es director titular y art\u00edstico de la Orquesta Filarm\u00f3nica de M\u00e1laga y de la Orquesta Sinf\u00f3nica de Navarra. Lo convocan como invitado orquestas de toda Europa y Am\u00e9rica.<\/p>\n<p><strong>Tara Erraught <\/strong>se form\u00f3 en la Real Academia Irlandesa de M\u00fasica en Dubl\u00edn. Fue ganadora del premio de la \u00d3pera Nacional de Washington en el Concurso Internacional Belvedere en Viena (2008) y el Rising Star de Dublin (2010). Como solista principal residente de la \u00d3pera Estatal de Baviera en M\u00fanich (2010-2018) interpret\u00f3 41 roles. Ha cantado en las \u00f3peras estatales de Berl\u00edn, Hamburgo y Viena, Theater an der Wien, Gran Teatro del Liceo de Barcelona, Festival de \u00d3pera de Glyndebourne, \u00d3pera Nacional de Irlanda y Metropolitan de Nueva York, entre otros escenarios.<\/p>\n<p><em><strong>Ma m\u00e8re l\u2019oye<\/strong><\/em> (Mi madre la oca, 1908-1910) surgi\u00f3 como una serie de cinco piezas para piano a cuatro manos que <strong>Maurice Ravel<\/strong> escribi\u00f3 para los ni\u00f1os Mim\u00ed y Jean, hijos de sus amigos Ida y Cyprian Godebski, con \u201cla idea de evocar la poes\u00eda de la infancia\u201d. Llev\u00f3 al pentagrama algunos de los cuentos m\u00e1s c\u00e9lebres de Charles Perrault (1628-1703), Madame d\u2019Aulnoy (ca. 1650-1705) y Jeanne-Marie Leprince de Beaumont (1711-1780). En 1911 orquest\u00f3 la obra logrando una prodigiosa atm\u00f3sfera sonora.<\/p>\n<p>Entre 1840 y 1841, <strong>Hector Berlioz<\/strong> puso m\u00fasica a seis poemas publicados en la antolog\u00eda La comedia de la muerte de su amigo Th\u00e9ophile Gautier. Compuso las canciones para canto y piano, sin concebirlas como un ciclo. En a\u00f1os posteriores las fue orquestando. En 1856, para su publicaci\u00f3n en conjunto, escogi\u00f3 el t\u00edtulo <em><strong>Les nuits d\u2019\u00e9t\u00e9<\/strong> <\/em>(Las noches de est\u00edo), que tal vez alud\u00eda a uno de sus grandes referentes creativos, William Shakespeare. Las canciones exploran diferentes estados de \u00e1nimo desde un imaginario y una sensualidad marcadamente rom\u00e1nticos.<\/p>\n<p>De todas las obras sinf\u00f3nicas de <strong>Schumann<\/strong>, <strong><em>la Sinfon\u00eda N\u00ba 2<\/em><\/strong> (1845-46) es la m\u00e1s puramente cl\u00e1sica tanto en su enfoque como en su manera, basada en la b\u00fasqueda de unidad y cohesi\u00f3n tem\u00e1tica y arm\u00f3nica. Seg\u00fan expres\u00f3: \u201cLa esboc\u00e9 cuando estaba f\u00edsicamente a\u00fan muy dolorido; puedo decir que es la resistencia del esp\u00edritu la que influy\u00f3 en su g\u00e9nesis y por medio de la cual trat\u00e9 de combatir mi estado\u201d. El compositor brind\u00f3 un ejemplo m\u00e1s de la creaci\u00f3n como catarsis, como liberaci\u00f3n del dolor y la oscuridad.<\/p>\n<p>Cortes\u00eda prensa\/Teatro Col\u00f3n.<\/p>\n","protected":false},"excerpt":{"rendered":"<p>El programa musical del octavo concierto de abono incluye obras de Ravel, Berlioz y Schumann. La direcci\u00f3n musical estar\u00e1 a cargo de Manuel Hern\u00e1ndez-Silva quien, por cuestiones de salud, reemplazar\u00e1 al maestro Lionel Bringuier. El jueves 4 de julio a las 20:00 horas, la Orquesta Filarm\u00f3nica de Buenos Aires realizar\u00e1 en el Teatro Col\u00f3n el [&hellip;]<\/p>\n","protected":false},"author":134,"featured_media":50689,"comment_status":"closed","ping_status":"closed","sticky":false,"template":"","format":"standard","meta":{"om_disable_all_campaigns":false,"ngg_post_thumbnail":0,"jnews-multi-image_gallery":[],"jnews_single_post":[],"jnews_primary_category":[],"jnews_social_meta":[],"jnews_override_counter":[],"footnotes":""},"categories":[6008],"tags":[],"class_list":["post-50665","post","type-post","status-publish","format-standard","has-post-thumbnail","hentry","category-desde-buenos-aires"],"yoast_head":"<!-- This site is optimized with the Yoast SEO plugin v27.5 - https:\/\/yoast.com\/product\/yoast-seo-wordpress\/ -->\n<title>Tara Erraught junto a la Orquesta Filarm\u00f3nica - Cooltivarte Portal<\/title>\n<meta name=\"description\" content=\"COOLTIVARTE.COM es un portal digital colaborativo de actualizaci\u00f3n permanente dedicado a difundir el acontecer art\u00edstico y cultural, entrevista artistas, gestores y productores de las diferentes disciplinas del arte, y publicando art\u00edculos de reflexi\u00f3n de producci\u00f3n propia sobre los elementos culturales.\" \/>\n<meta name=\"robots\" content=\"index, follow, max-snippet:-1, max-image-preview:large, max-video-preview:-1\" \/>\n<link rel=\"canonical\" href=\"https:\/\/cooltivarte.com\/portal\/tara-erraught-junto-a-la-orquesta-filarmonica\/\" \/>\n<meta property=\"og:locale\" content=\"es_ES\" \/>\n<meta property=\"og:type\" content=\"article\" \/>\n<meta property=\"og:title\" content=\"Tara Erraught junto a la Orquesta Filarm\u00f3nica - Cooltivarte Portal\" \/>\n<meta property=\"og:description\" content=\"COOLTIVARTE.COM es un portal digital colaborativo de actualizaci\u00f3n permanente dedicado a difundir el acontecer art\u00edstico y cultural, entrevista artistas, gestores y productores de las diferentes disciplinas del arte, y publicando art\u00edculos de reflexi\u00f3n de producci\u00f3n propia sobre los elementos culturales.\" \/>\n<meta property=\"og:url\" content=\"https:\/\/cooltivarte.com\/portal\/tara-erraught-junto-a-la-orquesta-filarmonica\/\" \/>\n<meta property=\"og:site_name\" content=\"Cooltivarte Portal\" \/>\n<meta property=\"article:publisher\" content=\"https:\/\/www.facebook.com\/cooltivartecom\/\" \/>\n<meta property=\"article:author\" content=\"https:\/\/www.facebook.com\/pato.bue?ref=br_rs\" \/>\n<meta property=\"article:published_time\" content=\"2019-06-28T15:00:25+00:00\" \/>\n<meta property=\"og:image\" content=\"https:\/\/cooltivarte.com\/portal\/wp-content\/uploads\/2019\/06\/Foto-Tara-Erraught.jpg\" \/>\n\t<meta property=\"og:image:width\" content=\"1024\" \/>\n\t<meta property=\"og:image:height\" content=\"683\" \/>\n\t<meta property=\"og:image:type\" content=\"image\/jpeg\" \/>\n<meta name=\"author\" content=\"Patricia Ianniruberto\" \/>\n<meta name=\"twitter:card\" content=\"summary_large_image\" \/>\n<meta name=\"twitter:creator\" content=\"@https:\/\/x.com\/obolocultural\" \/>\n<meta name=\"twitter:site\" content=\"@obolocultural\" \/>\n<meta name=\"twitter:label1\" content=\"Escrito por\" \/>\n\t<meta name=\"twitter:data1\" content=\"Patricia Ianniruberto\" \/>\n\t<meta name=\"twitter:label2\" content=\"Tiempo de lectura\" \/>\n\t<meta name=\"twitter:data2\" content=\"3 minutos\" \/>\n<!-- \/ Yoast SEO plugin. -->","yoast_head_json":{"title":"Tara Erraught junto a la Orquesta Filarm\u00f3nica - Cooltivarte Portal","description":"COOLTIVARTE.COM es un portal digital colaborativo de actualizaci\u00f3n permanente dedicado a difundir el acontecer art\u00edstico y cultural, entrevista artistas, gestores y productores de las diferentes disciplinas del arte, y publicando art\u00edculos de reflexi\u00f3n de producci\u00f3n propia sobre los elementos culturales.","robots":{"index":"index","follow":"follow","max-snippet":"max-snippet:-1","max-image-preview":"max-image-preview:large","max-video-preview":"max-video-preview:-1"},"canonical":"https:\/\/cooltivarte.com\/portal\/tara-erraught-junto-a-la-orquesta-filarmonica\/","og_locale":"es_ES","og_type":"article","og_title":"Tara Erraught junto a la Orquesta Filarm\u00f3nica - Cooltivarte Portal","og_description":"COOLTIVARTE.COM es un portal digital colaborativo de actualizaci\u00f3n permanente dedicado a difundir el acontecer art\u00edstico y cultural, entrevista artistas, gestores y productores de las diferentes disciplinas del arte, y publicando art\u00edculos de reflexi\u00f3n de producci\u00f3n propia sobre los elementos culturales.","og_url":"https:\/\/cooltivarte.com\/portal\/tara-erraught-junto-a-la-orquesta-filarmonica\/","og_site_name":"Cooltivarte Portal","article_publisher":"https:\/\/www.facebook.com\/cooltivartecom\/","article_author":"https:\/\/www.facebook.com\/pato.bue?ref=br_rs","article_published_time":"2019-06-28T15:00:25+00:00","og_image":[{"width":1024,"height":683,"url":"https:\/\/cooltivarte.com\/portal\/wp-content\/uploads\/2019\/06\/Foto-Tara-Erraught.jpg","type":"image\/jpeg"}],"author":"Patricia Ianniruberto","twitter_card":"summary_large_image","twitter_creator":"@https:\/\/x.com\/obolocultural","twitter_site":"@obolocultural","twitter_misc":{"Escrito por":"Patricia Ianniruberto","Tiempo de lectura":"3 minutos"},"schema":{"@context":"https:\/\/schema.org","@graph":[{"@type":"NewsArticle","@id":"https:\/\/cooltivarte.com\/portal\/tara-erraught-junto-a-la-orquesta-filarmonica\/#article","isPartOf":{"@id":"https:\/\/cooltivarte.com\/portal\/tara-erraught-junto-a-la-orquesta-filarmonica\/"},"author":{"name":"Patricia Ianniruberto","@id":"https:\/\/cooltivarte.com\/portal\/#\/schema\/person\/efd7b91a624d2d005d1571effe8c04b9"},"headline":"Tara Erraught junto a la Orquesta Filarm\u00f3nica","datePublished":"2019-06-28T15:00:25+00:00","mainEntityOfPage":{"@id":"https:\/\/cooltivarte.com\/portal\/tara-erraught-junto-a-la-orquesta-filarmonica\/"},"wordCount":671,"publisher":{"@id":"https:\/\/cooltivarte.com\/portal\/#organization"},"image":{"@id":"https:\/\/cooltivarte.com\/portal\/tara-erraught-junto-a-la-orquesta-filarmonica\/#primaryimage"},"thumbnailUrl":"https:\/\/cooltivarte.com\/portal\/wp-content\/uploads\/2019\/06\/Foto-Tara-Erraught.jpg","articleSection":["Desde Buenos Aires"],"inLanguage":"es-AR"},{"@type":"WebPage","@id":"https:\/\/cooltivarte.com\/portal\/tara-erraught-junto-a-la-orquesta-filarmonica\/","url":"https:\/\/cooltivarte.com\/portal\/tara-erraught-junto-a-la-orquesta-filarmonica\/","name":"Tara Erraught junto a la Orquesta Filarm\u00f3nica - Cooltivarte Portal","isPartOf":{"@id":"https:\/\/cooltivarte.com\/portal\/#website"},"primaryImageOfPage":{"@id":"https:\/\/cooltivarte.com\/portal\/tara-erraught-junto-a-la-orquesta-filarmonica\/#primaryimage"},"image":{"@id":"https:\/\/cooltivarte.com\/portal\/tara-erraught-junto-a-la-orquesta-filarmonica\/#primaryimage"},"thumbnailUrl":"https:\/\/cooltivarte.com\/portal\/wp-content\/uploads\/2019\/06\/Foto-Tara-Erraught.jpg","datePublished":"2019-06-28T15:00:25+00:00","description":"COOLTIVARTE.COM es un portal digital colaborativo de actualizaci\u00f3n permanente dedicado a difundir el acontecer art\u00edstico y cultural, entrevista artistas, gestores y productores de las diferentes disciplinas del arte, y publicando art\u00edculos de reflexi\u00f3n de producci\u00f3n propia sobre los elementos culturales.","breadcrumb":{"@id":"https:\/\/cooltivarte.com\/portal\/tara-erraught-junto-a-la-orquesta-filarmonica\/#breadcrumb"},"inLanguage":"es-AR","potentialAction":[{"@type":"ReadAction","target":["https:\/\/cooltivarte.com\/portal\/tara-erraught-junto-a-la-orquesta-filarmonica\/"]}]},{"@type":"ImageObject","inLanguage":"es-AR","@id":"https:\/\/cooltivarte.com\/portal\/tara-erraught-junto-a-la-orquesta-filarmonica\/#primaryimage","url":"https:\/\/cooltivarte.com\/portal\/wp-content\/uploads\/2019\/06\/Foto-Tara-Erraught.jpg","contentUrl":"https:\/\/cooltivarte.com\/portal\/wp-content\/uploads\/2019\/06\/Foto-Tara-Erraught.jpg","width":1024,"height":683},{"@type":"BreadcrumbList","@id":"https:\/\/cooltivarte.com\/portal\/tara-erraught-junto-a-la-orquesta-filarmonica\/#breadcrumb","itemListElement":[{"@type":"ListItem","position":1,"name":"Portada","item":"https:\/\/cooltivarte.com\/portal\/"},{"@type":"ListItem","position":2,"name":"Tara Erraught junto a la Orquesta Filarm\u00f3nica"}]},{"@type":"WebSite","@id":"https:\/\/cooltivarte.com\/portal\/#website","url":"https:\/\/cooltivarte.com\/portal\/","name":"Cooltivarte Portal","description":"Arte, cultura y turismo para el mundo ...","publisher":{"@id":"https:\/\/cooltivarte.com\/portal\/#organization"},"potentialAction":[{"@type":"SearchAction","target":{"@type":"EntryPoint","urlTemplate":"https:\/\/cooltivarte.com\/portal\/?s={search_term_string}"},"query-input":{"@type":"PropertyValueSpecification","valueRequired":true,"valueName":"search_term_string"}}],"inLanguage":"es-AR"},{"@type":"Organization","@id":"https:\/\/cooltivarte.com\/portal\/#organization","name":"cooltivarte","url":"https:\/\/cooltivarte.com\/portal\/","logo":{"@type":"ImageObject","inLanguage":"es-AR","@id":"https:\/\/cooltivarte.com\/portal\/#\/schema\/logo\/image\/","url":"https:\/\/cooltivarte.com\/portal\/wp-content\/uploads\/2020\/04\/logo-cooltivarte-v2.png","contentUrl":"https:\/\/cooltivarte.com\/portal\/wp-content\/uploads\/2020\/04\/logo-cooltivarte-v2.png","width":851,"height":243,"caption":"cooltivarte"},"image":{"@id":"https:\/\/cooltivarte.com\/portal\/#\/schema\/logo\/image\/"},"sameAs":["https:\/\/www.facebook.com\/cooltivartecom\/","https:\/\/x.com\/obolocultural","https:\/\/www.instagram.com\/_cooltivarte_\/","https:\/\/www.linkedin.com\/company\/-bolocultural?reportsuccess=8zaNG1HwhPbAR9iQhZ5rfGeqz_vQFftHun0ZWU0Wy9vNemRJ8vtcKdJvzQfW8XagyOJSKg0XvfJ1dp","https:\/\/www.pinterest.com\/cooltivarte\/","https:\/\/cooltivarte.tumblr.com\/","https:\/\/www.tiktok.com\/@cooltivarte","https:\/\/www.youtube.com\/@PrensaCooltivarte"]},{"@type":"Person","@id":"https:\/\/cooltivarte.com\/portal\/#\/schema\/person\/efd7b91a624d2d005d1571effe8c04b9","name":"Patricia Ianniruberto","image":{"@type":"ImageObject","inLanguage":"es-AR","@id":"https:\/\/cooltivarte.com\/portal\/wp-content\/uploads\/2018\/04\/patricia-ianniruberto-120x120.jpg","url":"https:\/\/cooltivarte.com\/portal\/wp-content\/uploads\/2018\/04\/patricia-ianniruberto-120x120.jpg","contentUrl":"https:\/\/cooltivarte.com\/portal\/wp-content\/uploads\/2018\/04\/patricia-ianniruberto-120x120.jpg","caption":"Patricia Ianniruberto"},"description":"Patricia Ianniruberto. Egresada de Bellas Artes (Inst. Beato Ang\u00e9lico). Curs\u00f3 Dise\u00f1o Gr\u00e1fico y Comunicaci\u00f3n Visual (UBA) y producci\u00f3n de cine (SICA). Ejerci\u00f3 como docente de Bellas Artes y de Dise\u00f1o I y II (UBA). Freelance de agencias de publicidad y cineanimaci\u00f3n. Como dise\u00f1adora independiente se especializ\u00f3 en comunicaci\u00f3n visual, prensa y producci\u00f3n, asesorando a empresas en imagen corporativa, producci\u00f3n integral de contenidos y piezas de comunicaci\u00f3n: folletos, cat\u00e1logos, revistas, stands, web, tv, v\u00eda p\u00fablica, asesoramiento en derechos de autor, marcas y dominios junto al Estudio Lauritsen. Desarroll\u00f3 proyectos pioneros de tecnolog\u00eda en Internet y aplicaciones interactivas (netmedia). Locaciones: cine y medios. En Uruguay: seleccionada: Taller de promoci\u00f3n y distribuci\u00f3n Mercosur: nuevas herramientas multiplataforma\/Mercosur Audiovisual (Programa de Cooperaci\u00f3n con la Comunidad Europea). Representaci\u00f3n y gesti\u00f3n de notas en instituciones p\u00fablicas y privadas vinculadas al arte y la cultura. Corresponsal de revistas de cultura y colaboradora de medios gr\u00e1ficos y digitales. Edici\u00f3n y producci\u00f3n de contenidos multiplataforma. Gesti\u00f3n cultural y de prensa-Corresponsal en Buenos Aires: Argentina\/Uruguay.","sameAs":["https:\/\/www.facebook.com\/pato.bue?ref=br_rs","https:\/\/www.instagram.com\/_cooltivarte_\/","https:\/\/www.linkedin.com\/company\/-bolocultural\/","https:\/\/www.pinterest.com\/cooltivarte\/","https:\/\/x.com\/https:\/\/x.com\/obolocultural","https:\/\/www.youtube.com\/@PrensaCooltivarte","https:\/\/cooltivarte.tumblr.com\/"],"url":"https:\/\/cooltivarte.com\/portal\/author\/patricia-ianniruberto\/"}]}},"_links":{"self":[{"href":"https:\/\/cooltivarte.com\/portal\/wp-json\/wp\/v2\/posts\/50665","targetHints":{"allow":["GET"]}}],"collection":[{"href":"https:\/\/cooltivarte.com\/portal\/wp-json\/wp\/v2\/posts"}],"about":[{"href":"https:\/\/cooltivarte.com\/portal\/wp-json\/wp\/v2\/types\/post"}],"author":[{"embeddable":true,"href":"https:\/\/cooltivarte.com\/portal\/wp-json\/wp\/v2\/users\/134"}],"replies":[{"embeddable":true,"href":"https:\/\/cooltivarte.com\/portal\/wp-json\/wp\/v2\/comments?post=50665"}],"version-history":[{"count":5,"href":"https:\/\/cooltivarte.com\/portal\/wp-json\/wp\/v2\/posts\/50665\/revisions"}],"predecessor-version":[{"id":50691,"href":"https:\/\/cooltivarte.com\/portal\/wp-json\/wp\/v2\/posts\/50665\/revisions\/50691"}],"wp:featuredmedia":[{"embeddable":true,"href":"https:\/\/cooltivarte.com\/portal\/wp-json\/wp\/v2\/media\/50689"}],"wp:attachment":[{"href":"https:\/\/cooltivarte.com\/portal\/wp-json\/wp\/v2\/media?parent=50665"}],"wp:term":[{"taxonomy":"category","embeddable":true,"href":"https:\/\/cooltivarte.com\/portal\/wp-json\/wp\/v2\/categories?post=50665"},{"taxonomy":"post_tag","embeddable":true,"href":"https:\/\/cooltivarte.com\/portal\/wp-json\/wp\/v2\/tags?post=50665"}],"curies":[{"name":"wp","href":"https:\/\/api.w.org\/{rel}","templated":true}]}}